{"id":4981,"date":"2026-03-12T21:41:23","date_gmt":"2026-03-12T20:41:23","guid":{"rendered":"https:\/\/marienviertel.de\/zukunft\/?p=4981"},"modified":"2026-03-12T21:42:25","modified_gmt":"2026-03-12T20:42:25","slug":"initiative-zukunft-marienviertel-jetzt-mit-briefkasten","status":"publish","type":"post","link":"https:\/\/marienviertel.de\/zukunft\/?p=4981","title":{"rendered":"Initiative Zukunft Marienviertel jetzt mit Briefkasten"},"content":{"rendered":"<p data-start=\"60\" data-end=\"263\">Die <strong data-start=\"64\" data-end=\"100\">Initiative Zukunft Marienviertel<\/strong> hat ab sofort einen eigenen Briefkasten im Viertel. Er befindet sich an der R\u00fcckseite der B\u00fccherzelle vor der B\u00e4ckerei Spangemacher.<\/p>\n<p data-start=\"60\" data-end=\"263\">Anwohnerinnen und Anwohner k\u00f6nnen dort Ideen, Anregungen oder auch Kritik rund um das Marienviertel einwerfen.<\/p>\n<p data-start=\"265\" data-end=\"551\">Der Briefkasten soll eine einfache M\u00f6glichkeit bieten, Ideen, Kritik oder W\u00fcnsche zum Viertels weiterzugeben\u2013 auch f\u00fcr diejenigen, die nicht an Treffen der Initiative teilnehmen k\u00f6nnen. Die eingeworfenen Vorschl\u00e4ge werden regelm\u00e4\u00dfig gesichtet und &#8211; soweit realisierbar &#8211; in die Arbeit der Initiative aufgenommen und ver\u00f6ffentlicht.<\/p>\n<p data-start=\"553\" data-end=\"702\" data-is-last-node=\"\" data-is-only-node=\"\">Mit dem neuen Angebot m\u00f6chte die Initiative den Austausch im Viertel weiter st\u00e4rken und m\u00f6glichst viele Stimmen aus der Nachbarschaft einbeziehen. Es gibt auch schon erste Ideen, wir werden weiter davon berichten.<\/p>\n<p data-start=\"553\" data-end=\"702\" data-is-last-node=\"\" data-is-only-node=\"\">Die Initiative Zukunft Marienviertel freut sich auf Ihre Beitr\u00e4ge und Ihr Engagement!<br \/>\nKontakt gerne auch \u00fcber https:\/\/marienviertel.de\/zukunft\/<\/p>\n<p data-start=\"553\" data-end=\"702\" data-is-last-node=\"\" data-is-only-node=\"\"><a href=\"https:\/\/marienviertel.de\/zukunft\/wordpress\/wp-content\/uploads\/2026\/03\/IMG-20260310-WA0008.jpg\"><img loading=\"lazy\" decoding=\"async\" class=\"alignnone size-medium wp-image-4968\" src=\"https:\/\/marienviertel.de\/zukunft\/wordpress\/wp-content\/uploads\/2026\/03\/IMG-20260310-WA0008-225x300.jpg\" alt=\"\" width=\"225\" height=\"300\" srcset=\"https:\/\/marienviertel.de\/zukunft\/wordpress\/wp-content\/uploads\/2026\/03\/IMG-20260310-WA0008-225x300.jpg 225w, https:\/\/marienviertel.de\/zukunft\/wordpress\/wp-content\/uploads\/2026\/03\/IMG-20260310-WA0008-768x1024.jpg 768w, https:\/\/marienviertel.de\/zukunft\/wordpress\/wp-content\/uploads\/2026\/03\/IMG-20260310-WA0008-1152x1536.jpg 1152w, https:\/\/marienviertel.de\/zukunft\/wordpress\/wp-content\/uploads\/2026\/03\/IMG-20260310-WA0008.jpg 1200w\" sizes=\"auto, (max-width: 225px) 100vw, 225px\" \/><\/a> <a href=\"https:\/\/marienviertel.de\/zukunft\/wordpress\/wp-content\/uploads\/2026\/03\/IMG-20260310-WA0006-1.jpg\"><img loading=\"lazy\" decoding=\"async\" class=\"alignnone size-medium wp-image-4980\" src=\"https:\/\/marienviertel.de\/zukunft\/wordpress\/wp-content\/uploads\/2026\/03\/IMG-20260310-WA0006-1-259x300.jpg\" alt=\"\" width=\"259\" height=\"300\" srcset=\"https:\/\/marienviertel.de\/zukunft\/wordpress\/wp-content\/uploads\/2026\/03\/IMG-20260310-WA0006-1-259x300.jpg 259w, https:\/\/marienviertel.de\/zukunft\/wordpress\/wp-content\/uploads\/2026\/03\/IMG-20260310-WA0006-1-883x1024.jpg 883w, https:\/\/marienviertel.de\/zukunft\/wordpress\/wp-content\/uploads\/2026\/03\/IMG-20260310-WA0006-1-768x891.jpg 768w, https:\/\/marienviertel.de\/zukunft\/wordpress\/wp-content\/uploads\/2026\/03\/IMG-20260310-WA0006-1.jpg 1142w\" sizes=\"auto, (max-width: 259px) 100vw, 259px\" \/><\/a><\/p>\n","protected":false},"excerpt":{"rendered":"<p>Die Initiative Zukunft Marienviertel hat ab sofort einen eigenen Briefkasten im Viertel. Er befindet sich an der R\u00fcckseite der B\u00fccherzelle [&hellip;]<\/p>\n","protected":false},"author":12,"featured_media":4970,"comment_status":"open","ping_status":"open","sticky":false,"template":"","format":"standard","meta":{"jetpack_post_was_ever_published":false,"_jetpack_newsletter_access":"","_jetpack_dont_email_post_to_subs":false,"_jetpack_newsletter_tier_id":0,"_jetpack_memberships_contains_paywalled_content":false,"_jetpack_memberships_contains_paid_content":false,"footnotes":""},"categories":[57],"tags":[],"class_list":["post-4981","post","type-post","status-publish","format-standard","has-post-thumbnail","hentry","category-neues-von-den-projekten"],"yoast_head":"<!-- This site is optimized with the Yoast SEO plugin v26.7 - https:\/\/yoast.com\/wordpress\/plugins\/seo\/ -->\n<title>Initiative Zukunft Marienviertel jetzt mit Briefkasten - Initiative Zukunft Marienviertel<\/title>\n<meta name=\"robots\" content=\"index, follow, max-snippet:-1, max-image-preview:large, max-video-preview:-1\" \/>\n<link rel=\"canonical\" href=\"https:\/\/marienviertel.de\/zukunft\/?p=4981\" \/>\n<meta property=\"og:locale\" content=\"de_DE\" \/>\n<meta property=\"og:type\" content=\"article\" \/>\n<meta property=\"og:title\" content=\"Initiative Zukunft Marienviertel jetzt mit Briefkasten - Initiative Zukunft Marienviertel\" \/>\n<meta property=\"og:description\" content=\"Die Initiative Zukunft Marienviertel hat ab sofort einen eigenen Briefkasten im Viertel. Er befindet sich an der R\u00fcckseite der B\u00fccherzelle [&hellip;]\" \/>\n<meta property=\"og:url\" content=\"https:\/\/marienviertel.de\/zukunft\/?p=4981\" \/>\n<meta property=\"og:site_name\" content=\"Initiative Zukunft Marienviertel\" \/>\n<meta property=\"article:publisher\" content=\"http:\/\/www.facebook.com\/zukunftmarienviertel\" \/>\n<meta property=\"article:published_time\" content=\"2026-03-12T20:41:23+00:00\" \/>\n<meta property=\"article:modified_time\" content=\"2026-03-12T20:42:25+00:00\" \/>\n<meta property=\"og:image\" content=\"https:\/\/marienviertel.de\/zukunft\/wordpress\/wp-content\/uploads\/2026\/03\/IMG-20260310-WA0007.jpg\" \/>\n\t<meta property=\"og:image:width\" content=\"1200\" \/>\n\t<meta property=\"og:image:height\" content=\"1600\" \/>\n\t<meta property=\"og:image:type\" content=\"image\/jpeg\" \/>\n<meta name=\"author\" content=\"MoBe\" \/>\n<meta name=\"twitter:card\" content=\"summary_large_image\" \/>\n<meta name=\"twitter:label1\" content=\"Verfasst von\" \/>\n\t<meta name=\"twitter:data1\" content=\"MoBe\" \/>\n\t<meta name=\"twitter:label2\" content=\"Gesch\u00e4tzte Lesezeit\" \/>\n\t<meta name=\"twitter:data2\" content=\"2\u00a0Minuten\" \/>\n<script type=\"application\/ld+json\" class=\"yoast-schema-graph\">{\"@context\":\"https:\/\/schema.org\",\"@graph\":[{\"@type\":\"Article\",\"@id\":\"https:\/\/marienviertel.de\/zukunft\/?p=4981#article\",\"isPartOf\":{\"@id\":\"https:\/\/marienviertel.de\/zukunft\/?p=4981\"},\"author\":{\"name\":\"MoBe\",\"@id\":\"https:\/\/marienviertel.de\/zukunft\/#\/schema\/person\/4574e5031f38bd82e0bedcd013accb45\"},\"headline\":\"Initiative Zukunft Marienviertel jetzt mit Briefkasten\",\"datePublished\":\"2026-03-12T20:41:23+00:00\",\"dateModified\":\"2026-03-12T20:42:25+00:00\",\"mainEntityOfPage\":{\"@id\":\"https:\/\/marienviertel.de\/zukunft\/?p=4981\"},\"wordCount\":156,\"commentCount\":0,\"publisher\":{\"@id\":\"https:\/\/marienviertel.de\/zukunft\/#organization\"},\"image\":{\"@id\":\"https:\/\/marienviertel.de\/zukunft\/?p=4981#primaryimage\"},\"thumbnailUrl\":\"https:\/\/marienviertel.de\/zukunft\/wordpress\/wp-content\/uploads\/2026\/03\/IMG-20260310-WA0007.jpg\",\"articleSection\":[\"IZM aktuell\"],\"inLanguage\":\"de\",\"potentialAction\":[{\"@type\":\"CommentAction\",\"name\":\"Comment\",\"target\":[\"https:\/\/marienviertel.de\/zukunft\/?p=4981#respond\"]}]},{\"@type\":\"WebPage\",\"@id\":\"https:\/\/marienviertel.de\/zukunft\/?p=4981\",\"url\":\"https:\/\/marienviertel.de\/zukunft\/?p=4981\",\"name\":\"Initiative Zukunft Marienviertel jetzt mit Briefkasten - Initiative Zukunft Marienviertel\",\"isPartOf\":{\"@id\":\"https:\/\/marienviertel.de\/zukunft\/#website\"},\"primaryImageOfPage\":{\"@id\":\"https:\/\/marienviertel.de\/zukunft\/?p=4981#primaryimage\"},\"image\":{\"@id\":\"https:\/\/marienviertel.de\/zukunft\/?p=4981#primaryimage\"},\"thumbnailUrl\":\"https:\/\/marienviertel.de\/zukunft\/wordpress\/wp-content\/uploads\/2026\/03\/IMG-20260310-WA0007.jpg\",\"datePublished\":\"2026-03-12T20:41:23+00:00\",\"dateModified\":\"2026-03-12T20:42:25+00:00\",\"breadcrumb\":{\"@id\":\"https:\/\/marienviertel.de\/zukunft\/?p=4981#breadcrumb\"},\"inLanguage\":\"de\",\"potentialAction\":[{\"@type\":\"ReadAction\",\"target\":[\"https:\/\/marienviertel.de\/zukunft\/?p=4981\"]}]},{\"@type\":\"ImageObject\",\"inLanguage\":\"de\",\"@id\":\"https:\/\/marienviertel.de\/zukunft\/?p=4981#primaryimage\",\"url\":\"https:\/\/marienviertel.de\/zukunft\/wordpress\/wp-content\/uploads\/2026\/03\/IMG-20260310-WA0007.jpg\",\"contentUrl\":\"https:\/\/marienviertel.de\/zukunft\/wordpress\/wp-content\/uploads\/2026\/03\/IMG-20260310-WA0007.jpg\",\"width\":1200,\"height\":1600},{\"@type\":\"BreadcrumbList\",\"@id\":\"https:\/\/marienviertel.de\/zukunft\/?p=4981#breadcrumb\",\"itemListElement\":[{\"@type\":\"ListItem\",\"position\":1,\"name\":\"Home\",\"item\":\"https:\/\/marienviertel.de\/zukunft\/\"},{\"@type\":\"ListItem\",\"position\":2,\"name\":\"Initiative Zukunft Marienviertel jetzt mit Briefkasten\"}]},{\"@type\":\"WebSite\",\"@id\":\"https:\/\/marienviertel.de\/zukunft\/#website\",\"url\":\"https:\/\/marienviertel.de\/zukunft\/\",\"name\":\"Initiative Zukunft Marienviertel\",\"description\":\"\",\"publisher\":{\"@id\":\"https:\/\/marienviertel.de\/zukunft\/#organization\"},\"potentialAction\":[{\"@type\":\"SearchAction\",\"target\":{\"@type\":\"EntryPoint\",\"urlTemplate\":\"https:\/\/marienviertel.de\/zukunft\/?s={search_term_string}\"},\"query-input\":{\"@type\":\"PropertyValueSpecification\",\"valueRequired\":true,\"valueName\":\"search_term_string\"}}],\"inLanguage\":\"de\"},{\"@type\":\"Organization\",\"@id\":\"https:\/\/marienviertel.de\/zukunft\/#organization\",\"name\":\"Initiative Zukunft Marienviertel\",\"url\":\"https:\/\/marienviertel.de\/zukunft\/\",\"logo\":{\"@type\":\"ImageObject\",\"inLanguage\":\"de\",\"@id\":\"https:\/\/marienviertel.de\/zukunft\/#\/schema\/logo\/image\/\",\"url\":\"https:\/\/marienviertel.de\/zukunft\/wordpress\/wp-content\/uploads\/2017\/12\/cropped-cropped-Headerbild1-e1512313986382-300x70.jpg\",\"contentUrl\":\"https:\/\/marienviertel.de\/zukunft\/wordpress\/wp-content\/uploads\/2017\/12\/cropped-cropped-Headerbild1-e1512313986382-300x70.jpg\",\"width\":300,\"height\":70,\"caption\":\"Initiative Zukunft Marienviertel\"},\"image\":{\"@id\":\"https:\/\/marienviertel.de\/zukunft\/#\/schema\/logo\/image\/\"},\"sameAs\":[\"http:\/\/www.facebook.com\/zukunftmarienviertel\"]},{\"@type\":\"Person\",\"@id\":\"https:\/\/marienviertel.de\/zukunft\/#\/schema\/person\/4574e5031f38bd82e0bedcd013accb45\",\"name\":\"MoBe\",\"image\":{\"@type\":\"ImageObject\",\"inLanguage\":\"de\",\"@id\":\"https:\/\/marienviertel.de\/zukunft\/#\/schema\/person\/image\/\",\"url\":\"https:\/\/secure.gravatar.com\/avatar\/00a47516db88d9b8f6ae86775e58adb07ff6b888fa28dd48124547f6d708908d?s=96&d=identicon&r=g\",\"contentUrl\":\"https:\/\/secure.gravatar.com\/avatar\/00a47516db88d9b8f6ae86775e58adb07ff6b888fa28dd48124547f6d708908d?s=96&d=identicon&r=g\",\"caption\":\"MoBe\"}}]}<\/script>\n<!-- \/ Yoast SEO plugin. -->","yoast_head_json":{"title":"Initiative Zukunft Marienviertel jetzt mit Briefkasten - Initiative Zukunft Marienviertel","robots":{"index":"index","follow":"follow","max-snippet":"max-snippet:-1","max-image-preview":"max-image-preview:large","max-video-preview":"max-video-preview:-1"},"canonical":"https:\/\/marienviertel.de\/zukunft\/?p=4981","og_locale":"de_DE","og_type":"article","og_title":"Initiative Zukunft Marienviertel jetzt mit Briefkasten - Initiative Zukunft Marienviertel","og_description":"Die Initiative Zukunft Marienviertel hat ab sofort einen eigenen Briefkasten im Viertel. Er befindet sich an der R\u00fcckseite der B\u00fccherzelle [&hellip;]","og_url":"https:\/\/marienviertel.de\/zukunft\/?p=4981","og_site_name":"Initiative Zukunft Marienviertel","article_publisher":"http:\/\/www.facebook.com\/zukunftmarienviertel","article_published_time":"2026-03-12T20:41:23+00:00","article_modified_time":"2026-03-12T20:42:25+00:00","og_image":[{"width":1200,"height":1600,"url":"https:\/\/marienviertel.de\/zukunft\/wordpress\/wp-content\/uploads\/2026\/03\/IMG-20260310-WA0007.jpg","type":"image\/jpeg"}],"author":"MoBe","twitter_card":"summary_large_image","twitter_misc":{"Verfasst von":"MoBe","Gesch\u00e4tzte Lesezeit":"2\u00a0Minuten"},"schema":{"@context":"https:\/\/schema.org","@graph":[{"@type":"Article","@id":"https:\/\/marienviertel.de\/zukunft\/?p=4981#article","isPartOf":{"@id":"https:\/\/marienviertel.de\/zukunft\/?p=4981"},"author":{"name":"MoBe","@id":"https:\/\/marienviertel.de\/zukunft\/#\/schema\/person\/4574e5031f38bd82e0bedcd013accb45"},"headline":"Initiative Zukunft Marienviertel jetzt mit Briefkasten","datePublished":"2026-03-12T20:41:23+00:00","dateModified":"2026-03-12T20:42:25+00:00","mainEntityOfPage":{"@id":"https:\/\/marienviertel.de\/zukunft\/?p=4981"},"wordCount":156,"commentCount":0,"publisher":{"@id":"https:\/\/marienviertel.de\/zukunft\/#organization"},"image":{"@id":"https:\/\/marienviertel.de\/zukunft\/?p=4981#primaryimage"},"thumbnailUrl":"https:\/\/marienviertel.de\/zukunft\/wordpress\/wp-content\/uploads\/2026\/03\/IMG-20260310-WA0007.jpg","articleSection":["IZM aktuell"],"inLanguage":"de","potentialAction":[{"@type":"CommentAction","name":"Comment","target":["https:\/\/marienviertel.de\/zukunft\/?p=4981#respond"]}]},{"@type":"WebPage","@id":"https:\/\/marienviertel.de\/zukunft\/?p=4981","url":"https:\/\/marienviertel.de\/zukunft\/?p=4981","name":"Initiative Zukunft Marienviertel jetzt mit Briefkasten - Initiative Zukunft Marienviertel","isPartOf":{"@id":"https:\/\/marienviertel.de\/zukunft\/#website"},"primaryImageOfPage":{"@id":"https:\/\/marienviertel.de\/zukunft\/?p=4981#primaryimage"},"image":{"@id":"https:\/\/marienviertel.de\/zukunft\/?p=4981#primaryimage"},"thumbnailUrl":"https:\/\/marienviertel.de\/zukunft\/wordpress\/wp-content\/uploads\/2026\/03\/IMG-20260310-WA0007.jpg","datePublished":"2026-03-12T20:41:23+00:00","dateModified":"2026-03-12T20:42:25+00:00","breadcrumb":{"@id":"https:\/\/marienviertel.de\/zukunft\/?p=4981#breadcrumb"},"inLanguage":"de","potentialAction":[{"@type":"ReadAction","target":["https:\/\/marienviertel.de\/zukunft\/?p=4981"]}]},{"@type":"ImageObject","inLanguage":"de","@id":"https:\/\/marienviertel.de\/zukunft\/?p=4981#primaryimage","url":"https:\/\/marienviertel.de\/zukunft\/wordpress\/wp-content\/uploads\/2026\/03\/IMG-20260310-WA0007.jpg","contentUrl":"https:\/\/marienviertel.de\/zukunft\/wordpress\/wp-content\/uploads\/2026\/03\/IMG-20260310-WA0007.jpg","width":1200,"height":1600},{"@type":"BreadcrumbList","@id":"https:\/\/marienviertel.de\/zukunft\/?p=4981#breadcrumb","itemListElement":[{"@type":"ListItem","position":1,"name":"Home","item":"https:\/\/marienviertel.de\/zukunft\/"},{"@type":"ListItem","position":2,"name":"Initiative Zukunft Marienviertel jetzt mit Briefkasten"}]},{"@type":"WebSite","@id":"https:\/\/marienviertel.de\/zukunft\/#website","url":"https:\/\/marienviertel.de\/zukunft\/","name":"Initiative Zukunft Marienviertel","description":"","publisher":{"@id":"https:\/\/marienviertel.de\/zukunft\/#organization"},"potentialAction":[{"@type":"SearchAction","target":{"@type":"EntryPoint","urlTemplate":"https:\/\/marienviertel.de\/zukunft\/?s={search_term_string}"},"query-input":{"@type":"PropertyValueSpecification","valueRequired":true,"valueName":"search_term_string"}}],"inLanguage":"de"},{"@type":"Organization","@id":"https:\/\/marienviertel.de\/zukunft\/#organization","name":"Initiative Zukunft Marienviertel","url":"https:\/\/marienviertel.de\/zukunft\/","logo":{"@type":"ImageObject","inLanguage":"de","@id":"https:\/\/marienviertel.de\/zukunft\/#\/schema\/logo\/image\/","url":"https:\/\/marienviertel.de\/zukunft\/wordpress\/wp-content\/uploads\/2017\/12\/cropped-cropped-Headerbild1-e1512313986382-300x70.jpg","contentUrl":"https:\/\/marienviertel.de\/zukunft\/wordpress\/wp-content\/uploads\/2017\/12\/cropped-cropped-Headerbild1-e1512313986382-300x70.jpg","width":300,"height":70,"caption":"Initiative Zukunft Marienviertel"},"image":{"@id":"https:\/\/marienviertel.de\/zukunft\/#\/schema\/logo\/image\/"},"sameAs":["http:\/\/www.facebook.com\/zukunftmarienviertel"]},{"@type":"Person","@id":"https:\/\/marienviertel.de\/zukunft\/#\/schema\/person\/4574e5031f38bd82e0bedcd013accb45","name":"MoBe","image":{"@type":"ImageObject","inLanguage":"de","@id":"https:\/\/marienviertel.de\/zukunft\/#\/schema\/person\/image\/","url":"https:\/\/secure.gravatar.com\/avatar\/00a47516db88d9b8f6ae86775e58adb07ff6b888fa28dd48124547f6d708908d?s=96&d=identicon&r=g","contentUrl":"https:\/\/secure.gravatar.com\/avatar\/00a47516db88d9b8f6ae86775e58adb07ff6b888fa28dd48124547f6d708908d?s=96&d=identicon&r=g","caption":"MoBe"}}]}},"cc_featured_image_caption":{"caption_text":"","source_text":"","source_url":""},"jetpack_featured_media_url":"https:\/\/marienviertel.de\/zukunft\/wordpress\/wp-content\/uploads\/2026\/03\/IMG-20260310-WA0007.jpg","jetpack_sharing_enabled":true,"jetpack_shortlink":"https:\/\/wp.me\/p86m9a-1il","_links":{"self":[{"href":"https:\/\/marienviertel.de\/zukunft\/index.php?rest_route=\/wp\/v2\/posts\/4981","targetHints":{"allow":["GET"]}}],"collection":[{"href":"https:\/\/marienviertel.de\/zukunft\/index.php?rest_route=\/wp\/v2\/posts"}],"about":[{"href":"https:\/\/marienviertel.de\/zukunft\/index.php?rest_route=\/wp\/v2\/types\/post"}],"author":[{"embeddable":true,"href":"https:\/\/marienviertel.de\/zukunft\/index.php?rest_route=\/wp\/v2\/users\/12"}],"replies":[{"embeddable":true,"href":"https:\/\/marienviertel.de\/zukunft\/index.php?rest_route=%2Fwp%2Fv2%2Fcomments&post=4981"}],"version-history":[{"count":1,"href":"https:\/\/marienviertel.de\/zukunft\/index.php?rest_route=\/wp\/v2\/posts\/4981\/revisions"}],"predecessor-version":[{"id":4982,"href":"https:\/\/marienviertel.de\/zukunft\/index.php?rest_route=\/wp\/v2\/posts\/4981\/revisions\/4982"}],"wp:featuredmedia":[{"embeddable":true,"href":"https:\/\/marienviertel.de\/zukunft\/index.php?rest_route=\/wp\/v2\/media\/4970"}],"wp:attachment":[{"href":"https:\/\/marienviertel.de\/zukunft\/index.php?rest_route=%2Fwp%2Fv2%2Fmedia&parent=4981"}],"wp:term":[{"taxonomy":"category","embeddable":true,"href":"https:\/\/marienviertel.de\/zukunft\/index.php?rest_route=%2Fwp%2Fv2%2Fcategories&post=4981"},{"taxonomy":"post_tag","embeddable":true,"href":"https:\/\/marienviertel.de\/zukunft\/index.php?rest_route=%2Fwp%2Fv2%2Ftags&post=4981"}],"curies":[{"name":"wp","href":"https:\/\/api.w.org\/{rel}","templated":true}]}}