{"id":4972,"date":"2026-03-12T21:15:36","date_gmt":"2026-03-12T20:15:36","guid":{"rendered":"https:\/\/marienviertel.de\/zukunft\/?p=4972"},"modified":"2026-03-12T21:18:59","modified_gmt":"2026-03-12T20:18:59","slug":"obstbaumschnitt-auf-der-streuobstwiese-im-marienviertel","status":"publish","type":"post","link":"https:\/\/marienviertel.de\/zukunft\/?p=4972","title":{"rendered":"Obstbaumschnitt auf der Streuobstwiese im Marienviertel"},"content":{"rendered":"<p data-start=\"61\" data-end=\"328\">Aktive der <strong data-start=\"72\" data-end=\"108\">Initiative Zukunft Marienviertel<\/strong> haben letzten Samstag einen Arbeitseinsatz auf der Streuobstwiese im Viertel durchgef\u00fchrt. Dabei wurden mehrere Obstb\u00e4ume fachgerecht beschnitten, um ihr Wachstum zu f\u00f6rdern und die Gesundheit der B\u00e4ume langfristig zu sichern.<\/p>\n<p data-start=\"751\" data-end=\"1163\">Mit dem Arbeitseinsatz setzt die Initiative ihr Engagement f\u00fcr ein gr\u00fcnes und naturnahes Marienviertel fort. Die Streuobstwiese am Luner Weg ist mit der Sitzgruppe ein wichtiger Treffpunkt im Quartier und tr\u00e4gt zugleich zum Erhalt der lokalen Biodiversit\u00e4t bei. Bereits in der Vergangenheit haben sich Bewohnerinnen und Bewohner gemeinsam daf\u00fcr eingesetzt, die Fl\u00e4che zu pflegen und \u00f6kologisch aufzuwerten.<\/p>\n<p data-start=\"1165\" data-end=\"1318\">Die Initiative freut sich \u00fcber weitere Unterst\u00fctzung aus der Nachbarschaft \u2013 denn viele H\u00e4nde helfen, das Marienviertel lebendig und gr\u00fcn zu halten.<\/p>\n<p data-start=\"1165\" data-end=\"1318\"><a href=\"https:\/\/marienviertel.de\/zukunft\/wordpress\/wp-content\/uploads\/2026\/03\/IMG-20260310-WA0000.jpg\"><img loading=\"lazy\" decoding=\"async\" class=\"alignnone size-medium wp-image-4962\" src=\"https:\/\/marienviertel.de\/zukunft\/wordpress\/wp-content\/uploads\/2026\/03\/IMG-20260310-WA0000-300x225.jpg\" alt=\"\" width=\"300\" height=\"225\" srcset=\"https:\/\/marienviertel.de\/zukunft\/wordpress\/wp-content\/uploads\/2026\/03\/IMG-20260310-WA0000-300x225.jpg 300w, https:\/\/marienviertel.de\/zukunft\/wordpress\/wp-content\/uploads\/2026\/03\/IMG-20260310-WA0000-1024x768.jpg 1024w, https:\/\/marienviertel.de\/zukunft\/wordpress\/wp-content\/uploads\/2026\/03\/IMG-20260310-WA0000-768x576.jpg 768w, https:\/\/marienviertel.de\/zukunft\/wordpress\/wp-content\/uploads\/2026\/03\/IMG-20260310-WA0000-1536x1152.jpg 1536w, https:\/\/marienviertel.de\/zukunft\/wordpress\/wp-content\/uploads\/2026\/03\/IMG-20260310-WA0000.jpg 1600w\" sizes=\"auto, (max-width: 300px) 100vw, 300px\" \/>\u00a0\u00a0\u00a0\u00a0\u00a0\u00a0\u00a0\u00a0 <\/a><a href=\"https:\/\/marienviertel.de\/zukunft\/wordpress\/wp-content\/uploads\/2026\/03\/IMG-20260310-WA0005.jpg\"><img loading=\"lazy\" decoding=\"async\" class=\"alignnone size-medium wp-image-4965\" src=\"https:\/\/marienviertel.de\/zukunft\/wordpress\/wp-content\/uploads\/2026\/03\/IMG-20260310-WA0005-225x300.jpg\" alt=\"\" width=\"225\" height=\"300\" srcset=\"https:\/\/marienviertel.de\/zukunft\/wordpress\/wp-content\/uploads\/2026\/03\/IMG-20260310-WA0005-225x300.jpg 225w, https:\/\/marienviertel.de\/zukunft\/wordpress\/wp-content\/uploads\/2026\/03\/IMG-20260310-WA0005-768x1024.jpg 768w, https:\/\/marienviertel.de\/zukunft\/wordpress\/wp-content\/uploads\/2026\/03\/IMG-20260310-WA0005-1152x1536.jpg 1152w, https:\/\/marienviertel.de\/zukunft\/wordpress\/wp-content\/uploads\/2026\/03\/IMG-20260310-WA0005.jpg 1200w\" sizes=\"auto, (max-width: 225px) 100vw, 225px\" \/> \u00a0\u00a0\u00a0\u00a0 <\/a><a href=\"https:\/\/marienviertel.de\/zukunft\/wordpress\/wp-content\/uploads\/2026\/03\/IMG-20260310-WA0004.jpg\"><img loading=\"lazy\" decoding=\"async\" class=\"alignnone size-medium wp-image-4964\" src=\"https:\/\/marienviertel.de\/zukunft\/wordpress\/wp-content\/uploads\/2026\/03\/IMG-20260310-WA0004-225x300.jpg\" alt=\"\" width=\"225\" height=\"300\" srcset=\"https:\/\/marienviertel.de\/zukunft\/wordpress\/wp-content\/uploads\/2026\/03\/IMG-20260310-WA0004-225x300.jpg 225w, https:\/\/marienviertel.de\/zukunft\/wordpress\/wp-content\/uploads\/2026\/03\/IMG-20260310-WA0004-768x1024.jpg 768w, https:\/\/marienviertel.de\/zukunft\/wordpress\/wp-content\/uploads\/2026\/03\/IMG-20260310-WA0004-1152x1536.jpg 1152w, https:\/\/marienviertel.de\/zukunft\/wordpress\/wp-content\/uploads\/2026\/03\/IMG-20260310-WA0004.jpg 1200w\" sizes=\"auto, (max-width: 225px) 100vw, 225px\" \/><\/a><\/p>\n","protected":false},"excerpt":{"rendered":"<p>Aktive der Initiative Zukunft Marienviertel haben letzten Samstag einen Arbeitseinsatz auf der Streuobstwiese im Viertel durchgef\u00fchrt. Dabei wurden mehrere Obstb\u00e4ume [&hellip;]<\/p>\n","protected":false},"author":12,"featured_media":4967,"comment_status":"open","ping_status":"open","sticky":false,"template":"","format":"standard","meta":{"jetpack_post_was_ever_published":false,"_jetpack_newsletter_access":"","_jetpack_dont_email_post_to_subs":false,"_jetpack_newsletter_tier_id":0,"_jetpack_memberships_contains_paywalled_content":false,"_jetpack_memberships_contains_paid_content":false,"footnotes":""},"categories":[57],"tags":[],"class_list":["post-4972","post","type-post","status-publish","format-standard","has-post-thumbnail","hentry","category-neues-von-den-projekten"],"yoast_head":"<!-- This site is optimized with the Yoast SEO plugin v27.4 - https:\/\/yoast.com\/product\/yoast-seo-wordpress\/ -->\n<title>Obstbaumschnitt auf der Streuobstwiese im Marienviertel - Initiative Zukunft Marienviertel<\/title>\n<meta name=\"robots\" content=\"index, follow, max-snippet:-1, max-image-preview:large, max-video-preview:-1\" \/>\n<link rel=\"canonical\" href=\"https:\/\/marienviertel.de\/zukunft\/?p=4972\" \/>\n<meta property=\"og:locale\" content=\"de_DE\" \/>\n<meta property=\"og:type\" content=\"article\" \/>\n<meta property=\"og:title\" content=\"Obstbaumschnitt auf der Streuobstwiese im Marienviertel - Initiative Zukunft Marienviertel\" \/>\n<meta property=\"og:description\" content=\"Aktive der Initiative Zukunft Marienviertel haben letzten Samstag einen Arbeitseinsatz auf der Streuobstwiese im Viertel durchgef\u00fchrt. Dabei wurden mehrere Obstb\u00e4ume [&hellip;]\" \/>\n<meta property=\"og:url\" content=\"https:\/\/marienviertel.de\/zukunft\/?p=4972\" \/>\n<meta property=\"og:site_name\" content=\"Initiative Zukunft Marienviertel\" \/>\n<meta property=\"article:publisher\" content=\"http:\/\/www.facebook.com\/zukunftmarienviertel\" \/>\n<meta property=\"article:published_time\" content=\"2026-03-12T20:15:36+00:00\" \/>\n<meta property=\"article:modified_time\" content=\"2026-03-12T20:18:59+00:00\" \/>\n<meta property=\"og:image\" content=\"https:\/\/marienviertel.de\/zukunft\/wordpress\/wp-content\/uploads\/2026\/03\/IMG-20260310-WA0003.jpg\" \/>\n\t<meta property=\"og:image:width\" content=\"1600\" \/>\n\t<meta property=\"og:image:height\" content=\"1200\" \/>\n\t<meta property=\"og:image:type\" content=\"image\/jpeg\" \/>\n<meta name=\"author\" content=\"MoBe\" \/>\n<meta name=\"twitter:card\" content=\"summary_large_image\" \/>\n<meta name=\"twitter:label1\" content=\"Verfasst von\" \/>\n\t<meta name=\"twitter:data1\" content=\"MoBe\" \/>\n\t<meta name=\"twitter:label2\" content=\"Gesch\u00e4tzte Lesezeit\" \/>\n\t<meta name=\"twitter:data2\" content=\"2\u00a0Minuten\" \/>\n<script type=\"application\/ld+json\" class=\"yoast-schema-graph\">{\"@context\":\"https:\\\/\\\/schema.org\",\"@graph\":[{\"@type\":\"Article\",\"@id\":\"https:\\\/\\\/marienviertel.de\\\/zukunft\\\/?p=4972#article\",\"isPartOf\":{\"@id\":\"https:\\\/\\\/marienviertel.de\\\/zukunft\\\/?p=4972\"},\"author\":{\"name\":\"MoBe\",\"@id\":\"https:\\\/\\\/marienviertel.de\\\/zukunft\\\/#\\\/schema\\\/person\\\/4574e5031f38bd82e0bedcd013accb45\"},\"headline\":\"Obstbaumschnitt auf der Streuobstwiese im Marienviertel\",\"datePublished\":\"2026-03-12T20:15:36+00:00\",\"dateModified\":\"2026-03-12T20:18:59+00:00\",\"mainEntityOfPage\":{\"@id\":\"https:\\\/\\\/marienviertel.de\\\/zukunft\\\/?p=4972\"},\"wordCount\":132,\"commentCount\":0,\"publisher\":{\"@id\":\"https:\\\/\\\/marienviertel.de\\\/zukunft\\\/#organization\"},\"image\":{\"@id\":\"https:\\\/\\\/marienviertel.de\\\/zukunft\\\/?p=4972#primaryimage\"},\"thumbnailUrl\":\"https:\\\/\\\/marienviertel.de\\\/zukunft\\\/wordpress\\\/wp-content\\\/uploads\\\/2026\\\/03\\\/IMG-20260310-WA0003.jpg\",\"articleSection\":[\"IZM aktuell\"],\"inLanguage\":\"de\",\"potentialAction\":[{\"@type\":\"CommentAction\",\"name\":\"Comment\",\"target\":[\"https:\\\/\\\/marienviertel.de\\\/zukunft\\\/?p=4972#respond\"]}]},{\"@type\":\"WebPage\",\"@id\":\"https:\\\/\\\/marienviertel.de\\\/zukunft\\\/?p=4972\",\"url\":\"https:\\\/\\\/marienviertel.de\\\/zukunft\\\/?p=4972\",\"name\":\"Obstbaumschnitt auf der Streuobstwiese im Marienviertel - Initiative Zukunft Marienviertel\",\"isPartOf\":{\"@id\":\"https:\\\/\\\/marienviertel.de\\\/zukunft\\\/#website\"},\"primaryImageOfPage\":{\"@id\":\"https:\\\/\\\/marienviertel.de\\\/zukunft\\\/?p=4972#primaryimage\"},\"image\":{\"@id\":\"https:\\\/\\\/marienviertel.de\\\/zukunft\\\/?p=4972#primaryimage\"},\"thumbnailUrl\":\"https:\\\/\\\/marienviertel.de\\\/zukunft\\\/wordpress\\\/wp-content\\\/uploads\\\/2026\\\/03\\\/IMG-20260310-WA0003.jpg\",\"datePublished\":\"2026-03-12T20:15:36+00:00\",\"dateModified\":\"2026-03-12T20:18:59+00:00\",\"breadcrumb\":{\"@id\":\"https:\\\/\\\/marienviertel.de\\\/zukunft\\\/?p=4972#breadcrumb\"},\"inLanguage\":\"de\",\"potentialAction\":[{\"@type\":\"ReadAction\",\"target\":[\"https:\\\/\\\/marienviertel.de\\\/zukunft\\\/?p=4972\"]}]},{\"@type\":\"ImageObject\",\"inLanguage\":\"de\",\"@id\":\"https:\\\/\\\/marienviertel.de\\\/zukunft\\\/?p=4972#primaryimage\",\"url\":\"https:\\\/\\\/marienviertel.de\\\/zukunft\\\/wordpress\\\/wp-content\\\/uploads\\\/2026\\\/03\\\/IMG-20260310-WA0003.jpg\",\"contentUrl\":\"https:\\\/\\\/marienviertel.de\\\/zukunft\\\/wordpress\\\/wp-content\\\/uploads\\\/2026\\\/03\\\/IMG-20260310-WA0003.jpg\",\"width\":1600,\"height\":1200},{\"@type\":\"BreadcrumbList\",\"@id\":\"https:\\\/\\\/marienviertel.de\\\/zukunft\\\/?p=4972#breadcrumb\",\"itemListElement\":[{\"@type\":\"ListItem\",\"position\":1,\"name\":\"Home\",\"item\":\"https:\\\/\\\/marienviertel.de\\\/zukunft\\\/\"},{\"@type\":\"ListItem\",\"position\":2,\"name\":\"Obstbaumschnitt auf der Streuobstwiese im Marienviertel\"}]},{\"@type\":\"WebSite\",\"@id\":\"https:\\\/\\\/marienviertel.de\\\/zukunft\\\/#website\",\"url\":\"https:\\\/\\\/marienviertel.de\\\/zukunft\\\/\",\"name\":\"Initiative Zukunft Marienviertel\",\"description\":\"\",\"publisher\":{\"@id\":\"https:\\\/\\\/marienviertel.de\\\/zukunft\\\/#organization\"},\"potentialAction\":[{\"@type\":\"SearchAction\",\"target\":{\"@type\":\"EntryPoint\",\"urlTemplate\":\"https:\\\/\\\/marienviertel.de\\\/zukunft\\\/?s={search_term_string}\"},\"query-input\":{\"@type\":\"PropertyValueSpecification\",\"valueRequired\":true,\"valueName\":\"search_term_string\"}}],\"inLanguage\":\"de\"},{\"@type\":\"Organization\",\"@id\":\"https:\\\/\\\/marienviertel.de\\\/zukunft\\\/#organization\",\"name\":\"Initiative Zukunft Marienviertel\",\"url\":\"https:\\\/\\\/marienviertel.de\\\/zukunft\\\/\",\"logo\":{\"@type\":\"ImageObject\",\"inLanguage\":\"de\",\"@id\":\"https:\\\/\\\/marienviertel.de\\\/zukunft\\\/#\\\/schema\\\/logo\\\/image\\\/\",\"url\":\"https:\\\/\\\/marienviertel.de\\\/zukunft\\\/wordpress\\\/wp-content\\\/uploads\\\/2017\\\/12\\\/cropped-cropped-Headerbild1-e1512313986382-300x70.jpg\",\"contentUrl\":\"https:\\\/\\\/marienviertel.de\\\/zukunft\\\/wordpress\\\/wp-content\\\/uploads\\\/2017\\\/12\\\/cropped-cropped-Headerbild1-e1512313986382-300x70.jpg\",\"width\":300,\"height\":70,\"caption\":\"Initiative Zukunft Marienviertel\"},\"image\":{\"@id\":\"https:\\\/\\\/marienviertel.de\\\/zukunft\\\/#\\\/schema\\\/logo\\\/image\\\/\"},\"sameAs\":[\"http:\\\/\\\/www.facebook.com\\\/zukunftmarienviertel\"]},{\"@type\":\"Person\",\"@id\":\"https:\\\/\\\/marienviertel.de\\\/zukunft\\\/#\\\/schema\\\/person\\\/4574e5031f38bd82e0bedcd013accb45\",\"name\":\"MoBe\",\"image\":{\"@type\":\"ImageObject\",\"inLanguage\":\"de\",\"@id\":\"https:\\\/\\\/secure.gravatar.com\\\/avatar\\\/00a47516db88d9b8f6ae86775e58adb07ff6b888fa28dd48124547f6d708908d?s=96&d=identicon&r=g\",\"url\":\"https:\\\/\\\/secure.gravatar.com\\\/avatar\\\/00a47516db88d9b8f6ae86775e58adb07ff6b888fa28dd48124547f6d708908d?s=96&d=identicon&r=g\",\"contentUrl\":\"https:\\\/\\\/secure.gravatar.com\\\/avatar\\\/00a47516db88d9b8f6ae86775e58adb07ff6b888fa28dd48124547f6d708908d?s=96&d=identicon&r=g\",\"caption\":\"MoBe\"}}]}<\/script>\n<!-- \/ Yoast SEO plugin. -->","yoast_head_json":{"title":"Obstbaumschnitt auf der Streuobstwiese im Marienviertel - Initiative Zukunft Marienviertel","robots":{"index":"index","follow":"follow","max-snippet":"max-snippet:-1","max-image-preview":"max-image-preview:large","max-video-preview":"max-video-preview:-1"},"canonical":"https:\/\/marienviertel.de\/zukunft\/?p=4972","og_locale":"de_DE","og_type":"article","og_title":"Obstbaumschnitt auf der Streuobstwiese im Marienviertel - Initiative Zukunft Marienviertel","og_description":"Aktive der Initiative Zukunft Marienviertel haben letzten Samstag einen Arbeitseinsatz auf der Streuobstwiese im Viertel durchgef\u00fchrt. Dabei wurden mehrere Obstb\u00e4ume [&hellip;]","og_url":"https:\/\/marienviertel.de\/zukunft\/?p=4972","og_site_name":"Initiative Zukunft Marienviertel","article_publisher":"http:\/\/www.facebook.com\/zukunftmarienviertel","article_published_time":"2026-03-12T20:15:36+00:00","article_modified_time":"2026-03-12T20:18:59+00:00","og_image":[{"width":1600,"height":1200,"url":"https:\/\/marienviertel.de\/zukunft\/wordpress\/wp-content\/uploads\/2026\/03\/IMG-20260310-WA0003.jpg","type":"image\/jpeg"}],"author":"MoBe","twitter_card":"summary_large_image","twitter_misc":{"Verfasst von":"MoBe","Gesch\u00e4tzte Lesezeit":"2\u00a0Minuten"},"schema":{"@context":"https:\/\/schema.org","@graph":[{"@type":"Article","@id":"https:\/\/marienviertel.de\/zukunft\/?p=4972#article","isPartOf":{"@id":"https:\/\/marienviertel.de\/zukunft\/?p=4972"},"author":{"name":"MoBe","@id":"https:\/\/marienviertel.de\/zukunft\/#\/schema\/person\/4574e5031f38bd82e0bedcd013accb45"},"headline":"Obstbaumschnitt auf der Streuobstwiese im Marienviertel","datePublished":"2026-03-12T20:15:36+00:00","dateModified":"2026-03-12T20:18:59+00:00","mainEntityOfPage":{"@id":"https:\/\/marienviertel.de\/zukunft\/?p=4972"},"wordCount":132,"commentCount":0,"publisher":{"@id":"https:\/\/marienviertel.de\/zukunft\/#organization"},"image":{"@id":"https:\/\/marienviertel.de\/zukunft\/?p=4972#primaryimage"},"thumbnailUrl":"https:\/\/marienviertel.de\/zukunft\/wordpress\/wp-content\/uploads\/2026\/03\/IMG-20260310-WA0003.jpg","articleSection":["IZM aktuell"],"inLanguage":"de","potentialAction":[{"@type":"CommentAction","name":"Comment","target":["https:\/\/marienviertel.de\/zukunft\/?p=4972#respond"]}]},{"@type":"WebPage","@id":"https:\/\/marienviertel.de\/zukunft\/?p=4972","url":"https:\/\/marienviertel.de\/zukunft\/?p=4972","name":"Obstbaumschnitt auf der Streuobstwiese im Marienviertel - Initiative Zukunft Marienviertel","isPartOf":{"@id":"https:\/\/marienviertel.de\/zukunft\/#website"},"primaryImageOfPage":{"@id":"https:\/\/marienviertel.de\/zukunft\/?p=4972#primaryimage"},"image":{"@id":"https:\/\/marienviertel.de\/zukunft\/?p=4972#primaryimage"},"thumbnailUrl":"https:\/\/marienviertel.de\/zukunft\/wordpress\/wp-content\/uploads\/2026\/03\/IMG-20260310-WA0003.jpg","datePublished":"2026-03-12T20:15:36+00:00","dateModified":"2026-03-12T20:18:59+00:00","breadcrumb":{"@id":"https:\/\/marienviertel.de\/zukunft\/?p=4972#breadcrumb"},"inLanguage":"de","potentialAction":[{"@type":"ReadAction","target":["https:\/\/marienviertel.de\/zukunft\/?p=4972"]}]},{"@type":"ImageObject","inLanguage":"de","@id":"https:\/\/marienviertel.de\/zukunft\/?p=4972#primaryimage","url":"https:\/\/marienviertel.de\/zukunft\/wordpress\/wp-content\/uploads\/2026\/03\/IMG-20260310-WA0003.jpg","contentUrl":"https:\/\/marienviertel.de\/zukunft\/wordpress\/wp-content\/uploads\/2026\/03\/IMG-20260310-WA0003.jpg","width":1600,"height":1200},{"@type":"BreadcrumbList","@id":"https:\/\/marienviertel.de\/zukunft\/?p=4972#breadcrumb","itemListElement":[{"@type":"ListItem","position":1,"name":"Home","item":"https:\/\/marienviertel.de\/zukunft\/"},{"@type":"ListItem","position":2,"name":"Obstbaumschnitt auf der Streuobstwiese im Marienviertel"}]},{"@type":"WebSite","@id":"https:\/\/marienviertel.de\/zukunft\/#website","url":"https:\/\/marienviertel.de\/zukunft\/","name":"Initiative Zukunft Marienviertel","description":"","publisher":{"@id":"https:\/\/marienviertel.de\/zukunft\/#organization"},"potentialAction":[{"@type":"SearchAction","target":{"@type":"EntryPoint","urlTemplate":"https:\/\/marienviertel.de\/zukunft\/?s={search_term_string}"},"query-input":{"@type":"PropertyValueSpecification","valueRequired":true,"valueName":"search_term_string"}}],"inLanguage":"de"},{"@type":"Organization","@id":"https:\/\/marienviertel.de\/zukunft\/#organization","name":"Initiative Zukunft Marienviertel","url":"https:\/\/marienviertel.de\/zukunft\/","logo":{"@type":"ImageObject","inLanguage":"de","@id":"https:\/\/marienviertel.de\/zukunft\/#\/schema\/logo\/image\/","url":"https:\/\/marienviertel.de\/zukunft\/wordpress\/wp-content\/uploads\/2017\/12\/cropped-cropped-Headerbild1-e1512313986382-300x70.jpg","contentUrl":"https:\/\/marienviertel.de\/zukunft\/wordpress\/wp-content\/uploads\/2017\/12\/cropped-cropped-Headerbild1-e1512313986382-300x70.jpg","width":300,"height":70,"caption":"Initiative Zukunft Marienviertel"},"image":{"@id":"https:\/\/marienviertel.de\/zukunft\/#\/schema\/logo\/image\/"},"sameAs":["http:\/\/www.facebook.com\/zukunftmarienviertel"]},{"@type":"Person","@id":"https:\/\/marienviertel.de\/zukunft\/#\/schema\/person\/4574e5031f38bd82e0bedcd013accb45","name":"MoBe","image":{"@type":"ImageObject","inLanguage":"de","@id":"https:\/\/secure.gravatar.com\/avatar\/00a47516db88d9b8f6ae86775e58adb07ff6b888fa28dd48124547f6d708908d?s=96&d=identicon&r=g","url":"https:\/\/secure.gravatar.com\/avatar\/00a47516db88d9b8f6ae86775e58adb07ff6b888fa28dd48124547f6d708908d?s=96&d=identicon&r=g","contentUrl":"https:\/\/secure.gravatar.com\/avatar\/00a47516db88d9b8f6ae86775e58adb07ff6b888fa28dd48124547f6d708908d?s=96&d=identicon&r=g","caption":"MoBe"}}]}},"cc_featured_image_caption":{"caption_text":"","source_text":"","source_url":""},"jetpack_featured_media_url":"https:\/\/marienviertel.de\/zukunft\/wordpress\/wp-content\/uploads\/2026\/03\/IMG-20260310-WA0003.jpg","jetpack_sharing_enabled":true,"jetpack_shortlink":"https:\/\/wp.me\/p86m9a-1ic","_links":{"self":[{"href":"https:\/\/marienviertel.de\/zukunft\/index.php?rest_route=\/wp\/v2\/posts\/4972","targetHints":{"allow":["GET"]}}],"collection":[{"href":"https:\/\/marienviertel.de\/zukunft\/index.php?rest_route=\/wp\/v2\/posts"}],"about":[{"href":"https:\/\/marienviertel.de\/zukunft\/index.php?rest_route=\/wp\/v2\/types\/post"}],"author":[{"embeddable":true,"href":"https:\/\/marienviertel.de\/zukunft\/index.php?rest_route=\/wp\/v2\/users\/12"}],"replies":[{"embeddable":true,"href":"https:\/\/marienviertel.de\/zukunft\/index.php?rest_route=%2Fwp%2Fv2%2Fcomments&post=4972"}],"version-history":[{"count":5,"href":"https:\/\/marienviertel.de\/zukunft\/index.php?rest_route=\/wp\/v2\/posts\/4972\/revisions"}],"predecessor-version":[{"id":4977,"href":"https:\/\/marienviertel.de\/zukunft\/index.php?rest_route=\/wp\/v2\/posts\/4972\/revisions\/4977"}],"wp:featuredmedia":[{"embeddable":true,"href":"https:\/\/marienviertel.de\/zukunft\/index.php?rest_route=\/wp\/v2\/media\/4967"}],"wp:attachment":[{"href":"https:\/\/marienviertel.de\/zukunft\/index.php?rest_route=%2Fwp%2Fv2%2Fmedia&parent=4972"}],"wp:term":[{"taxonomy":"category","embeddable":true,"href":"https:\/\/marienviertel.de\/zukunft\/index.php?rest_route=%2Fwp%2Fv2%2Fcategories&post=4972"},{"taxonomy":"post_tag","embeddable":true,"href":"https:\/\/marienviertel.de\/zukunft\/index.php?rest_route=%2Fwp%2Fv2%2Ftags&post=4972"}],"curies":[{"name":"wp","href":"https:\/\/api.w.org\/{rel}","templated":true}]}}