{"id":4886,"date":"2025-06-23T08:20:11","date_gmt":"2025-06-23T06:20:11","guid":{"rendered":"https:\/\/marienviertel.de\/zukunft\/?p=4886"},"modified":"2025-06-23T08:22:35","modified_gmt":"2025-06-23T06:22:35","slug":"izm-bringt-bewaesserungssaecke-an-die-baeume-des-ghs-gelaendes","status":"publish","type":"post","link":"https:\/\/marienviertel.de\/zukunft\/?p=4886","title":{"rendered":"IZM bringt Bew\u00e4sserungss\u00e4cke an die B\u00e4ume des GHS-Gel\u00e4ndes"},"content":{"rendered":"<p data-start=\"118\" data-end=\"208\"><em data-start=\"174\" data-end=\"208\">Gemeinsam f\u00fcr ein gr\u00fcnes Viertel !<\/em><\/p>\n<p data-start=\"210\" data-end=\"448\">Am vergangenen Wochenende hat die Initiative auf dem GHS-Gel\u00e4nde wieder die\u00a0 Baum-Bew\u00e4sserungss\u00e4cke angebracht. Gerade in den zunehmend hei\u00dfen Sommermonaten helfen die Bew\u00e4sserungss\u00e4cke dabei, dem Baumbestand kontinuierlich mit Wasser zu versorgen \u2013 und sichern so ihr langfristiges \u00dcberleben, damit wir sp\u00e4ter einen schattigen Quartiersplatz im Viertel haben.<\/p>\n<p data-start=\"735\" data-end=\"852\">Ein herzliches Dankesch\u00f6n an alle Helferinnen und Helfer! Gemeinsam machen wir unser Viertel lebenswerter und gr\u00fcner.<\/p>\n","protected":false},"excerpt":{"rendered":"<p>Gemeinsam f\u00fcr ein gr\u00fcnes Viertel ! Am vergangenen Wochenende hat die Initiative auf dem GHS-Gel\u00e4nde wieder die\u00a0 Baum-Bew\u00e4sserungss\u00e4cke angebracht. Gerade [&hellip;]<\/p>\n","protected":false},"author":12,"featured_media":4887,"comment_status":"open","ping_status":"open","sticky":false,"template":"","format":"standard","meta":{"jetpack_post_was_ever_published":false,"_jetpack_newsletter_access":"","_jetpack_dont_email_post_to_subs":false,"_jetpack_newsletter_tier_id":0,"_jetpack_memberships_contains_paywalled_content":false,"_jetpack_memberships_contains_paid_content":false,"footnotes":""},"categories":[57,1],"tags":[],"class_list":["post-4886","post","type-post","status-publish","format-standard","has-post-thumbnail","hentry","category-neues-von-den-projekten","category-allgemein"],"yoast_head":"<!-- This site is optimized with the Yoast SEO plugin v26.7 - https:\/\/yoast.com\/wordpress\/plugins\/seo\/ -->\n<title>IZM bringt Bew\u00e4sserungss\u00e4cke an die B\u00e4ume des GHS-Gel\u00e4ndes - Initiative Zukunft Marienviertel<\/title>\n<meta name=\"robots\" content=\"index, follow, max-snippet:-1, max-image-preview:large, max-video-preview:-1\" \/>\n<link rel=\"canonical\" href=\"https:\/\/marienviertel.de\/zukunft\/?p=4886\" \/>\n<meta property=\"og:locale\" content=\"de_DE\" \/>\n<meta property=\"og:type\" content=\"article\" \/>\n<meta property=\"og:title\" content=\"IZM bringt Bew\u00e4sserungss\u00e4cke an die B\u00e4ume des GHS-Gel\u00e4ndes - Initiative Zukunft Marienviertel\" \/>\n<meta property=\"og:description\" content=\"Gemeinsam f\u00fcr ein gr\u00fcnes Viertel ! Am vergangenen Wochenende hat die Initiative auf dem GHS-Gel\u00e4nde wieder die\u00a0 Baum-Bew\u00e4sserungss\u00e4cke angebracht. Gerade [&hellip;]\" \/>\n<meta property=\"og:url\" content=\"https:\/\/marienviertel.de\/zukunft\/?p=4886\" \/>\n<meta property=\"og:site_name\" content=\"Initiative Zukunft Marienviertel\" \/>\n<meta property=\"article:publisher\" content=\"http:\/\/www.facebook.com\/zukunftmarienviertel\" \/>\n<meta property=\"article:published_time\" content=\"2025-06-23T06:20:11+00:00\" \/>\n<meta property=\"article:modified_time\" content=\"2025-06-23T06:22:35+00:00\" \/>\n<meta property=\"og:image\" content=\"https:\/\/marienviertel.de\/zukunft\/wordpress\/wp-content\/uploads\/2025\/06\/1000065601-scaled.jpg\" \/>\n\t<meta property=\"og:image:width\" content=\"2560\" \/>\n\t<meta property=\"og:image:height\" content=\"1920\" \/>\n\t<meta property=\"og:image:type\" content=\"image\/jpeg\" \/>\n<meta name=\"author\" content=\"MoBe\" \/>\n<meta name=\"twitter:card\" content=\"summary_large_image\" \/>\n<meta name=\"twitter:label1\" content=\"Verfasst von\" \/>\n\t<meta name=\"twitter:data1\" content=\"MoBe\" \/>\n\t<meta name=\"twitter:label2\" content=\"Gesch\u00e4tzte Lesezeit\" \/>\n\t<meta name=\"twitter:data2\" content=\"1\u00a0Minute\" \/>\n<script type=\"application\/ld+json\" class=\"yoast-schema-graph\">{\"@context\":\"https:\/\/schema.org\",\"@graph\":[{\"@type\":\"Article\",\"@id\":\"https:\/\/marienviertel.de\/zukunft\/?p=4886#article\",\"isPartOf\":{\"@id\":\"https:\/\/marienviertel.de\/zukunft\/?p=4886\"},\"author\":{\"name\":\"MoBe\",\"@id\":\"https:\/\/marienviertel.de\/zukunft\/#\/schema\/person\/4574e5031f38bd82e0bedcd013accb45\"},\"headline\":\"IZM bringt Bew\u00e4sserungss\u00e4cke an die B\u00e4ume des GHS-Gel\u00e4ndes\",\"datePublished\":\"2025-06-23T06:20:11+00:00\",\"dateModified\":\"2025-06-23T06:22:35+00:00\",\"mainEntityOfPage\":{\"@id\":\"https:\/\/marienviertel.de\/zukunft\/?p=4886\"},\"wordCount\":89,\"commentCount\":0,\"publisher\":{\"@id\":\"https:\/\/marienviertel.de\/zukunft\/#organization\"},\"image\":{\"@id\":\"https:\/\/marienviertel.de\/zukunft\/?p=4886#primaryimage\"},\"thumbnailUrl\":\"https:\/\/marienviertel.de\/zukunft\/wordpress\/wp-content\/uploads\/2025\/06\/1000065601-scaled.jpg\",\"articleSection\":[\"IZM aktuell\",\"IZM und mehr\"],\"inLanguage\":\"de\",\"potentialAction\":[{\"@type\":\"CommentAction\",\"name\":\"Comment\",\"target\":[\"https:\/\/marienviertel.de\/zukunft\/?p=4886#respond\"]}]},{\"@type\":\"WebPage\",\"@id\":\"https:\/\/marienviertel.de\/zukunft\/?p=4886\",\"url\":\"https:\/\/marienviertel.de\/zukunft\/?p=4886\",\"name\":\"IZM bringt Bew\u00e4sserungss\u00e4cke an die B\u00e4ume des GHS-Gel\u00e4ndes - Initiative Zukunft Marienviertel\",\"isPartOf\":{\"@id\":\"https:\/\/marienviertel.de\/zukunft\/#website\"},\"primaryImageOfPage\":{\"@id\":\"https:\/\/marienviertel.de\/zukunft\/?p=4886#primaryimage\"},\"image\":{\"@id\":\"https:\/\/marienviertel.de\/zukunft\/?p=4886#primaryimage\"},\"thumbnailUrl\":\"https:\/\/marienviertel.de\/zukunft\/wordpress\/wp-content\/uploads\/2025\/06\/1000065601-scaled.jpg\",\"datePublished\":\"2025-06-23T06:20:11+00:00\",\"dateModified\":\"2025-06-23T06:22:35+00:00\",\"breadcrumb\":{\"@id\":\"https:\/\/marienviertel.de\/zukunft\/?p=4886#breadcrumb\"},\"inLanguage\":\"de\",\"potentialAction\":[{\"@type\":\"ReadAction\",\"target\":[\"https:\/\/marienviertel.de\/zukunft\/?p=4886\"]}]},{\"@type\":\"ImageObject\",\"inLanguage\":\"de\",\"@id\":\"https:\/\/marienviertel.de\/zukunft\/?p=4886#primaryimage\",\"url\":\"https:\/\/marienviertel.de\/zukunft\/wordpress\/wp-content\/uploads\/2025\/06\/1000065601-scaled.jpg\",\"contentUrl\":\"https:\/\/marienviertel.de\/zukunft\/wordpress\/wp-content\/uploads\/2025\/06\/1000065601-scaled.jpg\",\"width\":2560,\"height\":1920},{\"@type\":\"BreadcrumbList\",\"@id\":\"https:\/\/marienviertel.de\/zukunft\/?p=4886#breadcrumb\",\"itemListElement\":[{\"@type\":\"ListItem\",\"position\":1,\"name\":\"Home\",\"item\":\"https:\/\/marienviertel.de\/zukunft\/\"},{\"@type\":\"ListItem\",\"position\":2,\"name\":\"IZM bringt Bew\u00e4sserungss\u00e4cke an die B\u00e4ume des GHS-Gel\u00e4ndes\"}]},{\"@type\":\"WebSite\",\"@id\":\"https:\/\/marienviertel.de\/zukunft\/#website\",\"url\":\"https:\/\/marienviertel.de\/zukunft\/\",\"name\":\"Initiative Zukunft Marienviertel\",\"description\":\"\",\"publisher\":{\"@id\":\"https:\/\/marienviertel.de\/zukunft\/#organization\"},\"potentialAction\":[{\"@type\":\"SearchAction\",\"target\":{\"@type\":\"EntryPoint\",\"urlTemplate\":\"https:\/\/marienviertel.de\/zukunft\/?s={search_term_string}\"},\"query-input\":{\"@type\":\"PropertyValueSpecification\",\"valueRequired\":true,\"valueName\":\"search_term_string\"}}],\"inLanguage\":\"de\"},{\"@type\":\"Organization\",\"@id\":\"https:\/\/marienviertel.de\/zukunft\/#organization\",\"name\":\"Initiative Zukunft Marienviertel\",\"url\":\"https:\/\/marienviertel.de\/zukunft\/\",\"logo\":{\"@type\":\"ImageObject\",\"inLanguage\":\"de\",\"@id\":\"https:\/\/marienviertel.de\/zukunft\/#\/schema\/logo\/image\/\",\"url\":\"https:\/\/marienviertel.de\/zukunft\/wordpress\/wp-content\/uploads\/2017\/12\/cropped-cropped-Headerbild1-e1512313986382-300x70.jpg\",\"contentUrl\":\"https:\/\/marienviertel.de\/zukunft\/wordpress\/wp-content\/uploads\/2017\/12\/cropped-cropped-Headerbild1-e1512313986382-300x70.jpg\",\"width\":300,\"height\":70,\"caption\":\"Initiative Zukunft Marienviertel\"},\"image\":{\"@id\":\"https:\/\/marienviertel.de\/zukunft\/#\/schema\/logo\/image\/\"},\"sameAs\":[\"http:\/\/www.facebook.com\/zukunftmarienviertel\"]},{\"@type\":\"Person\",\"@id\":\"https:\/\/marienviertel.de\/zukunft\/#\/schema\/person\/4574e5031f38bd82e0bedcd013accb45\",\"name\":\"MoBe\",\"image\":{\"@type\":\"ImageObject\",\"inLanguage\":\"de\",\"@id\":\"https:\/\/marienviertel.de\/zukunft\/#\/schema\/person\/image\/\",\"url\":\"https:\/\/secure.gravatar.com\/avatar\/00a47516db88d9b8f6ae86775e58adb07ff6b888fa28dd48124547f6d708908d?s=96&d=identicon&r=g\",\"contentUrl\":\"https:\/\/secure.gravatar.com\/avatar\/00a47516db88d9b8f6ae86775e58adb07ff6b888fa28dd48124547f6d708908d?s=96&d=identicon&r=g\",\"caption\":\"MoBe\"}}]}<\/script>\n<!-- \/ Yoast SEO plugin. -->","yoast_head_json":{"title":"IZM bringt Bew\u00e4sserungss\u00e4cke an die B\u00e4ume des GHS-Gel\u00e4ndes - Initiative Zukunft Marienviertel","robots":{"index":"index","follow":"follow","max-snippet":"max-snippet:-1","max-image-preview":"max-image-preview:large","max-video-preview":"max-video-preview:-1"},"canonical":"https:\/\/marienviertel.de\/zukunft\/?p=4886","og_locale":"de_DE","og_type":"article","og_title":"IZM bringt Bew\u00e4sserungss\u00e4cke an die B\u00e4ume des GHS-Gel\u00e4ndes - Initiative Zukunft Marienviertel","og_description":"Gemeinsam f\u00fcr ein gr\u00fcnes Viertel ! Am vergangenen Wochenende hat die Initiative auf dem GHS-Gel\u00e4nde wieder die\u00a0 Baum-Bew\u00e4sserungss\u00e4cke angebracht. Gerade [&hellip;]","og_url":"https:\/\/marienviertel.de\/zukunft\/?p=4886","og_site_name":"Initiative Zukunft Marienviertel","article_publisher":"http:\/\/www.facebook.com\/zukunftmarienviertel","article_published_time":"2025-06-23T06:20:11+00:00","article_modified_time":"2025-06-23T06:22:35+00:00","og_image":[{"width":2560,"height":1920,"url":"https:\/\/marienviertel.de\/zukunft\/wordpress\/wp-content\/uploads\/2025\/06\/1000065601-scaled.jpg","type":"image\/jpeg"}],"author":"MoBe","twitter_card":"summary_large_image","twitter_misc":{"Verfasst von":"MoBe","Gesch\u00e4tzte Lesezeit":"1\u00a0Minute"},"schema":{"@context":"https:\/\/schema.org","@graph":[{"@type":"Article","@id":"https:\/\/marienviertel.de\/zukunft\/?p=4886#article","isPartOf":{"@id":"https:\/\/marienviertel.de\/zukunft\/?p=4886"},"author":{"name":"MoBe","@id":"https:\/\/marienviertel.de\/zukunft\/#\/schema\/person\/4574e5031f38bd82e0bedcd013accb45"},"headline":"IZM bringt Bew\u00e4sserungss\u00e4cke an die B\u00e4ume des GHS-Gel\u00e4ndes","datePublished":"2025-06-23T06:20:11+00:00","dateModified":"2025-06-23T06:22:35+00:00","mainEntityOfPage":{"@id":"https:\/\/marienviertel.de\/zukunft\/?p=4886"},"wordCount":89,"commentCount":0,"publisher":{"@id":"https:\/\/marienviertel.de\/zukunft\/#organization"},"image":{"@id":"https:\/\/marienviertel.de\/zukunft\/?p=4886#primaryimage"},"thumbnailUrl":"https:\/\/marienviertel.de\/zukunft\/wordpress\/wp-content\/uploads\/2025\/06\/1000065601-scaled.jpg","articleSection":["IZM aktuell","IZM und mehr"],"inLanguage":"de","potentialAction":[{"@type":"CommentAction","name":"Comment","target":["https:\/\/marienviertel.de\/zukunft\/?p=4886#respond"]}]},{"@type":"WebPage","@id":"https:\/\/marienviertel.de\/zukunft\/?p=4886","url":"https:\/\/marienviertel.de\/zukunft\/?p=4886","name":"IZM bringt Bew\u00e4sserungss\u00e4cke an die B\u00e4ume des GHS-Gel\u00e4ndes - Initiative Zukunft Marienviertel","isPartOf":{"@id":"https:\/\/marienviertel.de\/zukunft\/#website"},"primaryImageOfPage":{"@id":"https:\/\/marienviertel.de\/zukunft\/?p=4886#primaryimage"},"image":{"@id":"https:\/\/marienviertel.de\/zukunft\/?p=4886#primaryimage"},"thumbnailUrl":"https:\/\/marienviertel.de\/zukunft\/wordpress\/wp-content\/uploads\/2025\/06\/1000065601-scaled.jpg","datePublished":"2025-06-23T06:20:11+00:00","dateModified":"2025-06-23T06:22:35+00:00","breadcrumb":{"@id":"https:\/\/marienviertel.de\/zukunft\/?p=4886#breadcrumb"},"inLanguage":"de","potentialAction":[{"@type":"ReadAction","target":["https:\/\/marienviertel.de\/zukunft\/?p=4886"]}]},{"@type":"ImageObject","inLanguage":"de","@id":"https:\/\/marienviertel.de\/zukunft\/?p=4886#primaryimage","url":"https:\/\/marienviertel.de\/zukunft\/wordpress\/wp-content\/uploads\/2025\/06\/1000065601-scaled.jpg","contentUrl":"https:\/\/marienviertel.de\/zukunft\/wordpress\/wp-content\/uploads\/2025\/06\/1000065601-scaled.jpg","width":2560,"height":1920},{"@type":"BreadcrumbList","@id":"https:\/\/marienviertel.de\/zukunft\/?p=4886#breadcrumb","itemListElement":[{"@type":"ListItem","position":1,"name":"Home","item":"https:\/\/marienviertel.de\/zukunft\/"},{"@type":"ListItem","position":2,"name":"IZM bringt Bew\u00e4sserungss\u00e4cke an die B\u00e4ume des GHS-Gel\u00e4ndes"}]},{"@type":"WebSite","@id":"https:\/\/marienviertel.de\/zukunft\/#website","url":"https:\/\/marienviertel.de\/zukunft\/","name":"Initiative Zukunft Marienviertel","description":"","publisher":{"@id":"https:\/\/marienviertel.de\/zukunft\/#organization"},"potentialAction":[{"@type":"SearchAction","target":{"@type":"EntryPoint","urlTemplate":"https:\/\/marienviertel.de\/zukunft\/?s={search_term_string}"},"query-input":{"@type":"PropertyValueSpecification","valueRequired":true,"valueName":"search_term_string"}}],"inLanguage":"de"},{"@type":"Organization","@id":"https:\/\/marienviertel.de\/zukunft\/#organization","name":"Initiative Zukunft Marienviertel","url":"https:\/\/marienviertel.de\/zukunft\/","logo":{"@type":"ImageObject","inLanguage":"de","@id":"https:\/\/marienviertel.de\/zukunft\/#\/schema\/logo\/image\/","url":"https:\/\/marienviertel.de\/zukunft\/wordpress\/wp-content\/uploads\/2017\/12\/cropped-cropped-Headerbild1-e1512313986382-300x70.jpg","contentUrl":"https:\/\/marienviertel.de\/zukunft\/wordpress\/wp-content\/uploads\/2017\/12\/cropped-cropped-Headerbild1-e1512313986382-300x70.jpg","width":300,"height":70,"caption":"Initiative Zukunft Marienviertel"},"image":{"@id":"https:\/\/marienviertel.de\/zukunft\/#\/schema\/logo\/image\/"},"sameAs":["http:\/\/www.facebook.com\/zukunftmarienviertel"]},{"@type":"Person","@id":"https:\/\/marienviertel.de\/zukunft\/#\/schema\/person\/4574e5031f38bd82e0bedcd013accb45","name":"MoBe","image":{"@type":"ImageObject","inLanguage":"de","@id":"https:\/\/marienviertel.de\/zukunft\/#\/schema\/person\/image\/","url":"https:\/\/secure.gravatar.com\/avatar\/00a47516db88d9b8f6ae86775e58adb07ff6b888fa28dd48124547f6d708908d?s=96&d=identicon&r=g","contentUrl":"https:\/\/secure.gravatar.com\/avatar\/00a47516db88d9b8f6ae86775e58adb07ff6b888fa28dd48124547f6d708908d?s=96&d=identicon&r=g","caption":"MoBe"}}]}},"cc_featured_image_caption":{"caption_text":"","source_text":"","source_url":""},"jetpack_featured_media_url":"https:\/\/marienviertel.de\/zukunft\/wordpress\/wp-content\/uploads\/2025\/06\/1000065601-scaled.jpg","jetpack_sharing_enabled":true,"jetpack_shortlink":"https:\/\/wp.me\/p86m9a-1gO","_links":{"self":[{"href":"https:\/\/marienviertel.de\/zukunft\/index.php?rest_route=\/wp\/v2\/posts\/4886","targetHints":{"allow":["GET"]}}],"collection":[{"href":"https:\/\/marienviertel.de\/zukunft\/index.php?rest_route=\/wp\/v2\/posts"}],"about":[{"href":"https:\/\/marienviertel.de\/zukunft\/index.php?rest_route=\/wp\/v2\/types\/post"}],"author":[{"embeddable":true,"href":"https:\/\/marienviertel.de\/zukunft\/index.php?rest_route=\/wp\/v2\/users\/12"}],"replies":[{"embeddable":true,"href":"https:\/\/marienviertel.de\/zukunft\/index.php?rest_route=%2Fwp%2Fv2%2Fcomments&post=4886"}],"version-history":[{"count":2,"href":"https:\/\/marienviertel.de\/zukunft\/index.php?rest_route=\/wp\/v2\/posts\/4886\/revisions"}],"predecessor-version":[{"id":4889,"href":"https:\/\/marienviertel.de\/zukunft\/index.php?rest_route=\/wp\/v2\/posts\/4886\/revisions\/4889"}],"wp:featuredmedia":[{"embeddable":true,"href":"https:\/\/marienviertel.de\/zukunft\/index.php?rest_route=\/wp\/v2\/media\/4887"}],"wp:attachment":[{"href":"https:\/\/marienviertel.de\/zukunft\/index.php?rest_route=%2Fwp%2Fv2%2Fmedia&parent=4886"}],"wp:term":[{"taxonomy":"category","embeddable":true,"href":"https:\/\/marienviertel.de\/zukunft\/index.php?rest_route=%2Fwp%2Fv2%2Fcategories&post=4886"},{"taxonomy":"post_tag","embeddable":true,"href":"https:\/\/marienviertel.de\/zukunft\/index.php?rest_route=%2Fwp%2Fv2%2Ftags&post=4886"}],"curies":[{"name":"wp","href":"https:\/\/api.w.org\/{rel}","templated":true}]}}