{"id":4853,"date":"2024-06-25T22:01:29","date_gmt":"2024-06-25T20:01:29","guid":{"rendered":"https:\/\/marienviertel.de\/zukunft\/?p=4853"},"modified":"2024-06-25T22:10:18","modified_gmt":"2024-06-25T20:10:18","slug":"best-practice-lob-fuer-willkommenskultur-im-marienviertel","status":"publish","type":"post","link":"https:\/\/marienviertel.de\/zukunft\/?p=4853","title":{"rendered":"\u201cBEST PRACTICE\u201d \u2013 LOB F\u00dcR WILLKOMMENSKULTUR IM MARIENVIERTEL"},"content":{"rendered":"<p><strong>Gemeinsame Mitteilung der Bezirksregierung M\u00fcnster und der Stadt Dorsten<\/strong><\/p>\n<p>21.06.2023<\/p>\n<p>&nbsp;<\/p>\n<p><strong><em>Das Bild<\/em><\/strong><em> zeigt Dorstens B\u00fcrgermeister Tobias Stockhoff (links) und Regierungspr\u00e4sident Andreas Bothe (rechts) beim Dankesch\u00f6n-Nachmittag in der Notunterkunft Bismarckstra\u00dfe. Der Einladung waren rund 120 B\u00fcrgerinnen und B\u00fcrger aus dem Quartier gefolgt. Foto: Bezirksregierung M\u00fcnster<\/em><\/p>\n<p>&nbsp;<\/p>\n<h5><strong>Notunterkunft Bismarckstra\u00dfe<\/strong><\/h5>\n<h5>Kurz vor der Schlie\u00dfung der Einrichtung haben sich Bezirksregierung M\u00fcnster und Stadt Dorsten bei den Anwohnerinnen und Anwohnern im Marienviertel f\u00fcr ihr besonderes Engagement bedankt.<\/h5>\n<p>Seit Anfang dieser Woche sind keine Fl\u00fcchtlinge mehr in der Notunterkunft an der Bismarckstra\u00dfe untergebracht. In den kommenden Wochen soll mit Abbau der Zeltstadt auf dem ehemaligen Gel\u00e4nde der Gerhart-Hauptmann-Realschule begonnen werden, die nach dem \u00dcberfall Russlands auf die Ukraine im Jahr 2022 errichtet wurde. In der Spitze waren hier knapp 1000 schutzsuchende Menschen untergebracht \u2013 \u00fcberwiegend Menschen aus der Ukraine, teilweise aber auch Gefl\u00fcchtete aus anderen L\u00e4ndern.<\/p>\n<p>Kurz vor der Schlie\u00dfung der Notunterkunft haben die Bezirksregierung M\u00fcnster als Betreiber der Einrichtung sowie die Stadt Dorsten Anwohnerinnen und Anwohner aus dem Marienviertel zu einem Dankesch\u00f6n-Nachmittag eingeladen.<\/p>\n<p>Zuerst begr\u00fc\u00dfte Regierungspr\u00e4sident Andreas Bothe die rund 120 G\u00e4ste und hob das \u201ebesonders gute Miteinander\u201c zwischen der B\u00fcrgerschaft und den Menschen in der Notunterkunft hervor. Er sprach sogar von einem \u201eBest-Practice-Beispiel.\u201c<\/p>\n<p>Beispielhaft f\u00fcr gelebte und gelungene Integration nannte der Regierungspr\u00e4sident verschiedene Angebote, die die Menschen aus dem Marienviertel innerhalb k\u00fcrzester Zeit geschaffen haben &#8211; etwa das Familiencaf\u00e9, Bastelstunden f\u00fcr Kinder und Familien im Pfarrheim der Marienkirche sowie verschiedene Aktionen au\u00dferhalb der Unterkunft. Auch bei den Festen im Quartier waren Bewohnerinnen und Bewohner der Einrichtung gern gesehene G\u00e4ste und packten sogar mit an \u2013 etwa beim Auf- und Abbau.<\/p>\n<p>\u201eBei der Unterbringung von gefl\u00fcchteten Menschen geht es um deutlich mehr als nur darum, Obdachlosigkeit zu verhindern. Es geht darum, den Menschen ein Ankommen zu erm\u00f6glichen und ihnen eine Tagesstruktur zu geben. Dazu geh\u00f6ren viele helfende H\u00e4nde und dazu geh\u00f6rt auch die Einbindung des Ehrenamts, f\u00fcr die ich Ihnen ganz besonders herzlich danken m\u00f6chte\u201c, sagte Andreas Bothe.<\/p>\n<p>B\u00fcrgermeister Tobias Stockhoff bedankte sich pers\u00f6nlich und auch im Namen der B\u00fcrgerschaft, des Rates und der Verwaltung der Stadt Dorsten zun\u00e4chst f\u00fcr die gute, konstruktive und vertrauensvolle Zusammenarbeit mit der Bezirksregierung M\u00fcnster sowie den Menschen, die in der Einrichtung f\u00fcr die Betreuung der gefl\u00fcchteten Menschen zust\u00e4ndig waren. Ein herzliches Dankesch\u00f6n richtete er in erster Linie an die B\u00fcrgerinnen und B\u00fcrger, die in unmittelbarer N\u00e4he der Einrichtung im Marienviertel zu Hause sind. \u201eWir waren uns sicher, dass wir hier viele Menschen finden werden, die bereit sind, auch an der Integration der gefl\u00fcchteten Menschen mitzuwirken\u201c, sagte er und hob in diesem Zusammenhang das Engagement der IZM hervor, der Initiative Zukunft Marienviertel.<\/p>\n<p>Dabei verschwieg der B\u00fcrgermeister nicht, dass es in den vergangenen zwei Jahren auch durchaus zu \u201eBeeintr\u00e4chtigungen\u201c aufgrund der Unterbringung in Zelthallen z. B. beim Thema \u201eL\u00e4rm\u201c gekommen sei. \u201eDas wollen wir keinesfalls sch\u00f6nreden\u201c, sagte er und erg\u00e4nzte: \u201eDennoch w\u00e4re der Aufenthalt f\u00fcr die Menschen, die hier vor\u00fcbergehend untergebracht waren, ohne die vielf\u00e4ltigen Angebote im Marienviertel noch schwerer gewesen und es h\u00e4tte wohl deutlich mehr Probleme gegeben.\u201c<\/p>\n<p>Tief ber\u00fchrt habe ihn das Engagement der Blasmusik St. Marien, die in der Einrichtung Weihnachts- und Adventslieder gespielt hat, berichtete Tobias Stockhoff: \u201eZu einer Zeit, in der viele Gefl\u00fcchtete mit ihren Angeh\u00f6rigen in der Ukraine ganz besonders verbunden waren.\u201c Oder der Auftritt des leider k\u00fcrzlich verstorbenen Henner Sch\u00fcrholz als Nikolaus, der nicht nur den Kindern in der Einrichtung eine gro\u00dfe Freude gemacht hat. Auch seitens der Kirchengemeinden habe es eine Vielzahl an Angeboten gegeben, die f\u00fcr ein gutes Miteinander st\u00fcnden.<\/p>\n<p>\u201eDamit haben Sie, liebe Menschen aus dem Marienviertel, auf der einen Seite bewiesen, dass Menschen das Ankommen bei uns erleichtert werden kann. Auf der anderen Seite, auch das habe ich an vielen Stellen geh\u00f6rt, haben Sie viel Dankbarkeit dieser Menschen erfahren.\u201c<\/p>\n<p>In der Tat: Heinz \u201eHucky\u201c Hartmann berichtet, dass er mit seinem Hund Apollo jeden Tag zwei Runden dreht und dabei auch ukrainischen Kinder kennengelernt habe. \u201eSie haben sich aus Paletten Tische und B\u00e4nke gebaut, um hier zu basteln. Da ich \u00fcber einen gro\u00dfen Vorrat von Bastelmaterialien verf\u00fcge, habe ich die Kinder dann im Laufe der Zeit mit mehreren tausend Bl\u00e4ttern altes Gesch\u00e4ftspapier, Scheren, Heftern versorgt.\u201c Der Dorstener erg\u00e4nzt: \u201eUnd die Kinder wollten immer Apollo streicheln und f\u00fcttern. Das fanden sie unheimlich toll und daraus hat sich eine kleine Freundschaft entwickelt.\u201c<\/p>\n<p>Auch Ursula Bensch spricht von \u201ewunderbaren Erfahrungen.\u201c Das Mitglied der Pfarrgemeinde St. Paulus erz\u00e4hlt: \u201eEines Tages kam ein Mann in unser Pfarrhaus, der dringend einen Kinderwagen ben\u00f6tigte, weil es am n\u00e4chsten Tag nach Ostwestfalen ging in eine weitere Unterkunft. Durch ein paar Spenden hatten wir die M\u00f6glichkeit, einen Kinderwagen zu kaufen und am Nachmittag klingelte er wieder und zeigte uns das Baby und die stolze Mama. Sie haben uns auch hinterher noch ein Video geschickt. Und so etwas gab es h\u00e4ufiger, dass Leute sich anschlie\u00dfend noch gemeldet, ein Foto geschickt und sich bedankt haben. Das war f\u00fcr uns alle wirklich eine sehr bereichernde Zeit.&#8220;<\/p>\n","protected":false},"excerpt":{"rendered":"<p>Gemeinsame Mitteilung der Bezirksregierung M\u00fcnster und der Stadt Dorsten 21.06.2023 &nbsp; Das Bild zeigt Dorstens B\u00fcrgermeister Tobias Stockhoff (links) und [&hellip;]<\/p>\n","protected":false},"author":1,"featured_media":4854,"comment_status":"open","ping_status":"open","sticky":false,"template":"","format":"standard","meta":{"jetpack_post_was_ever_published":false,"_jetpack_newsletter_access":"","_jetpack_dont_email_post_to_subs":false,"_jetpack_newsletter_tier_id":0,"_jetpack_memberships_contains_paywalled_content":false,"_jetpack_memberships_contains_paid_content":false,"footnotes":""},"categories":[57,58,1],"tags":[],"class_list":["post-4853","post","type-post","status-publish","format-standard","has-post-thumbnail","hentry","category-neues-von-den-projekten","category-izm-in-der-presse","category-allgemein"],"yoast_head":"<!-- This site is optimized with the Yoast SEO plugin v26.7 - https:\/\/yoast.com\/wordpress\/plugins\/seo\/ -->\n<title>\u201cBEST PRACTICE\u201d \u2013 LOB F\u00dcR WILLKOMMENSKULTUR IM MARIENVIERTEL - Initiative Zukunft Marienviertel<\/title>\n<meta name=\"robots\" content=\"index, follow, max-snippet:-1, max-image-preview:large, max-video-preview:-1\" \/>\n<link rel=\"canonical\" href=\"https:\/\/marienviertel.de\/zukunft\/?p=4853\" \/>\n<meta property=\"og:locale\" content=\"de_DE\" \/>\n<meta property=\"og:type\" content=\"article\" \/>\n<meta property=\"og:title\" content=\"\u201cBEST PRACTICE\u201d \u2013 LOB F\u00dcR WILLKOMMENSKULTUR IM MARIENVIERTEL - Initiative Zukunft Marienviertel\" \/>\n<meta property=\"og:description\" content=\"Gemeinsame Mitteilung der Bezirksregierung M\u00fcnster und der Stadt Dorsten 21.06.2023 &nbsp; Das Bild zeigt Dorstens B\u00fcrgermeister Tobias Stockhoff (links) und [&hellip;]\" \/>\n<meta property=\"og:url\" content=\"https:\/\/marienviertel.de\/zukunft\/?p=4853\" \/>\n<meta property=\"og:site_name\" content=\"Initiative Zukunft Marienviertel\" \/>\n<meta property=\"article:publisher\" content=\"http:\/\/www.facebook.com\/zukunftmarienviertel\" \/>\n<meta property=\"article:author\" content=\"https:\/\/www.facebook.com\/johannes.wulf.58\" \/>\n<meta property=\"article:published_time\" content=\"2024-06-25T20:01:29+00:00\" \/>\n<meta property=\"article:modified_time\" content=\"2024-06-25T20:10:18+00:00\" \/>\n<meta property=\"og:image\" content=\"https:\/\/marienviertel.de\/zukunft\/wordpress\/wp-content\/uploads\/2024\/06\/2024-06-21.Dankeschoen-Notunterkunft-Marienviertel-scaled.jpg\" \/>\n\t<meta property=\"og:image:width\" content=\"2560\" \/>\n\t<meta property=\"og:image:height\" content=\"1687\" \/>\n\t<meta property=\"og:image:type\" content=\"image\/jpeg\" \/>\n<meta name=\"author\" content=\"jotw\" \/>\n<meta name=\"twitter:card\" content=\"summary_large_image\" \/>\n<meta name=\"twitter:label1\" content=\"Verfasst von\" \/>\n\t<meta name=\"twitter:data1\" content=\"jotw\" \/>\n\t<meta name=\"twitter:label2\" content=\"Gesch\u00e4tzte Lesezeit\" \/>\n\t<meta name=\"twitter:data2\" content=\"5\u00a0Minuten\" \/>\n<script type=\"application\/ld+json\" class=\"yoast-schema-graph\">{\"@context\":\"https:\/\/schema.org\",\"@graph\":[{\"@type\":\"Article\",\"@id\":\"https:\/\/marienviertel.de\/zukunft\/?p=4853#article\",\"isPartOf\":{\"@id\":\"https:\/\/marienviertel.de\/zukunft\/?p=4853\"},\"author\":{\"name\":\"jotw\",\"@id\":\"https:\/\/marienviertel.de\/zukunft\/#\/schema\/person\/c738adaf1955c4b08ce63fbbe67c6e82\"},\"headline\":\"\u201cBEST PRACTICE\u201d \u2013 LOB F\u00dcR WILLKOMMENSKULTUR IM MARIENVIERTEL\",\"datePublished\":\"2024-06-25T20:01:29+00:00\",\"dateModified\":\"2024-06-25T20:10:18+00:00\",\"mainEntityOfPage\":{\"@id\":\"https:\/\/marienviertel.de\/zukunft\/?p=4853\"},\"wordCount\":899,\"commentCount\":0,\"publisher\":{\"@id\":\"https:\/\/marienviertel.de\/zukunft\/#organization\"},\"image\":{\"@id\":\"https:\/\/marienviertel.de\/zukunft\/?p=4853#primaryimage\"},\"thumbnailUrl\":\"https:\/\/marienviertel.de\/zukunft\/wordpress\/wp-content\/uploads\/2024\/06\/2024-06-21.Dankeschoen-Notunterkunft-Marienviertel-scaled.jpg\",\"articleSection\":[\"IZM aktuell\",\"IZM in der Presse\",\"IZM und mehr\"],\"inLanguage\":\"de\",\"potentialAction\":[{\"@type\":\"CommentAction\",\"name\":\"Comment\",\"target\":[\"https:\/\/marienviertel.de\/zukunft\/?p=4853#respond\"]}]},{\"@type\":\"WebPage\",\"@id\":\"https:\/\/marienviertel.de\/zukunft\/?p=4853\",\"url\":\"https:\/\/marienviertel.de\/zukunft\/?p=4853\",\"name\":\"\u201cBEST PRACTICE\u201d \u2013 LOB F\u00dcR WILLKOMMENSKULTUR IM MARIENVIERTEL - Initiative Zukunft Marienviertel\",\"isPartOf\":{\"@id\":\"https:\/\/marienviertel.de\/zukunft\/#website\"},\"primaryImageOfPage\":{\"@id\":\"https:\/\/marienviertel.de\/zukunft\/?p=4853#primaryimage\"},\"image\":{\"@id\":\"https:\/\/marienviertel.de\/zukunft\/?p=4853#primaryimage\"},\"thumbnailUrl\":\"https:\/\/marienviertel.de\/zukunft\/wordpress\/wp-content\/uploads\/2024\/06\/2024-06-21.Dankeschoen-Notunterkunft-Marienviertel-scaled.jpg\",\"datePublished\":\"2024-06-25T20:01:29+00:00\",\"dateModified\":\"2024-06-25T20:10:18+00:00\",\"breadcrumb\":{\"@id\":\"https:\/\/marienviertel.de\/zukunft\/?p=4853#breadcrumb\"},\"inLanguage\":\"de\",\"potentialAction\":[{\"@type\":\"ReadAction\",\"target\":[\"https:\/\/marienviertel.de\/zukunft\/?p=4853\"]}]},{\"@type\":\"ImageObject\",\"inLanguage\":\"de\",\"@id\":\"https:\/\/marienviertel.de\/zukunft\/?p=4853#primaryimage\",\"url\":\"https:\/\/marienviertel.de\/zukunft\/wordpress\/wp-content\/uploads\/2024\/06\/2024-06-21.Dankeschoen-Notunterkunft-Marienviertel-scaled.jpg\",\"contentUrl\":\"https:\/\/marienviertel.de\/zukunft\/wordpress\/wp-content\/uploads\/2024\/06\/2024-06-21.Dankeschoen-Notunterkunft-Marienviertel-scaled.jpg\",\"width\":2560,\"height\":1687},{\"@type\":\"BreadcrumbList\",\"@id\":\"https:\/\/marienviertel.de\/zukunft\/?p=4853#breadcrumb\",\"itemListElement\":[{\"@type\":\"ListItem\",\"position\":1,\"name\":\"Home\",\"item\":\"https:\/\/marienviertel.de\/zukunft\/\"},{\"@type\":\"ListItem\",\"position\":2,\"name\":\"\u201cBEST PRACTICE\u201d \u2013 LOB F\u00dcR WILLKOMMENSKULTUR IM MARIENVIERTEL\"}]},{\"@type\":\"WebSite\",\"@id\":\"https:\/\/marienviertel.de\/zukunft\/#website\",\"url\":\"https:\/\/marienviertel.de\/zukunft\/\",\"name\":\"Initiative Zukunft Marienviertel\",\"description\":\"\",\"publisher\":{\"@id\":\"https:\/\/marienviertel.de\/zukunft\/#organization\"},\"potentialAction\":[{\"@type\":\"SearchAction\",\"target\":{\"@type\":\"EntryPoint\",\"urlTemplate\":\"https:\/\/marienviertel.de\/zukunft\/?s={search_term_string}\"},\"query-input\":{\"@type\":\"PropertyValueSpecification\",\"valueRequired\":true,\"valueName\":\"search_term_string\"}}],\"inLanguage\":\"de\"},{\"@type\":\"Organization\",\"@id\":\"https:\/\/marienviertel.de\/zukunft\/#organization\",\"name\":\"Initiative Zukunft Marienviertel\",\"url\":\"https:\/\/marienviertel.de\/zukunft\/\",\"logo\":{\"@type\":\"ImageObject\",\"inLanguage\":\"de\",\"@id\":\"https:\/\/marienviertel.de\/zukunft\/#\/schema\/logo\/image\/\",\"url\":\"https:\/\/marienviertel.de\/zukunft\/wordpress\/wp-content\/uploads\/2017\/12\/cropped-cropped-Headerbild1-e1512313986382-300x70.jpg\",\"contentUrl\":\"https:\/\/marienviertel.de\/zukunft\/wordpress\/wp-content\/uploads\/2017\/12\/cropped-cropped-Headerbild1-e1512313986382-300x70.jpg\",\"width\":300,\"height\":70,\"caption\":\"Initiative Zukunft Marienviertel\"},\"image\":{\"@id\":\"https:\/\/marienviertel.de\/zukunft\/#\/schema\/logo\/image\/\"},\"sameAs\":[\"http:\/\/www.facebook.com\/zukunftmarienviertel\"]},{\"@type\":\"Person\",\"@id\":\"https:\/\/marienviertel.de\/zukunft\/#\/schema\/person\/c738adaf1955c4b08ce63fbbe67c6e82\",\"name\":\"jotw\",\"image\":{\"@type\":\"ImageObject\",\"inLanguage\":\"de\",\"@id\":\"https:\/\/marienviertel.de\/zukunft\/#\/schema\/person\/image\/\",\"url\":\"https:\/\/secure.gravatar.com\/avatar\/f996f1ca35d6d13af46e8af8dc21f10fcdf6f690745c899b68b257dfffe92cd9?s=96&d=identicon&r=g\",\"contentUrl\":\"https:\/\/secure.gravatar.com\/avatar\/f996f1ca35d6d13af46e8af8dc21f10fcdf6f690745c899b68b257dfffe92cd9?s=96&d=identicon&r=g\",\"caption\":\"jotw\"},\"description\":\"Johannes Wulf, Administrator und Autor Mit 'jotw' kennzeichne ich Beitr\u00e4ge, die zwar meine Meinung wiedergeben, nicht aber unbedingt den Konsens der Initiative spiegeln. [ E-Mail ] [ Web ] [ Facebook ]\",\"sameAs\":[\"https:\/\/wulfwebworks.de\/\",\"https:\/\/www.facebook.com\/johannes.wulf.58\"]}]}<\/script>\n<!-- \/ Yoast SEO plugin. -->","yoast_head_json":{"title":"\u201cBEST PRACTICE\u201d \u2013 LOB F\u00dcR WILLKOMMENSKULTUR IM MARIENVIERTEL - Initiative Zukunft Marienviertel","robots":{"index":"index","follow":"follow","max-snippet":"max-snippet:-1","max-image-preview":"max-image-preview:large","max-video-preview":"max-video-preview:-1"},"canonical":"https:\/\/marienviertel.de\/zukunft\/?p=4853","og_locale":"de_DE","og_type":"article","og_title":"\u201cBEST PRACTICE\u201d \u2013 LOB F\u00dcR WILLKOMMENSKULTUR IM MARIENVIERTEL - Initiative Zukunft Marienviertel","og_description":"Gemeinsame Mitteilung der Bezirksregierung M\u00fcnster und der Stadt Dorsten 21.06.2023 &nbsp; Das Bild zeigt Dorstens B\u00fcrgermeister Tobias Stockhoff (links) und [&hellip;]","og_url":"https:\/\/marienviertel.de\/zukunft\/?p=4853","og_site_name":"Initiative Zukunft Marienviertel","article_publisher":"http:\/\/www.facebook.com\/zukunftmarienviertel","article_author":"https:\/\/www.facebook.com\/johannes.wulf.58","article_published_time":"2024-06-25T20:01:29+00:00","article_modified_time":"2024-06-25T20:10:18+00:00","og_image":[{"width":2560,"height":1687,"url":"https:\/\/marienviertel.de\/zukunft\/wordpress\/wp-content\/uploads\/2024\/06\/2024-06-21.Dankeschoen-Notunterkunft-Marienviertel-scaled.jpg","type":"image\/jpeg"}],"author":"jotw","twitter_card":"summary_large_image","twitter_misc":{"Verfasst von":"jotw","Gesch\u00e4tzte Lesezeit":"5\u00a0Minuten"},"schema":{"@context":"https:\/\/schema.org","@graph":[{"@type":"Article","@id":"https:\/\/marienviertel.de\/zukunft\/?p=4853#article","isPartOf":{"@id":"https:\/\/marienviertel.de\/zukunft\/?p=4853"},"author":{"name":"jotw","@id":"https:\/\/marienviertel.de\/zukunft\/#\/schema\/person\/c738adaf1955c4b08ce63fbbe67c6e82"},"headline":"\u201cBEST PRACTICE\u201d \u2013 LOB F\u00dcR WILLKOMMENSKULTUR IM MARIENVIERTEL","datePublished":"2024-06-25T20:01:29+00:00","dateModified":"2024-06-25T20:10:18+00:00","mainEntityOfPage":{"@id":"https:\/\/marienviertel.de\/zukunft\/?p=4853"},"wordCount":899,"commentCount":0,"publisher":{"@id":"https:\/\/marienviertel.de\/zukunft\/#organization"},"image":{"@id":"https:\/\/marienviertel.de\/zukunft\/?p=4853#primaryimage"},"thumbnailUrl":"https:\/\/marienviertel.de\/zukunft\/wordpress\/wp-content\/uploads\/2024\/06\/2024-06-21.Dankeschoen-Notunterkunft-Marienviertel-scaled.jpg","articleSection":["IZM aktuell","IZM in der Presse","IZM und mehr"],"inLanguage":"de","potentialAction":[{"@type":"CommentAction","name":"Comment","target":["https:\/\/marienviertel.de\/zukunft\/?p=4853#respond"]}]},{"@type":"WebPage","@id":"https:\/\/marienviertel.de\/zukunft\/?p=4853","url":"https:\/\/marienviertel.de\/zukunft\/?p=4853","name":"\u201cBEST PRACTICE\u201d \u2013 LOB F\u00dcR WILLKOMMENSKULTUR IM MARIENVIERTEL - Initiative Zukunft Marienviertel","isPartOf":{"@id":"https:\/\/marienviertel.de\/zukunft\/#website"},"primaryImageOfPage":{"@id":"https:\/\/marienviertel.de\/zukunft\/?p=4853#primaryimage"},"image":{"@id":"https:\/\/marienviertel.de\/zukunft\/?p=4853#primaryimage"},"thumbnailUrl":"https:\/\/marienviertel.de\/zukunft\/wordpress\/wp-content\/uploads\/2024\/06\/2024-06-21.Dankeschoen-Notunterkunft-Marienviertel-scaled.jpg","datePublished":"2024-06-25T20:01:29+00:00","dateModified":"2024-06-25T20:10:18+00:00","breadcrumb":{"@id":"https:\/\/marienviertel.de\/zukunft\/?p=4853#breadcrumb"},"inLanguage":"de","potentialAction":[{"@type":"ReadAction","target":["https:\/\/marienviertel.de\/zukunft\/?p=4853"]}]},{"@type":"ImageObject","inLanguage":"de","@id":"https:\/\/marienviertel.de\/zukunft\/?p=4853#primaryimage","url":"https:\/\/marienviertel.de\/zukunft\/wordpress\/wp-content\/uploads\/2024\/06\/2024-06-21.Dankeschoen-Notunterkunft-Marienviertel-scaled.jpg","contentUrl":"https:\/\/marienviertel.de\/zukunft\/wordpress\/wp-content\/uploads\/2024\/06\/2024-06-21.Dankeschoen-Notunterkunft-Marienviertel-scaled.jpg","width":2560,"height":1687},{"@type":"BreadcrumbList","@id":"https:\/\/marienviertel.de\/zukunft\/?p=4853#breadcrumb","itemListElement":[{"@type":"ListItem","position":1,"name":"Home","item":"https:\/\/marienviertel.de\/zukunft\/"},{"@type":"ListItem","position":2,"name":"\u201cBEST PRACTICE\u201d \u2013 LOB F\u00dcR WILLKOMMENSKULTUR IM MARIENVIERTEL"}]},{"@type":"WebSite","@id":"https:\/\/marienviertel.de\/zukunft\/#website","url":"https:\/\/marienviertel.de\/zukunft\/","name":"Initiative Zukunft Marienviertel","description":"","publisher":{"@id":"https:\/\/marienviertel.de\/zukunft\/#organization"},"potentialAction":[{"@type":"SearchAction","target":{"@type":"EntryPoint","urlTemplate":"https:\/\/marienviertel.de\/zukunft\/?s={search_term_string}"},"query-input":{"@type":"PropertyValueSpecification","valueRequired":true,"valueName":"search_term_string"}}],"inLanguage":"de"},{"@type":"Organization","@id":"https:\/\/marienviertel.de\/zukunft\/#organization","name":"Initiative Zukunft Marienviertel","url":"https:\/\/marienviertel.de\/zukunft\/","logo":{"@type":"ImageObject","inLanguage":"de","@id":"https:\/\/marienviertel.de\/zukunft\/#\/schema\/logo\/image\/","url":"https:\/\/marienviertel.de\/zukunft\/wordpress\/wp-content\/uploads\/2017\/12\/cropped-cropped-Headerbild1-e1512313986382-300x70.jpg","contentUrl":"https:\/\/marienviertel.de\/zukunft\/wordpress\/wp-content\/uploads\/2017\/12\/cropped-cropped-Headerbild1-e1512313986382-300x70.jpg","width":300,"height":70,"caption":"Initiative Zukunft Marienviertel"},"image":{"@id":"https:\/\/marienviertel.de\/zukunft\/#\/schema\/logo\/image\/"},"sameAs":["http:\/\/www.facebook.com\/zukunftmarienviertel"]},{"@type":"Person","@id":"https:\/\/marienviertel.de\/zukunft\/#\/schema\/person\/c738adaf1955c4b08ce63fbbe67c6e82","name":"jotw","image":{"@type":"ImageObject","inLanguage":"de","@id":"https:\/\/marienviertel.de\/zukunft\/#\/schema\/person\/image\/","url":"https:\/\/secure.gravatar.com\/avatar\/f996f1ca35d6d13af46e8af8dc21f10fcdf6f690745c899b68b257dfffe92cd9?s=96&d=identicon&r=g","contentUrl":"https:\/\/secure.gravatar.com\/avatar\/f996f1ca35d6d13af46e8af8dc21f10fcdf6f690745c899b68b257dfffe92cd9?s=96&d=identicon&r=g","caption":"jotw"},"description":"Johannes Wulf, Administrator und Autor Mit 'jotw' kennzeichne ich Beitr\u00e4ge, die zwar meine Meinung wiedergeben, nicht aber unbedingt den Konsens der Initiative spiegeln. [ E-Mail ] [ Web ] [ Facebook ]","sameAs":["https:\/\/wulfwebworks.de\/","https:\/\/www.facebook.com\/johannes.wulf.58"]}]}},"cc_featured_image_caption":{"caption_text":"","source_text":"","source_url":""},"jetpack_featured_media_url":"https:\/\/marienviertel.de\/zukunft\/wordpress\/wp-content\/uploads\/2024\/06\/2024-06-21.Dankeschoen-Notunterkunft-Marienviertel-scaled.jpg","jetpack_sharing_enabled":true,"jetpack_shortlink":"https:\/\/wp.me\/p86m9a-1gh","_links":{"self":[{"href":"https:\/\/marienviertel.de\/zukunft\/index.php?rest_route=\/wp\/v2\/posts\/4853","targetHints":{"allow":["GET"]}}],"collection":[{"href":"https:\/\/marienviertel.de\/zukunft\/index.php?rest_route=\/wp\/v2\/posts"}],"about":[{"href":"https:\/\/marienviertel.de\/zukunft\/index.php?rest_route=\/wp\/v2\/types\/post"}],"author":[{"embeddable":true,"href":"https:\/\/marienviertel.de\/zukunft\/index.php?rest_route=\/wp\/v2\/users\/1"}],"replies":[{"embeddable":true,"href":"https:\/\/marienviertel.de\/zukunft\/index.php?rest_route=%2Fwp%2Fv2%2Fcomments&post=4853"}],"version-history":[{"count":1,"href":"https:\/\/marienviertel.de\/zukunft\/index.php?rest_route=\/wp\/v2\/posts\/4853\/revisions"}],"predecessor-version":[{"id":4855,"href":"https:\/\/marienviertel.de\/zukunft\/index.php?rest_route=\/wp\/v2\/posts\/4853\/revisions\/4855"}],"wp:featuredmedia":[{"embeddable":true,"href":"https:\/\/marienviertel.de\/zukunft\/index.php?rest_route=\/wp\/v2\/media\/4854"}],"wp:attachment":[{"href":"https:\/\/marienviertel.de\/zukunft\/index.php?rest_route=%2Fwp%2Fv2%2Fmedia&parent=4853"}],"wp:term":[{"taxonomy":"category","embeddable":true,"href":"https:\/\/marienviertel.de\/zukunft\/index.php?rest_route=%2Fwp%2Fv2%2Fcategories&post=4853"},{"taxonomy":"post_tag","embeddable":true,"href":"https:\/\/marienviertel.de\/zukunft\/index.php?rest_route=%2Fwp%2Fv2%2Ftags&post=4853"}],"curies":[{"name":"wp","href":"https:\/\/api.w.org\/{rel}","templated":true}]}}