{"id":4714,"date":"2023-03-11T15:44:04","date_gmt":"2023-03-11T14:44:04","guid":{"rendered":"https:\/\/marienviertel.de\/zukunft\/?p=4714"},"modified":"2023-06-13T15:51:57","modified_gmt":"2023-06-13T13:51:57","slug":"zum-thema-neue-gartenlandschaft-in-der-bismarckstrasse","status":"publish","type":"post","link":"https:\/\/marienviertel.de\/zukunft\/?p=4714","title":{"rendered":"Zum Thema \u201e Neue Gartenlandschaft in der Bismarckstrasse\u201c"},"content":{"rendered":"<p class=\"western\">Auf Initiative von H. Dr. Moritz kam es mit H. Dr. Springer \u201ebei einem Capuccino\u201c im Cafe der B\u00e4ckerei Spangemacher am 10.03.23 zu einem Gespr\u00e4ch. Thema: die neue Gr\u00fcnanlage unter den alten Eichen an der Bismarckstrasse.<\/p>\n<p class=\"western\">Ausgehend von den Leserbriefen und dem \u00f6ffentlichen Interesse hatten wir in guter Atmosph\u00e4re einen sehr intensiven, konstruktiven Austausch \u00fcber dieses Projekt. Unter Wahrung\u00a0des Schutzes der alten Eichen wird diese neue Gr\u00fcnanlage f\u00fcr alle Bewohnerinnen und Bewohner ein weiterer Baustein sein in der Entwicklung des Marienviertels zu einem zukunftsf\u00e4higen, lebendigen Stadtteil. &#8211;<\/p>\n<p class=\"western\" style=\"text-align: center;\">Wir freuen uns dar\u00fcber!<\/p>\n<p class=\"western\">Dorsten, 11.M\u00e4rz 23 Oliver Moritz , Werner Springer<\/p>\n","protected":false},"excerpt":{"rendered":"<p>Auf Initiative von H. Dr. Moritz kam es mit H. Dr. Springer \u201ebei einem Capuccino\u201c im Cafe der B\u00e4ckerei Spangemacher [&hellip;]<\/p>\n","protected":false},"author":12,"featured_media":4697,"comment_status":"open","ping_status":"open","sticky":false,"template":"","format":"standard","meta":{"jetpack_post_was_ever_published":false,"_jetpack_newsletter_access":"","_jetpack_dont_email_post_to_subs":false,"_jetpack_newsletter_tier_id":0,"_jetpack_memberships_contains_paywalled_content":false,"_jetpack_memberships_contains_paid_content":false,"footnotes":""},"categories":[1],"tags":[],"class_list":["post-4714","post","type-post","status-publish","format-standard","has-post-thumbnail","hentry","category-allgemein"],"yoast_head":"<!-- This site is optimized with the Yoast SEO plugin v26.7 - https:\/\/yoast.com\/wordpress\/plugins\/seo\/ -->\n<title>Zum Thema \u201e Neue Gartenlandschaft in der Bismarckstrasse\u201c - Initiative Zukunft Marienviertel<\/title>\n<meta name=\"robots\" content=\"index, follow, max-snippet:-1, max-image-preview:large, max-video-preview:-1\" \/>\n<link rel=\"canonical\" href=\"https:\/\/marienviertel.de\/zukunft\/?p=4714\" \/>\n<meta property=\"og:locale\" content=\"de_DE\" \/>\n<meta property=\"og:type\" content=\"article\" \/>\n<meta property=\"og:title\" content=\"Zum Thema \u201e Neue Gartenlandschaft in der Bismarckstrasse\u201c - Initiative Zukunft Marienviertel\" \/>\n<meta property=\"og:description\" content=\"Auf Initiative von H. Dr. Moritz kam es mit H. Dr. Springer \u201ebei einem Capuccino\u201c im Cafe der B\u00e4ckerei Spangemacher [&hellip;]\" \/>\n<meta property=\"og:url\" content=\"https:\/\/marienviertel.de\/zukunft\/?p=4714\" \/>\n<meta property=\"og:site_name\" content=\"Initiative Zukunft Marienviertel\" \/>\n<meta property=\"article:publisher\" content=\"http:\/\/www.facebook.com\/zukunftmarienviertel\" \/>\n<meta property=\"article:published_time\" content=\"2023-03-11T14:44:04+00:00\" \/>\n<meta property=\"article:modified_time\" content=\"2023-06-13T13:51:57+00:00\" \/>\n<meta property=\"og:image\" content=\"https:\/\/marienviertel.de\/zukunft\/wordpress\/wp-content\/uploads\/2023\/03\/Baum1.jpg\" \/>\n\t<meta property=\"og:image:width\" content=\"579\" \/>\n\t<meta property=\"og:image:height\" content=\"698\" \/>\n\t<meta property=\"og:image:type\" content=\"image\/jpeg\" \/>\n<meta name=\"author\" content=\"MoBe\" \/>\n<meta name=\"twitter:card\" content=\"summary_large_image\" \/>\n<meta name=\"twitter:label1\" content=\"Verfasst von\" \/>\n\t<meta name=\"twitter:data1\" content=\"MoBe\" \/>\n\t<meta name=\"twitter:label2\" content=\"Gesch\u00e4tzte Lesezeit\" \/>\n\t<meta name=\"twitter:data2\" content=\"1\u00a0Minute\" \/>\n<script type=\"application\/ld+json\" class=\"yoast-schema-graph\">{\"@context\":\"https:\/\/schema.org\",\"@graph\":[{\"@type\":\"Article\",\"@id\":\"https:\/\/marienviertel.de\/zukunft\/?p=4714#article\",\"isPartOf\":{\"@id\":\"https:\/\/marienviertel.de\/zukunft\/?p=4714\"},\"author\":{\"name\":\"MoBe\",\"@id\":\"https:\/\/marienviertel.de\/zukunft\/#\/schema\/person\/4574e5031f38bd82e0bedcd013accb45\"},\"headline\":\"Zum Thema \u201e Neue Gartenlandschaft in der Bismarckstrasse\u201c\",\"datePublished\":\"2023-03-11T14:44:04+00:00\",\"dateModified\":\"2023-06-13T13:51:57+00:00\",\"mainEntityOfPage\":{\"@id\":\"https:\/\/marienviertel.de\/zukunft\/?p=4714\"},\"wordCount\":113,\"commentCount\":0,\"publisher\":{\"@id\":\"https:\/\/marienviertel.de\/zukunft\/#organization\"},\"image\":{\"@id\":\"https:\/\/marienviertel.de\/zukunft\/?p=4714#primaryimage\"},\"thumbnailUrl\":\"https:\/\/marienviertel.de\/zukunft\/wordpress\/wp-content\/uploads\/2023\/03\/Baum1.jpg\",\"articleSection\":[\"IZM und mehr\"],\"inLanguage\":\"de\",\"potentialAction\":[{\"@type\":\"CommentAction\",\"name\":\"Comment\",\"target\":[\"https:\/\/marienviertel.de\/zukunft\/?p=4714#respond\"]}]},{\"@type\":\"WebPage\",\"@id\":\"https:\/\/marienviertel.de\/zukunft\/?p=4714\",\"url\":\"https:\/\/marienviertel.de\/zukunft\/?p=4714\",\"name\":\"Zum Thema \u201e Neue Gartenlandschaft in der Bismarckstrasse\u201c - Initiative Zukunft Marienviertel\",\"isPartOf\":{\"@id\":\"https:\/\/marienviertel.de\/zukunft\/#website\"},\"primaryImageOfPage\":{\"@id\":\"https:\/\/marienviertel.de\/zukunft\/?p=4714#primaryimage\"},\"image\":{\"@id\":\"https:\/\/marienviertel.de\/zukunft\/?p=4714#primaryimage\"},\"thumbnailUrl\":\"https:\/\/marienviertel.de\/zukunft\/wordpress\/wp-content\/uploads\/2023\/03\/Baum1.jpg\",\"datePublished\":\"2023-03-11T14:44:04+00:00\",\"dateModified\":\"2023-06-13T13:51:57+00:00\",\"breadcrumb\":{\"@id\":\"https:\/\/marienviertel.de\/zukunft\/?p=4714#breadcrumb\"},\"inLanguage\":\"de\",\"potentialAction\":[{\"@type\":\"ReadAction\",\"target\":[\"https:\/\/marienviertel.de\/zukunft\/?p=4714\"]}]},{\"@type\":\"ImageObject\",\"inLanguage\":\"de\",\"@id\":\"https:\/\/marienviertel.de\/zukunft\/?p=4714#primaryimage\",\"url\":\"https:\/\/marienviertel.de\/zukunft\/wordpress\/wp-content\/uploads\/2023\/03\/Baum1.jpg\",\"contentUrl\":\"https:\/\/marienviertel.de\/zukunft\/wordpress\/wp-content\/uploads\/2023\/03\/Baum1.jpg\",\"width\":579,\"height\":698},{\"@type\":\"BreadcrumbList\",\"@id\":\"https:\/\/marienviertel.de\/zukunft\/?p=4714#breadcrumb\",\"itemListElement\":[{\"@type\":\"ListItem\",\"position\":1,\"name\":\"Home\",\"item\":\"https:\/\/marienviertel.de\/zukunft\/\"},{\"@type\":\"ListItem\",\"position\":2,\"name\":\"Zum Thema \u201e Neue Gartenlandschaft in der Bismarckstrasse\u201c\"}]},{\"@type\":\"WebSite\",\"@id\":\"https:\/\/marienviertel.de\/zukunft\/#website\",\"url\":\"https:\/\/marienviertel.de\/zukunft\/\",\"name\":\"Initiative Zukunft Marienviertel\",\"description\":\"\",\"publisher\":{\"@id\":\"https:\/\/marienviertel.de\/zukunft\/#organization\"},\"potentialAction\":[{\"@type\":\"SearchAction\",\"target\":{\"@type\":\"EntryPoint\",\"urlTemplate\":\"https:\/\/marienviertel.de\/zukunft\/?s={search_term_string}\"},\"query-input\":{\"@type\":\"PropertyValueSpecification\",\"valueRequired\":true,\"valueName\":\"search_term_string\"}}],\"inLanguage\":\"de\"},{\"@type\":\"Organization\",\"@id\":\"https:\/\/marienviertel.de\/zukunft\/#organization\",\"name\":\"Initiative Zukunft Marienviertel\",\"url\":\"https:\/\/marienviertel.de\/zukunft\/\",\"logo\":{\"@type\":\"ImageObject\",\"inLanguage\":\"de\",\"@id\":\"https:\/\/marienviertel.de\/zukunft\/#\/schema\/logo\/image\/\",\"url\":\"https:\/\/marienviertel.de\/zukunft\/wordpress\/wp-content\/uploads\/2017\/12\/cropped-cropped-Headerbild1-e1512313986382-300x70.jpg\",\"contentUrl\":\"https:\/\/marienviertel.de\/zukunft\/wordpress\/wp-content\/uploads\/2017\/12\/cropped-cropped-Headerbild1-e1512313986382-300x70.jpg\",\"width\":300,\"height\":70,\"caption\":\"Initiative Zukunft Marienviertel\"},\"image\":{\"@id\":\"https:\/\/marienviertel.de\/zukunft\/#\/schema\/logo\/image\/\"},\"sameAs\":[\"http:\/\/www.facebook.com\/zukunftmarienviertel\"]},{\"@type\":\"Person\",\"@id\":\"https:\/\/marienviertel.de\/zukunft\/#\/schema\/person\/4574e5031f38bd82e0bedcd013accb45\",\"name\":\"MoBe\",\"image\":{\"@type\":\"ImageObject\",\"inLanguage\":\"de\",\"@id\":\"https:\/\/marienviertel.de\/zukunft\/#\/schema\/person\/image\/\",\"url\":\"https:\/\/secure.gravatar.com\/avatar\/00a47516db88d9b8f6ae86775e58adb07ff6b888fa28dd48124547f6d708908d?s=96&d=identicon&r=g\",\"contentUrl\":\"https:\/\/secure.gravatar.com\/avatar\/00a47516db88d9b8f6ae86775e58adb07ff6b888fa28dd48124547f6d708908d?s=96&d=identicon&r=g\",\"caption\":\"MoBe\"}}]}<\/script>\n<!-- \/ Yoast SEO plugin. -->","yoast_head_json":{"title":"Zum Thema \u201e Neue Gartenlandschaft in der Bismarckstrasse\u201c - Initiative Zukunft Marienviertel","robots":{"index":"index","follow":"follow","max-snippet":"max-snippet:-1","max-image-preview":"max-image-preview:large","max-video-preview":"max-video-preview:-1"},"canonical":"https:\/\/marienviertel.de\/zukunft\/?p=4714","og_locale":"de_DE","og_type":"article","og_title":"Zum Thema \u201e Neue Gartenlandschaft in der Bismarckstrasse\u201c - Initiative Zukunft Marienviertel","og_description":"Auf Initiative von H. Dr. Moritz kam es mit H. Dr. Springer \u201ebei einem Capuccino\u201c im Cafe der B\u00e4ckerei Spangemacher [&hellip;]","og_url":"https:\/\/marienviertel.de\/zukunft\/?p=4714","og_site_name":"Initiative Zukunft Marienviertel","article_publisher":"http:\/\/www.facebook.com\/zukunftmarienviertel","article_published_time":"2023-03-11T14:44:04+00:00","article_modified_time":"2023-06-13T13:51:57+00:00","og_image":[{"width":579,"height":698,"url":"https:\/\/marienviertel.de\/zukunft\/wordpress\/wp-content\/uploads\/2023\/03\/Baum1.jpg","type":"image\/jpeg"}],"author":"MoBe","twitter_card":"summary_large_image","twitter_misc":{"Verfasst von":"MoBe","Gesch\u00e4tzte Lesezeit":"1\u00a0Minute"},"schema":{"@context":"https:\/\/schema.org","@graph":[{"@type":"Article","@id":"https:\/\/marienviertel.de\/zukunft\/?p=4714#article","isPartOf":{"@id":"https:\/\/marienviertel.de\/zukunft\/?p=4714"},"author":{"name":"MoBe","@id":"https:\/\/marienviertel.de\/zukunft\/#\/schema\/person\/4574e5031f38bd82e0bedcd013accb45"},"headline":"Zum Thema \u201e Neue Gartenlandschaft in der Bismarckstrasse\u201c","datePublished":"2023-03-11T14:44:04+00:00","dateModified":"2023-06-13T13:51:57+00:00","mainEntityOfPage":{"@id":"https:\/\/marienviertel.de\/zukunft\/?p=4714"},"wordCount":113,"commentCount":0,"publisher":{"@id":"https:\/\/marienviertel.de\/zukunft\/#organization"},"image":{"@id":"https:\/\/marienviertel.de\/zukunft\/?p=4714#primaryimage"},"thumbnailUrl":"https:\/\/marienviertel.de\/zukunft\/wordpress\/wp-content\/uploads\/2023\/03\/Baum1.jpg","articleSection":["IZM und mehr"],"inLanguage":"de","potentialAction":[{"@type":"CommentAction","name":"Comment","target":["https:\/\/marienviertel.de\/zukunft\/?p=4714#respond"]}]},{"@type":"WebPage","@id":"https:\/\/marienviertel.de\/zukunft\/?p=4714","url":"https:\/\/marienviertel.de\/zukunft\/?p=4714","name":"Zum Thema \u201e Neue Gartenlandschaft in der Bismarckstrasse\u201c - Initiative Zukunft Marienviertel","isPartOf":{"@id":"https:\/\/marienviertel.de\/zukunft\/#website"},"primaryImageOfPage":{"@id":"https:\/\/marienviertel.de\/zukunft\/?p=4714#primaryimage"},"image":{"@id":"https:\/\/marienviertel.de\/zukunft\/?p=4714#primaryimage"},"thumbnailUrl":"https:\/\/marienviertel.de\/zukunft\/wordpress\/wp-content\/uploads\/2023\/03\/Baum1.jpg","datePublished":"2023-03-11T14:44:04+00:00","dateModified":"2023-06-13T13:51:57+00:00","breadcrumb":{"@id":"https:\/\/marienviertel.de\/zukunft\/?p=4714#breadcrumb"},"inLanguage":"de","potentialAction":[{"@type":"ReadAction","target":["https:\/\/marienviertel.de\/zukunft\/?p=4714"]}]},{"@type":"ImageObject","inLanguage":"de","@id":"https:\/\/marienviertel.de\/zukunft\/?p=4714#primaryimage","url":"https:\/\/marienviertel.de\/zukunft\/wordpress\/wp-content\/uploads\/2023\/03\/Baum1.jpg","contentUrl":"https:\/\/marienviertel.de\/zukunft\/wordpress\/wp-content\/uploads\/2023\/03\/Baum1.jpg","width":579,"height":698},{"@type":"BreadcrumbList","@id":"https:\/\/marienviertel.de\/zukunft\/?p=4714#breadcrumb","itemListElement":[{"@type":"ListItem","position":1,"name":"Home","item":"https:\/\/marienviertel.de\/zukunft\/"},{"@type":"ListItem","position":2,"name":"Zum Thema \u201e Neue Gartenlandschaft in der Bismarckstrasse\u201c"}]},{"@type":"WebSite","@id":"https:\/\/marienviertel.de\/zukunft\/#website","url":"https:\/\/marienviertel.de\/zukunft\/","name":"Initiative Zukunft Marienviertel","description":"","publisher":{"@id":"https:\/\/marienviertel.de\/zukunft\/#organization"},"potentialAction":[{"@type":"SearchAction","target":{"@type":"EntryPoint","urlTemplate":"https:\/\/marienviertel.de\/zukunft\/?s={search_term_string}"},"query-input":{"@type":"PropertyValueSpecification","valueRequired":true,"valueName":"search_term_string"}}],"inLanguage":"de"},{"@type":"Organization","@id":"https:\/\/marienviertel.de\/zukunft\/#organization","name":"Initiative Zukunft Marienviertel","url":"https:\/\/marienviertel.de\/zukunft\/","logo":{"@type":"ImageObject","inLanguage":"de","@id":"https:\/\/marienviertel.de\/zukunft\/#\/schema\/logo\/image\/","url":"https:\/\/marienviertel.de\/zukunft\/wordpress\/wp-content\/uploads\/2017\/12\/cropped-cropped-Headerbild1-e1512313986382-300x70.jpg","contentUrl":"https:\/\/marienviertel.de\/zukunft\/wordpress\/wp-content\/uploads\/2017\/12\/cropped-cropped-Headerbild1-e1512313986382-300x70.jpg","width":300,"height":70,"caption":"Initiative Zukunft Marienviertel"},"image":{"@id":"https:\/\/marienviertel.de\/zukunft\/#\/schema\/logo\/image\/"},"sameAs":["http:\/\/www.facebook.com\/zukunftmarienviertel"]},{"@type":"Person","@id":"https:\/\/marienviertel.de\/zukunft\/#\/schema\/person\/4574e5031f38bd82e0bedcd013accb45","name":"MoBe","image":{"@type":"ImageObject","inLanguage":"de","@id":"https:\/\/marienviertel.de\/zukunft\/#\/schema\/person\/image\/","url":"https:\/\/secure.gravatar.com\/avatar\/00a47516db88d9b8f6ae86775e58adb07ff6b888fa28dd48124547f6d708908d?s=96&d=identicon&r=g","contentUrl":"https:\/\/secure.gravatar.com\/avatar\/00a47516db88d9b8f6ae86775e58adb07ff6b888fa28dd48124547f6d708908d?s=96&d=identicon&r=g","caption":"MoBe"}}]}},"cc_featured_image_caption":{"caption_text":"","source_text":"","source_url":""},"jetpack_featured_media_url":"https:\/\/marienviertel.de\/zukunft\/wordpress\/wp-content\/uploads\/2023\/03\/Baum1.jpg","jetpack_sharing_enabled":true,"jetpack_shortlink":"https:\/\/wp.me\/p86m9a-1e2","_links":{"self":[{"href":"https:\/\/marienviertel.de\/zukunft\/index.php?rest_route=\/wp\/v2\/posts\/4714","targetHints":{"allow":["GET"]}}],"collection":[{"href":"https:\/\/marienviertel.de\/zukunft\/index.php?rest_route=\/wp\/v2\/posts"}],"about":[{"href":"https:\/\/marienviertel.de\/zukunft\/index.php?rest_route=\/wp\/v2\/types\/post"}],"author":[{"embeddable":true,"href":"https:\/\/marienviertel.de\/zukunft\/index.php?rest_route=\/wp\/v2\/users\/12"}],"replies":[{"embeddable":true,"href":"https:\/\/marienviertel.de\/zukunft\/index.php?rest_route=%2Fwp%2Fv2%2Fcomments&post=4714"}],"version-history":[{"count":1,"href":"https:\/\/marienviertel.de\/zukunft\/index.php?rest_route=\/wp\/v2\/posts\/4714\/revisions"}],"predecessor-version":[{"id":4715,"href":"https:\/\/marienviertel.de\/zukunft\/index.php?rest_route=\/wp\/v2\/posts\/4714\/revisions\/4715"}],"wp:featuredmedia":[{"embeddable":true,"href":"https:\/\/marienviertel.de\/zukunft\/index.php?rest_route=\/wp\/v2\/media\/4697"}],"wp:attachment":[{"href":"https:\/\/marienviertel.de\/zukunft\/index.php?rest_route=%2Fwp%2Fv2%2Fmedia&parent=4714"}],"wp:term":[{"taxonomy":"category","embeddable":true,"href":"https:\/\/marienviertel.de\/zukunft\/index.php?rest_route=%2Fwp%2Fv2%2Fcategories&post=4714"},{"taxonomy":"post_tag","embeddable":true,"href":"https:\/\/marienviertel.de\/zukunft\/index.php?rest_route=%2Fwp%2Fv2%2Ftags&post=4714"}],"curies":[{"name":"wp","href":"https:\/\/api.w.org\/{rel}","templated":true}]}}