{"id":4256,"date":"2021-05-19T10:30:07","date_gmt":"2021-05-19T08:30:07","guid":{"rendered":"https:\/\/marienviertel.de\/zukunft\/?p=4256"},"modified":"2021-05-20T01:18:58","modified_gmt":"2021-05-19T23:18:58","slug":"hans-freick","status":"publish","type":"post","link":"https:\/\/marienviertel.de\/zukunft\/?p=4256","title":{"rendered":"Hans Frerick +"},"content":{"rendered":"<p>Viele hier im Quartier haben sicherlich schon geh\u00f6rt, dass Hans Frerick am Ende der letzten Woche im Alter von 84 Jahren verstorben ist.<\/p>\n<p>Von Anfang an hat Hans die Arbeit der <strong>Initiative Zukunft Marienviertel<\/strong> mit Rat und Tat unterst\u00fctzt. Auch wenn wir in der Mehrzahl um seine schwere Krankheit wussten, haben sich alle gefreut, dass er trotzdem doch immer wieder mal an einem unserer Treffen teilgenommen hat, wenn es ihm gesundheitlich m\u00f6glich war. Ich habe unser letztes Weihnachtstreffen vor Augen, wo Hans vergn\u00fcgt in der fr\u00f6hlichen Runde sa\u00df und das Zusammensein sichtlich genoss.<\/p>\n<p>Wir werden Hans in seiner ruhigen, freundlichen und besonnenen Art vermissen und h\u00e4tten ihn gern, wenn die Corona-Situation es hoffentlich bald wieder zul\u00e4sst, bei unseren Treffen weiterhin dabei gehabt. Sein Rat wird uns fehlen.<\/p>\n<p>Unser Mitgef\u00fchl gilt seiner Frau Christel und seiner Familie.<\/p>\n<p>F\u00fcr die Initiative Zukunft Marienviertel<\/p>\n<p>Maria Hoffrogge, Sprecherin<\/p>\n","protected":false},"excerpt":{"rendered":"<p>Viele hier im Quartier haben sicherlich schon geh\u00f6rt, dass Hans Frerick am Ende der letzten Woche im Alter von 84 [&hellip;]<\/p>\n","protected":false},"author":1,"featured_media":4257,"comment_status":"open","ping_status":"open","sticky":false,"template":"","format":"standard","meta":{"jetpack_post_was_ever_published":false,"_jetpack_newsletter_access":"","_jetpack_dont_email_post_to_subs":false,"_jetpack_newsletter_tier_id":0,"_jetpack_memberships_contains_paywalled_content":false,"_jetpack_memberships_contains_paid_content":false,"footnotes":""},"categories":[1],"tags":[],"class_list":["post-4256","post","type-post","status-publish","format-standard","has-post-thumbnail","hentry","category-allgemein"],"yoast_head":"<!-- This site is optimized with the Yoast SEO plugin v26.7 - https:\/\/yoast.com\/wordpress\/plugins\/seo\/ -->\n<title>Hans Frerick + - Initiative Zukunft Marienviertel<\/title>\n<meta name=\"robots\" content=\"index, follow, max-snippet:-1, max-image-preview:large, max-video-preview:-1\" \/>\n<link rel=\"canonical\" href=\"https:\/\/marienviertel.de\/zukunft\/?p=4256\" \/>\n<meta property=\"og:locale\" content=\"de_DE\" \/>\n<meta property=\"og:type\" content=\"article\" \/>\n<meta property=\"og:title\" content=\"Hans Frerick + - Initiative Zukunft Marienviertel\" \/>\n<meta property=\"og:description\" content=\"Viele hier im Quartier haben sicherlich schon geh\u00f6rt, dass Hans Frerick am Ende der letzten Woche im Alter von 84 [&hellip;]\" \/>\n<meta property=\"og:url\" content=\"https:\/\/marienviertel.de\/zukunft\/?p=4256\" \/>\n<meta property=\"og:site_name\" content=\"Initiative Zukunft Marienviertel\" \/>\n<meta property=\"article:publisher\" content=\"http:\/\/www.facebook.com\/zukunftmarienviertel\" \/>\n<meta property=\"article:author\" content=\"https:\/\/www.facebook.com\/johannes.wulf.58\" \/>\n<meta property=\"article:published_time\" content=\"2021-05-19T08:30:07+00:00\" \/>\n<meta property=\"article:modified_time\" content=\"2021-05-19T23:18:58+00:00\" \/>\n<meta property=\"og:image\" content=\"https:\/\/marienviertel.de\/zukunft\/wordpress\/wp-content\/uploads\/2021\/05\/2021-05-18-Hans-Frerick-sw.jpg\" \/>\n\t<meta property=\"og:image:width\" content=\"1013\" \/>\n\t<meta property=\"og:image:height\" content=\"1432\" \/>\n\t<meta property=\"og:image:type\" content=\"image\/jpeg\" \/>\n<meta name=\"author\" content=\"jotw\" \/>\n<meta name=\"twitter:card\" content=\"summary_large_image\" \/>\n<meta name=\"twitter:label1\" content=\"Verfasst von\" \/>\n\t<meta name=\"twitter:data1\" content=\"jotw\" \/>\n\t<meta name=\"twitter:label2\" content=\"Gesch\u00e4tzte Lesezeit\" \/>\n\t<meta name=\"twitter:data2\" content=\"1\u00a0Minute\" \/>\n<script type=\"application\/ld+json\" class=\"yoast-schema-graph\">{\"@context\":\"https:\/\/schema.org\",\"@graph\":[{\"@type\":\"Article\",\"@id\":\"https:\/\/marienviertel.de\/zukunft\/?p=4256#article\",\"isPartOf\":{\"@id\":\"https:\/\/marienviertel.de\/zukunft\/?p=4256\"},\"author\":{\"name\":\"jotw\",\"@id\":\"https:\/\/marienviertel.de\/zukunft\/#\/schema\/person\/c738adaf1955c4b08ce63fbbe67c6e82\"},\"headline\":\"Hans Frerick +\",\"datePublished\":\"2021-05-19T08:30:07+00:00\",\"dateModified\":\"2021-05-19T23:18:58+00:00\",\"mainEntityOfPage\":{\"@id\":\"https:\/\/marienviertel.de\/zukunft\/?p=4256\"},\"wordCount\":154,\"commentCount\":0,\"publisher\":{\"@id\":\"https:\/\/marienviertel.de\/zukunft\/#organization\"},\"image\":{\"@id\":\"https:\/\/marienviertel.de\/zukunft\/?p=4256#primaryimage\"},\"thumbnailUrl\":\"https:\/\/marienviertel.de\/zukunft\/wordpress\/wp-content\/uploads\/2021\/05\/2021-05-18-Hans-Frerick-sw.jpg\",\"articleSection\":[\"IZM und mehr\"],\"inLanguage\":\"de\",\"potentialAction\":[{\"@type\":\"CommentAction\",\"name\":\"Comment\",\"target\":[\"https:\/\/marienviertel.de\/zukunft\/?p=4256#respond\"]}]},{\"@type\":\"WebPage\",\"@id\":\"https:\/\/marienviertel.de\/zukunft\/?p=4256\",\"url\":\"https:\/\/marienviertel.de\/zukunft\/?p=4256\",\"name\":\"Hans Frerick + - Initiative Zukunft Marienviertel\",\"isPartOf\":{\"@id\":\"https:\/\/marienviertel.de\/zukunft\/#website\"},\"primaryImageOfPage\":{\"@id\":\"https:\/\/marienviertel.de\/zukunft\/?p=4256#primaryimage\"},\"image\":{\"@id\":\"https:\/\/marienviertel.de\/zukunft\/?p=4256#primaryimage\"},\"thumbnailUrl\":\"https:\/\/marienviertel.de\/zukunft\/wordpress\/wp-content\/uploads\/2021\/05\/2021-05-18-Hans-Frerick-sw.jpg\",\"datePublished\":\"2021-05-19T08:30:07+00:00\",\"dateModified\":\"2021-05-19T23:18:58+00:00\",\"breadcrumb\":{\"@id\":\"https:\/\/marienviertel.de\/zukunft\/?p=4256#breadcrumb\"},\"inLanguage\":\"de\",\"potentialAction\":[{\"@type\":\"ReadAction\",\"target\":[\"https:\/\/marienviertel.de\/zukunft\/?p=4256\"]}]},{\"@type\":\"ImageObject\",\"inLanguage\":\"de\",\"@id\":\"https:\/\/marienviertel.de\/zukunft\/?p=4256#primaryimage\",\"url\":\"https:\/\/marienviertel.de\/zukunft\/wordpress\/wp-content\/uploads\/2021\/05\/2021-05-18-Hans-Frerick-sw.jpg\",\"contentUrl\":\"https:\/\/marienviertel.de\/zukunft\/wordpress\/wp-content\/uploads\/2021\/05\/2021-05-18-Hans-Frerick-sw.jpg\",\"width\":1013,\"height\":1432,\"caption\":\"SONY DSC\"},{\"@type\":\"BreadcrumbList\",\"@id\":\"https:\/\/marienviertel.de\/zukunft\/?p=4256#breadcrumb\",\"itemListElement\":[{\"@type\":\"ListItem\",\"position\":1,\"name\":\"Home\",\"item\":\"https:\/\/marienviertel.de\/zukunft\/\"},{\"@type\":\"ListItem\",\"position\":2,\"name\":\"Hans Frerick +\"}]},{\"@type\":\"WebSite\",\"@id\":\"https:\/\/marienviertel.de\/zukunft\/#website\",\"url\":\"https:\/\/marienviertel.de\/zukunft\/\",\"name\":\"Initiative Zukunft Marienviertel\",\"description\":\"\",\"publisher\":{\"@id\":\"https:\/\/marienviertel.de\/zukunft\/#organization\"},\"potentialAction\":[{\"@type\":\"SearchAction\",\"target\":{\"@type\":\"EntryPoint\",\"urlTemplate\":\"https:\/\/marienviertel.de\/zukunft\/?s={search_term_string}\"},\"query-input\":{\"@type\":\"PropertyValueSpecification\",\"valueRequired\":true,\"valueName\":\"search_term_string\"}}],\"inLanguage\":\"de\"},{\"@type\":\"Organization\",\"@id\":\"https:\/\/marienviertel.de\/zukunft\/#organization\",\"name\":\"Initiative Zukunft Marienviertel\",\"url\":\"https:\/\/marienviertel.de\/zukunft\/\",\"logo\":{\"@type\":\"ImageObject\",\"inLanguage\":\"de\",\"@id\":\"https:\/\/marienviertel.de\/zukunft\/#\/schema\/logo\/image\/\",\"url\":\"https:\/\/marienviertel.de\/zukunft\/wordpress\/wp-content\/uploads\/2017\/12\/cropped-cropped-Headerbild1-e1512313986382-300x70.jpg\",\"contentUrl\":\"https:\/\/marienviertel.de\/zukunft\/wordpress\/wp-content\/uploads\/2017\/12\/cropped-cropped-Headerbild1-e1512313986382-300x70.jpg\",\"width\":300,\"height\":70,\"caption\":\"Initiative Zukunft Marienviertel\"},\"image\":{\"@id\":\"https:\/\/marienviertel.de\/zukunft\/#\/schema\/logo\/image\/\"},\"sameAs\":[\"http:\/\/www.facebook.com\/zukunftmarienviertel\"]},{\"@type\":\"Person\",\"@id\":\"https:\/\/marienviertel.de\/zukunft\/#\/schema\/person\/c738adaf1955c4b08ce63fbbe67c6e82\",\"name\":\"jotw\",\"image\":{\"@type\":\"ImageObject\",\"inLanguage\":\"de\",\"@id\":\"https:\/\/marienviertel.de\/zukunft\/#\/schema\/person\/image\/\",\"url\":\"https:\/\/secure.gravatar.com\/avatar\/f996f1ca35d6d13af46e8af8dc21f10fcdf6f690745c899b68b257dfffe92cd9?s=96&d=identicon&r=g\",\"contentUrl\":\"https:\/\/secure.gravatar.com\/avatar\/f996f1ca35d6d13af46e8af8dc21f10fcdf6f690745c899b68b257dfffe92cd9?s=96&d=identicon&r=g\",\"caption\":\"jotw\"},\"description\":\"Johannes Wulf, Administrator und Autor Mit 'jotw' kennzeichne ich Beitr\u00e4ge, die zwar meine Meinung wiedergeben, nicht aber unbedingt den Konsens der Initiative spiegeln. [ E-Mail ] [ Web ] [ Facebook ]\",\"sameAs\":[\"https:\/\/wulfwebworks.de\/\",\"https:\/\/www.facebook.com\/johannes.wulf.58\"]}]}<\/script>\n<!-- \/ Yoast SEO plugin. -->","yoast_head_json":{"title":"Hans Frerick + - Initiative Zukunft Marienviertel","robots":{"index":"index","follow":"follow","max-snippet":"max-snippet:-1","max-image-preview":"max-image-preview:large","max-video-preview":"max-video-preview:-1"},"canonical":"https:\/\/marienviertel.de\/zukunft\/?p=4256","og_locale":"de_DE","og_type":"article","og_title":"Hans Frerick + - Initiative Zukunft Marienviertel","og_description":"Viele hier im Quartier haben sicherlich schon geh\u00f6rt, dass Hans Frerick am Ende der letzten Woche im Alter von 84 [&hellip;]","og_url":"https:\/\/marienviertel.de\/zukunft\/?p=4256","og_site_name":"Initiative Zukunft Marienviertel","article_publisher":"http:\/\/www.facebook.com\/zukunftmarienviertel","article_author":"https:\/\/www.facebook.com\/johannes.wulf.58","article_published_time":"2021-05-19T08:30:07+00:00","article_modified_time":"2021-05-19T23:18:58+00:00","og_image":[{"width":1013,"height":1432,"url":"https:\/\/marienviertel.de\/zukunft\/wordpress\/wp-content\/uploads\/2021\/05\/2021-05-18-Hans-Frerick-sw.jpg","type":"image\/jpeg"}],"author":"jotw","twitter_card":"summary_large_image","twitter_misc":{"Verfasst von":"jotw","Gesch\u00e4tzte Lesezeit":"1\u00a0Minute"},"schema":{"@context":"https:\/\/schema.org","@graph":[{"@type":"Article","@id":"https:\/\/marienviertel.de\/zukunft\/?p=4256#article","isPartOf":{"@id":"https:\/\/marienviertel.de\/zukunft\/?p=4256"},"author":{"name":"jotw","@id":"https:\/\/marienviertel.de\/zukunft\/#\/schema\/person\/c738adaf1955c4b08ce63fbbe67c6e82"},"headline":"Hans Frerick +","datePublished":"2021-05-19T08:30:07+00:00","dateModified":"2021-05-19T23:18:58+00:00","mainEntityOfPage":{"@id":"https:\/\/marienviertel.de\/zukunft\/?p=4256"},"wordCount":154,"commentCount":0,"publisher":{"@id":"https:\/\/marienviertel.de\/zukunft\/#organization"},"image":{"@id":"https:\/\/marienviertel.de\/zukunft\/?p=4256#primaryimage"},"thumbnailUrl":"https:\/\/marienviertel.de\/zukunft\/wordpress\/wp-content\/uploads\/2021\/05\/2021-05-18-Hans-Frerick-sw.jpg","articleSection":["IZM und mehr"],"inLanguage":"de","potentialAction":[{"@type":"CommentAction","name":"Comment","target":["https:\/\/marienviertel.de\/zukunft\/?p=4256#respond"]}]},{"@type":"WebPage","@id":"https:\/\/marienviertel.de\/zukunft\/?p=4256","url":"https:\/\/marienviertel.de\/zukunft\/?p=4256","name":"Hans Frerick + - Initiative Zukunft Marienviertel","isPartOf":{"@id":"https:\/\/marienviertel.de\/zukunft\/#website"},"primaryImageOfPage":{"@id":"https:\/\/marienviertel.de\/zukunft\/?p=4256#primaryimage"},"image":{"@id":"https:\/\/marienviertel.de\/zukunft\/?p=4256#primaryimage"},"thumbnailUrl":"https:\/\/marienviertel.de\/zukunft\/wordpress\/wp-content\/uploads\/2021\/05\/2021-05-18-Hans-Frerick-sw.jpg","datePublished":"2021-05-19T08:30:07+00:00","dateModified":"2021-05-19T23:18:58+00:00","breadcrumb":{"@id":"https:\/\/marienviertel.de\/zukunft\/?p=4256#breadcrumb"},"inLanguage":"de","potentialAction":[{"@type":"ReadAction","target":["https:\/\/marienviertel.de\/zukunft\/?p=4256"]}]},{"@type":"ImageObject","inLanguage":"de","@id":"https:\/\/marienviertel.de\/zukunft\/?p=4256#primaryimage","url":"https:\/\/marienviertel.de\/zukunft\/wordpress\/wp-content\/uploads\/2021\/05\/2021-05-18-Hans-Frerick-sw.jpg","contentUrl":"https:\/\/marienviertel.de\/zukunft\/wordpress\/wp-content\/uploads\/2021\/05\/2021-05-18-Hans-Frerick-sw.jpg","width":1013,"height":1432,"caption":"SONY DSC"},{"@type":"BreadcrumbList","@id":"https:\/\/marienviertel.de\/zukunft\/?p=4256#breadcrumb","itemListElement":[{"@type":"ListItem","position":1,"name":"Home","item":"https:\/\/marienviertel.de\/zukunft\/"},{"@type":"ListItem","position":2,"name":"Hans Frerick +"}]},{"@type":"WebSite","@id":"https:\/\/marienviertel.de\/zukunft\/#website","url":"https:\/\/marienviertel.de\/zukunft\/","name":"Initiative Zukunft Marienviertel","description":"","publisher":{"@id":"https:\/\/marienviertel.de\/zukunft\/#organization"},"potentialAction":[{"@type":"SearchAction","target":{"@type":"EntryPoint","urlTemplate":"https:\/\/marienviertel.de\/zukunft\/?s={search_term_string}"},"query-input":{"@type":"PropertyValueSpecification","valueRequired":true,"valueName":"search_term_string"}}],"inLanguage":"de"},{"@type":"Organization","@id":"https:\/\/marienviertel.de\/zukunft\/#organization","name":"Initiative Zukunft Marienviertel","url":"https:\/\/marienviertel.de\/zukunft\/","logo":{"@type":"ImageObject","inLanguage":"de","@id":"https:\/\/marienviertel.de\/zukunft\/#\/schema\/logo\/image\/","url":"https:\/\/marienviertel.de\/zukunft\/wordpress\/wp-content\/uploads\/2017\/12\/cropped-cropped-Headerbild1-e1512313986382-300x70.jpg","contentUrl":"https:\/\/marienviertel.de\/zukunft\/wordpress\/wp-content\/uploads\/2017\/12\/cropped-cropped-Headerbild1-e1512313986382-300x70.jpg","width":300,"height":70,"caption":"Initiative Zukunft Marienviertel"},"image":{"@id":"https:\/\/marienviertel.de\/zukunft\/#\/schema\/logo\/image\/"},"sameAs":["http:\/\/www.facebook.com\/zukunftmarienviertel"]},{"@type":"Person","@id":"https:\/\/marienviertel.de\/zukunft\/#\/schema\/person\/c738adaf1955c4b08ce63fbbe67c6e82","name":"jotw","image":{"@type":"ImageObject","inLanguage":"de","@id":"https:\/\/marienviertel.de\/zukunft\/#\/schema\/person\/image\/","url":"https:\/\/secure.gravatar.com\/avatar\/f996f1ca35d6d13af46e8af8dc21f10fcdf6f690745c899b68b257dfffe92cd9?s=96&d=identicon&r=g","contentUrl":"https:\/\/secure.gravatar.com\/avatar\/f996f1ca35d6d13af46e8af8dc21f10fcdf6f690745c899b68b257dfffe92cd9?s=96&d=identicon&r=g","caption":"jotw"},"description":"Johannes Wulf, Administrator und Autor Mit 'jotw' kennzeichne ich Beitr\u00e4ge, die zwar meine Meinung wiedergeben, nicht aber unbedingt den Konsens der Initiative spiegeln. [ E-Mail ] [ Web ] [ Facebook ]","sameAs":["https:\/\/wulfwebworks.de\/","https:\/\/www.facebook.com\/johannes.wulf.58"]}]}},"cc_featured_image_caption":{"caption_text":"","source_text":"","source_url":""},"jetpack_featured_media_url":"https:\/\/marienviertel.de\/zukunft\/wordpress\/wp-content\/uploads\/2021\/05\/2021-05-18-Hans-Frerick-sw.jpg","jetpack_sharing_enabled":true,"jetpack_shortlink":"https:\/\/wp.me\/p86m9a-16E","_links":{"self":[{"href":"https:\/\/marienviertel.de\/zukunft\/index.php?rest_route=\/wp\/v2\/posts\/4256","targetHints":{"allow":["GET"]}}],"collection":[{"href":"https:\/\/marienviertel.de\/zukunft\/index.php?rest_route=\/wp\/v2\/posts"}],"about":[{"href":"https:\/\/marienviertel.de\/zukunft\/index.php?rest_route=\/wp\/v2\/types\/post"}],"author":[{"embeddable":true,"href":"https:\/\/marienviertel.de\/zukunft\/index.php?rest_route=\/wp\/v2\/users\/1"}],"replies":[{"embeddable":true,"href":"https:\/\/marienviertel.de\/zukunft\/index.php?rest_route=%2Fwp%2Fv2%2Fcomments&post=4256"}],"version-history":[{"count":5,"href":"https:\/\/marienviertel.de\/zukunft\/index.php?rest_route=\/wp\/v2\/posts\/4256\/revisions"}],"predecessor-version":[{"id":4262,"href":"https:\/\/marienviertel.de\/zukunft\/index.php?rest_route=\/wp\/v2\/posts\/4256\/revisions\/4262"}],"wp:featuredmedia":[{"embeddable":true,"href":"https:\/\/marienviertel.de\/zukunft\/index.php?rest_route=\/wp\/v2\/media\/4257"}],"wp:attachment":[{"href":"https:\/\/marienviertel.de\/zukunft\/index.php?rest_route=%2Fwp%2Fv2%2Fmedia&parent=4256"}],"wp:term":[{"taxonomy":"category","embeddable":true,"href":"https:\/\/marienviertel.de\/zukunft\/index.php?rest_route=%2Fwp%2Fv2%2Fcategories&post=4256"},{"taxonomy":"post_tag","embeddable":true,"href":"https:\/\/marienviertel.de\/zukunft\/index.php?rest_route=%2Fwp%2Fv2%2Ftags&post=4256"}],"curies":[{"name":"wp","href":"https:\/\/api.w.org\/{rel}","templated":true}]}}