{"id":4217,"date":"2021-04-19T14:08:25","date_gmt":"2021-04-19T12:08:25","guid":{"rendered":"https:\/\/marienviertel.de\/zukunft\/?p=4217"},"modified":"2023-03-07T14:38:25","modified_gmt":"2023-03-07T13:38:25","slug":"aktuelles-aus-dem-marienviertel","status":"publish","type":"post","link":"https:\/\/marienviertel.de\/zukunft\/?p=4217","title":{"rendered":"AKTUELLES AUS DEM MARIENVIERTEL"},"content":{"rendered":"<p style=\"text-align: right;\">15.04.2021<\/p>\n<p><span style=\"font-size: 24pt;\"><span style=\"font-size: 18pt;\">So geht Kirsche \u2013 hier im Marienviertel<\/span>\u00a0<img decoding=\"async\" class=\"emoji\" role=\"img\" draggable=\"false\" src=\"https:\/\/s.w.org\/images\/core\/emoji\/13.0.1\/svg\/1f642.svg\" alt=\"\ud83d\ude42\" \/><\/span><\/p>\n<p><a href=\"https:\/\/i0.wp.com\/marienviertel.de\/wp-content\/uploads\/2021\/04\/2021-04-16-Kirschbaumbluete-Biotop-IMG_20210416_162235_resized_20210416_070216217-scaled.jpg?ssl=1\" target=\"_blank\" rel=\"noopener\"><img loading=\"lazy\" decoding=\"async\" class=\"alignnone wp-image-6608\" src=\"https:\/\/i0.wp.com\/marienviertel.de\/wp-content\/uploads\/2021\/04\/2021-04-16-Kirschbaumbluete-Biotop-IMG_20210416_162235_resized_20210416_070216217-scaled.jpg?resize=715%2C953&amp;ssl=1\" sizes=\"auto, (max-width: 715px) 100vw, 715px\" srcset=\"https:\/\/i0.wp.com\/marienviertel.de\/wp-content\/uploads\/2021\/04\/2021-04-16-Kirschbaumbluete-Biotop-IMG_20210416_162235_resized_20210416_070216217-scaled.jpg?w=1920&amp;ssl=1 1920w, https:\/\/i0.wp.com\/marienviertel.de\/wp-content\/uploads\/2021\/04\/2021-04-16-Kirschbaumbluete-Biotop-IMG_20210416_162235_resized_20210416_070216217-scaled.jpg?resize=225%2C300&amp;ssl=1 225w, https:\/\/i0.wp.com\/marienviertel.de\/wp-content\/uploads\/2021\/04\/2021-04-16-Kirschbaumbluete-Biotop-IMG_20210416_162235_resized_20210416_070216217-scaled.jpg?resize=768%2C1024&amp;ssl=1 768w, https:\/\/i0.wp.com\/marienviertel.de\/wp-content\/uploads\/2021\/04\/2021-04-16-Kirschbaumbluete-Biotop-IMG_20210416_162235_resized_20210416_070216217-scaled.jpg?resize=1152%2C1536&amp;ssl=1 1152w, https:\/\/i0.wp.com\/marienviertel.de\/wp-content\/uploads\/2021\/04\/2021-04-16-Kirschbaumbluete-Biotop-IMG_20210416_162235_resized_20210416_070216217-scaled.jpg?resize=1536%2C2048&amp;ssl=1 1536w\" alt=\"\" width=\"715\" height=\"953\" data-attachment-id=\"6608\" data-permalink=\"https:\/\/marienviertel.de\/2021\/04\/aktuelles-aus-dem-marienviertel\/2021-04-16-kirschbaumbluete-biotop-img_20210416_162235_resized_20210416_070216217\/\" data-orig-file=\"https:\/\/i0.wp.com\/marienviertel.de\/wp-content\/uploads\/2021\/04\/2021-04-16-Kirschbaumbluete-Biotop-IMG_20210416_162235_resized_20210416_070216217-scaled.jpg?fit=1920%2C2560&amp;ssl=1\" data-orig-size=\"1920,2560\" data-comments-opened=\"1\" data-image-meta=\"{&quot;aperture&quot;:&quot;0&quot;,&quot;credit&quot;:&quot;&quot;,&quot;camera&quot;:&quot;&quot;,&quot;caption&quot;:&quot;&quot;,&quot;created_timestamp&quot;:&quot;0&quot;,&quot;copyright&quot;:&quot;&quot;,&quot;focal_length&quot;:&quot;0&quot;,&quot;iso&quot;:&quot;0&quot;,&quot;shutter_speed&quot;:&quot;0&quot;,&quot;title&quot;:&quot;&quot;,&quot;orientation&quot;:&quot;0&quot;}\" data-image-title=\"2021-04-16-Kirschbaumbl\u00fcte-Biotop-IMG_20210416_162235_resized_20210416_070216217\" data-image-description=\"\" data-medium-file=\"https:\/\/i0.wp.com\/marienviertel.de\/wp-content\/uploads\/2021\/04\/2021-04-16-Kirschbaumbluete-Biotop-IMG_20210416_162235_resized_20210416_070216217-scaled.jpg?fit=225%2C300&amp;ssl=1\" data-large-file=\"https:\/\/i0.wp.com\/marienviertel.de\/wp-content\/uploads\/2021\/04\/2021-04-16-Kirschbaumbluete-Biotop-IMG_20210416_162235_resized_20210416_070216217-scaled.jpg?fit=768%2C1024&amp;ssl=1\" data-recalc-dims=\"1\" \/><\/a><\/p>\n<p>Franz-Josef G\u00f6vert hat das Foto heute aufgenommen. Diese Kirsche steht im Biotop am Luner Weg.<br \/>\nLinks im Bild wartet schon eine gepflasterte Fl\u00e4che auf die\u00a0<strong>Sitzgruppe<\/strong>, die k\u00fcnftig zum Rasten und Schnacken einl\u00e4dt. Vorbereitungen zum Aufstellen von Tisch &amp; B\u00e4nken werden am 7. Mai getroffen; zeitnah soll dann auch die Aufstellung erfolgen \u2013 aber was hei\u00dft in Corona-Zeiten schon \u2018zeitnah\u2019 \u2026<br \/>\n<a href=\"https:\/\/marienviertel.de\/zukunft\/?portfolio=streublumenwiese\" target=\"_blank\" rel=\"noopener\"><strong>mehr \u2026<\/strong><\/a><\/p>\n<p>Genauso \u2018zeitnah\u2019 soll nun auch die Aufstellung der\u00a0<strong>B\u00fccherzelle vor der B\u00e4ckerei Spangemacher<\/strong>\u00a0erfolgen. Sie wartet schon seit einem Jahr darauf. Aus Hygieneschutz-Gr\u00fcnden (Die Zelle ist ja begehbar) durfte sie bislang nicht er\u00f6ffnet werden.<\/p>\n<p>Auch wenn die B\u00fccherzelle vielleicht noch geschlossen bleiben muss: Es ist ein Signal, dass es vorw\u00e4rts geht, ein Signal in eine Zukunft ohne Pandemie-Einschr\u00e4nkungen!<\/p>\n<p>&nbsp;<\/p>\n<p><strong>Spielplatz an der Marienstra\u00dfe<\/strong><\/p>\n<p><a href=\"https:\/\/i0.wp.com\/marienviertel.de\/wp-content\/uploads\/2021\/04\/IMG_20210416_161529-scaled.jpg?ssl=1\" target=\"_blank\" rel=\"noopener\"><img loading=\"lazy\" decoding=\"async\" class=\"alignnone wp-image-6610\" src=\"https:\/\/i0.wp.com\/marienviertel.de\/wp-content\/uploads\/2021\/04\/IMG_20210416_161529-scaled.jpg?resize=715%2C537&amp;ssl=1\" sizes=\"auto, (max-width: 715px) 100vw, 715px\" srcset=\"https:\/\/i0.wp.com\/marienviertel.de\/wp-content\/uploads\/2021\/04\/IMG_20210416_161529-scaled.jpg?w=2560&amp;ssl=1 2560w, https:\/\/i0.wp.com\/marienviertel.de\/wp-content\/uploads\/2021\/04\/IMG_20210416_161529-scaled.jpg?resize=300%2C225&amp;ssl=1 300w, https:\/\/i0.wp.com\/marienviertel.de\/wp-content\/uploads\/2021\/04\/IMG_20210416_161529-scaled.jpg?resize=1024%2C769&amp;ssl=1 1024w, https:\/\/i0.wp.com\/marienviertel.de\/wp-content\/uploads\/2021\/04\/IMG_20210416_161529-scaled.jpg?resize=768%2C577&amp;ssl=1 768w, https:\/\/i0.wp.com\/marienviertel.de\/wp-content\/uploads\/2021\/04\/IMG_20210416_161529-scaled.jpg?resize=1536%2C1153&amp;ssl=1 1536w, https:\/\/i0.wp.com\/marienviertel.de\/wp-content\/uploads\/2021\/04\/IMG_20210416_161529-scaled.jpg?resize=2048%2C1538&amp;ssl=1 2048w\" alt=\"\" width=\"715\" height=\"537\" data-attachment-id=\"6610\" data-permalink=\"https:\/\/marienviertel.de\/2021\/04\/aktuelles-aus-dem-marienviertel\/img_20210416_161529\/\" data-orig-file=\"https:\/\/i0.wp.com\/marienviertel.de\/wp-content\/uploads\/2021\/04\/IMG_20210416_161529-scaled.jpg?fit=2560%2C1922&amp;ssl=1\" data-orig-size=\"2560,1922\" data-comments-opened=\"1\" data-image-meta=\"{&quot;aperture&quot;:&quot;1.89&quot;,&quot;credit&quot;:&quot;&quot;,&quot;camera&quot;:&quot;Redmi Note 8 Pro&quot;,&quot;caption&quot;:&quot;&quot;,&quot;created_timestamp&quot;:&quot;0&quot;,&quot;copyright&quot;:&quot;&quot;,&quot;focal_length&quot;:&quot;5.43&quot;,&quot;iso&quot;:&quot;100&quot;,&quot;shutter_speed&quot;:&quot;0.001555&quot;,&quot;title&quot;:&quot;&quot;,&quot;orientation&quot;:&quot;1&quot;}\" data-image-title=\"IMG_20210416_161529\" data-image-description=\"\" data-medium-file=\"https:\/\/i0.wp.com\/marienviertel.de\/wp-content\/uploads\/2021\/04\/IMG_20210416_161529-scaled.jpg?fit=300%2C225&amp;ssl=1\" data-large-file=\"https:\/\/i0.wp.com\/marienviertel.de\/wp-content\/uploads\/2021\/04\/IMG_20210416_161529-scaled.jpg?fit=1024%2C769&amp;ssl=1\" data-recalc-dims=\"1\" \/><\/a><\/p>\n<p>Durch den engagierten Einsatz der Spielplatzpatinnen Daniela Bolle und Monika Weber zusammen mit Aktiven der IZM konnte bei Rat und Verwaltung der Stadt erreicht werden, dass dieser, unser Spielplatz schon in diesem Jahr wieder \u2018qualifiziert\u2019 wird. Die Patinnen haben sich sachkundig gemacht und erste Ideen skizziert.<\/p>\n<p><a href=\"https:\/\/i1.wp.com\/marienviertel.de\/wp-content\/uploads\/2021\/04\/2021-04-15-Ideen_Spielplatz_Marienstrasse_Skizze_vs01.jpg?ssl=1\" target=\"_blank\" rel=\"noopener\"><img loading=\"lazy\" decoding=\"async\" class=\"alignnone wp-image-6609 size-full\" src=\"https:\/\/i1.wp.com\/marienviertel.de\/wp-content\/uploads\/2021\/04\/2021-04-15-Ideen_Spielplatz_Marienstrasse_Skizze_vs01.jpg?resize=715%2C693&amp;ssl=1\" sizes=\"auto, (max-width: 715px) 100vw, 715px\" srcset=\"https:\/\/i1.wp.com\/marienviertel.de\/wp-content\/uploads\/2021\/04\/2021-04-15-Ideen_Spielplatz_Marienstrasse_Skizze_vs01.jpg?w=715&amp;ssl=1 715w, https:\/\/i1.wp.com\/marienviertel.de\/wp-content\/uploads\/2021\/04\/2021-04-15-Ideen_Spielplatz_Marienstrasse_Skizze_vs01.jpg?resize=300%2C291&amp;ssl=1 300w\" alt=\"\" width=\"715\" height=\"693\" data-attachment-id=\"6609\" data-permalink=\"https:\/\/marienviertel.de\/2021\/04\/aktuelles-aus-dem-marienviertel\/2021-04-15-ideen_spielplatz_marienstrasse_skizze_vs01\/\" data-orig-file=\"https:\/\/i1.wp.com\/marienviertel.de\/wp-content\/uploads\/2021\/04\/2021-04-15-Ideen_Spielplatz_Marienstrasse_Skizze_vs01.jpg?fit=715%2C693&amp;ssl=1\" data-orig-size=\"715,693\" data-comments-opened=\"1\" data-image-meta=\"{&quot;aperture&quot;:&quot;0&quot;,&quot;credit&quot;:&quot;&quot;,&quot;camera&quot;:&quot;&quot;,&quot;caption&quot;:&quot;&quot;,&quot;created_timestamp&quot;:&quot;0&quot;,&quot;copyright&quot;:&quot;&quot;,&quot;focal_length&quot;:&quot;0&quot;,&quot;iso&quot;:&quot;0&quot;,&quot;shutter_speed&quot;:&quot;0&quot;,&quot;title&quot;:&quot;&quot;,&quot;orientation&quot;:&quot;0&quot;}\" data-image-title=\"2021-04-15-Ideen_Spielplatz_Marienstrasse_Skizze_vs01\" data-image-description=\"\" data-medium-file=\"https:\/\/i1.wp.com\/marienviertel.de\/wp-content\/uploads\/2021\/04\/2021-04-15-Ideen_Spielplatz_Marienstrasse_Skizze_vs01.jpg?fit=300%2C291&amp;ssl=1\" data-large-file=\"https:\/\/i1.wp.com\/marienviertel.de\/wp-content\/uploads\/2021\/04\/2021-04-15-Ideen_Spielplatz_Marienstrasse_Skizze_vs01.jpg?fit=715%2C693&amp;ssl=1\" data-recalc-dims=\"1\" \/><\/a><\/p>\n<p>Wert legen die Patinnen vor allem auf Bewegungsangebote zur F\u00f6rderung der Psychomotorik und Gelegenheiten zu Begegnung und Kommunikation. In den n\u00e4chsten Tagen gibt\u00b4s ein erstes Vorort-Treffen mit Vertreter*innen der Verwaltung. Mal sehen, was der st\u00e4dtische Etat hergibt, um hier einen attraktiven Treffpunkt f\u00fcr Kinder &amp; Eltern zu schaffen. Platz ist ja gen\u00fcgend da:\u00a0<strong><a href=\"https:\/\/marienviertel.de\/zukunft\/?nltr=ODsxMDtodHRwOi8vd3d3Lm1hcmllbnZpZXJ0ZWwuZGUvenVrdW5mdC9WSURfMjAyMTA0MTZfMTYxMTU2Lm1wNDs7ZTUwYTYyYTIwNDBlNzYxOGM1NWY0ZjgyZTAwYWJhYjE%3D\">www.marienviertel.de\/zukunft\/VID_20210416_161156.mp4<\/a><\/strong><\/p>\n<p><strong><a href=\"https:\/\/marienviertel.de\/zukunft\/?p=4154\" target=\"_blank\" rel=\"noopener\">mehr \u2026<\/a><\/strong><\/p>\n<p>&nbsp;<\/p>\n<p><strong>Was gibt es sonst noch?<\/strong><\/p>\n<p>Das Aufstellen des Bebauungsplans f\u00fcr das\u00a0<strong>GHS-Gel\u00e4nde<\/strong>\u00a0liegt in den H\u00e4nden eines Planungsb\u00fcros in Coesfeld. Die Fertigstellung wird noch in diesem Jahr erwartet. Dann erfolgt die \u00f6ffentliche Auslegung des Planes. Dieser Termin wird seitens der Stadt bekannt gegeben. Erst der Beschluss des Bebauungsplanes durch den Rat der Stadt wird die Art der Bebauung des gesamten \u00a0st\u00e4dtischen Grundst\u00fcckes festlegen; danach erst wird ein Vergabeverfahren f\u00fcr die Grundst\u00fccke beschlossen.<br \/>\n<strong><a href=\"https:\/\/marienviertel.de\/zukunft\/?portfolio=ghs-projekt\" target=\"_blank\" rel=\"noopener\">mehr \u2026<\/a><\/strong><\/p>\n<p>Der Zustand der\u00a0<strong>Marienstra\u00dfe<\/strong>\u00a0war ja vor einigen Tagen Thema in der Dorstener Zeitung. Die Erneuerung soll, wie es hei\u00dft, fr\u00fchestens in 2024 erfolgen, wenn klar ist, wie es auf dem fr\u00fcheren DeKoWe-Gel\u00e4nde (Sch\u00fcrholz) und mit dem Zollern-Areal (Dorstener Maschinenfabrik) weitergeht \u2013 und das kann sich ziehen. Auch wenn die Stra\u00dfe schon recht alt ist, ist ein Gro\u00dfteil der schlimmen Sch\u00e4den dem Abk\u00fcrzungs-Verkehr zwischen Schermbeck\/Holsterhausen und Wulfen zuzurechnen. Hier wird, auch hinsichtlich des Fahrrad-Verkehrs mit LKW-Begleitung, deutlich, wie dringend notwendig ein gesamtst\u00e4dtisches Verkehrskonzept ben\u00f6tigt wird. Die IZM bleibt am Ball!<\/p>\n<p><strong>In eigener Sache<\/strong><\/p>\n<p>Diese aktuellen Informationen sollen k\u00fcnftig regelm\u00e4\u00dfig als Newsletter per E-Mail versendet werden, um \u00fcber Entwicklungen im Marienviertel und die Arbeit der IZM zu informieren.<br \/>\nWenn Sie diese Idee des Newsletters n\u00fctzlich finden, kennen Sie sicherlich Leute im Quartier, die diese Infos auch gerne bek\u00e4men. Den Newsletter abonnieren kann man \u00fcber die Homepage der IZM\u00a0<strong><a href=\"https:\/\/marienviertel.de\/zukunft\/?nltr=ODsxMDtodHRwczovL3p1a3VuZnQubWFyaWVudmllcnRlbC5kZTs7MTIzYmY5Y2ZlOWQyZGQwZGZkODQzYzRkYzNlY2Y5NjU%3D\">https:\/\/zukunft.marienviertel.de<\/a><\/strong>\u00a0oben im Menu oder\u00a0<strong><a href=\"https:\/\/marienviertel.de\/zukunft\/?page_id=3889\" target=\"_blank\" rel=\"noopener\">\u00fcber diesen Link<\/a><\/strong>.<\/p>\n<p>Ihnen allen w\u00fcnsche ich fr\u00f6hliche Fr\u00fchlingstage mit ganz viel frischer, gesunder Luft.<\/p>\n<p>F\u00fcr die IZM<br \/>\nJohannes Wulf<\/p>\n","protected":false},"excerpt":{"rendered":"<p>15.04.2021 So geht Kirsche \u2013 hier im Marienviertel\u00a0 Franz-Josef G\u00f6vert hat das Foto heute aufgenommen. Diese Kirsche steht im Biotop [&hellip;]<\/p>\n","protected":false},"author":1,"featured_media":4177,"comment_status":"open","ping_status":"open","sticky":false,"template":"","format":"standard","meta":{"jetpack_post_was_ever_published":false,"_jetpack_newsletter_access":"","_jetpack_dont_email_post_to_subs":false,"_jetpack_newsletter_tier_id":0,"_jetpack_memberships_contains_paywalled_content":false,"_jetpack_memberships_contains_paid_content":false,"footnotes":""},"categories":[1],"tags":[132,124,143,28,123,122],"class_list":["post-4217","post","type-post","status-publish","format-standard","has-post-thumbnail","hentry","category-allgemein","tag-bebauungsplan","tag-biotop","tag-newsletter","tag-spielplatz","tag-streuobst","tag-wildblumen"],"yoast_head":"<!-- This site is optimized with the Yoast SEO plugin v26.7 - https:\/\/yoast.com\/wordpress\/plugins\/seo\/ -->\n<title>AKTUELLES AUS DEM MARIENVIERTEL - Initiative Zukunft Marienviertel<\/title>\n<meta name=\"robots\" content=\"index, follow, max-snippet:-1, max-image-preview:large, max-video-preview:-1\" \/>\n<link rel=\"canonical\" href=\"https:\/\/marienviertel.de\/zukunft\/?p=4217\" \/>\n<meta property=\"og:locale\" content=\"de_DE\" \/>\n<meta property=\"og:type\" content=\"article\" \/>\n<meta property=\"og:title\" content=\"AKTUELLES AUS DEM MARIENVIERTEL - Initiative Zukunft Marienviertel\" \/>\n<meta property=\"og:description\" content=\"15.04.2021 So geht Kirsche \u2013 hier im Marienviertel\u00a0 Franz-Josef G\u00f6vert hat das Foto heute aufgenommen. Diese Kirsche steht im Biotop [&hellip;]\" \/>\n<meta property=\"og:url\" content=\"https:\/\/marienviertel.de\/zukunft\/?p=4217\" \/>\n<meta property=\"og:site_name\" content=\"Initiative Zukunft Marienviertel\" \/>\n<meta property=\"article:publisher\" content=\"http:\/\/www.facebook.com\/zukunftmarienviertel\" \/>\n<meta property=\"article:author\" content=\"https:\/\/www.facebook.com\/johannes.wulf.58\" \/>\n<meta property=\"article:published_time\" content=\"2021-04-19T12:08:25+00:00\" \/>\n<meta property=\"article:modified_time\" content=\"2023-03-07T13:38:25+00:00\" \/>\n<meta property=\"og:image\" content=\"https:\/\/marienviertel.de\/zukunft\/wordpress\/wp-content\/uploads\/2021\/04\/IMG_20210416_161543-scaled.jpg\" \/>\n\t<meta property=\"og:image:width\" content=\"2560\" \/>\n\t<meta property=\"og:image:height\" content=\"1922\" \/>\n\t<meta property=\"og:image:type\" content=\"image\/jpeg\" \/>\n<meta name=\"author\" content=\"jotw\" \/>\n<meta name=\"twitter:card\" content=\"summary_large_image\" \/>\n<meta name=\"twitter:label1\" content=\"Verfasst von\" \/>\n\t<meta name=\"twitter:data1\" content=\"jotw\" \/>\n\t<meta name=\"twitter:label2\" content=\"Gesch\u00e4tzte Lesezeit\" \/>\n\t<meta name=\"twitter:data2\" content=\"3\u00a0Minuten\" \/>\n<script type=\"application\/ld+json\" class=\"yoast-schema-graph\">{\"@context\":\"https:\/\/schema.org\",\"@graph\":[{\"@type\":\"Article\",\"@id\":\"https:\/\/marienviertel.de\/zukunft\/?p=4217#article\",\"isPartOf\":{\"@id\":\"https:\/\/marienviertel.de\/zukunft\/?p=4217\"},\"author\":{\"name\":\"jotw\",\"@id\":\"https:\/\/marienviertel.de\/zukunft\/#\/schema\/person\/c738adaf1955c4b08ce63fbbe67c6e82\"},\"headline\":\"AKTUELLES AUS DEM MARIENVIERTEL\",\"datePublished\":\"2021-04-19T12:08:25+00:00\",\"dateModified\":\"2023-03-07T13:38:25+00:00\",\"mainEntityOfPage\":{\"@id\":\"https:\/\/marienviertel.de\/zukunft\/?p=4217\"},\"wordCount\":535,\"commentCount\":0,\"publisher\":{\"@id\":\"https:\/\/marienviertel.de\/zukunft\/#organization\"},\"image\":{\"@id\":\"https:\/\/marienviertel.de\/zukunft\/?p=4217#primaryimage\"},\"thumbnailUrl\":\"https:\/\/marienviertel.de\/zukunft\/wordpress\/wp-content\/uploads\/2021\/04\/IMG_20210416_161543-scaled.jpg\",\"keywords\":[\"Bebauungsplan\",\"Biotop\",\"Newsletter\",\"Spielplatz\",\"Streuobst\",\"Wildblumen\"],\"articleSection\":[\"IZM und mehr\"],\"inLanguage\":\"de\",\"potentialAction\":[{\"@type\":\"CommentAction\",\"name\":\"Comment\",\"target\":[\"https:\/\/marienviertel.de\/zukunft\/?p=4217#respond\"]}]},{\"@type\":\"WebPage\",\"@id\":\"https:\/\/marienviertel.de\/zukunft\/?p=4217\",\"url\":\"https:\/\/marienviertel.de\/zukunft\/?p=4217\",\"name\":\"AKTUELLES AUS DEM MARIENVIERTEL - Initiative Zukunft Marienviertel\",\"isPartOf\":{\"@id\":\"https:\/\/marienviertel.de\/zukunft\/#website\"},\"primaryImageOfPage\":{\"@id\":\"https:\/\/marienviertel.de\/zukunft\/?p=4217#primaryimage\"},\"image\":{\"@id\":\"https:\/\/marienviertel.de\/zukunft\/?p=4217#primaryimage\"},\"thumbnailUrl\":\"https:\/\/marienviertel.de\/zukunft\/wordpress\/wp-content\/uploads\/2021\/04\/IMG_20210416_161543-scaled.jpg\",\"datePublished\":\"2021-04-19T12:08:25+00:00\",\"dateModified\":\"2023-03-07T13:38:25+00:00\",\"breadcrumb\":{\"@id\":\"https:\/\/marienviertel.de\/zukunft\/?p=4217#breadcrumb\"},\"inLanguage\":\"de\",\"potentialAction\":[{\"@type\":\"ReadAction\",\"target\":[\"https:\/\/marienviertel.de\/zukunft\/?p=4217\"]}]},{\"@type\":\"ImageObject\",\"inLanguage\":\"de\",\"@id\":\"https:\/\/marienviertel.de\/zukunft\/?p=4217#primaryimage\",\"url\":\"https:\/\/marienviertel.de\/zukunft\/wordpress\/wp-content\/uploads\/2021\/04\/IMG_20210416_161543-scaled.jpg\",\"contentUrl\":\"https:\/\/marienviertel.de\/zukunft\/wordpress\/wp-content\/uploads\/2021\/04\/IMG_20210416_161543-scaled.jpg\",\"width\":2560,\"height\":1922},{\"@type\":\"BreadcrumbList\",\"@id\":\"https:\/\/marienviertel.de\/zukunft\/?p=4217#breadcrumb\",\"itemListElement\":[{\"@type\":\"ListItem\",\"position\":1,\"name\":\"Home\",\"item\":\"https:\/\/marienviertel.de\/zukunft\/\"},{\"@type\":\"ListItem\",\"position\":2,\"name\":\"AKTUELLES AUS DEM MARIENVIERTEL\"}]},{\"@type\":\"WebSite\",\"@id\":\"https:\/\/marienviertel.de\/zukunft\/#website\",\"url\":\"https:\/\/marienviertel.de\/zukunft\/\",\"name\":\"Initiative Zukunft Marienviertel\",\"description\":\"\",\"publisher\":{\"@id\":\"https:\/\/marienviertel.de\/zukunft\/#organization\"},\"potentialAction\":[{\"@type\":\"SearchAction\",\"target\":{\"@type\":\"EntryPoint\",\"urlTemplate\":\"https:\/\/marienviertel.de\/zukunft\/?s={search_term_string}\"},\"query-input\":{\"@type\":\"PropertyValueSpecification\",\"valueRequired\":true,\"valueName\":\"search_term_string\"}}],\"inLanguage\":\"de\"},{\"@type\":\"Organization\",\"@id\":\"https:\/\/marienviertel.de\/zukunft\/#organization\",\"name\":\"Initiative Zukunft Marienviertel\",\"url\":\"https:\/\/marienviertel.de\/zukunft\/\",\"logo\":{\"@type\":\"ImageObject\",\"inLanguage\":\"de\",\"@id\":\"https:\/\/marienviertel.de\/zukunft\/#\/schema\/logo\/image\/\",\"url\":\"https:\/\/marienviertel.de\/zukunft\/wordpress\/wp-content\/uploads\/2017\/12\/cropped-cropped-Headerbild1-e1512313986382-300x70.jpg\",\"contentUrl\":\"https:\/\/marienviertel.de\/zukunft\/wordpress\/wp-content\/uploads\/2017\/12\/cropped-cropped-Headerbild1-e1512313986382-300x70.jpg\",\"width\":300,\"height\":70,\"caption\":\"Initiative Zukunft Marienviertel\"},\"image\":{\"@id\":\"https:\/\/marienviertel.de\/zukunft\/#\/schema\/logo\/image\/\"},\"sameAs\":[\"http:\/\/www.facebook.com\/zukunftmarienviertel\"]},{\"@type\":\"Person\",\"@id\":\"https:\/\/marienviertel.de\/zukunft\/#\/schema\/person\/c738adaf1955c4b08ce63fbbe67c6e82\",\"name\":\"jotw\",\"image\":{\"@type\":\"ImageObject\",\"inLanguage\":\"de\",\"@id\":\"https:\/\/marienviertel.de\/zukunft\/#\/schema\/person\/image\/\",\"url\":\"https:\/\/secure.gravatar.com\/avatar\/f996f1ca35d6d13af46e8af8dc21f10fcdf6f690745c899b68b257dfffe92cd9?s=96&d=identicon&r=g\",\"contentUrl\":\"https:\/\/secure.gravatar.com\/avatar\/f996f1ca35d6d13af46e8af8dc21f10fcdf6f690745c899b68b257dfffe92cd9?s=96&d=identicon&r=g\",\"caption\":\"jotw\"},\"description\":\"Johannes Wulf, Administrator und Autor Mit 'jotw' kennzeichne ich Beitr\u00e4ge, die zwar meine Meinung wiedergeben, nicht aber unbedingt den Konsens der Initiative spiegeln. [ E-Mail ] [ Web ] [ Facebook ]\",\"sameAs\":[\"https:\/\/wulfwebworks.de\/\",\"https:\/\/www.facebook.com\/johannes.wulf.58\"]}]}<\/script>\n<!-- \/ Yoast SEO plugin. -->","yoast_head_json":{"title":"AKTUELLES AUS DEM MARIENVIERTEL - Initiative Zukunft Marienviertel","robots":{"index":"index","follow":"follow","max-snippet":"max-snippet:-1","max-image-preview":"max-image-preview:large","max-video-preview":"max-video-preview:-1"},"canonical":"https:\/\/marienviertel.de\/zukunft\/?p=4217","og_locale":"de_DE","og_type":"article","og_title":"AKTUELLES AUS DEM MARIENVIERTEL - Initiative Zukunft Marienviertel","og_description":"15.04.2021 So geht Kirsche \u2013 hier im Marienviertel\u00a0 Franz-Josef G\u00f6vert hat das Foto heute aufgenommen. Diese Kirsche steht im Biotop [&hellip;]","og_url":"https:\/\/marienviertel.de\/zukunft\/?p=4217","og_site_name":"Initiative Zukunft Marienviertel","article_publisher":"http:\/\/www.facebook.com\/zukunftmarienviertel","article_author":"https:\/\/www.facebook.com\/johannes.wulf.58","article_published_time":"2021-04-19T12:08:25+00:00","article_modified_time":"2023-03-07T13:38:25+00:00","og_image":[{"width":2560,"height":1922,"url":"https:\/\/marienviertel.de\/zukunft\/wordpress\/wp-content\/uploads\/2021\/04\/IMG_20210416_161543-scaled.jpg","type":"image\/jpeg"}],"author":"jotw","twitter_card":"summary_large_image","twitter_misc":{"Verfasst von":"jotw","Gesch\u00e4tzte Lesezeit":"3\u00a0Minuten"},"schema":{"@context":"https:\/\/schema.org","@graph":[{"@type":"Article","@id":"https:\/\/marienviertel.de\/zukunft\/?p=4217#article","isPartOf":{"@id":"https:\/\/marienviertel.de\/zukunft\/?p=4217"},"author":{"name":"jotw","@id":"https:\/\/marienviertel.de\/zukunft\/#\/schema\/person\/c738adaf1955c4b08ce63fbbe67c6e82"},"headline":"AKTUELLES AUS DEM MARIENVIERTEL","datePublished":"2021-04-19T12:08:25+00:00","dateModified":"2023-03-07T13:38:25+00:00","mainEntityOfPage":{"@id":"https:\/\/marienviertel.de\/zukunft\/?p=4217"},"wordCount":535,"commentCount":0,"publisher":{"@id":"https:\/\/marienviertel.de\/zukunft\/#organization"},"image":{"@id":"https:\/\/marienviertel.de\/zukunft\/?p=4217#primaryimage"},"thumbnailUrl":"https:\/\/marienviertel.de\/zukunft\/wordpress\/wp-content\/uploads\/2021\/04\/IMG_20210416_161543-scaled.jpg","keywords":["Bebauungsplan","Biotop","Newsletter","Spielplatz","Streuobst","Wildblumen"],"articleSection":["IZM und mehr"],"inLanguage":"de","potentialAction":[{"@type":"CommentAction","name":"Comment","target":["https:\/\/marienviertel.de\/zukunft\/?p=4217#respond"]}]},{"@type":"WebPage","@id":"https:\/\/marienviertel.de\/zukunft\/?p=4217","url":"https:\/\/marienviertel.de\/zukunft\/?p=4217","name":"AKTUELLES AUS DEM MARIENVIERTEL - Initiative Zukunft Marienviertel","isPartOf":{"@id":"https:\/\/marienviertel.de\/zukunft\/#website"},"primaryImageOfPage":{"@id":"https:\/\/marienviertel.de\/zukunft\/?p=4217#primaryimage"},"image":{"@id":"https:\/\/marienviertel.de\/zukunft\/?p=4217#primaryimage"},"thumbnailUrl":"https:\/\/marienviertel.de\/zukunft\/wordpress\/wp-content\/uploads\/2021\/04\/IMG_20210416_161543-scaled.jpg","datePublished":"2021-04-19T12:08:25+00:00","dateModified":"2023-03-07T13:38:25+00:00","breadcrumb":{"@id":"https:\/\/marienviertel.de\/zukunft\/?p=4217#breadcrumb"},"inLanguage":"de","potentialAction":[{"@type":"ReadAction","target":["https:\/\/marienviertel.de\/zukunft\/?p=4217"]}]},{"@type":"ImageObject","inLanguage":"de","@id":"https:\/\/marienviertel.de\/zukunft\/?p=4217#primaryimage","url":"https:\/\/marienviertel.de\/zukunft\/wordpress\/wp-content\/uploads\/2021\/04\/IMG_20210416_161543-scaled.jpg","contentUrl":"https:\/\/marienviertel.de\/zukunft\/wordpress\/wp-content\/uploads\/2021\/04\/IMG_20210416_161543-scaled.jpg","width":2560,"height":1922},{"@type":"BreadcrumbList","@id":"https:\/\/marienviertel.de\/zukunft\/?p=4217#breadcrumb","itemListElement":[{"@type":"ListItem","position":1,"name":"Home","item":"https:\/\/marienviertel.de\/zukunft\/"},{"@type":"ListItem","position":2,"name":"AKTUELLES AUS DEM MARIENVIERTEL"}]},{"@type":"WebSite","@id":"https:\/\/marienviertel.de\/zukunft\/#website","url":"https:\/\/marienviertel.de\/zukunft\/","name":"Initiative Zukunft Marienviertel","description":"","publisher":{"@id":"https:\/\/marienviertel.de\/zukunft\/#organization"},"potentialAction":[{"@type":"SearchAction","target":{"@type":"EntryPoint","urlTemplate":"https:\/\/marienviertel.de\/zukunft\/?s={search_term_string}"},"query-input":{"@type":"PropertyValueSpecification","valueRequired":true,"valueName":"search_term_string"}}],"inLanguage":"de"},{"@type":"Organization","@id":"https:\/\/marienviertel.de\/zukunft\/#organization","name":"Initiative Zukunft Marienviertel","url":"https:\/\/marienviertel.de\/zukunft\/","logo":{"@type":"ImageObject","inLanguage":"de","@id":"https:\/\/marienviertel.de\/zukunft\/#\/schema\/logo\/image\/","url":"https:\/\/marienviertel.de\/zukunft\/wordpress\/wp-content\/uploads\/2017\/12\/cropped-cropped-Headerbild1-e1512313986382-300x70.jpg","contentUrl":"https:\/\/marienviertel.de\/zukunft\/wordpress\/wp-content\/uploads\/2017\/12\/cropped-cropped-Headerbild1-e1512313986382-300x70.jpg","width":300,"height":70,"caption":"Initiative Zukunft Marienviertel"},"image":{"@id":"https:\/\/marienviertel.de\/zukunft\/#\/schema\/logo\/image\/"},"sameAs":["http:\/\/www.facebook.com\/zukunftmarienviertel"]},{"@type":"Person","@id":"https:\/\/marienviertel.de\/zukunft\/#\/schema\/person\/c738adaf1955c4b08ce63fbbe67c6e82","name":"jotw","image":{"@type":"ImageObject","inLanguage":"de","@id":"https:\/\/marienviertel.de\/zukunft\/#\/schema\/person\/image\/","url":"https:\/\/secure.gravatar.com\/avatar\/f996f1ca35d6d13af46e8af8dc21f10fcdf6f690745c899b68b257dfffe92cd9?s=96&d=identicon&r=g","contentUrl":"https:\/\/secure.gravatar.com\/avatar\/f996f1ca35d6d13af46e8af8dc21f10fcdf6f690745c899b68b257dfffe92cd9?s=96&d=identicon&r=g","caption":"jotw"},"description":"Johannes Wulf, Administrator und Autor Mit 'jotw' kennzeichne ich Beitr\u00e4ge, die zwar meine Meinung wiedergeben, nicht aber unbedingt den Konsens der Initiative spiegeln. [ E-Mail ] [ Web ] [ Facebook ]","sameAs":["https:\/\/wulfwebworks.de\/","https:\/\/www.facebook.com\/johannes.wulf.58"]}]}},"cc_featured_image_caption":{"caption_text":"","source_text":"","source_url":""},"jetpack_featured_media_url":"https:\/\/marienviertel.de\/zukunft\/wordpress\/wp-content\/uploads\/2021\/04\/IMG_20210416_161543-scaled.jpg","jetpack_sharing_enabled":true,"jetpack_shortlink":"https:\/\/wp.me\/p86m9a-161","_links":{"self":[{"href":"https:\/\/marienviertel.de\/zukunft\/index.php?rest_route=\/wp\/v2\/posts\/4217","targetHints":{"allow":["GET"]}}],"collection":[{"href":"https:\/\/marienviertel.de\/zukunft\/index.php?rest_route=\/wp\/v2\/posts"}],"about":[{"href":"https:\/\/marienviertel.de\/zukunft\/index.php?rest_route=\/wp\/v2\/types\/post"}],"author":[{"embeddable":true,"href":"https:\/\/marienviertel.de\/zukunft\/index.php?rest_route=\/wp\/v2\/users\/1"}],"replies":[{"embeddable":true,"href":"https:\/\/marienviertel.de\/zukunft\/index.php?rest_route=%2Fwp%2Fv2%2Fcomments&post=4217"}],"version-history":[{"count":3,"href":"https:\/\/marienviertel.de\/zukunft\/index.php?rest_route=\/wp\/v2\/posts\/4217\/revisions"}],"predecessor-version":[{"id":4220,"href":"https:\/\/marienviertel.de\/zukunft\/index.php?rest_route=\/wp\/v2\/posts\/4217\/revisions\/4220"}],"wp:featuredmedia":[{"embeddable":true,"href":"https:\/\/marienviertel.de\/zukunft\/index.php?rest_route=\/wp\/v2\/media\/4177"}],"wp:attachment":[{"href":"https:\/\/marienviertel.de\/zukunft\/index.php?rest_route=%2Fwp%2Fv2%2Fmedia&parent=4217"}],"wp:term":[{"taxonomy":"category","embeddable":true,"href":"https:\/\/marienviertel.de\/zukunft\/index.php?rest_route=%2Fwp%2Fv2%2Fcategories&post=4217"},{"taxonomy":"post_tag","embeddable":true,"href":"https:\/\/marienviertel.de\/zukunft\/index.php?rest_route=%2Fwp%2Fv2%2Ftags&post=4217"}],"curies":[{"name":"wp","href":"https:\/\/api.w.org\/{rel}","templated":true}]}}