{"id":3899,"date":"2020-04-21T12:36:56","date_gmt":"2020-04-21T10:36:56","guid":{"rendered":"https:\/\/marienviertel.de\/zukunft\/?p=3899"},"modified":"2020-04-27T22:01:15","modified_gmt":"2020-04-27T20:01:15","slug":"windkraft-ja-aber-nur-da-wos-passt","status":"publish","type":"post","link":"https:\/\/marienviertel.de\/zukunft\/?p=3899","title":{"rendered":"Windkraft ja, aber nur da, wo\u00b4s passt!"},"content":{"rendered":"<p>Es ging \u00fcberregional heute durch die Presse: Das gro\u00dfe Windrad, das \u2013 aus Richtung Dorsten kommend \u2013 rechts kurz vor der Auffahrt auf die A 43 steht, hat einen Fl\u00fcgel verloren. Zum Gl\u00fcck ist keine Person zu Schaden gekommen; die B 58 bleibt bis morgen, Mittwoch, gesperrt.<\/p>\n<p>Viele sehen ja in den Reihen der &#8218;Initiative Zukunft Marienviertel&#8216; erbitterte Windkraftgegner, naive Stromverbraucher (\u201eUnser Strom kommt aus der Steckdose, da brauche ich keine Windm\u00fchle&#8220;) oder Windkraftbef\u00fcrworter nach dem Floriansprinzip (\u201eHeiliger Sankt Florian \/ Verschon\u2019 mein Haus, z\u00fcnd\u2019 and\u2019re an!\u201c \u201eWindkraft ja, aber nicht in meiner Umgebung&#8220;).<\/p>\n<p>Dieses in Haltern geborstene Windrad ist erst f\u00fcnfeinhalb Jahre alt und sicherlich immer regelgerecht und einwandfrei gewartet worden \u2013 und trotzdem gebrochen. Eher zuf\u00e4llig ist kein Tr\u00fcmmerst\u00fcck auf die B 58, auf die A 43 gest\u00fcrzt; die Drohnenaufnahmen von Guido Bludau in der Halterner Zeitung zeigen das be\u00e4ngstigend deutlich. Die Nabe ist ca. 140 m hoch, bis zur Fl\u00fcgelspitze misst die Anlage ca. 230 m: nicht auszudenken, was passieren kann, wenn solch ein tonnenschweres Fl\u00fcgel-Teil aus der Drehung heraus durch die Luft schwirrt. <strong><span style=\"color: #ff0000;\">\u00c4nderung 25.4.2020: Die Fl\u00fcgell\u00e4nge betr\u00e4gt, anders als in den ersten mir zur Verf\u00fcgung stehenden Informationen, &#8222;nur&#8220; 60 Meter; die Anlage ist also &#8222;nur&#8220; ca. 200 Meter hoch; entsprechend m\u00fcssen die Geschwindigkeiten neu gerechnet werden.) <\/span><\/strong>Rechnen wir mal: 90 m betr\u00e4gt bei dieser Anlage in Haltern die L\u00e4nge eines Fl\u00fcgels, also der Radius des Windrads; pro Umdrehung legt die Spitze also 416 m (2\u03c0r) zur\u00fcck, bei mittlerem Wind und 10 Umdrehungen pro Minute 4165 m pro Minute. Das macht eine (&#8218;Spitzen&#8216;-) Geschwindigkeit von ca. 250 km\/h. Da kann so ein Tr\u00fcmmerst\u00fcck schon ganz sch\u00f6n weit fliegen &#8230; Und wenn so ein abgebrochenes Fl\u00fcgelteil unangespritzt in den Acker knallt? 2 m Eindringtiefe sind leicht erreicht.<\/p>\n<p>In der G\u00e4lkenheide liegen im &#8218;Fallraum&#8216; einer Windkraftanlage eine, bald zwei Gasfernleitungen knapp 2 m unterm Acker, 2 Bahnstrecken und ein hochsensibles Munitionsdepot &#8230;<\/p>\n<p>Und damit w\u00e4ren wir zur\u00fcck beim Anliegen der Initiative: Windenergieanlagen ja, aber bitte nur dort, wo sie gefahrlos f\u00fcr Mensch und Umwelt betrieben werden k\u00f6nnen; die G\u00e4lkenheide ist kein guter Platz daf\u00fcr!<\/p>\n<p style=\"text-align: right;\">jotw<\/p>\n","protected":false},"excerpt":{"rendered":"<p>Es ging \u00fcberregional heute durch die Presse: Das gro\u00dfe Windrad, das \u2013 aus Richtung Dorsten kommend \u2013 rechts kurz vor [&hellip;]<\/p>\n","protected":false},"author":1,"featured_media":3900,"comment_status":"open","ping_status":"open","sticky":false,"template":"","format":"standard","meta":{"jetpack_post_was_ever_published":false,"_jetpack_newsletter_access":"","_jetpack_dont_email_post_to_subs":false,"_jetpack_newsletter_tier_id":0,"_jetpack_memberships_contains_paywalled_content":false,"_jetpack_memberships_contains_paid_content":false,"footnotes":""},"categories":[1],"tags":[10],"class_list":["post-3899","post","type-post","status-publish","format-standard","has-post-thumbnail","hentry","category-allgemein","tag-windkraft"],"yoast_head":"<!-- This site is optimized with the Yoast SEO plugin v26.7 - https:\/\/yoast.com\/wordpress\/plugins\/seo\/ -->\n<title>Windkraft ja, aber nur da, wo\u00b4s passt! - Initiative Zukunft Marienviertel<\/title>\n<meta name=\"robots\" content=\"index, follow, max-snippet:-1, max-image-preview:large, max-video-preview:-1\" \/>\n<link rel=\"canonical\" href=\"https:\/\/marienviertel.de\/zukunft\/?p=3899\" \/>\n<meta property=\"og:locale\" content=\"de_DE\" \/>\n<meta property=\"og:type\" content=\"article\" \/>\n<meta property=\"og:title\" content=\"Windkraft ja, aber nur da, wo\u00b4s passt! - Initiative Zukunft Marienviertel\" \/>\n<meta property=\"og:description\" content=\"Es ging \u00fcberregional heute durch die Presse: Das gro\u00dfe Windrad, das \u2013 aus Richtung Dorsten kommend \u2013 rechts kurz vor [&hellip;]\" \/>\n<meta property=\"og:url\" content=\"https:\/\/marienviertel.de\/zukunft\/?p=3899\" \/>\n<meta property=\"og:site_name\" content=\"Initiative Zukunft Marienviertel\" \/>\n<meta property=\"article:publisher\" content=\"http:\/\/www.facebook.com\/zukunftmarienviertel\" \/>\n<meta property=\"article:author\" content=\"https:\/\/www.facebook.com\/johannes.wulf.58\" \/>\n<meta property=\"article:published_time\" content=\"2020-04-21T10:36:56+00:00\" \/>\n<meta property=\"article:modified_time\" content=\"2020-04-27T20:01:15+00:00\" \/>\n<meta property=\"og:image\" content=\"https:\/\/marienviertel.de\/zukunft\/wordpress\/wp-content\/uploads\/2020\/04\/2020-04-20-WindradFl\u00fcgelAbgebrochenB58Haltern20_04_2020_Z-scaled.jpg\" \/>\n\t<meta property=\"og:image:width\" content=\"1702\" \/>\n\t<meta property=\"og:image:height\" content=\"2560\" \/>\n\t<meta property=\"og:image:type\" content=\"image\/jpeg\" \/>\n<meta name=\"author\" content=\"jotw\" \/>\n<meta name=\"twitter:card\" content=\"summary_large_image\" \/>\n<meta name=\"twitter:label1\" content=\"Verfasst von\" \/>\n\t<meta name=\"twitter:data1\" content=\"jotw\" \/>\n\t<meta name=\"twitter:label2\" content=\"Gesch\u00e4tzte Lesezeit\" \/>\n\t<meta name=\"twitter:data2\" content=\"2\u00a0Minuten\" \/>\n<script type=\"application\/ld+json\" class=\"yoast-schema-graph\">{\"@context\":\"https:\/\/schema.org\",\"@graph\":[{\"@type\":\"Article\",\"@id\":\"https:\/\/marienviertel.de\/zukunft\/?p=3899#article\",\"isPartOf\":{\"@id\":\"https:\/\/marienviertel.de\/zukunft\/?p=3899\"},\"author\":{\"name\":\"jotw\",\"@id\":\"https:\/\/marienviertel.de\/zukunft\/#\/schema\/person\/c738adaf1955c4b08ce63fbbe67c6e82\"},\"headline\":\"Windkraft ja, aber nur da, wo\u00b4s passt!\",\"datePublished\":\"2020-04-21T10:36:56+00:00\",\"dateModified\":\"2020-04-27T20:01:15+00:00\",\"mainEntityOfPage\":{\"@id\":\"https:\/\/marienviertel.de\/zukunft\/?p=3899\"},\"wordCount\":369,\"commentCount\":2,\"publisher\":{\"@id\":\"https:\/\/marienviertel.de\/zukunft\/#organization\"},\"image\":{\"@id\":\"https:\/\/marienviertel.de\/zukunft\/?p=3899#primaryimage\"},\"thumbnailUrl\":\"https:\/\/marienviertel.de\/zukunft\/wordpress\/wp-content\/uploads\/2020\/04\/2020-04-20-WindradFl\u00fcgelAbgebrochenB58Haltern20_04_2020_Z-scaled.jpg\",\"keywords\":[\"Windkraft\"],\"articleSection\":[\"IZM und mehr\"],\"inLanguage\":\"de\",\"potentialAction\":[{\"@type\":\"CommentAction\",\"name\":\"Comment\",\"target\":[\"https:\/\/marienviertel.de\/zukunft\/?p=3899#respond\"]}]},{\"@type\":\"WebPage\",\"@id\":\"https:\/\/marienviertel.de\/zukunft\/?p=3899\",\"url\":\"https:\/\/marienviertel.de\/zukunft\/?p=3899\",\"name\":\"Windkraft ja, aber nur da, wo\u00b4s passt! - Initiative Zukunft Marienviertel\",\"isPartOf\":{\"@id\":\"https:\/\/marienviertel.de\/zukunft\/#website\"},\"primaryImageOfPage\":{\"@id\":\"https:\/\/marienviertel.de\/zukunft\/?p=3899#primaryimage\"},\"image\":{\"@id\":\"https:\/\/marienviertel.de\/zukunft\/?p=3899#primaryimage\"},\"thumbnailUrl\":\"https:\/\/marienviertel.de\/zukunft\/wordpress\/wp-content\/uploads\/2020\/04\/2020-04-20-WindradFl\u00fcgelAbgebrochenB58Haltern20_04_2020_Z-scaled.jpg\",\"datePublished\":\"2020-04-21T10:36:56+00:00\",\"dateModified\":\"2020-04-27T20:01:15+00:00\",\"breadcrumb\":{\"@id\":\"https:\/\/marienviertel.de\/zukunft\/?p=3899#breadcrumb\"},\"inLanguage\":\"de\",\"potentialAction\":[{\"@type\":\"ReadAction\",\"target\":[\"https:\/\/marienviertel.de\/zukunft\/?p=3899\"]}]},{\"@type\":\"ImageObject\",\"inLanguage\":\"de\",\"@id\":\"https:\/\/marienviertel.de\/zukunft\/?p=3899#primaryimage\",\"url\":\"https:\/\/marienviertel.de\/zukunft\/wordpress\/wp-content\/uploads\/2020\/04\/2020-04-20-WindradFl\u00fcgelAbgebrochenB58Haltern20_04_2020_Z-scaled.jpg\",\"contentUrl\":\"https:\/\/marienviertel.de\/zukunft\/wordpress\/wp-content\/uploads\/2020\/04\/2020-04-20-WindradFl\u00fcgelAbgebrochenB58Haltern20_04_2020_Z-scaled.jpg\",\"width\":1702,\"height\":2560,\"caption\":\"Foto: Bludau - 20.04.2020 - Haltern am See \u2013 Gro\u00dfes Windrad an der B58 in Haltern verliert einen Fl\u00fcgel \u2013 Bundesstra\u00dfe wurde voll gesperrt\"},{\"@type\":\"BreadcrumbList\",\"@id\":\"https:\/\/marienviertel.de\/zukunft\/?p=3899#breadcrumb\",\"itemListElement\":[{\"@type\":\"ListItem\",\"position\":1,\"name\":\"Home\",\"item\":\"https:\/\/marienviertel.de\/zukunft\/\"},{\"@type\":\"ListItem\",\"position\":2,\"name\":\"Windkraft ja, aber nur da, wo\u00b4s passt!\"}]},{\"@type\":\"WebSite\",\"@id\":\"https:\/\/marienviertel.de\/zukunft\/#website\",\"url\":\"https:\/\/marienviertel.de\/zukunft\/\",\"name\":\"Initiative Zukunft Marienviertel\",\"description\":\"\",\"publisher\":{\"@id\":\"https:\/\/marienviertel.de\/zukunft\/#organization\"},\"potentialAction\":[{\"@type\":\"SearchAction\",\"target\":{\"@type\":\"EntryPoint\",\"urlTemplate\":\"https:\/\/marienviertel.de\/zukunft\/?s={search_term_string}\"},\"query-input\":{\"@type\":\"PropertyValueSpecification\",\"valueRequired\":true,\"valueName\":\"search_term_string\"}}],\"inLanguage\":\"de\"},{\"@type\":\"Organization\",\"@id\":\"https:\/\/marienviertel.de\/zukunft\/#organization\",\"name\":\"Initiative Zukunft Marienviertel\",\"url\":\"https:\/\/marienviertel.de\/zukunft\/\",\"logo\":{\"@type\":\"ImageObject\",\"inLanguage\":\"de\",\"@id\":\"https:\/\/marienviertel.de\/zukunft\/#\/schema\/logo\/image\/\",\"url\":\"https:\/\/marienviertel.de\/zukunft\/wordpress\/wp-content\/uploads\/2017\/12\/cropped-cropped-Headerbild1-e1512313986382-300x70.jpg\",\"contentUrl\":\"https:\/\/marienviertel.de\/zukunft\/wordpress\/wp-content\/uploads\/2017\/12\/cropped-cropped-Headerbild1-e1512313986382-300x70.jpg\",\"width\":300,\"height\":70,\"caption\":\"Initiative Zukunft Marienviertel\"},\"image\":{\"@id\":\"https:\/\/marienviertel.de\/zukunft\/#\/schema\/logo\/image\/\"},\"sameAs\":[\"http:\/\/www.facebook.com\/zukunftmarienviertel\"]},{\"@type\":\"Person\",\"@id\":\"https:\/\/marienviertel.de\/zukunft\/#\/schema\/person\/c738adaf1955c4b08ce63fbbe67c6e82\",\"name\":\"jotw\",\"image\":{\"@type\":\"ImageObject\",\"inLanguage\":\"de\",\"@id\":\"https:\/\/marienviertel.de\/zukunft\/#\/schema\/person\/image\/\",\"url\":\"https:\/\/secure.gravatar.com\/avatar\/f996f1ca35d6d13af46e8af8dc21f10fcdf6f690745c899b68b257dfffe92cd9?s=96&d=identicon&r=g\",\"contentUrl\":\"https:\/\/secure.gravatar.com\/avatar\/f996f1ca35d6d13af46e8af8dc21f10fcdf6f690745c899b68b257dfffe92cd9?s=96&d=identicon&r=g\",\"caption\":\"jotw\"},\"description\":\"Johannes Wulf, Administrator und Autor Mit 'jotw' kennzeichne ich Beitr\u00e4ge, die zwar meine Meinung wiedergeben, nicht aber unbedingt den Konsens der Initiative spiegeln. [ E-Mail ] [ Web ] [ Facebook ]\",\"sameAs\":[\"https:\/\/wulfwebworks.de\/\",\"https:\/\/www.facebook.com\/johannes.wulf.58\"]}]}<\/script>\n<!-- \/ Yoast SEO plugin. -->","yoast_head_json":{"title":"Windkraft ja, aber nur da, wo\u00b4s passt! - Initiative Zukunft Marienviertel","robots":{"index":"index","follow":"follow","max-snippet":"max-snippet:-1","max-image-preview":"max-image-preview:large","max-video-preview":"max-video-preview:-1"},"canonical":"https:\/\/marienviertel.de\/zukunft\/?p=3899","og_locale":"de_DE","og_type":"article","og_title":"Windkraft ja, aber nur da, wo\u00b4s passt! - Initiative Zukunft Marienviertel","og_description":"Es ging \u00fcberregional heute durch die Presse: Das gro\u00dfe Windrad, das \u2013 aus Richtung Dorsten kommend \u2013 rechts kurz vor [&hellip;]","og_url":"https:\/\/marienviertel.de\/zukunft\/?p=3899","og_site_name":"Initiative Zukunft Marienviertel","article_publisher":"http:\/\/www.facebook.com\/zukunftmarienviertel","article_author":"https:\/\/www.facebook.com\/johannes.wulf.58","article_published_time":"2020-04-21T10:36:56+00:00","article_modified_time":"2020-04-27T20:01:15+00:00","og_image":[{"width":1702,"height":2560,"url":"https:\/\/marienviertel.de\/zukunft\/wordpress\/wp-content\/uploads\/2020\/04\/2020-04-20-WindradFl\u00fcgelAbgebrochenB58Haltern20_04_2020_Z-scaled.jpg","type":"image\/jpeg"}],"author":"jotw","twitter_card":"summary_large_image","twitter_misc":{"Verfasst von":"jotw","Gesch\u00e4tzte Lesezeit":"2\u00a0Minuten"},"schema":{"@context":"https:\/\/schema.org","@graph":[{"@type":"Article","@id":"https:\/\/marienviertel.de\/zukunft\/?p=3899#article","isPartOf":{"@id":"https:\/\/marienviertel.de\/zukunft\/?p=3899"},"author":{"name":"jotw","@id":"https:\/\/marienviertel.de\/zukunft\/#\/schema\/person\/c738adaf1955c4b08ce63fbbe67c6e82"},"headline":"Windkraft ja, aber nur da, wo\u00b4s passt!","datePublished":"2020-04-21T10:36:56+00:00","dateModified":"2020-04-27T20:01:15+00:00","mainEntityOfPage":{"@id":"https:\/\/marienviertel.de\/zukunft\/?p=3899"},"wordCount":369,"commentCount":2,"publisher":{"@id":"https:\/\/marienviertel.de\/zukunft\/#organization"},"image":{"@id":"https:\/\/marienviertel.de\/zukunft\/?p=3899#primaryimage"},"thumbnailUrl":"https:\/\/marienviertel.de\/zukunft\/wordpress\/wp-content\/uploads\/2020\/04\/2020-04-20-WindradFl\u00fcgelAbgebrochenB58Haltern20_04_2020_Z-scaled.jpg","keywords":["Windkraft"],"articleSection":["IZM und mehr"],"inLanguage":"de","potentialAction":[{"@type":"CommentAction","name":"Comment","target":["https:\/\/marienviertel.de\/zukunft\/?p=3899#respond"]}]},{"@type":"WebPage","@id":"https:\/\/marienviertel.de\/zukunft\/?p=3899","url":"https:\/\/marienviertel.de\/zukunft\/?p=3899","name":"Windkraft ja, aber nur da, wo\u00b4s passt! - Initiative Zukunft Marienviertel","isPartOf":{"@id":"https:\/\/marienviertel.de\/zukunft\/#website"},"primaryImageOfPage":{"@id":"https:\/\/marienviertel.de\/zukunft\/?p=3899#primaryimage"},"image":{"@id":"https:\/\/marienviertel.de\/zukunft\/?p=3899#primaryimage"},"thumbnailUrl":"https:\/\/marienviertel.de\/zukunft\/wordpress\/wp-content\/uploads\/2020\/04\/2020-04-20-WindradFl\u00fcgelAbgebrochenB58Haltern20_04_2020_Z-scaled.jpg","datePublished":"2020-04-21T10:36:56+00:00","dateModified":"2020-04-27T20:01:15+00:00","breadcrumb":{"@id":"https:\/\/marienviertel.de\/zukunft\/?p=3899#breadcrumb"},"inLanguage":"de","potentialAction":[{"@type":"ReadAction","target":["https:\/\/marienviertel.de\/zukunft\/?p=3899"]}]},{"@type":"ImageObject","inLanguage":"de","@id":"https:\/\/marienviertel.de\/zukunft\/?p=3899#primaryimage","url":"https:\/\/marienviertel.de\/zukunft\/wordpress\/wp-content\/uploads\/2020\/04\/2020-04-20-WindradFl\u00fcgelAbgebrochenB58Haltern20_04_2020_Z-scaled.jpg","contentUrl":"https:\/\/marienviertel.de\/zukunft\/wordpress\/wp-content\/uploads\/2020\/04\/2020-04-20-WindradFl\u00fcgelAbgebrochenB58Haltern20_04_2020_Z-scaled.jpg","width":1702,"height":2560,"caption":"Foto: Bludau - 20.04.2020 - Haltern am See \u2013 Gro\u00dfes Windrad an der B58 in Haltern verliert einen Fl\u00fcgel \u2013 Bundesstra\u00dfe wurde voll gesperrt"},{"@type":"BreadcrumbList","@id":"https:\/\/marienviertel.de\/zukunft\/?p=3899#breadcrumb","itemListElement":[{"@type":"ListItem","position":1,"name":"Home","item":"https:\/\/marienviertel.de\/zukunft\/"},{"@type":"ListItem","position":2,"name":"Windkraft ja, aber nur da, wo\u00b4s passt!"}]},{"@type":"WebSite","@id":"https:\/\/marienviertel.de\/zukunft\/#website","url":"https:\/\/marienviertel.de\/zukunft\/","name":"Initiative Zukunft Marienviertel","description":"","publisher":{"@id":"https:\/\/marienviertel.de\/zukunft\/#organization"},"potentialAction":[{"@type":"SearchAction","target":{"@type":"EntryPoint","urlTemplate":"https:\/\/marienviertel.de\/zukunft\/?s={search_term_string}"},"query-input":{"@type":"PropertyValueSpecification","valueRequired":true,"valueName":"search_term_string"}}],"inLanguage":"de"},{"@type":"Organization","@id":"https:\/\/marienviertel.de\/zukunft\/#organization","name":"Initiative Zukunft Marienviertel","url":"https:\/\/marienviertel.de\/zukunft\/","logo":{"@type":"ImageObject","inLanguage":"de","@id":"https:\/\/marienviertel.de\/zukunft\/#\/schema\/logo\/image\/","url":"https:\/\/marienviertel.de\/zukunft\/wordpress\/wp-content\/uploads\/2017\/12\/cropped-cropped-Headerbild1-e1512313986382-300x70.jpg","contentUrl":"https:\/\/marienviertel.de\/zukunft\/wordpress\/wp-content\/uploads\/2017\/12\/cropped-cropped-Headerbild1-e1512313986382-300x70.jpg","width":300,"height":70,"caption":"Initiative Zukunft Marienviertel"},"image":{"@id":"https:\/\/marienviertel.de\/zukunft\/#\/schema\/logo\/image\/"},"sameAs":["http:\/\/www.facebook.com\/zukunftmarienviertel"]},{"@type":"Person","@id":"https:\/\/marienviertel.de\/zukunft\/#\/schema\/person\/c738adaf1955c4b08ce63fbbe67c6e82","name":"jotw","image":{"@type":"ImageObject","inLanguage":"de","@id":"https:\/\/marienviertel.de\/zukunft\/#\/schema\/person\/image\/","url":"https:\/\/secure.gravatar.com\/avatar\/f996f1ca35d6d13af46e8af8dc21f10fcdf6f690745c899b68b257dfffe92cd9?s=96&d=identicon&r=g","contentUrl":"https:\/\/secure.gravatar.com\/avatar\/f996f1ca35d6d13af46e8af8dc21f10fcdf6f690745c899b68b257dfffe92cd9?s=96&d=identicon&r=g","caption":"jotw"},"description":"Johannes Wulf, Administrator und Autor Mit 'jotw' kennzeichne ich Beitr\u00e4ge, die zwar meine Meinung wiedergeben, nicht aber unbedingt den Konsens der Initiative spiegeln. [ E-Mail ] [ Web ] [ Facebook ]","sameAs":["https:\/\/wulfwebworks.de\/","https:\/\/www.facebook.com\/johannes.wulf.58"]}]}},"cc_featured_image_caption":{"caption_text":false,"source_text":false,"source_url":false},"jetpack_featured_media_url":"https:\/\/marienviertel.de\/zukunft\/wordpress\/wp-content\/uploads\/2020\/04\/2020-04-20-WindradFl\u00fcgelAbgebrochenB58Haltern20_04_2020_Z-scaled.jpg","jetpack_sharing_enabled":true,"jetpack_shortlink":"https:\/\/wp.me\/p86m9a-10T","_links":{"self":[{"href":"https:\/\/marienviertel.de\/zukunft\/index.php?rest_route=\/wp\/v2\/posts\/3899","targetHints":{"allow":["GET"]}}],"collection":[{"href":"https:\/\/marienviertel.de\/zukunft\/index.php?rest_route=\/wp\/v2\/posts"}],"about":[{"href":"https:\/\/marienviertel.de\/zukunft\/index.php?rest_route=\/wp\/v2\/types\/post"}],"author":[{"embeddable":true,"href":"https:\/\/marienviertel.de\/zukunft\/index.php?rest_route=\/wp\/v2\/users\/1"}],"replies":[{"embeddable":true,"href":"https:\/\/marienviertel.de\/zukunft\/index.php?rest_route=%2Fwp%2Fv2%2Fcomments&post=3899"}],"version-history":[{"count":9,"href":"https:\/\/marienviertel.de\/zukunft\/index.php?rest_route=\/wp\/v2\/posts\/3899\/revisions"}],"predecessor-version":[{"id":3909,"href":"https:\/\/marienviertel.de\/zukunft\/index.php?rest_route=\/wp\/v2\/posts\/3899\/revisions\/3909"}],"wp:featuredmedia":[{"embeddable":true,"href":"https:\/\/marienviertel.de\/zukunft\/index.php?rest_route=\/wp\/v2\/media\/3900"}],"wp:attachment":[{"href":"https:\/\/marienviertel.de\/zukunft\/index.php?rest_route=%2Fwp%2Fv2%2Fmedia&parent=3899"}],"wp:term":[{"taxonomy":"category","embeddable":true,"href":"https:\/\/marienviertel.de\/zukunft\/index.php?rest_route=%2Fwp%2Fv2%2Fcategories&post=3899"},{"taxonomy":"post_tag","embeddable":true,"href":"https:\/\/marienviertel.de\/zukunft\/index.php?rest_route=%2Fwp%2Fv2%2Ftags&post=3899"}],"curies":[{"name":"wp","href":"https:\/\/api.w.org\/{rel}","templated":true}]}}