{"id":3486,"date":"2019-04-25T21:18:53","date_gmt":"2019-04-25T19:18:53","guid":{"rendered":"https:\/\/marienviertel.de\/zukunft\/?p=3486"},"modified":"2023-03-07T14:45:22","modified_gmt":"2023-03-07T13:45:22","slug":"17-mai-2019-kennenlern-treffen","status":"publish","type":"post","link":"https:\/\/marienviertel.de\/zukunft\/?p=3486","title":{"rendered":"17. Mai 2019: Kennenlern-Treffen"},"content":{"rendered":"<p><em>Es wurde der Wunsch ge\u00e4u\u00dfert,\u00a0dass sich die WiM-Mitglieder und -Interessenten besser\u00a0pers\u00f6nlich kennenlernen. Bei der Arbeitsf\u00fclle der vergangenen Monate ist dieser Aspekt etwas\u00a0zu kurz gekommen. Das soll jetzt ge\u00e4ndert werden. Ziel ist ein gutes Miteinander der\u00a0Bewohner in dem zuk\u00fcnftigen Wohnprojekt auf dem GHS-Gel\u00e4nde, unabh\u00e4ngig von der\u00a0Wohnform (Mieter einer Genossenschaft oder eines Investors oder Eigent\u00fcmer im Rahmen\u00a0einer Baugruppe). Und das kann nur funktionieren, wenn wir uns auch pers\u00f6nlich kennen- und\u00a0sch\u00e4tzenlernen. Aus diesem Grund soll am 17. Mai ein Treffen aller WiM-Mitglieder und -Interessenten stattfinden, bei dem das pers\u00f6nliche Kennenlernen im Vordergrund steht. Dazu\u00a0wurde in der letzten GHS-Sitzung ein Team gebildet, das die entsprechenden Vorbereitungen\u00a0treffen soll. Hier das Ergebnis:<\/em><\/p>\n<p><strong>Herzliche Einladung<\/strong><br \/>\n<strong>an alle, die an einem zuk\u00fcnftigen Wohnen auf dem GHS-Gel\u00e4nde\u00a0interessiert sind,<\/strong><br \/>\n<strong>zu einem Treffen am Freitag, dem 17. Mai 2019, um\u00a018:00 Uhr bei Lunemann (Marienstra\u00dfe 83, Dorsten)<\/strong><\/p>\n<p><u>Diese\u00a0Einladung darf gerne an andere Interessenten weitergegeben werden!<br \/>\n<\/u><br \/>\nAllerdings ist es f\u00fcr unsere Organisation hilfreich, wenn wir wissen, mit wie vielen Teilnehmern wir\u00a0rechnen d\u00fcrfen. Wir bitten um entsprechende R\u00fcckmeldung sp\u00e4testens bis zum 9. Mai. Dies kann per <strong><a href=\"mailto:zukunft@marienviertel.de?subject=WiM-Kennenlernen\">E-Mail an das Vorbereitungsteam<\/a><\/strong> oder telefonisch (Elke &amp; Bernhard\u00a0Stoll: 02043 \/ 7 15 95) geschehen.<br \/>\nDabei w\u00e4re uns wichtig zu erfahren:<br \/>\n&#8211; Anmeldung zur Teilnahme, ggf. mit wie vielen Personen<br \/>\n&#8211; Absage, aber weiterhin an Informationen der WiM-Gruppe interessiert<br \/>\n&#8211; kein Interesse an der WiM-Gruppe (=&gt; Streichung aus dem Verteiler)<\/p>\n<p>Herzliche Gr\u00fc\u00dfe<br \/>\nSimone Wiese, Elke Stoll, Bernhard Stoll<\/p>\n","protected":false},"excerpt":{"rendered":"<p>Es wurde der Wunsch ge\u00e4u\u00dfert,\u00a0dass sich die WiM-Mitglieder und -Interessenten besser\u00a0pers\u00f6nlich kennenlernen. Bei der Arbeitsf\u00fclle der vergangenen Monate ist dieser [&hellip;]<\/p>\n","protected":false},"author":1,"featured_media":3199,"comment_status":"open","ping_status":"open","sticky":false,"template":"","format":"standard","meta":{"jetpack_post_was_ever_published":false,"_jetpack_newsletter_access":"","_jetpack_dont_email_post_to_subs":false,"_jetpack_newsletter_tier_id":0,"_jetpack_memberships_contains_paywalled_content":false,"_jetpack_memberships_contains_paid_content":false,"footnotes":""},"categories":[1],"tags":[55,113],"class_list":["post-3486","post","type-post","status-publish","format-standard","has-post-thumbnail","hentry","category-allgemein","tag-ghs-gelaende","tag-wim"],"yoast_head":"<!-- This site is optimized with the Yoast SEO plugin v27.4 - https:\/\/yoast.com\/product\/yoast-seo-wordpress\/ -->\n<title>17. Mai 2019: Kennenlern-Treffen - Initiative Zukunft Marienviertel<\/title>\n<meta name=\"robots\" content=\"index, follow, max-snippet:-1, max-image-preview:large, max-video-preview:-1\" \/>\n<link rel=\"canonical\" href=\"https:\/\/marienviertel.de\/zukunft\/?p=3486\" \/>\n<meta property=\"og:locale\" content=\"de_DE\" \/>\n<meta property=\"og:type\" content=\"article\" \/>\n<meta property=\"og:title\" content=\"17. Mai 2019: Kennenlern-Treffen - Initiative Zukunft Marienviertel\" \/>\n<meta property=\"og:description\" content=\"Es wurde der Wunsch ge\u00e4u\u00dfert,\u00a0dass sich die WiM-Mitglieder und -Interessenten besser\u00a0pers\u00f6nlich kennenlernen. Bei der Arbeitsf\u00fclle der vergangenen Monate ist dieser [&hellip;]\" \/>\n<meta property=\"og:url\" content=\"https:\/\/marienviertel.de\/zukunft\/?p=3486\" \/>\n<meta property=\"og:site_name\" content=\"Initiative Zukunft Marienviertel\" \/>\n<meta property=\"article:publisher\" content=\"http:\/\/www.facebook.com\/zukunftmarienviertel\" \/>\n<meta property=\"article:author\" content=\"https:\/\/www.facebook.com\/johannes.wulf.58\" \/>\n<meta property=\"article:published_time\" content=\"2019-04-25T19:18:53+00:00\" \/>\n<meta property=\"article:modified_time\" content=\"2023-03-07T13:45:22+00:00\" \/>\n<meta property=\"og:image\" content=\"https:\/\/marienviertel.de\/zukunft\/wordpress\/wp-content\/uploads\/2018\/12\/wp-logo-4d-button.jpg\" \/>\n\t<meta property=\"og:image:width\" content=\"500\" \/>\n\t<meta property=\"og:image:height\" content=\"500\" \/>\n\t<meta property=\"og:image:type\" content=\"image\/jpeg\" \/>\n<meta name=\"author\" content=\"jotw\" \/>\n<meta name=\"twitter:card\" content=\"summary_large_image\" \/>\n<meta name=\"twitter:label1\" content=\"Verfasst von\" \/>\n\t<meta name=\"twitter:data1\" content=\"jotw\" \/>\n\t<meta name=\"twitter:label2\" content=\"Gesch\u00e4tzte Lesezeit\" \/>\n\t<meta name=\"twitter:data2\" content=\"1\u00a0Minute\" \/>\n<script type=\"application\/ld+json\" class=\"yoast-schema-graph\">{\"@context\":\"https:\\\/\\\/schema.org\",\"@graph\":[{\"@type\":\"Article\",\"@id\":\"https:\\\/\\\/marienviertel.de\\\/zukunft\\\/?p=3486#article\",\"isPartOf\":{\"@id\":\"https:\\\/\\\/marienviertel.de\\\/zukunft\\\/?p=3486\"},\"author\":{\"name\":\"jotw\",\"@id\":\"https:\\\/\\\/marienviertel.de\\\/zukunft\\\/#\\\/schema\\\/person\\\/c738adaf1955c4b08ce63fbbe67c6e82\"},\"headline\":\"17. Mai 2019: Kennenlern-Treffen\",\"datePublished\":\"2019-04-25T19:18:53+00:00\",\"dateModified\":\"2023-03-07T13:45:22+00:00\",\"mainEntityOfPage\":{\"@id\":\"https:\\\/\\\/marienviertel.de\\\/zukunft\\\/?p=3486\"},\"wordCount\":256,\"commentCount\":0,\"publisher\":{\"@id\":\"https:\\\/\\\/marienviertel.de\\\/zukunft\\\/#organization\"},\"image\":{\"@id\":\"https:\\\/\\\/marienviertel.de\\\/zukunft\\\/?p=3486#primaryimage\"},\"thumbnailUrl\":\"https:\\\/\\\/marienviertel.de\\\/zukunft\\\/wordpress\\\/wp-content\\\/uploads\\\/2018\\\/12\\\/wp-logo-4d-button.jpg\",\"keywords\":[\"GHS-Gel\u00e4nde\",\"WiM\"],\"articleSection\":[\"IZM und mehr\"],\"inLanguage\":\"de\",\"potentialAction\":[{\"@type\":\"CommentAction\",\"name\":\"Comment\",\"target\":[\"https:\\\/\\\/marienviertel.de\\\/zukunft\\\/?p=3486#respond\"]}]},{\"@type\":\"WebPage\",\"@id\":\"https:\\\/\\\/marienviertel.de\\\/zukunft\\\/?p=3486\",\"url\":\"https:\\\/\\\/marienviertel.de\\\/zukunft\\\/?p=3486\",\"name\":\"17. Mai 2019: Kennenlern-Treffen - Initiative Zukunft Marienviertel\",\"isPartOf\":{\"@id\":\"https:\\\/\\\/marienviertel.de\\\/zukunft\\\/#website\"},\"primaryImageOfPage\":{\"@id\":\"https:\\\/\\\/marienviertel.de\\\/zukunft\\\/?p=3486#primaryimage\"},\"image\":{\"@id\":\"https:\\\/\\\/marienviertel.de\\\/zukunft\\\/?p=3486#primaryimage\"},\"thumbnailUrl\":\"https:\\\/\\\/marienviertel.de\\\/zukunft\\\/wordpress\\\/wp-content\\\/uploads\\\/2018\\\/12\\\/wp-logo-4d-button.jpg\",\"datePublished\":\"2019-04-25T19:18:53+00:00\",\"dateModified\":\"2023-03-07T13:45:22+00:00\",\"breadcrumb\":{\"@id\":\"https:\\\/\\\/marienviertel.de\\\/zukunft\\\/?p=3486#breadcrumb\"},\"inLanguage\":\"de\",\"potentialAction\":[{\"@type\":\"ReadAction\",\"target\":[\"https:\\\/\\\/marienviertel.de\\\/zukunft\\\/?p=3486\"]}]},{\"@type\":\"ImageObject\",\"inLanguage\":\"de\",\"@id\":\"https:\\\/\\\/marienviertel.de\\\/zukunft\\\/?p=3486#primaryimage\",\"url\":\"https:\\\/\\\/marienviertel.de\\\/zukunft\\\/wordpress\\\/wp-content\\\/uploads\\\/2018\\\/12\\\/wp-logo-4d-button.jpg\",\"contentUrl\":\"https:\\\/\\\/marienviertel.de\\\/zukunft\\\/wordpress\\\/wp-content\\\/uploads\\\/2018\\\/12\\\/wp-logo-4d-button.jpg\",\"width\":500,\"height\":500},{\"@type\":\"BreadcrumbList\",\"@id\":\"https:\\\/\\\/marienviertel.de\\\/zukunft\\\/?p=3486#breadcrumb\",\"itemListElement\":[{\"@type\":\"ListItem\",\"position\":1,\"name\":\"Home\",\"item\":\"https:\\\/\\\/marienviertel.de\\\/zukunft\\\/\"},{\"@type\":\"ListItem\",\"position\":2,\"name\":\"17. Mai 2019: Kennenlern-Treffen\"}]},{\"@type\":\"WebSite\",\"@id\":\"https:\\\/\\\/marienviertel.de\\\/zukunft\\\/#website\",\"url\":\"https:\\\/\\\/marienviertel.de\\\/zukunft\\\/\",\"name\":\"Initiative Zukunft Marienviertel\",\"description\":\"\",\"publisher\":{\"@id\":\"https:\\\/\\\/marienviertel.de\\\/zukunft\\\/#organization\"},\"potentialAction\":[{\"@type\":\"SearchAction\",\"target\":{\"@type\":\"EntryPoint\",\"urlTemplate\":\"https:\\\/\\\/marienviertel.de\\\/zukunft\\\/?s={search_term_string}\"},\"query-input\":{\"@type\":\"PropertyValueSpecification\",\"valueRequired\":true,\"valueName\":\"search_term_string\"}}],\"inLanguage\":\"de\"},{\"@type\":\"Organization\",\"@id\":\"https:\\\/\\\/marienviertel.de\\\/zukunft\\\/#organization\",\"name\":\"Initiative Zukunft Marienviertel\",\"url\":\"https:\\\/\\\/marienviertel.de\\\/zukunft\\\/\",\"logo\":{\"@type\":\"ImageObject\",\"inLanguage\":\"de\",\"@id\":\"https:\\\/\\\/marienviertel.de\\\/zukunft\\\/#\\\/schema\\\/logo\\\/image\\\/\",\"url\":\"https:\\\/\\\/marienviertel.de\\\/zukunft\\\/wordpress\\\/wp-content\\\/uploads\\\/2017\\\/12\\\/cropped-cropped-Headerbild1-e1512313986382-300x70.jpg\",\"contentUrl\":\"https:\\\/\\\/marienviertel.de\\\/zukunft\\\/wordpress\\\/wp-content\\\/uploads\\\/2017\\\/12\\\/cropped-cropped-Headerbild1-e1512313986382-300x70.jpg\",\"width\":300,\"height\":70,\"caption\":\"Initiative Zukunft Marienviertel\"},\"image\":{\"@id\":\"https:\\\/\\\/marienviertel.de\\\/zukunft\\\/#\\\/schema\\\/logo\\\/image\\\/\"},\"sameAs\":[\"http:\\\/\\\/www.facebook.com\\\/zukunftmarienviertel\"]},{\"@type\":\"Person\",\"@id\":\"https:\\\/\\\/marienviertel.de\\\/zukunft\\\/#\\\/schema\\\/person\\\/c738adaf1955c4b08ce63fbbe67c6e82\",\"name\":\"jotw\",\"image\":{\"@type\":\"ImageObject\",\"inLanguage\":\"de\",\"@id\":\"https:\\\/\\\/secure.gravatar.com\\\/avatar\\\/f996f1ca35d6d13af46e8af8dc21f10fcdf6f690745c899b68b257dfffe92cd9?s=96&d=identicon&r=g\",\"url\":\"https:\\\/\\\/secure.gravatar.com\\\/avatar\\\/f996f1ca35d6d13af46e8af8dc21f10fcdf6f690745c899b68b257dfffe92cd9?s=96&d=identicon&r=g\",\"contentUrl\":\"https:\\\/\\\/secure.gravatar.com\\\/avatar\\\/f996f1ca35d6d13af46e8af8dc21f10fcdf6f690745c899b68b257dfffe92cd9?s=96&d=identicon&r=g\",\"caption\":\"jotw\"},\"description\":\"Johannes Wulf, Administrator und Autor Mit 'jotw' kennzeichne ich Beitr\u00e4ge, die zwar meine Meinung wiedergeben, nicht aber unbedingt den Konsens der Initiative spiegeln. [ E-Mail ] [ Web ] [ Facebook ]\",\"sameAs\":[\"https:\\\/\\\/wulfwebworks.de\\\/\",\"https:\\\/\\\/www.facebook.com\\\/johannes.wulf.58\"]}]}<\/script>\n<!-- \/ Yoast SEO plugin. -->","yoast_head_json":{"title":"17. Mai 2019: Kennenlern-Treffen - Initiative Zukunft Marienviertel","robots":{"index":"index","follow":"follow","max-snippet":"max-snippet:-1","max-image-preview":"max-image-preview:large","max-video-preview":"max-video-preview:-1"},"canonical":"https:\/\/marienviertel.de\/zukunft\/?p=3486","og_locale":"de_DE","og_type":"article","og_title":"17. Mai 2019: Kennenlern-Treffen - Initiative Zukunft Marienviertel","og_description":"Es wurde der Wunsch ge\u00e4u\u00dfert,\u00a0dass sich die WiM-Mitglieder und -Interessenten besser\u00a0pers\u00f6nlich kennenlernen. Bei der Arbeitsf\u00fclle der vergangenen Monate ist dieser [&hellip;]","og_url":"https:\/\/marienviertel.de\/zukunft\/?p=3486","og_site_name":"Initiative Zukunft Marienviertel","article_publisher":"http:\/\/www.facebook.com\/zukunftmarienviertel","article_author":"https:\/\/www.facebook.com\/johannes.wulf.58","article_published_time":"2019-04-25T19:18:53+00:00","article_modified_time":"2023-03-07T13:45:22+00:00","og_image":[{"width":500,"height":500,"url":"https:\/\/marienviertel.de\/zukunft\/wordpress\/wp-content\/uploads\/2018\/12\/wp-logo-4d-button.jpg","type":"image\/jpeg"}],"author":"jotw","twitter_card":"summary_large_image","twitter_misc":{"Verfasst von":"jotw","Gesch\u00e4tzte Lesezeit":"1\u00a0Minute"},"schema":{"@context":"https:\/\/schema.org","@graph":[{"@type":"Article","@id":"https:\/\/marienviertel.de\/zukunft\/?p=3486#article","isPartOf":{"@id":"https:\/\/marienviertel.de\/zukunft\/?p=3486"},"author":{"name":"jotw","@id":"https:\/\/marienviertel.de\/zukunft\/#\/schema\/person\/c738adaf1955c4b08ce63fbbe67c6e82"},"headline":"17. Mai 2019: Kennenlern-Treffen","datePublished":"2019-04-25T19:18:53+00:00","dateModified":"2023-03-07T13:45:22+00:00","mainEntityOfPage":{"@id":"https:\/\/marienviertel.de\/zukunft\/?p=3486"},"wordCount":256,"commentCount":0,"publisher":{"@id":"https:\/\/marienviertel.de\/zukunft\/#organization"},"image":{"@id":"https:\/\/marienviertel.de\/zukunft\/?p=3486#primaryimage"},"thumbnailUrl":"https:\/\/marienviertel.de\/zukunft\/wordpress\/wp-content\/uploads\/2018\/12\/wp-logo-4d-button.jpg","keywords":["GHS-Gel\u00e4nde","WiM"],"articleSection":["IZM und mehr"],"inLanguage":"de","potentialAction":[{"@type":"CommentAction","name":"Comment","target":["https:\/\/marienviertel.de\/zukunft\/?p=3486#respond"]}]},{"@type":"WebPage","@id":"https:\/\/marienviertel.de\/zukunft\/?p=3486","url":"https:\/\/marienviertel.de\/zukunft\/?p=3486","name":"17. Mai 2019: Kennenlern-Treffen - Initiative Zukunft Marienviertel","isPartOf":{"@id":"https:\/\/marienviertel.de\/zukunft\/#website"},"primaryImageOfPage":{"@id":"https:\/\/marienviertel.de\/zukunft\/?p=3486#primaryimage"},"image":{"@id":"https:\/\/marienviertel.de\/zukunft\/?p=3486#primaryimage"},"thumbnailUrl":"https:\/\/marienviertel.de\/zukunft\/wordpress\/wp-content\/uploads\/2018\/12\/wp-logo-4d-button.jpg","datePublished":"2019-04-25T19:18:53+00:00","dateModified":"2023-03-07T13:45:22+00:00","breadcrumb":{"@id":"https:\/\/marienviertel.de\/zukunft\/?p=3486#breadcrumb"},"inLanguage":"de","potentialAction":[{"@type":"ReadAction","target":["https:\/\/marienviertel.de\/zukunft\/?p=3486"]}]},{"@type":"ImageObject","inLanguage":"de","@id":"https:\/\/marienviertel.de\/zukunft\/?p=3486#primaryimage","url":"https:\/\/marienviertel.de\/zukunft\/wordpress\/wp-content\/uploads\/2018\/12\/wp-logo-4d-button.jpg","contentUrl":"https:\/\/marienviertel.de\/zukunft\/wordpress\/wp-content\/uploads\/2018\/12\/wp-logo-4d-button.jpg","width":500,"height":500},{"@type":"BreadcrumbList","@id":"https:\/\/marienviertel.de\/zukunft\/?p=3486#breadcrumb","itemListElement":[{"@type":"ListItem","position":1,"name":"Home","item":"https:\/\/marienviertel.de\/zukunft\/"},{"@type":"ListItem","position":2,"name":"17. Mai 2019: Kennenlern-Treffen"}]},{"@type":"WebSite","@id":"https:\/\/marienviertel.de\/zukunft\/#website","url":"https:\/\/marienviertel.de\/zukunft\/","name":"Initiative Zukunft Marienviertel","description":"","publisher":{"@id":"https:\/\/marienviertel.de\/zukunft\/#organization"},"potentialAction":[{"@type":"SearchAction","target":{"@type":"EntryPoint","urlTemplate":"https:\/\/marienviertel.de\/zukunft\/?s={search_term_string}"},"query-input":{"@type":"PropertyValueSpecification","valueRequired":true,"valueName":"search_term_string"}}],"inLanguage":"de"},{"@type":"Organization","@id":"https:\/\/marienviertel.de\/zukunft\/#organization","name":"Initiative Zukunft Marienviertel","url":"https:\/\/marienviertel.de\/zukunft\/","logo":{"@type":"ImageObject","inLanguage":"de","@id":"https:\/\/marienviertel.de\/zukunft\/#\/schema\/logo\/image\/","url":"https:\/\/marienviertel.de\/zukunft\/wordpress\/wp-content\/uploads\/2017\/12\/cropped-cropped-Headerbild1-e1512313986382-300x70.jpg","contentUrl":"https:\/\/marienviertel.de\/zukunft\/wordpress\/wp-content\/uploads\/2017\/12\/cropped-cropped-Headerbild1-e1512313986382-300x70.jpg","width":300,"height":70,"caption":"Initiative Zukunft Marienviertel"},"image":{"@id":"https:\/\/marienviertel.de\/zukunft\/#\/schema\/logo\/image\/"},"sameAs":["http:\/\/www.facebook.com\/zukunftmarienviertel"]},{"@type":"Person","@id":"https:\/\/marienviertel.de\/zukunft\/#\/schema\/person\/c738adaf1955c4b08ce63fbbe67c6e82","name":"jotw","image":{"@type":"ImageObject","inLanguage":"de","@id":"https:\/\/secure.gravatar.com\/avatar\/f996f1ca35d6d13af46e8af8dc21f10fcdf6f690745c899b68b257dfffe92cd9?s=96&d=identicon&r=g","url":"https:\/\/secure.gravatar.com\/avatar\/f996f1ca35d6d13af46e8af8dc21f10fcdf6f690745c899b68b257dfffe92cd9?s=96&d=identicon&r=g","contentUrl":"https:\/\/secure.gravatar.com\/avatar\/f996f1ca35d6d13af46e8af8dc21f10fcdf6f690745c899b68b257dfffe92cd9?s=96&d=identicon&r=g","caption":"jotw"},"description":"Johannes Wulf, Administrator und Autor Mit 'jotw' kennzeichne ich Beitr\u00e4ge, die zwar meine Meinung wiedergeben, nicht aber unbedingt den Konsens der Initiative spiegeln. [ E-Mail ] [ Web ] [ Facebook ]","sameAs":["https:\/\/wulfwebworks.de\/","https:\/\/www.facebook.com\/johannes.wulf.58"]}]}},"cc_featured_image_caption":{"caption_text":"","source_text":"","source_url":""},"jetpack_featured_media_url":"https:\/\/marienviertel.de\/zukunft\/wordpress\/wp-content\/uploads\/2018\/12\/wp-logo-4d-button.jpg","jetpack_sharing_enabled":true,"jetpack_shortlink":"https:\/\/wp.me\/p86m9a-Ue","_links":{"self":[{"href":"https:\/\/marienviertel.de\/zukunft\/index.php?rest_route=\/wp\/v2\/posts\/3486","targetHints":{"allow":["GET"]}}],"collection":[{"href":"https:\/\/marienviertel.de\/zukunft\/index.php?rest_route=\/wp\/v2\/posts"}],"about":[{"href":"https:\/\/marienviertel.de\/zukunft\/index.php?rest_route=\/wp\/v2\/types\/post"}],"author":[{"embeddable":true,"href":"https:\/\/marienviertel.de\/zukunft\/index.php?rest_route=\/wp\/v2\/users\/1"}],"replies":[{"embeddable":true,"href":"https:\/\/marienviertel.de\/zukunft\/index.php?rest_route=%2Fwp%2Fv2%2Fcomments&post=3486"}],"version-history":[{"count":4,"href":"https:\/\/marienviertel.de\/zukunft\/index.php?rest_route=\/wp\/v2\/posts\/3486\/revisions"}],"predecessor-version":[{"id":4708,"href":"https:\/\/marienviertel.de\/zukunft\/index.php?rest_route=\/wp\/v2\/posts\/3486\/revisions\/4708"}],"wp:featuredmedia":[{"embeddable":true,"href":"https:\/\/marienviertel.de\/zukunft\/index.php?rest_route=\/wp\/v2\/media\/3199"}],"wp:attachment":[{"href":"https:\/\/marienviertel.de\/zukunft\/index.php?rest_route=%2Fwp%2Fv2%2Fmedia&parent=3486"}],"wp:term":[{"taxonomy":"category","embeddable":true,"href":"https:\/\/marienviertel.de\/zukunft\/index.php?rest_route=%2Fwp%2Fv2%2Fcategories&post=3486"},{"taxonomy":"post_tag","embeddable":true,"href":"https:\/\/marienviertel.de\/zukunft\/index.php?rest_route=%2Fwp%2Fv2%2Ftags&post=3486"}],"curies":[{"name":"wp","href":"https:\/\/api.w.org\/{rel}","templated":true}]}}