{"id":3244,"date":"2018-12-13T22:53:01","date_gmt":"2018-12-13T21:53:01","guid":{"rendered":"https:\/\/marienviertel.de\/zukunft\/?p=3244"},"modified":"2023-03-07T14:46:29","modified_gmt":"2023-03-07T13:46:29","slug":"weihnachtsgeschenk-liegt-am-hammbach","status":"publish","type":"post","link":"https:\/\/marienviertel.de\/zukunft\/?p=3244","title":{"rendered":"Weihnachtsgeschenk liegt am Hammbach!"},"content":{"rendered":"<p>Foto:\u00a0\u00a9 Guido Bludau 13.12.2018 \u2013 Herzlichen Dank!<!--more--><\/p>\n<p><strong>Ja, die Br\u00fccke ist da und liegt in ihren Widerlagern!<\/strong><\/p>\n<figure id=\"attachment_3245\" aria-describedby=\"caption-attachment-3245\" style=\"width: 371px\" class=\"wp-caption alignleft\"><a href=\"https:\/\/marienviertel.de\/zukunft\/wordpress\/wp-content\/uploads\/2018\/12\/2018-12-13-Hammbachbruecke-Leonie-Weber-47680286_2331725856898718_2247320003881730048_n.jpg\"><img loading=\"lazy\" decoding=\"async\" class=\"wp-image-3245\" src=\"https:\/\/marienviertel.de\/zukunft\/wordpress\/wp-content\/uploads\/2018\/12\/2018-12-13-Hammbachbruecke-Leonie-Weber-47680286_2331725856898718_2247320003881730048_n.jpg\" alt=\"\" width=\"371\" height=\"660\" srcset=\"https:\/\/marienviertel.de\/zukunft\/wordpress\/wp-content\/uploads\/2018\/12\/2018-12-13-Hammbachbruecke-Leonie-Weber-47680286_2331725856898718_2247320003881730048_n.jpg 540w, https:\/\/marienviertel.de\/zukunft\/wordpress\/wp-content\/uploads\/2018\/12\/2018-12-13-Hammbachbruecke-Leonie-Weber-47680286_2331725856898718_2247320003881730048_n-169x300.jpg 169w, https:\/\/marienviertel.de\/zukunft\/wordpress\/wp-content\/uploads\/2018\/12\/2018-12-13-Hammbachbruecke-Leonie-Weber-47680286_2331725856898718_2247320003881730048_n-432x768.jpg 432w\" sizes=\"auto, (max-width: 371px) 100vw, 371px\" \/><\/a><figcaption id=\"caption-attachment-3245\" class=\"wp-caption-text\">Foto: \u00a9 Leonie Weber 2018<\/figcaption><\/figure>\n<p>Heute am fr\u00fchen Morgen hievte ein 250-Tonnen-Autokran die Br\u00fccke \u00fcber den Hammbach und legte sie in die Lager. Den 600 km langen Weg vom Hersteller am Bodensee bis zum Blauen See hatte sie unbeschadet \u00fcberstanden. Nun muss (nur) noch die Baustra\u00dfe vom N\u00f6ttenkamp\/Am Strandbad aus hoch zur Deichkrone umgebaut werden zu einer h\u00fcbschen Zuwegung, die jetzt auch auf der Seeseite begonnen werden kann. Das wird wohl 4 bis 6 Wochen dauern und ist ein wenig wetterabh\u00e4ngig. Sp\u00e4testens im Fr\u00fchjahr wird dann alles fertig sein &#8211; und das fast vierj\u00e4hrige Warten nach dem Abriss der alten Kn\u00fcppelholzbr\u00fccke hat ein Ende.<\/p>\n<p>Am Bodensee eine simple Alu-Br\u00fccke bauen und quer durch halb Deutschland zum Bestimmungsort bringen? Lohnt sich das? Kosteng\u00fcnstiger wurde sie dadurch kaum, aber dort unten wurde wenigstens eine Firma gefunden, die sie baut. Ca. 2 Jahre dauerte die Suche nach einem Br\u00fcckenbauer! Auch Stadtbaurat Holger Lohse h\u00e4tte gerne fr\u00fcher eine L\u00f6sung gehabt. &#8222;Angesichts so viele maroder Br\u00fccken sind die Auftragsb\u00fccher der Fachfirmen gestrichen voll&#8220;, bedauerte er immer wieder bei Hervestkonferenzen und Stadtteilgespr\u00e4chen im Marienviertel. Und: Trotz allen Bem\u00fchens f\u00fcr den langsamen Fortschritt beim Br\u00fcckenneubau kritisiert zu werden, war f\u00fcr ihn sicher auch nicht vergn\u00fcgungssteuerpflichtig &#8230;<\/p>\n<p>Daten zur neuen Br\u00fccke: Aluminium, 22 m lang, 3 m breit, blau-grau. Die Zuwegung vom N\u00f6ttenkamp\/Am Strandbad aus wird deutlich verl\u00e4ngert und damit weniger steil, die Br\u00fccke reicht von Deichkrone zu Deichkrone; sie wird also barrierefreier als die alte mit ihrem Auf und Ab. <em>(jotw)<\/em><\/p>\n<figure id=\"attachment_3247\" aria-describedby=\"caption-attachment-3247\" style=\"width: 960px\" class=\"wp-caption alignnone\"><a href=\"https:\/\/marienviertel.de\/zukunft\/wordpress\/wp-content\/uploads\/2018\/12\/2018-12-13-Hammbachbruecke-Jan-Weber-48404583_224913345075579_6139461814678716416_n.jpg\"><img loading=\"lazy\" decoding=\"async\" class=\"wp-image-3247 size-full\" src=\"https:\/\/marienviertel.de\/zukunft\/wordpress\/wp-content\/uploads\/2018\/12\/2018-12-13-Hammbachbruecke-Jan-Weber-48404583_224913345075579_6139461814678716416_n.jpg\" alt=\"\" width=\"960\" height=\"720\" srcset=\"https:\/\/marienviertel.de\/zukunft\/wordpress\/wp-content\/uploads\/2018\/12\/2018-12-13-Hammbachbruecke-Jan-Weber-48404583_224913345075579_6139461814678716416_n.jpg 960w, https:\/\/marienviertel.de\/zukunft\/wordpress\/wp-content\/uploads\/2018\/12\/2018-12-13-Hammbachbruecke-Jan-Weber-48404583_224913345075579_6139461814678716416_n-300x225.jpg 300w, https:\/\/marienviertel.de\/zukunft\/wordpress\/wp-content\/uploads\/2018\/12\/2018-12-13-Hammbachbruecke-Jan-Weber-48404583_224913345075579_6139461814678716416_n-768x576.jpg 768w\" sizes=\"auto, (max-width: 960px) 100vw, 960px\" \/><\/a><figcaption id=\"caption-attachment-3247\" class=\"wp-caption-text\">Foto: \u00a9 Jan Weber 2018<\/figcaption><\/figure>\n<p>&nbsp;<\/p>\n<p>&nbsp;<\/p>\n<figure id=\"attachment_3251\" aria-describedby=\"caption-attachment-3251\" style=\"width: 408px\" class=\"wp-caption alignnone\"><a href=\"https:\/\/marienviertel.de\/zukunft\/wordpress\/wp-content\/uploads\/2018\/12\/Br\u00fcckeBlauenSee250TonnenKranDoHolsterhausen13_12_2018_L-800.png\"><img loading=\"lazy\" decoding=\"async\" class=\"wp-image-3251 \" src=\"https:\/\/marienviertel.de\/zukunft\/wordpress\/wp-content\/uploads\/2018\/12\/Br\u00fcckeBlauenSee250TonnenKranDoHolsterhausen13_12_2018_L-800.png\" alt=\"\" width=\"408\" height=\"614\" srcset=\"https:\/\/marienviertel.de\/zukunft\/wordpress\/wp-content\/uploads\/2018\/12\/Br\u00fcckeBlauenSee250TonnenKranDoHolsterhausen13_12_2018_L-800.png 800w, https:\/\/marienviertel.de\/zukunft\/wordpress\/wp-content\/uploads\/2018\/12\/Br\u00fcckeBlauenSee250TonnenKranDoHolsterhausen13_12_2018_L-800-200x300.png 200w, https:\/\/marienviertel.de\/zukunft\/wordpress\/wp-content\/uploads\/2018\/12\/Br\u00fcckeBlauenSee250TonnenKranDoHolsterhausen13_12_2018_L-800-768x1155.png 768w, https:\/\/marienviertel.de\/zukunft\/wordpress\/wp-content\/uploads\/2018\/12\/Br\u00fcckeBlauenSee250TonnenKranDoHolsterhausen13_12_2018_L-800-681x1024.png 681w, https:\/\/marienviertel.de\/zukunft\/wordpress\/wp-content\/uploads\/2018\/12\/Br\u00fcckeBlauenSee250TonnenKranDoHolsterhausen13_12_2018_L-800-511x768.png 511w\" sizes=\"auto, (max-width: 408px) 100vw, 408px\" \/><\/a><figcaption id=\"caption-attachment-3251\" class=\"wp-caption-text\">Foto: \u00a9 Guido Bludau 13.12.2018<\/figcaption><\/figure>\n","protected":false},"excerpt":{"rendered":"<p>Foto:\u00a0\u00a9 Guido Bludau 13.12.2018 \u2013 Herzlichen Dank!<\/p>\n","protected":false},"author":1,"featured_media":3250,"comment_status":"open","ping_status":"open","sticky":false,"template":"","format":"standard","meta":{"jetpack_post_was_ever_published":false,"_jetpack_newsletter_access":"","_jetpack_dont_email_post_to_subs":false,"_jetpack_newsletter_tier_id":0,"_jetpack_memberships_contains_paywalled_content":false,"_jetpack_memberships_contains_paid_content":false,"footnotes":""},"categories":[1],"tags":[61,60],"class_list":["post-3244","post","type-post","status-publish","format-standard","has-post-thumbnail","hentry","category-allgemein","tag-bruecke","tag-hammbach"],"yoast_head":"<!-- This site is optimized with the Yoast SEO plugin v26.7 - https:\/\/yoast.com\/wordpress\/plugins\/seo\/ -->\n<title>Weihnachtsgeschenk liegt am Hammbach! - Initiative Zukunft Marienviertel<\/title>\n<meta name=\"robots\" content=\"index, follow, max-snippet:-1, max-image-preview:large, max-video-preview:-1\" \/>\n<link rel=\"canonical\" href=\"https:\/\/marienviertel.de\/zukunft\/?p=3244\" \/>\n<meta property=\"og:locale\" content=\"de_DE\" \/>\n<meta property=\"og:type\" content=\"article\" \/>\n<meta property=\"og:title\" content=\"Weihnachtsgeschenk liegt am Hammbach! - Initiative Zukunft Marienviertel\" \/>\n<meta property=\"og:description\" content=\"Foto:\u00a0\u00a9 Guido Bludau 13.12.2018 \u2013 Herzlichen Dank!\" \/>\n<meta property=\"og:url\" content=\"https:\/\/marienviertel.de\/zukunft\/?p=3244\" \/>\n<meta property=\"og:site_name\" content=\"Initiative Zukunft Marienviertel\" \/>\n<meta property=\"article:publisher\" content=\"http:\/\/www.facebook.com\/zukunftmarienviertel\" \/>\n<meta property=\"article:author\" content=\"https:\/\/www.facebook.com\/johannes.wulf.58\" \/>\n<meta property=\"article:published_time\" content=\"2018-12-13T21:53:01+00:00\" \/>\n<meta property=\"article:modified_time\" content=\"2023-03-07T13:46:29+00:00\" \/>\n<meta property=\"og:image\" content=\"https:\/\/marienviertel.de\/zukunft\/wordpress\/wp-content\/uploads\/2018\/12\/Br\u00fcckeBlauenSee250TonnenKranDoHolsterhausen13_12_2018_G-1024x681.jpg\" \/>\n\t<meta property=\"og:image:width\" content=\"1024\" \/>\n\t<meta property=\"og:image:height\" content=\"681\" \/>\n\t<meta property=\"og:image:type\" content=\"image\/jpeg\" \/>\n<meta name=\"author\" content=\"jotw\" \/>\n<meta name=\"twitter:card\" content=\"summary_large_image\" \/>\n<meta name=\"twitter:label1\" content=\"Verfasst von\" \/>\n\t<meta name=\"twitter:data1\" content=\"jotw\" \/>\n\t<meta name=\"twitter:label2\" content=\"Gesch\u00e4tzte Lesezeit\" \/>\n\t<meta name=\"twitter:data2\" content=\"2\u00a0Minuten\" \/>\n<script type=\"application\/ld+json\" class=\"yoast-schema-graph\">{\"@context\":\"https:\/\/schema.org\",\"@graph\":[{\"@type\":\"Article\",\"@id\":\"https:\/\/marienviertel.de\/zukunft\/?p=3244#article\",\"isPartOf\":{\"@id\":\"https:\/\/marienviertel.de\/zukunft\/?p=3244\"},\"author\":{\"name\":\"jotw\",\"@id\":\"https:\/\/marienviertel.de\/zukunft\/#\/schema\/person\/c738adaf1955c4b08ce63fbbe67c6e82\"},\"headline\":\"Weihnachtsgeschenk liegt am Hammbach!\",\"datePublished\":\"2018-12-13T21:53:01+00:00\",\"dateModified\":\"2023-03-07T13:46:29+00:00\",\"mainEntityOfPage\":{\"@id\":\"https:\/\/marienviertel.de\/zukunft\/?p=3244\"},\"wordCount\":315,\"commentCount\":0,\"publisher\":{\"@id\":\"https:\/\/marienviertel.de\/zukunft\/#organization\"},\"image\":{\"@id\":\"https:\/\/marienviertel.de\/zukunft\/?p=3244#primaryimage\"},\"thumbnailUrl\":\"https:\/\/marienviertel.de\/zukunft\/wordpress\/wp-content\/uploads\/2018\/12\/Br\u00fcckeBlauenSee250TonnenKranDoHolsterhausen13_12_2018_G.jpg\",\"keywords\":[\"Br\u00fccke\",\"Hammbach\"],\"articleSection\":[\"IZM und mehr\"],\"inLanguage\":\"de\",\"potentialAction\":[{\"@type\":\"CommentAction\",\"name\":\"Comment\",\"target\":[\"https:\/\/marienviertel.de\/zukunft\/?p=3244#respond\"]}]},{\"@type\":\"WebPage\",\"@id\":\"https:\/\/marienviertel.de\/zukunft\/?p=3244\",\"url\":\"https:\/\/marienviertel.de\/zukunft\/?p=3244\",\"name\":\"Weihnachtsgeschenk liegt am Hammbach! - Initiative Zukunft Marienviertel\",\"isPartOf\":{\"@id\":\"https:\/\/marienviertel.de\/zukunft\/#website\"},\"primaryImageOfPage\":{\"@id\":\"https:\/\/marienviertel.de\/zukunft\/?p=3244#primaryimage\"},\"image\":{\"@id\":\"https:\/\/marienviertel.de\/zukunft\/?p=3244#primaryimage\"},\"thumbnailUrl\":\"https:\/\/marienviertel.de\/zukunft\/wordpress\/wp-content\/uploads\/2018\/12\/Br\u00fcckeBlauenSee250TonnenKranDoHolsterhausen13_12_2018_G.jpg\",\"datePublished\":\"2018-12-13T21:53:01+00:00\",\"dateModified\":\"2023-03-07T13:46:29+00:00\",\"breadcrumb\":{\"@id\":\"https:\/\/marienviertel.de\/zukunft\/?p=3244#breadcrumb\"},\"inLanguage\":\"de\",\"potentialAction\":[{\"@type\":\"ReadAction\",\"target\":[\"https:\/\/marienviertel.de\/zukunft\/?p=3244\"]}]},{\"@type\":\"ImageObject\",\"inLanguage\":\"de\",\"@id\":\"https:\/\/marienviertel.de\/zukunft\/?p=3244#primaryimage\",\"url\":\"https:\/\/marienviertel.de\/zukunft\/wordpress\/wp-content\/uploads\/2018\/12\/Br\u00fcckeBlauenSee250TonnenKranDoHolsterhausen13_12_2018_G.jpg\",\"contentUrl\":\"https:\/\/marienviertel.de\/zukunft\/wordpress\/wp-content\/uploads\/2018\/12\/Br\u00fcckeBlauenSee250TonnenKranDoHolsterhausen13_12_2018_G.jpg\",\"width\":3600,\"height\":2394,\"caption\":\"Foto: Bludau - 13.12.2018 - Dorsten Am Donnerstagmorgen wurde die neue Br\u00fccke f\u00fcr den Fu\u00dfweg am Blauer See in Dorsten Holsterhausen problemlos auf die Widerlager gehoben. Dies geschah mit Hilfe eines 250 Tonnen Autokrans. Die Br\u00fccke, die eine nutzbare Breite von drei und eine L\u00e4nge von 22 Meter hat, wurde von der Seite am N\u00f6ttenkamp eingehoben, wo extra eine Baustra\u00dfe eingerichtet wurde. Im kommenden Januar wird dann der Wegeanschluss durch eine Dorstener Gartenlandschaftsbau Firma wieder hergestellt. Bis dahin bleibt der Weg in diesem Bereich weiterhin gesperrt. Die Br\u00fccke wurde von einer Firma am Bodensee hergestellt und hat eine Anreise von knapp 600 Kilometer zur\u00fcckgelegt. Die Kosten f\u00fcr die neue Br\u00fccke und den Bau der neuen Wiederlagen belaufen sich auf rund 160.000 Euro.\"},{\"@type\":\"BreadcrumbList\",\"@id\":\"https:\/\/marienviertel.de\/zukunft\/?p=3244#breadcrumb\",\"itemListElement\":[{\"@type\":\"ListItem\",\"position\":1,\"name\":\"Home\",\"item\":\"https:\/\/marienviertel.de\/zukunft\/\"},{\"@type\":\"ListItem\",\"position\":2,\"name\":\"Weihnachtsgeschenk liegt am Hammbach!\"}]},{\"@type\":\"WebSite\",\"@id\":\"https:\/\/marienviertel.de\/zukunft\/#website\",\"url\":\"https:\/\/marienviertel.de\/zukunft\/\",\"name\":\"Initiative Zukunft Marienviertel\",\"description\":\"\",\"publisher\":{\"@id\":\"https:\/\/marienviertel.de\/zukunft\/#organization\"},\"potentialAction\":[{\"@type\":\"SearchAction\",\"target\":{\"@type\":\"EntryPoint\",\"urlTemplate\":\"https:\/\/marienviertel.de\/zukunft\/?s={search_term_string}\"},\"query-input\":{\"@type\":\"PropertyValueSpecification\",\"valueRequired\":true,\"valueName\":\"search_term_string\"}}],\"inLanguage\":\"de\"},{\"@type\":\"Organization\",\"@id\":\"https:\/\/marienviertel.de\/zukunft\/#organization\",\"name\":\"Initiative Zukunft Marienviertel\",\"url\":\"https:\/\/marienviertel.de\/zukunft\/\",\"logo\":{\"@type\":\"ImageObject\",\"inLanguage\":\"de\",\"@id\":\"https:\/\/marienviertel.de\/zukunft\/#\/schema\/logo\/image\/\",\"url\":\"https:\/\/marienviertel.de\/zukunft\/wordpress\/wp-content\/uploads\/2017\/12\/cropped-cropped-Headerbild1-e1512313986382-300x70.jpg\",\"contentUrl\":\"https:\/\/marienviertel.de\/zukunft\/wordpress\/wp-content\/uploads\/2017\/12\/cropped-cropped-Headerbild1-e1512313986382-300x70.jpg\",\"width\":300,\"height\":70,\"caption\":\"Initiative Zukunft Marienviertel\"},\"image\":{\"@id\":\"https:\/\/marienviertel.de\/zukunft\/#\/schema\/logo\/image\/\"},\"sameAs\":[\"http:\/\/www.facebook.com\/zukunftmarienviertel\"]},{\"@type\":\"Person\",\"@id\":\"https:\/\/marienviertel.de\/zukunft\/#\/schema\/person\/c738adaf1955c4b08ce63fbbe67c6e82\",\"name\":\"jotw\",\"image\":{\"@type\":\"ImageObject\",\"inLanguage\":\"de\",\"@id\":\"https:\/\/marienviertel.de\/zukunft\/#\/schema\/person\/image\/\",\"url\":\"https:\/\/secure.gravatar.com\/avatar\/f996f1ca35d6d13af46e8af8dc21f10fcdf6f690745c899b68b257dfffe92cd9?s=96&d=identicon&r=g\",\"contentUrl\":\"https:\/\/secure.gravatar.com\/avatar\/f996f1ca35d6d13af46e8af8dc21f10fcdf6f690745c899b68b257dfffe92cd9?s=96&d=identicon&r=g\",\"caption\":\"jotw\"},\"description\":\"Johannes Wulf, Administrator und Autor Mit 'jotw' kennzeichne ich Beitr\u00e4ge, die zwar meine Meinung wiedergeben, nicht aber unbedingt den Konsens der Initiative spiegeln. [ E-Mail ] [ Web ] [ Facebook ]\",\"sameAs\":[\"https:\/\/wulfwebworks.de\/\",\"https:\/\/www.facebook.com\/johannes.wulf.58\"]}]}<\/script>\n<!-- \/ Yoast SEO plugin. -->","yoast_head_json":{"title":"Weihnachtsgeschenk liegt am Hammbach! - Initiative Zukunft Marienviertel","robots":{"index":"index","follow":"follow","max-snippet":"max-snippet:-1","max-image-preview":"max-image-preview:large","max-video-preview":"max-video-preview:-1"},"canonical":"https:\/\/marienviertel.de\/zukunft\/?p=3244","og_locale":"de_DE","og_type":"article","og_title":"Weihnachtsgeschenk liegt am Hammbach! - Initiative Zukunft Marienviertel","og_description":"Foto:\u00a0\u00a9 Guido Bludau 13.12.2018 \u2013 Herzlichen Dank!","og_url":"https:\/\/marienviertel.de\/zukunft\/?p=3244","og_site_name":"Initiative Zukunft Marienviertel","article_publisher":"http:\/\/www.facebook.com\/zukunftmarienviertel","article_author":"https:\/\/www.facebook.com\/johannes.wulf.58","article_published_time":"2018-12-13T21:53:01+00:00","article_modified_time":"2023-03-07T13:46:29+00:00","og_image":[{"width":1024,"height":681,"url":"https:\/\/marienviertel.de\/zukunft\/wordpress\/wp-content\/uploads\/2018\/12\/Br\u00fcckeBlauenSee250TonnenKranDoHolsterhausen13_12_2018_G-1024x681.jpg","type":"image\/jpeg"}],"author":"jotw","twitter_card":"summary_large_image","twitter_misc":{"Verfasst von":"jotw","Gesch\u00e4tzte Lesezeit":"2\u00a0Minuten"},"schema":{"@context":"https:\/\/schema.org","@graph":[{"@type":"Article","@id":"https:\/\/marienviertel.de\/zukunft\/?p=3244#article","isPartOf":{"@id":"https:\/\/marienviertel.de\/zukunft\/?p=3244"},"author":{"name":"jotw","@id":"https:\/\/marienviertel.de\/zukunft\/#\/schema\/person\/c738adaf1955c4b08ce63fbbe67c6e82"},"headline":"Weihnachtsgeschenk liegt am Hammbach!","datePublished":"2018-12-13T21:53:01+00:00","dateModified":"2023-03-07T13:46:29+00:00","mainEntityOfPage":{"@id":"https:\/\/marienviertel.de\/zukunft\/?p=3244"},"wordCount":315,"commentCount":0,"publisher":{"@id":"https:\/\/marienviertel.de\/zukunft\/#organization"},"image":{"@id":"https:\/\/marienviertel.de\/zukunft\/?p=3244#primaryimage"},"thumbnailUrl":"https:\/\/marienviertel.de\/zukunft\/wordpress\/wp-content\/uploads\/2018\/12\/Br\u00fcckeBlauenSee250TonnenKranDoHolsterhausen13_12_2018_G.jpg","keywords":["Br\u00fccke","Hammbach"],"articleSection":["IZM und mehr"],"inLanguage":"de","potentialAction":[{"@type":"CommentAction","name":"Comment","target":["https:\/\/marienviertel.de\/zukunft\/?p=3244#respond"]}]},{"@type":"WebPage","@id":"https:\/\/marienviertel.de\/zukunft\/?p=3244","url":"https:\/\/marienviertel.de\/zukunft\/?p=3244","name":"Weihnachtsgeschenk liegt am Hammbach! - Initiative Zukunft Marienviertel","isPartOf":{"@id":"https:\/\/marienviertel.de\/zukunft\/#website"},"primaryImageOfPage":{"@id":"https:\/\/marienviertel.de\/zukunft\/?p=3244#primaryimage"},"image":{"@id":"https:\/\/marienviertel.de\/zukunft\/?p=3244#primaryimage"},"thumbnailUrl":"https:\/\/marienviertel.de\/zukunft\/wordpress\/wp-content\/uploads\/2018\/12\/Br\u00fcckeBlauenSee250TonnenKranDoHolsterhausen13_12_2018_G.jpg","datePublished":"2018-12-13T21:53:01+00:00","dateModified":"2023-03-07T13:46:29+00:00","breadcrumb":{"@id":"https:\/\/marienviertel.de\/zukunft\/?p=3244#breadcrumb"},"inLanguage":"de","potentialAction":[{"@type":"ReadAction","target":["https:\/\/marienviertel.de\/zukunft\/?p=3244"]}]},{"@type":"ImageObject","inLanguage":"de","@id":"https:\/\/marienviertel.de\/zukunft\/?p=3244#primaryimage","url":"https:\/\/marienviertel.de\/zukunft\/wordpress\/wp-content\/uploads\/2018\/12\/Br\u00fcckeBlauenSee250TonnenKranDoHolsterhausen13_12_2018_G.jpg","contentUrl":"https:\/\/marienviertel.de\/zukunft\/wordpress\/wp-content\/uploads\/2018\/12\/Br\u00fcckeBlauenSee250TonnenKranDoHolsterhausen13_12_2018_G.jpg","width":3600,"height":2394,"caption":"Foto: Bludau - 13.12.2018 - Dorsten Am Donnerstagmorgen wurde die neue Br\u00fccke f\u00fcr den Fu\u00dfweg am Blauer See in Dorsten Holsterhausen problemlos auf die Widerlager gehoben. Dies geschah mit Hilfe eines 250 Tonnen Autokrans. Die Br\u00fccke, die eine nutzbare Breite von drei und eine L\u00e4nge von 22 Meter hat, wurde von der Seite am N\u00f6ttenkamp eingehoben, wo extra eine Baustra\u00dfe eingerichtet wurde. Im kommenden Januar wird dann der Wegeanschluss durch eine Dorstener Gartenlandschaftsbau Firma wieder hergestellt. Bis dahin bleibt der Weg in diesem Bereich weiterhin gesperrt. Die Br\u00fccke wurde von einer Firma am Bodensee hergestellt und hat eine Anreise von knapp 600 Kilometer zur\u00fcckgelegt. Die Kosten f\u00fcr die neue Br\u00fccke und den Bau der neuen Wiederlagen belaufen sich auf rund 160.000 Euro."},{"@type":"BreadcrumbList","@id":"https:\/\/marienviertel.de\/zukunft\/?p=3244#breadcrumb","itemListElement":[{"@type":"ListItem","position":1,"name":"Home","item":"https:\/\/marienviertel.de\/zukunft\/"},{"@type":"ListItem","position":2,"name":"Weihnachtsgeschenk liegt am Hammbach!"}]},{"@type":"WebSite","@id":"https:\/\/marienviertel.de\/zukunft\/#website","url":"https:\/\/marienviertel.de\/zukunft\/","name":"Initiative Zukunft Marienviertel","description":"","publisher":{"@id":"https:\/\/marienviertel.de\/zukunft\/#organization"},"potentialAction":[{"@type":"SearchAction","target":{"@type":"EntryPoint","urlTemplate":"https:\/\/marienviertel.de\/zukunft\/?s={search_term_string}"},"query-input":{"@type":"PropertyValueSpecification","valueRequired":true,"valueName":"search_term_string"}}],"inLanguage":"de"},{"@type":"Organization","@id":"https:\/\/marienviertel.de\/zukunft\/#organization","name":"Initiative Zukunft Marienviertel","url":"https:\/\/marienviertel.de\/zukunft\/","logo":{"@type":"ImageObject","inLanguage":"de","@id":"https:\/\/marienviertel.de\/zukunft\/#\/schema\/logo\/image\/","url":"https:\/\/marienviertel.de\/zukunft\/wordpress\/wp-content\/uploads\/2017\/12\/cropped-cropped-Headerbild1-e1512313986382-300x70.jpg","contentUrl":"https:\/\/marienviertel.de\/zukunft\/wordpress\/wp-content\/uploads\/2017\/12\/cropped-cropped-Headerbild1-e1512313986382-300x70.jpg","width":300,"height":70,"caption":"Initiative Zukunft Marienviertel"},"image":{"@id":"https:\/\/marienviertel.de\/zukunft\/#\/schema\/logo\/image\/"},"sameAs":["http:\/\/www.facebook.com\/zukunftmarienviertel"]},{"@type":"Person","@id":"https:\/\/marienviertel.de\/zukunft\/#\/schema\/person\/c738adaf1955c4b08ce63fbbe67c6e82","name":"jotw","image":{"@type":"ImageObject","inLanguage":"de","@id":"https:\/\/marienviertel.de\/zukunft\/#\/schema\/person\/image\/","url":"https:\/\/secure.gravatar.com\/avatar\/f996f1ca35d6d13af46e8af8dc21f10fcdf6f690745c899b68b257dfffe92cd9?s=96&d=identicon&r=g","contentUrl":"https:\/\/secure.gravatar.com\/avatar\/f996f1ca35d6d13af46e8af8dc21f10fcdf6f690745c899b68b257dfffe92cd9?s=96&d=identicon&r=g","caption":"jotw"},"description":"Johannes Wulf, Administrator und Autor Mit 'jotw' kennzeichne ich Beitr\u00e4ge, die zwar meine Meinung wiedergeben, nicht aber unbedingt den Konsens der Initiative spiegeln. [ E-Mail ] [ Web ] [ Facebook ]","sameAs":["https:\/\/wulfwebworks.de\/","https:\/\/www.facebook.com\/johannes.wulf.58"]}]}},"cc_featured_image_caption":{"caption_text":"","source_text":"","source_url":""},"jetpack_featured_media_url":"https:\/\/marienviertel.de\/zukunft\/wordpress\/wp-content\/uploads\/2018\/12\/Br\u00fcckeBlauenSee250TonnenKranDoHolsterhausen13_12_2018_G.jpg","jetpack_sharing_enabled":true,"jetpack_shortlink":"https:\/\/wp.me\/p86m9a-Qk","_links":{"self":[{"href":"https:\/\/marienviertel.de\/zukunft\/index.php?rest_route=\/wp\/v2\/posts\/3244","targetHints":{"allow":["GET"]}}],"collection":[{"href":"https:\/\/marienviertel.de\/zukunft\/index.php?rest_route=\/wp\/v2\/posts"}],"about":[{"href":"https:\/\/marienviertel.de\/zukunft\/index.php?rest_route=\/wp\/v2\/types\/post"}],"author":[{"embeddable":true,"href":"https:\/\/marienviertel.de\/zukunft\/index.php?rest_route=\/wp\/v2\/users\/1"}],"replies":[{"embeddable":true,"href":"https:\/\/marienviertel.de\/zukunft\/index.php?rest_route=%2Fwp%2Fv2%2Fcomments&post=3244"}],"version-history":[{"count":6,"href":"https:\/\/marienviertel.de\/zukunft\/index.php?rest_route=\/wp\/v2\/posts\/3244\/revisions"}],"predecessor-version":[{"id":3254,"href":"https:\/\/marienviertel.de\/zukunft\/index.php?rest_route=\/wp\/v2\/posts\/3244\/revisions\/3254"}],"wp:featuredmedia":[{"embeddable":true,"href":"https:\/\/marienviertel.de\/zukunft\/index.php?rest_route=\/wp\/v2\/media\/3250"}],"wp:attachment":[{"href":"https:\/\/marienviertel.de\/zukunft\/index.php?rest_route=%2Fwp%2Fv2%2Fmedia&parent=3244"}],"wp:term":[{"taxonomy":"category","embeddable":true,"href":"https:\/\/marienviertel.de\/zukunft\/index.php?rest_route=%2Fwp%2Fv2%2Fcategories&post=3244"},{"taxonomy":"post_tag","embeddable":true,"href":"https:\/\/marienviertel.de\/zukunft\/index.php?rest_route=%2Fwp%2Fv2%2Ftags&post=3244"}],"curies":[{"name":"wp","href":"https:\/\/api.w.org\/{rel}","templated":true}]}}