{"id":567,"date":"2017-01-30T21:16:09","date_gmt":"2017-01-30T20:16:09","guid":{"rendered":"http:\/\/marienviertel.de\/kulturkreis\/?p=567"},"modified":"2019-09-25T11:40:25","modified_gmt":"2019-09-25T09:40:25","slug":"das-faengt-ja-gut-an","status":"publish","type":"post","link":"https:\/\/marienviertel.de\/kulturkreis\/das-faengt-ja-gut-an\/","title":{"rendered":"Das f\u00e4ngt ja gut an &#8230;"},"content":{"rendered":"<h5>&#8230; unser Jahr 2017, das Lutherjahr &#8230;<\/h5>\n<p><strong><span style=\"color: #ff0000;\">Achtung! Termin\u00e4nderung!<\/span><\/strong><\/p>\n<h5>500 Jahre Reformation<\/h5>\n<p>Wolfgang Endr\u00f6s hat auf Wunsch\u00a0des Kulturkreises St. Marien f\u00fcr unsere treue Zuh\u00f6rerschaft\u00a0ein eindrucksvolles Konzert zusammengestellt.<\/p>\n<p><strong>Felix Mendelssohn:<\/strong><br \/>\n<strong>Choralkantate \u201eO Haupt voll Blut und Wunden\u201c<\/strong><br \/>\n<strong>Choralkantate \u201eVerleih uns Frieden gn\u00e4diglich\u201c<\/strong><br \/>\n<strong>(Text: Martin Luther)<\/strong><\/p>\n<p>Schon fr\u00fch besch\u00e4ftigte sich Mendelssohn mit der Bearbeitung\u00a0von evangelischen Chor\u00e4len. Sie durchziehen sein ganzes sinfonisches und oratorisches Schaffen.<\/p>\n<p>Der zweite Konzertteil f\u00fcgt sich in die Thematik der Chorkantaten ein.<\/p>\n<p><strong>C\u00e9sar Franck \u2013 \u201eDie sieben Worte Jesu am Kreuz\u201c<\/strong><br \/>\nAnders als in den bekannten Vertonungen der \u201eSieben Worte\u201c\u00a0von Sch\u00fctz und Haydn kommentiert Franck in seiner opulent\u00a0besetzten Komposition die Ausspr\u00fcche des gekreuzigten Jesu\u00a0mit Abschnitten aus dem Alten und Neuen Testament sowie mit\u00a0Teilen des \u201eStabat mater\u201c.<br \/>\nHarmonik, Klageges\u00e4nge, schlichte\u00a0Choraliter-Passagen, Abschnitte gr\u00f6\u00dfter Dramatik, melodische\u00a0Gestaltungen voller S\u00fc\u00dfe vermitteln dem H\u00f6rer einen vielschichtigen\u00a0Eindruck einer von starkem pers\u00f6nlichen Ausdruckswillen\u00a0gepr\u00e4gten Komposition.<\/p>\n<p>St.-Marien-Kirche<br \/>\n<span style=\"color: #ff0000;\">Achtung! Termin\u00e4nderung!<\/span><br \/>\nSamstag, 04.03.2017 um 19:30 Uhr<br \/>\n<del>Sonntag, 05.03.2017 um 17:00 Uhr<\/del><\/p>\n<p>Eintrittspreise: \u20ac 15 (Vorverkauf), \u20ac 18 (Abendkasse), Kinder, Sch\u00fcler und Studenten frei<\/p>\n<p>Kartenvorverkauf:<br \/>\n<a href=\"mailto:info@confido.org\">info@confido.org<\/a><br \/>\nVHS Dorsten 02362-664160<br \/>\nStadtinfo Dorsten 02362-3080800<br \/>\nPro-Ticket-Online 0231-9172290<\/p>\n<p><a href=\"http:\/\/marienviertel.de\/kulturkreis\/wordpress\/wp-content\/uploads\/2017\/01\/2017-Plakat-03_2017table55.jpg\" target=\"_blank\" rel=\"noopener noreferrer\"><img loading=\"lazy\" decoding=\"async\" class=\"alignnone wp-image-576\" src=\"http:\/\/marienviertel.de\/kulturkreis\/wordpress\/wp-content\/uploads\/2017\/01\/2017-Plakat-03_2017table55.jpg\" alt=\"\" width=\"900\" height=\"1271\" srcset=\"https:\/\/marienviertel.de\/kulturkreis\/wordpress\/wp-content\/uploads\/2017\/01\/2017-Plakat-03_2017table55.jpg 1360w, https:\/\/marienviertel.de\/kulturkreis\/wordpress\/wp-content\/uploads\/2017\/01\/2017-Plakat-03_2017table55-213x300.jpg 213w, https:\/\/marienviertel.de\/kulturkreis\/wordpress\/wp-content\/uploads\/2017\/01\/2017-Plakat-03_2017table55-768x1084.jpg 768w, https:\/\/marienviertel.de\/kulturkreis\/wordpress\/wp-content\/uploads\/2017\/01\/2017-Plakat-03_2017table55-725x1024.jpg 725w\" sizes=\"auto, (max-width: 900px) 100vw, 900px\" \/><\/a><\/p>\n","protected":false},"excerpt":{"rendered":"<p>&#8230; unser Jahr 2017, das Lutherjahr &#8230; Achtung! Termin\u00e4nderung! 500 Jahre Reformation Wolfgang Endr\u00f6s hat auf Wunsch\u00a0des Kulturkreises St. Marien f\u00fcr unsere treue Zuh\u00f6rerschaft\u00a0ein eindrucksvolles Konzert zusammengestellt. Felix Mendelssohn: Choralkantate \u201eO Haupt voll Blut und Wunden\u201c Choralkantate \u201eVerleih uns Frieden gn\u00e4diglich\u201c (Text: Martin Luther) Schon fr\u00fch besch\u00e4ftigte sich Mendelssohn mit der Bearbeitung\u00a0von evangelischen Chor\u00e4len. Sie &hellip; <a href=\"https:\/\/marienviertel.de\/kulturkreis\/das-faengt-ja-gut-an\/\" class=\"more-link\"><span class=\"screen-reader-text\">Das f\u00e4ngt ja gut an &#8230;<\/span> weiterlesen <span class=\"meta-nav\">&rarr;<\/span><\/a><\/p>\n","protected":false},"author":2,"featured_media":568,"comment_status":"open","ping_status":"open","sticky":false,"template":"","format":"standard","meta":{"jetpack_post_was_ever_published":false,"_jetpack_newsletter_access":"","_jetpack_dont_email_post_to_subs":true,"_jetpack_newsletter_tier_id":0,"_jetpack_memberships_contains_paywalled_content":false,"_jetpack_memberships_contains_paid_content":false,"footnotes":"","jetpack_publicize_message":"","jetpack_publicize_feature_enabled":true,"jetpack_social_post_already_shared":true,"jetpack_social_options":{"image_generator_settings":{"template":"highway","default_image_id":0,"font":"","enabled":false},"version":2}},"categories":[4],"tags":[106,63],"class_list":["post-567","post","type-post","status-publish","format-standard","has-post-thumbnail","hentry","category-rueckblicke","tag-confido-vocale-camerata","tag-newsletter"],"yoast_head":"<!-- This site is optimized with the Yoast SEO plugin v26.7 - https:\/\/yoast.com\/wordpress\/plugins\/seo\/ -->\n<title>Das f\u00e4ngt ja gut an ... - HOME | Kulturkreis St. Marien<\/title>\n<meta name=\"robots\" content=\"index, follow, max-snippet:-1, max-image-preview:large, max-video-preview:-1\" \/>\n<link rel=\"canonical\" href=\"https:\/\/marienviertel.de\/kulturkreis\/das-faengt-ja-gut-an\/\" \/>\n<meta property=\"og:locale\" content=\"de_DE\" \/>\n<meta property=\"og:type\" content=\"article\" \/>\n<meta property=\"og:title\" content=\"Das f\u00e4ngt ja gut an ... - HOME | Kulturkreis St. Marien\" \/>\n<meta property=\"og:description\" content=\"&#8230; unser Jahr 2017, das Lutherjahr &#8230; Achtung! Termin\u00e4nderung! 500 Jahre Reformation Wolfgang Endr\u00f6s hat auf Wunsch\u00a0des Kulturkreises St. Marien f\u00fcr unsere treue Zuh\u00f6rerschaft\u00a0ein eindrucksvolles Konzert zusammengestellt. Felix Mendelssohn: Choralkantate \u201eO Haupt voll Blut und Wunden\u201c Choralkantate \u201eVerleih uns Frieden gn\u00e4diglich\u201c (Text: Martin Luther) Schon fr\u00fch besch\u00e4ftigte sich Mendelssohn mit der Bearbeitung\u00a0von evangelischen Chor\u00e4len. Sie &hellip; Das f\u00e4ngt ja gut an &#8230; weiterlesen &rarr;\" \/>\n<meta property=\"og:url\" content=\"https:\/\/marienviertel.de\/kulturkreis\/das-faengt-ja-gut-an\/\" \/>\n<meta property=\"og:site_name\" content=\"HOME | Kulturkreis St. Marien\" \/>\n<meta property=\"article:publisher\" content=\"https:\/\/www.facebook.com\/Marienviertel\/\" \/>\n<meta property=\"article:published_time\" content=\"2017-01-30T20:16:09+00:00\" \/>\n<meta property=\"article:modified_time\" content=\"2019-09-25T09:40:25+00:00\" \/>\n<meta property=\"og:image\" content=\"https:\/\/marienviertel.de\/kulturkreis\/wordpress\/wp-content\/uploads\/2017\/01\/Luther-ARDFotogalerie.jpg\" \/>\n\t<meta property=\"og:image:width\" content=\"960\" \/>\n\t<meta property=\"og:image:height\" content=\"540\" \/>\n\t<meta property=\"og:image:type\" content=\"image\/jpeg\" \/>\n<meta name=\"author\" content=\"jotw\" \/>\n<meta name=\"twitter:card\" content=\"summary_large_image\" \/>\n<meta name=\"twitter:label1\" content=\"Verfasst von\" \/>\n\t<meta name=\"twitter:data1\" content=\"jotw\" \/>\n\t<meta name=\"twitter:label2\" content=\"Gesch\u00e4tzte Lesezeit\" \/>\n\t<meta name=\"twitter:data2\" content=\"1\u00a0Minute\" \/>\n<script type=\"application\/ld+json\" class=\"yoast-schema-graph\">{\"@context\":\"https:\/\/schema.org\",\"@graph\":[{\"@type\":\"Article\",\"@id\":\"https:\/\/marienviertel.de\/kulturkreis\/das-faengt-ja-gut-an\/#article\",\"isPartOf\":{\"@id\":\"https:\/\/marienviertel.de\/kulturkreis\/das-faengt-ja-gut-an\/\"},\"author\":{\"name\":\"jotw\",\"@id\":\"https:\/\/marienviertel.de\/kulturkreis\/#\/schema\/person\/5991f3ef2f6094b6ce15389027b8d7be\"},\"headline\":\"Das f\u00e4ngt ja gut an &#8230;\",\"datePublished\":\"2017-01-30T20:16:09+00:00\",\"dateModified\":\"2019-09-25T09:40:25+00:00\",\"mainEntityOfPage\":{\"@id\":\"https:\/\/marienviertel.de\/kulturkreis\/das-faengt-ja-gut-an\/\"},\"wordCount\":199,\"commentCount\":0,\"publisher\":{\"@id\":\"https:\/\/marienviertel.de\/kulturkreis\/#organization\"},\"image\":{\"@id\":\"https:\/\/marienviertel.de\/kulturkreis\/das-faengt-ja-gut-an\/#primaryimage\"},\"thumbnailUrl\":\"https:\/\/marienviertel.de\/kulturkreis\/wordpress\/wp-content\/uploads\/2017\/01\/Luther-ARDFotogalerie.jpg\",\"keywords\":[\"confido vocale &amp; camerata\",\"Newsletter\"],\"articleSection\":[\"R\u00fcckblicke\"],\"inLanguage\":\"de\",\"potentialAction\":[{\"@type\":\"CommentAction\",\"name\":\"Comment\",\"target\":[\"https:\/\/marienviertel.de\/kulturkreis\/das-faengt-ja-gut-an\/#respond\"]}]},{\"@type\":\"WebPage\",\"@id\":\"https:\/\/marienviertel.de\/kulturkreis\/das-faengt-ja-gut-an\/\",\"url\":\"https:\/\/marienviertel.de\/kulturkreis\/das-faengt-ja-gut-an\/\",\"name\":\"Das f\u00e4ngt ja gut an ... - HOME | Kulturkreis St. Marien\",\"isPartOf\":{\"@id\":\"https:\/\/marienviertel.de\/kulturkreis\/#website\"},\"primaryImageOfPage\":{\"@id\":\"https:\/\/marienviertel.de\/kulturkreis\/das-faengt-ja-gut-an\/#primaryimage\"},\"image\":{\"@id\":\"https:\/\/marienviertel.de\/kulturkreis\/das-faengt-ja-gut-an\/#primaryimage\"},\"thumbnailUrl\":\"https:\/\/marienviertel.de\/kulturkreis\/wordpress\/wp-content\/uploads\/2017\/01\/Luther-ARDFotogalerie.jpg\",\"datePublished\":\"2017-01-30T20:16:09+00:00\",\"dateModified\":\"2019-09-25T09:40:25+00:00\",\"breadcrumb\":{\"@id\":\"https:\/\/marienviertel.de\/kulturkreis\/das-faengt-ja-gut-an\/#breadcrumb\"},\"inLanguage\":\"de\",\"potentialAction\":[{\"@type\":\"ReadAction\",\"target\":[\"https:\/\/marienviertel.de\/kulturkreis\/das-faengt-ja-gut-an\/\"]}]},{\"@type\":\"ImageObject\",\"inLanguage\":\"de\",\"@id\":\"https:\/\/marienviertel.de\/kulturkreis\/das-faengt-ja-gut-an\/#primaryimage\",\"url\":\"https:\/\/marienviertel.de\/kulturkreis\/wordpress\/wp-content\/uploads\/2017\/01\/Luther-ARDFotogalerie.jpg\",\"contentUrl\":\"https:\/\/marienviertel.de\/kulturkreis\/wordpress\/wp-content\/uploads\/2017\/01\/Luther-ARDFotogalerie.jpg\",\"width\":960,\"height\":540},{\"@type\":\"BreadcrumbList\",\"@id\":\"https:\/\/marienviertel.de\/kulturkreis\/das-faengt-ja-gut-an\/#breadcrumb\",\"itemListElement\":[{\"@type\":\"ListItem\",\"position\":1,\"name\":\"Startseite\",\"item\":\"https:\/\/marienviertel.de\/kulturkreis\/\"},{\"@type\":\"ListItem\",\"position\":2,\"name\":\"Das f\u00e4ngt ja gut an &#8230;\"}]},{\"@type\":\"WebSite\",\"@id\":\"https:\/\/marienviertel.de\/kulturkreis\/#website\",\"url\":\"https:\/\/marienviertel.de\/kulturkreis\/\",\"name\":\"HOME | Kulturkreis St. Marien\",\"description\":\"Herzlich willkommen!\",\"publisher\":{\"@id\":\"https:\/\/marienviertel.de\/kulturkreis\/#organization\"},\"potentialAction\":[{\"@type\":\"SearchAction\",\"target\":{\"@type\":\"EntryPoint\",\"urlTemplate\":\"https:\/\/marienviertel.de\/kulturkreis\/?s={search_term_string}\"},\"query-input\":{\"@type\":\"PropertyValueSpecification\",\"valueRequired\":true,\"valueName\":\"search_term_string\"}}],\"inLanguage\":\"de\"},{\"@type\":\"Organization\",\"@id\":\"https:\/\/marienviertel.de\/kulturkreis\/#organization\",\"name\":\"Kulturkreis St. Marien\",\"url\":\"https:\/\/marienviertel.de\/kulturkreis\/\",\"logo\":{\"@type\":\"ImageObject\",\"inLanguage\":\"de\",\"@id\":\"https:\/\/marienviertel.de\/kulturkreis\/#\/schema\/logo\/image\/\",\"url\":\"https:\/\/marienviertel.de\/kulturkreis\/wordpress\/wp-content\/uploads\/2015\/06\/Facebook-Logo-KK-2014.jpg\",\"contentUrl\":\"https:\/\/marienviertel.de\/kulturkreis\/wordpress\/wp-content\/uploads\/2015\/06\/Facebook-Logo-KK-2014.jpg\",\"width\":1045,\"height\":540,\"caption\":\"Kulturkreis St. Marien\"},\"image\":{\"@id\":\"https:\/\/marienviertel.de\/kulturkreis\/#\/schema\/logo\/image\/\"},\"sameAs\":[\"https:\/\/www.facebook.com\/Marienviertel\/\"]},{\"@type\":\"Person\",\"@id\":\"https:\/\/marienviertel.de\/kulturkreis\/#\/schema\/person\/5991f3ef2f6094b6ce15389027b8d7be\",\"name\":\"jotw\",\"image\":{\"@type\":\"ImageObject\",\"inLanguage\":\"de\",\"@id\":\"https:\/\/marienviertel.de\/kulturkreis\/#\/schema\/person\/image\/\",\"url\":\"https:\/\/secure.gravatar.com\/avatar\/f996f1ca35d6d13af46e8af8dc21f10fcdf6f690745c899b68b257dfffe92cd9?s=96&d=mm&r=g\",\"contentUrl\":\"https:\/\/secure.gravatar.com\/avatar\/f996f1ca35d6d13af46e8af8dc21f10fcdf6f690745c899b68b257dfffe92cd9?s=96&d=mm&r=g\",\"caption\":\"jotw\"},\"url\":\"https:\/\/marienviertel.de\/kulturkreis\/author\/admin\/\"}]}<\/script>\n<!-- \/ Yoast SEO plugin. -->","yoast_head_json":{"title":"Das f\u00e4ngt ja gut an ... - HOME | Kulturkreis St. Marien","robots":{"index":"index","follow":"follow","max-snippet":"max-snippet:-1","max-image-preview":"max-image-preview:large","max-video-preview":"max-video-preview:-1"},"canonical":"https:\/\/marienviertel.de\/kulturkreis\/das-faengt-ja-gut-an\/","og_locale":"de_DE","og_type":"article","og_title":"Das f\u00e4ngt ja gut an ... - HOME | Kulturkreis St. Marien","og_description":"&#8230; unser Jahr 2017, das Lutherjahr &#8230; Achtung! Termin\u00e4nderung! 500 Jahre Reformation Wolfgang Endr\u00f6s hat auf Wunsch\u00a0des Kulturkreises St. Marien f\u00fcr unsere treue Zuh\u00f6rerschaft\u00a0ein eindrucksvolles Konzert zusammengestellt. Felix Mendelssohn: Choralkantate \u201eO Haupt voll Blut und Wunden\u201c Choralkantate \u201eVerleih uns Frieden gn\u00e4diglich\u201c (Text: Martin Luther) Schon fr\u00fch besch\u00e4ftigte sich Mendelssohn mit der Bearbeitung\u00a0von evangelischen Chor\u00e4len. Sie &hellip; Das f\u00e4ngt ja gut an &#8230; weiterlesen &rarr;","og_url":"https:\/\/marienviertel.de\/kulturkreis\/das-faengt-ja-gut-an\/","og_site_name":"HOME | Kulturkreis St. Marien","article_publisher":"https:\/\/www.facebook.com\/Marienviertel\/","article_published_time":"2017-01-30T20:16:09+00:00","article_modified_time":"2019-09-25T09:40:25+00:00","og_image":[{"width":960,"height":540,"url":"https:\/\/marienviertel.de\/kulturkreis\/wordpress\/wp-content\/uploads\/2017\/01\/Luther-ARDFotogalerie.jpg","type":"image\/jpeg"}],"author":"jotw","twitter_card":"summary_large_image","twitter_misc":{"Verfasst von":"jotw","Gesch\u00e4tzte Lesezeit":"1\u00a0Minute"},"schema":{"@context":"https:\/\/schema.org","@graph":[{"@type":"Article","@id":"https:\/\/marienviertel.de\/kulturkreis\/das-faengt-ja-gut-an\/#article","isPartOf":{"@id":"https:\/\/marienviertel.de\/kulturkreis\/das-faengt-ja-gut-an\/"},"author":{"name":"jotw","@id":"https:\/\/marienviertel.de\/kulturkreis\/#\/schema\/person\/5991f3ef2f6094b6ce15389027b8d7be"},"headline":"Das f\u00e4ngt ja gut an &#8230;","datePublished":"2017-01-30T20:16:09+00:00","dateModified":"2019-09-25T09:40:25+00:00","mainEntityOfPage":{"@id":"https:\/\/marienviertel.de\/kulturkreis\/das-faengt-ja-gut-an\/"},"wordCount":199,"commentCount":0,"publisher":{"@id":"https:\/\/marienviertel.de\/kulturkreis\/#organization"},"image":{"@id":"https:\/\/marienviertel.de\/kulturkreis\/das-faengt-ja-gut-an\/#primaryimage"},"thumbnailUrl":"https:\/\/marienviertel.de\/kulturkreis\/wordpress\/wp-content\/uploads\/2017\/01\/Luther-ARDFotogalerie.jpg","keywords":["confido vocale &amp; camerata","Newsletter"],"articleSection":["R\u00fcckblicke"],"inLanguage":"de","potentialAction":[{"@type":"CommentAction","name":"Comment","target":["https:\/\/marienviertel.de\/kulturkreis\/das-faengt-ja-gut-an\/#respond"]}]},{"@type":"WebPage","@id":"https:\/\/marienviertel.de\/kulturkreis\/das-faengt-ja-gut-an\/","url":"https:\/\/marienviertel.de\/kulturkreis\/das-faengt-ja-gut-an\/","name":"Das f\u00e4ngt ja gut an ... - HOME | Kulturkreis St. Marien","isPartOf":{"@id":"https:\/\/marienviertel.de\/kulturkreis\/#website"},"primaryImageOfPage":{"@id":"https:\/\/marienviertel.de\/kulturkreis\/das-faengt-ja-gut-an\/#primaryimage"},"image":{"@id":"https:\/\/marienviertel.de\/kulturkreis\/das-faengt-ja-gut-an\/#primaryimage"},"thumbnailUrl":"https:\/\/marienviertel.de\/kulturkreis\/wordpress\/wp-content\/uploads\/2017\/01\/Luther-ARDFotogalerie.jpg","datePublished":"2017-01-30T20:16:09+00:00","dateModified":"2019-09-25T09:40:25+00:00","breadcrumb":{"@id":"https:\/\/marienviertel.de\/kulturkreis\/das-faengt-ja-gut-an\/#breadcrumb"},"inLanguage":"de","potentialAction":[{"@type":"ReadAction","target":["https:\/\/marienviertel.de\/kulturkreis\/das-faengt-ja-gut-an\/"]}]},{"@type":"ImageObject","inLanguage":"de","@id":"https:\/\/marienviertel.de\/kulturkreis\/das-faengt-ja-gut-an\/#primaryimage","url":"https:\/\/marienviertel.de\/kulturkreis\/wordpress\/wp-content\/uploads\/2017\/01\/Luther-ARDFotogalerie.jpg","contentUrl":"https:\/\/marienviertel.de\/kulturkreis\/wordpress\/wp-content\/uploads\/2017\/01\/Luther-ARDFotogalerie.jpg","width":960,"height":540},{"@type":"BreadcrumbList","@id":"https:\/\/marienviertel.de\/kulturkreis\/das-faengt-ja-gut-an\/#breadcrumb","itemListElement":[{"@type":"ListItem","position":1,"name":"Startseite","item":"https:\/\/marienviertel.de\/kulturkreis\/"},{"@type":"ListItem","position":2,"name":"Das f\u00e4ngt ja gut an &#8230;"}]},{"@type":"WebSite","@id":"https:\/\/marienviertel.de\/kulturkreis\/#website","url":"https:\/\/marienviertel.de\/kulturkreis\/","name":"HOME | Kulturkreis St. Marien","description":"Herzlich willkommen!","publisher":{"@id":"https:\/\/marienviertel.de\/kulturkreis\/#organization"},"potentialAction":[{"@type":"SearchAction","target":{"@type":"EntryPoint","urlTemplate":"https:\/\/marienviertel.de\/kulturkreis\/?s={search_term_string}"},"query-input":{"@type":"PropertyValueSpecification","valueRequired":true,"valueName":"search_term_string"}}],"inLanguage":"de"},{"@type":"Organization","@id":"https:\/\/marienviertel.de\/kulturkreis\/#organization","name":"Kulturkreis St. Marien","url":"https:\/\/marienviertel.de\/kulturkreis\/","logo":{"@type":"ImageObject","inLanguage":"de","@id":"https:\/\/marienviertel.de\/kulturkreis\/#\/schema\/logo\/image\/","url":"https:\/\/marienviertel.de\/kulturkreis\/wordpress\/wp-content\/uploads\/2015\/06\/Facebook-Logo-KK-2014.jpg","contentUrl":"https:\/\/marienviertel.de\/kulturkreis\/wordpress\/wp-content\/uploads\/2015\/06\/Facebook-Logo-KK-2014.jpg","width":1045,"height":540,"caption":"Kulturkreis St. Marien"},"image":{"@id":"https:\/\/marienviertel.de\/kulturkreis\/#\/schema\/logo\/image\/"},"sameAs":["https:\/\/www.facebook.com\/Marienviertel\/"]},{"@type":"Person","@id":"https:\/\/marienviertel.de\/kulturkreis\/#\/schema\/person\/5991f3ef2f6094b6ce15389027b8d7be","name":"jotw","image":{"@type":"ImageObject","inLanguage":"de","@id":"https:\/\/marienviertel.de\/kulturkreis\/#\/schema\/person\/image\/","url":"https:\/\/secure.gravatar.com\/avatar\/f996f1ca35d6d13af46e8af8dc21f10fcdf6f690745c899b68b257dfffe92cd9?s=96&d=mm&r=g","contentUrl":"https:\/\/secure.gravatar.com\/avatar\/f996f1ca35d6d13af46e8af8dc21f10fcdf6f690745c899b68b257dfffe92cd9?s=96&d=mm&r=g","caption":"jotw"},"url":"https:\/\/marienviertel.de\/kulturkreis\/author\/admin\/"}]}},"jetpack_publicize_connections":[],"cc_featured_image_caption":{"caption_text":"","source_text":"","source_url":""},"jetpack_featured_media_url":"https:\/\/marienviertel.de\/kulturkreis\/wordpress\/wp-content\/uploads\/2017\/01\/Luther-ARDFotogalerie.jpg","jetpack_sharing_enabled":true,"jetpack_shortlink":"https:\/\/wp.me\/p7zbXy-99","_links":{"self":[{"href":"https:\/\/marienviertel.de\/kulturkreis\/wp-json\/wp\/v2\/posts\/567","targetHints":{"allow":["GET"]}}],"collection":[{"href":"https:\/\/marienviertel.de\/kulturkreis\/wp-json\/wp\/v2\/posts"}],"about":[{"href":"https:\/\/marienviertel.de\/kulturkreis\/wp-json\/wp\/v2\/types\/post"}],"author":[{"embeddable":true,"href":"https:\/\/marienviertel.de\/kulturkreis\/wp-json\/wp\/v2\/users\/2"}],"replies":[{"embeddable":true,"href":"https:\/\/marienviertel.de\/kulturkreis\/wp-json\/wp\/v2\/comments?post=567"}],"version-history":[{"count":9,"href":"https:\/\/marienviertel.de\/kulturkreis\/wp-json\/wp\/v2\/posts\/567\/revisions"}],"predecessor-version":[{"id":1556,"href":"https:\/\/marienviertel.de\/kulturkreis\/wp-json\/wp\/v2\/posts\/567\/revisions\/1556"}],"wp:featuredmedia":[{"embeddable":true,"href":"https:\/\/marienviertel.de\/kulturkreis\/wp-json\/wp\/v2\/media\/568"}],"wp:attachment":[{"href":"https:\/\/marienviertel.de\/kulturkreis\/wp-json\/wp\/v2\/media?parent=567"}],"wp:term":[{"taxonomy":"category","embeddable":true,"href":"https:\/\/marienviertel.de\/kulturkreis\/wp-json\/wp\/v2\/categories?post=567"},{"taxonomy":"post_tag","embeddable":true,"href":"https:\/\/marienviertel.de\/kulturkreis\/wp-json\/wp\/v2\/tags?post=567"}],"curies":[{"name":"wp","href":"https:\/\/api.w.org\/{rel}","templated":true}]}}