{"id":457,"date":"2016-06-28T01:50:51","date_gmt":"2016-06-27T23:50:51","guid":{"rendered":"http:\/\/marienviertel.de\/kulturkreis\/?p=457"},"modified":"2019-09-25T11:44:49","modified_gmt":"2019-09-25T09:44:49","slug":"26-juni-2016-duo-tango-tambien","status":"publish","type":"post","link":"https:\/\/marienviertel.de\/kulturkreis\/26-juni-2016-duo-tango-tambien\/","title":{"rendered":"26. Juni 2016: Duo Tango Tambien"},"content":{"rendered":"<p>&nbsp;<\/p>\n<p><a href=\"http:\/\/marienviertel.de\/kulturkreis\/wordpress\/wp-content\/uploads\/2016\/06\/Tango-Tambien-37.jpg\"><img loading=\"lazy\" decoding=\"async\" class=\"alignnone size-full wp-image-460\" src=\"http:\/\/marienviertel.de\/kulturkreis\/wordpress\/wp-content\/uploads\/2016\/06\/Tango-Tambien-37.jpg\" alt=\"Tango Tambien (37)\" width=\"1200\" height=\"800\" srcset=\"https:\/\/marienviertel.de\/kulturkreis\/wordpress\/wp-content\/uploads\/2016\/06\/Tango-Tambien-37.jpg 1200w, https:\/\/marienviertel.de\/kulturkreis\/wordpress\/wp-content\/uploads\/2016\/06\/Tango-Tambien-37-300x200.jpg 300w, https:\/\/marienviertel.de\/kulturkreis\/wordpress\/wp-content\/uploads\/2016\/06\/Tango-Tambien-37-768x512.jpg 768w, https:\/\/marienviertel.de\/kulturkreis\/wordpress\/wp-content\/uploads\/2016\/06\/Tango-Tambien-37-1024x683.jpg 1024w\" sizes=\"auto, (max-width: 1200px) 100vw, 1200px\" \/><\/a><\/p>\n<p>Sie haben in Argentinien gespielt, im Landesjugendorchester Nordrhein-Westfalen und im Aachener Dom. Studiert haben sie klassische Musik, doch Annette Co\u00ealho und Andrea G\u00e9mes lie\u00dfen es dabei nicht bewenden. Beide entdeckten bald nach dem Studium ihre Liebe zum Tango, und was lag da n\u00e4her, als dieses Genre in ihr Repertoire aufzunehmen. Am Sonntagabend traten die beiden Musikerinnen in der Kirche St. Marien mit dem Programm \u201eDuo Tango Tambi\u00e9n \u2013 Von Bach bis Piazolla\u201c auf. \u201eTango, das ist Intensit\u00e4t, brillanter Rhythmus und vertr\u00e4umte Poesie\u201c, verk\u00fcndete Ursula Bensch in ihrer Anmoderation, und Andrea G\u00e9mes erg\u00e4nzte: \u201eTango steht f\u00fcr Leidenschaft, Melancholie, Sinnlichkeit und Eleganz.\u201c Bei so viel Lob f\u00fcr diese Musik waren die Zuh\u00f6rer, die trotz des Fu\u00dfballspiels Deutschland-Slowakei gekommen waren, gespannt. Sie wurden nicht entt\u00e4uscht. Ob es nun die Hamburger Sonate von Carl Philipp Emanuel Bach, Polacca von Nicola Paganini, Vamo Nessa von Celso Machado oder Milonga final von Fernando Millet war, sie spielten alle St\u00fccke mit der gleichen Leidenschaft und der gleichen Pr\u00e4zision. Annette Co\u00ealho auf der Querfl\u00f6te, Andrea G\u00e9mes auf der Gitarre. Beide Musikerinnen beherrschen ihre St\u00fccke perfekt, sicher und mit viel Vergn\u00fcgen. Annette Co\u00ealho f\u00e4llt auf durch gelegentliche Improvisationen und Variantenreichtum. Andrea G\u00e9mes geht mit ihrem Instrument um, als w\u00e4re es ein Teil von ihr. Die Soli, wie Candombe en mi von M\u00e1ximo Diego Pujol, sind ein Schmaus f\u00fcr die Ohren. Das l\u00e4sst die Zeit vergessen, der Zuh\u00f6rer tr\u00e4umt sich in eine fremde Welt und in ein Klanggeb\u00e4ude, das wahrhaftig voller Sinnlichkeit und Eleganz ist. Dazu geh\u00f6ren nat\u00fcrlich auch die St\u00fccke des Altmeisters des Tango Nuevo, Astor Piazolla. Zuerst das in Erinnerung an seinen Vater geschriebene \u201eAdios Nonino\u201c, aber auch die epischen St\u00fccke \u201eNuevo mundo, Suavidad und Caf\u00e9 1930\u201c sowie \u201eNightclub 1960\u201c. Annette Co\u00ealho und Andrea G\u00e9mes lassen diese Musik leben, sie erzeugen ein inneres Bild einer lebendigen Gesellschaft S\u00fcdamerikas, das eine Seele hat und einen Geist. Kein Wunder, dass die Zuh\u00f6rer gleich zwei Zugaben forderten. \u00a0 \u00a0<em>(Text: Dr. Werner Wenig)<\/em><\/p>\n<p><a href=\"http:\/\/marienviertel.de\/kulturkreis\/wordpress\/wp-content\/uploads\/2016\/06\/Tango-Tambien-30.jpg\" target=\"_blank\" rel=\"noopener noreferrer\"><img loading=\"lazy\" decoding=\"async\" class=\"alignnone wp-image-459 size-full\" src=\"http:\/\/marienviertel.de\/kulturkreis\/wordpress\/wp-content\/uploads\/2016\/06\/Tango-Tambien-30.jpg\" alt=\"Tango Tambien (30)\" width=\"1200\" height=\"800\" srcset=\"https:\/\/marienviertel.de\/kulturkreis\/wordpress\/wp-content\/uploads\/2016\/06\/Tango-Tambien-30.jpg 1200w, https:\/\/marienviertel.de\/kulturkreis\/wordpress\/wp-content\/uploads\/2016\/06\/Tango-Tambien-30-300x200.jpg 300w, https:\/\/marienviertel.de\/kulturkreis\/wordpress\/wp-content\/uploads\/2016\/06\/Tango-Tambien-30-768x512.jpg 768w, https:\/\/marienviertel.de\/kulturkreis\/wordpress\/wp-content\/uploads\/2016\/06\/Tango-Tambien-30-1024x683.jpg 1024w\" sizes=\"auto, (max-width: 1200px) 100vw, 1200px\" \/><\/a><\/p>\n<p><a href=\"http:\/\/marienviertel.de\/kulturkreis\/wordpress\/wp-content\/uploads\/2016\/06\/Tango-Tambien-44-1200.jpg\"><img loading=\"lazy\" decoding=\"async\" class=\"alignnone size-full wp-image-467\" src=\"http:\/\/marienviertel.de\/kulturkreis\/wordpress\/wp-content\/uploads\/2016\/06\/Tango-Tambien-44-1200.jpg\" alt=\"Tango Tambien (44)-1200\" width=\"1200\" height=\"800\" srcset=\"https:\/\/marienviertel.de\/kulturkreis\/wordpress\/wp-content\/uploads\/2016\/06\/Tango-Tambien-44-1200.jpg 1200w, https:\/\/marienviertel.de\/kulturkreis\/wordpress\/wp-content\/uploads\/2016\/06\/Tango-Tambien-44-1200-300x200.jpg 300w, https:\/\/marienviertel.de\/kulturkreis\/wordpress\/wp-content\/uploads\/2016\/06\/Tango-Tambien-44-1200-768x512.jpg 768w, https:\/\/marienviertel.de\/kulturkreis\/wordpress\/wp-content\/uploads\/2016\/06\/Tango-Tambien-44-1200-1024x683.jpg 1024w\" sizes=\"auto, (max-width: 1200px) 100vw, 1200px\" \/><\/a><\/p>\n<p><a href=\"http:\/\/marienviertel.de\/kulturkreis\/wordpress\/wp-content\/uploads\/2016\/06\/Tango-Tambien-47-1200.jpg\"><img loading=\"lazy\" decoding=\"async\" class=\"alignnone size-full wp-image-468\" src=\"http:\/\/marienviertel.de\/kulturkreis\/wordpress\/wp-content\/uploads\/2016\/06\/Tango-Tambien-47-1200.jpg\" alt=\"Tango Tambien (47)-1200\" width=\"1200\" height=\"800\" srcset=\"https:\/\/marienviertel.de\/kulturkreis\/wordpress\/wp-content\/uploads\/2016\/06\/Tango-Tambien-47-1200.jpg 1200w, https:\/\/marienviertel.de\/kulturkreis\/wordpress\/wp-content\/uploads\/2016\/06\/Tango-Tambien-47-1200-300x200.jpg 300w, https:\/\/marienviertel.de\/kulturkreis\/wordpress\/wp-content\/uploads\/2016\/06\/Tango-Tambien-47-1200-768x512.jpg 768w, https:\/\/marienviertel.de\/kulturkreis\/wordpress\/wp-content\/uploads\/2016\/06\/Tango-Tambien-47-1200-1024x683.jpg 1024w\" sizes=\"auto, (max-width: 1200px) 100vw, 1200px\" \/><\/a><\/p>\n<p><a href=\"http:\/\/marienviertel.de\/kulturkreis\/wordpress\/wp-content\/uploads\/2016\/06\/Tango-Tambien-48-1200.jpg\"><img loading=\"lazy\" decoding=\"async\" class=\"alignnone size-full wp-image-469\" src=\"http:\/\/marienviertel.de\/kulturkreis\/wordpress\/wp-content\/uploads\/2016\/06\/Tango-Tambien-48-1200.jpg\" alt=\"Tango Tambien (48)-1200\" width=\"1200\" height=\"800\" srcset=\"https:\/\/marienviertel.de\/kulturkreis\/wordpress\/wp-content\/uploads\/2016\/06\/Tango-Tambien-48-1200.jpg 1200w, https:\/\/marienviertel.de\/kulturkreis\/wordpress\/wp-content\/uploads\/2016\/06\/Tango-Tambien-48-1200-300x200.jpg 300w, https:\/\/marienviertel.de\/kulturkreis\/wordpress\/wp-content\/uploads\/2016\/06\/Tango-Tambien-48-1200-768x512.jpg 768w, https:\/\/marienviertel.de\/kulturkreis\/wordpress\/wp-content\/uploads\/2016\/06\/Tango-Tambien-48-1200-1024x683.jpg 1024w\" sizes=\"auto, (max-width: 1200px) 100vw, 1200px\" \/><\/a><\/p>\n<p><a href=\"http:\/\/marienviertel.de\/kulturkreis\/wordpress\/wp-content\/uploads\/2016\/06\/Tango-Tambien-52-1200.jpg\" target=\"_blank\" rel=\"noopener noreferrer\"><img loading=\"lazy\" decoding=\"async\" class=\"alignnone wp-image-470 size-large\" src=\"https:\/\/marienviertel.de\/kulturkreis\/wordpress\/wp-content\/uploads\/2016\/06\/Tango-Tambien-52-1200-683x1024.jpg\" alt=\"Tango Tambien (52)-1200\" width=\"474\" height=\"711\" srcset=\"https:\/\/marienviertel.de\/kulturkreis\/wordpress\/wp-content\/uploads\/2016\/06\/Tango-Tambien-52-1200-683x1024.jpg 683w, https:\/\/marienviertel.de\/kulturkreis\/wordpress\/wp-content\/uploads\/2016\/06\/Tango-Tambien-52-1200-200x300.jpg 200w, https:\/\/marienviertel.de\/kulturkreis\/wordpress\/wp-content\/uploads\/2016\/06\/Tango-Tambien-52-1200-768x1152.jpg 768w, https:\/\/marienviertel.de\/kulturkreis\/wordpress\/wp-content\/uploads\/2016\/06\/Tango-Tambien-52-1200.jpg 800w\" sizes=\"auto, (max-width: 474px) 100vw, 474px\" \/><\/a><\/p>\n<p><a href=\"http:\/\/marienviertel.de\/kulturkreis\/wordpress\/wp-content\/uploads\/2016\/06\/Tango-Tambien-61-1200.jpg\" target=\"_blank\" rel=\"noopener noreferrer\"><img loading=\"lazy\" decoding=\"async\" class=\"alignnone wp-image-471 size-large\" src=\"https:\/\/marienviertel.de\/kulturkreis\/wordpress\/wp-content\/uploads\/2016\/06\/Tango-Tambien-61-1200-683x1024.jpg\" alt=\"Tango Tambien (61)-1200\" width=\"474\" height=\"711\" srcset=\"https:\/\/marienviertel.de\/kulturkreis\/wordpress\/wp-content\/uploads\/2016\/06\/Tango-Tambien-61-1200-683x1024.jpg 683w, https:\/\/marienviertel.de\/kulturkreis\/wordpress\/wp-content\/uploads\/2016\/06\/Tango-Tambien-61-1200-200x300.jpg 200w, https:\/\/marienviertel.de\/kulturkreis\/wordpress\/wp-content\/uploads\/2016\/06\/Tango-Tambien-61-1200-768x1152.jpg 768w, https:\/\/marienviertel.de\/kulturkreis\/wordpress\/wp-content\/uploads\/2016\/06\/Tango-Tambien-61-1200.jpg 800w\" sizes=\"auto, (max-width: 474px) 100vw, 474px\" \/><\/a><\/p>\n<p>&nbsp;<\/p>\n<p>Alle Fotos: Peter K\u00f6rber Industriefotografie. Herzlichen Dank!<\/p>\n","protected":false},"excerpt":{"rendered":"<p>&nbsp; Sie haben in Argentinien gespielt, im Landesjugendorchester Nordrhein-Westfalen und im Aachener Dom. Studiert haben sie klassische Musik, doch Annette Co\u00ealho und Andrea G\u00e9mes lie\u00dfen es dabei nicht bewenden. Beide entdeckten bald nach dem Studium ihre Liebe zum Tango, und was lag da n\u00e4her, als dieses Genre in ihr Repertoire aufzunehmen. Am Sonntagabend traten die &hellip; <a href=\"https:\/\/marienviertel.de\/kulturkreis\/26-juni-2016-duo-tango-tambien\/\" class=\"more-link\"><span class=\"screen-reader-text\">26. Juni 2016: Duo Tango Tambien<\/span> weiterlesen <span class=\"meta-nav\">&rarr;<\/span><\/a><\/p>\n","protected":false},"author":2,"featured_media":0,"comment_status":"open","ping_status":"open","sticky":false,"template":"","format":"standard","meta":{"jetpack_post_was_ever_published":false,"_jetpack_newsletter_access":"","_jetpack_dont_email_post_to_subs":true,"_jetpack_newsletter_tier_id":0,"_jetpack_memberships_contains_paywalled_content":false,"_jetpack_memberships_contains_paid_content":false,"footnotes":"","jetpack_publicize_message":"","jetpack_publicize_feature_enabled":true,"jetpack_social_post_already_shared":true,"jetpack_social_options":{"image_generator_settings":{"template":"highway","default_image_id":0,"font":"","enabled":false},"version":2}},"categories":[4],"tags":[80,81,79,78],"class_list":["post-457","post","type-post","status-publish","format-standard","hentry","category-rueckblicke","tag-coelho","tag-proff","tag-querfloete","tag-tango-tambien"],"yoast_head":"<!-- This site is optimized with the Yoast SEO plugin v26.7 - https:\/\/yoast.com\/wordpress\/plugins\/seo\/ -->\n<title>26. Juni 2016: Duo Tango Tambien - HOME | Kulturkreis St. Marien<\/title>\n<meta name=\"robots\" content=\"index, follow, max-snippet:-1, max-image-preview:large, max-video-preview:-1\" \/>\n<link rel=\"canonical\" href=\"https:\/\/marienviertel.de\/kulturkreis\/26-juni-2016-duo-tango-tambien\/\" \/>\n<meta property=\"og:locale\" content=\"de_DE\" \/>\n<meta property=\"og:type\" content=\"article\" \/>\n<meta property=\"og:title\" content=\"26. Juni 2016: Duo Tango Tambien - HOME | Kulturkreis St. Marien\" \/>\n<meta property=\"og:description\" content=\"&nbsp; Sie haben in Argentinien gespielt, im Landesjugendorchester Nordrhein-Westfalen und im Aachener Dom. Studiert haben sie klassische Musik, doch Annette Co\u00ealho und Andrea G\u00e9mes lie\u00dfen es dabei nicht bewenden. Beide entdeckten bald nach dem Studium ihre Liebe zum Tango, und was lag da n\u00e4her, als dieses Genre in ihr Repertoire aufzunehmen. Am Sonntagabend traten die &hellip; 26. Juni 2016: Duo Tango Tambien weiterlesen &rarr;\" \/>\n<meta property=\"og:url\" content=\"https:\/\/marienviertel.de\/kulturkreis\/26-juni-2016-duo-tango-tambien\/\" \/>\n<meta property=\"og:site_name\" content=\"HOME | Kulturkreis St. Marien\" \/>\n<meta property=\"article:publisher\" content=\"https:\/\/www.facebook.com\/Marienviertel\/\" \/>\n<meta property=\"article:published_time\" content=\"2016-06-27T23:50:51+00:00\" \/>\n<meta property=\"article:modified_time\" content=\"2019-09-25T09:44:49+00:00\" \/>\n<meta property=\"og:image\" content=\"http:\/\/marienviertel.de\/kulturkreis\/wordpress\/wp-content\/uploads\/2016\/06\/Tango-Tambien-37.jpg\" \/>\n<meta name=\"author\" content=\"jotw\" \/>\n<meta name=\"twitter:card\" content=\"summary_large_image\" \/>\n<meta name=\"twitter:label1\" content=\"Verfasst von\" \/>\n\t<meta name=\"twitter:data1\" content=\"jotw\" \/>\n\t<meta name=\"twitter:label2\" content=\"Gesch\u00e4tzte Lesezeit\" \/>\n\t<meta name=\"twitter:data2\" content=\"2\u00a0Minuten\" \/>\n<script type=\"application\/ld+json\" class=\"yoast-schema-graph\">{\"@context\":\"https:\/\/schema.org\",\"@graph\":[{\"@type\":\"Article\",\"@id\":\"https:\/\/marienviertel.de\/kulturkreis\/26-juni-2016-duo-tango-tambien\/#article\",\"isPartOf\":{\"@id\":\"https:\/\/marienviertel.de\/kulturkreis\/26-juni-2016-duo-tango-tambien\/\"},\"author\":{\"name\":\"jotw\",\"@id\":\"https:\/\/marienviertel.de\/kulturkreis\/#\/schema\/person\/5991f3ef2f6094b6ce15389027b8d7be\"},\"headline\":\"26. Juni 2016: Duo Tango Tambien\",\"datePublished\":\"2016-06-27T23:50:51+00:00\",\"dateModified\":\"2019-09-25T09:44:49+00:00\",\"mainEntityOfPage\":{\"@id\":\"https:\/\/marienviertel.de\/kulturkreis\/26-juni-2016-duo-tango-tambien\/\"},\"wordCount\":371,\"commentCount\":0,\"publisher\":{\"@id\":\"https:\/\/marienviertel.de\/kulturkreis\/#organization\"},\"image\":{\"@id\":\"https:\/\/marienviertel.de\/kulturkreis\/26-juni-2016-duo-tango-tambien\/#primaryimage\"},\"thumbnailUrl\":\"http:\/\/marienviertel.de\/kulturkreis\/wordpress\/wp-content\/uploads\/2016\/06\/Tango-Tambien-37.jpg\",\"keywords\":[\"Co\u00ealho\",\"Proff\",\"Querfl\u00f6te\",\"Tango-Tambien\"],\"articleSection\":[\"R\u00fcckblicke\"],\"inLanguage\":\"de\",\"potentialAction\":[{\"@type\":\"CommentAction\",\"name\":\"Comment\",\"target\":[\"https:\/\/marienviertel.de\/kulturkreis\/26-juni-2016-duo-tango-tambien\/#respond\"]}]},{\"@type\":\"WebPage\",\"@id\":\"https:\/\/marienviertel.de\/kulturkreis\/26-juni-2016-duo-tango-tambien\/\",\"url\":\"https:\/\/marienviertel.de\/kulturkreis\/26-juni-2016-duo-tango-tambien\/\",\"name\":\"26. Juni 2016: Duo Tango Tambien - HOME | Kulturkreis St. Marien\",\"isPartOf\":{\"@id\":\"https:\/\/marienviertel.de\/kulturkreis\/#website\"},\"primaryImageOfPage\":{\"@id\":\"https:\/\/marienviertel.de\/kulturkreis\/26-juni-2016-duo-tango-tambien\/#primaryimage\"},\"image\":{\"@id\":\"https:\/\/marienviertel.de\/kulturkreis\/26-juni-2016-duo-tango-tambien\/#primaryimage\"},\"thumbnailUrl\":\"http:\/\/marienviertel.de\/kulturkreis\/wordpress\/wp-content\/uploads\/2016\/06\/Tango-Tambien-37.jpg\",\"datePublished\":\"2016-06-27T23:50:51+00:00\",\"dateModified\":\"2019-09-25T09:44:49+00:00\",\"breadcrumb\":{\"@id\":\"https:\/\/marienviertel.de\/kulturkreis\/26-juni-2016-duo-tango-tambien\/#breadcrumb\"},\"inLanguage\":\"de\",\"potentialAction\":[{\"@type\":\"ReadAction\",\"target\":[\"https:\/\/marienviertel.de\/kulturkreis\/26-juni-2016-duo-tango-tambien\/\"]}]},{\"@type\":\"ImageObject\",\"inLanguage\":\"de\",\"@id\":\"https:\/\/marienviertel.de\/kulturkreis\/26-juni-2016-duo-tango-tambien\/#primaryimage\",\"url\":\"http:\/\/marienviertel.de\/kulturkreis\/wordpress\/wp-content\/uploads\/2016\/06\/Tango-Tambien-37.jpg\",\"contentUrl\":\"http:\/\/marienviertel.de\/kulturkreis\/wordpress\/wp-content\/uploads\/2016\/06\/Tango-Tambien-37.jpg\"},{\"@type\":\"BreadcrumbList\",\"@id\":\"https:\/\/marienviertel.de\/kulturkreis\/26-juni-2016-duo-tango-tambien\/#breadcrumb\",\"itemListElement\":[{\"@type\":\"ListItem\",\"position\":1,\"name\":\"Startseite\",\"item\":\"https:\/\/marienviertel.de\/kulturkreis\/\"},{\"@type\":\"ListItem\",\"position\":2,\"name\":\"26. Juni 2016: Duo Tango Tambien\"}]},{\"@type\":\"WebSite\",\"@id\":\"https:\/\/marienviertel.de\/kulturkreis\/#website\",\"url\":\"https:\/\/marienviertel.de\/kulturkreis\/\",\"name\":\"HOME | Kulturkreis St. Marien\",\"description\":\"Herzlich willkommen!\",\"publisher\":{\"@id\":\"https:\/\/marienviertel.de\/kulturkreis\/#organization\"},\"potentialAction\":[{\"@type\":\"SearchAction\",\"target\":{\"@type\":\"EntryPoint\",\"urlTemplate\":\"https:\/\/marienviertel.de\/kulturkreis\/?s={search_term_string}\"},\"query-input\":{\"@type\":\"PropertyValueSpecification\",\"valueRequired\":true,\"valueName\":\"search_term_string\"}}],\"inLanguage\":\"de\"},{\"@type\":\"Organization\",\"@id\":\"https:\/\/marienviertel.de\/kulturkreis\/#organization\",\"name\":\"Kulturkreis St. Marien\",\"url\":\"https:\/\/marienviertel.de\/kulturkreis\/\",\"logo\":{\"@type\":\"ImageObject\",\"inLanguage\":\"de\",\"@id\":\"https:\/\/marienviertel.de\/kulturkreis\/#\/schema\/logo\/image\/\",\"url\":\"https:\/\/marienviertel.de\/kulturkreis\/wordpress\/wp-content\/uploads\/2015\/06\/Facebook-Logo-KK-2014.jpg\",\"contentUrl\":\"https:\/\/marienviertel.de\/kulturkreis\/wordpress\/wp-content\/uploads\/2015\/06\/Facebook-Logo-KK-2014.jpg\",\"width\":1045,\"height\":540,\"caption\":\"Kulturkreis St. Marien\"},\"image\":{\"@id\":\"https:\/\/marienviertel.de\/kulturkreis\/#\/schema\/logo\/image\/\"},\"sameAs\":[\"https:\/\/www.facebook.com\/Marienviertel\/\"]},{\"@type\":\"Person\",\"@id\":\"https:\/\/marienviertel.de\/kulturkreis\/#\/schema\/person\/5991f3ef2f6094b6ce15389027b8d7be\",\"name\":\"jotw\",\"image\":{\"@type\":\"ImageObject\",\"inLanguage\":\"de\",\"@id\":\"https:\/\/marienviertel.de\/kulturkreis\/#\/schema\/person\/image\/\",\"url\":\"https:\/\/secure.gravatar.com\/avatar\/f996f1ca35d6d13af46e8af8dc21f10fcdf6f690745c899b68b257dfffe92cd9?s=96&d=mm&r=g\",\"contentUrl\":\"https:\/\/secure.gravatar.com\/avatar\/f996f1ca35d6d13af46e8af8dc21f10fcdf6f690745c899b68b257dfffe92cd9?s=96&d=mm&r=g\",\"caption\":\"jotw\"},\"url\":\"https:\/\/marienviertel.de\/kulturkreis\/author\/admin\/\"}]}<\/script>\n<!-- \/ Yoast SEO plugin. -->","yoast_head_json":{"title":"26. Juni 2016: Duo Tango Tambien - HOME | Kulturkreis St. Marien","robots":{"index":"index","follow":"follow","max-snippet":"max-snippet:-1","max-image-preview":"max-image-preview:large","max-video-preview":"max-video-preview:-1"},"canonical":"https:\/\/marienviertel.de\/kulturkreis\/26-juni-2016-duo-tango-tambien\/","og_locale":"de_DE","og_type":"article","og_title":"26. Juni 2016: Duo Tango Tambien - HOME | Kulturkreis St. Marien","og_description":"&nbsp; Sie haben in Argentinien gespielt, im Landesjugendorchester Nordrhein-Westfalen und im Aachener Dom. Studiert haben sie klassische Musik, doch Annette Co\u00ealho und Andrea G\u00e9mes lie\u00dfen es dabei nicht bewenden. Beide entdeckten bald nach dem Studium ihre Liebe zum Tango, und was lag da n\u00e4her, als dieses Genre in ihr Repertoire aufzunehmen. Am Sonntagabend traten die &hellip; 26. Juni 2016: Duo Tango Tambien weiterlesen &rarr;","og_url":"https:\/\/marienviertel.de\/kulturkreis\/26-juni-2016-duo-tango-tambien\/","og_site_name":"HOME | Kulturkreis St. Marien","article_publisher":"https:\/\/www.facebook.com\/Marienviertel\/","article_published_time":"2016-06-27T23:50:51+00:00","article_modified_time":"2019-09-25T09:44:49+00:00","og_image":[{"url":"http:\/\/marienviertel.de\/kulturkreis\/wordpress\/wp-content\/uploads\/2016\/06\/Tango-Tambien-37.jpg","type":"","width":"","height":""}],"author":"jotw","twitter_card":"summary_large_image","twitter_misc":{"Verfasst von":"jotw","Gesch\u00e4tzte Lesezeit":"2\u00a0Minuten"},"schema":{"@context":"https:\/\/schema.org","@graph":[{"@type":"Article","@id":"https:\/\/marienviertel.de\/kulturkreis\/26-juni-2016-duo-tango-tambien\/#article","isPartOf":{"@id":"https:\/\/marienviertel.de\/kulturkreis\/26-juni-2016-duo-tango-tambien\/"},"author":{"name":"jotw","@id":"https:\/\/marienviertel.de\/kulturkreis\/#\/schema\/person\/5991f3ef2f6094b6ce15389027b8d7be"},"headline":"26. Juni 2016: Duo Tango Tambien","datePublished":"2016-06-27T23:50:51+00:00","dateModified":"2019-09-25T09:44:49+00:00","mainEntityOfPage":{"@id":"https:\/\/marienviertel.de\/kulturkreis\/26-juni-2016-duo-tango-tambien\/"},"wordCount":371,"commentCount":0,"publisher":{"@id":"https:\/\/marienviertel.de\/kulturkreis\/#organization"},"image":{"@id":"https:\/\/marienviertel.de\/kulturkreis\/26-juni-2016-duo-tango-tambien\/#primaryimage"},"thumbnailUrl":"http:\/\/marienviertel.de\/kulturkreis\/wordpress\/wp-content\/uploads\/2016\/06\/Tango-Tambien-37.jpg","keywords":["Co\u00ealho","Proff","Querfl\u00f6te","Tango-Tambien"],"articleSection":["R\u00fcckblicke"],"inLanguage":"de","potentialAction":[{"@type":"CommentAction","name":"Comment","target":["https:\/\/marienviertel.de\/kulturkreis\/26-juni-2016-duo-tango-tambien\/#respond"]}]},{"@type":"WebPage","@id":"https:\/\/marienviertel.de\/kulturkreis\/26-juni-2016-duo-tango-tambien\/","url":"https:\/\/marienviertel.de\/kulturkreis\/26-juni-2016-duo-tango-tambien\/","name":"26. Juni 2016: Duo Tango Tambien - HOME | Kulturkreis St. Marien","isPartOf":{"@id":"https:\/\/marienviertel.de\/kulturkreis\/#website"},"primaryImageOfPage":{"@id":"https:\/\/marienviertel.de\/kulturkreis\/26-juni-2016-duo-tango-tambien\/#primaryimage"},"image":{"@id":"https:\/\/marienviertel.de\/kulturkreis\/26-juni-2016-duo-tango-tambien\/#primaryimage"},"thumbnailUrl":"http:\/\/marienviertel.de\/kulturkreis\/wordpress\/wp-content\/uploads\/2016\/06\/Tango-Tambien-37.jpg","datePublished":"2016-06-27T23:50:51+00:00","dateModified":"2019-09-25T09:44:49+00:00","breadcrumb":{"@id":"https:\/\/marienviertel.de\/kulturkreis\/26-juni-2016-duo-tango-tambien\/#breadcrumb"},"inLanguage":"de","potentialAction":[{"@type":"ReadAction","target":["https:\/\/marienviertel.de\/kulturkreis\/26-juni-2016-duo-tango-tambien\/"]}]},{"@type":"ImageObject","inLanguage":"de","@id":"https:\/\/marienviertel.de\/kulturkreis\/26-juni-2016-duo-tango-tambien\/#primaryimage","url":"http:\/\/marienviertel.de\/kulturkreis\/wordpress\/wp-content\/uploads\/2016\/06\/Tango-Tambien-37.jpg","contentUrl":"http:\/\/marienviertel.de\/kulturkreis\/wordpress\/wp-content\/uploads\/2016\/06\/Tango-Tambien-37.jpg"},{"@type":"BreadcrumbList","@id":"https:\/\/marienviertel.de\/kulturkreis\/26-juni-2016-duo-tango-tambien\/#breadcrumb","itemListElement":[{"@type":"ListItem","position":1,"name":"Startseite","item":"https:\/\/marienviertel.de\/kulturkreis\/"},{"@type":"ListItem","position":2,"name":"26. Juni 2016: Duo Tango Tambien"}]},{"@type":"WebSite","@id":"https:\/\/marienviertel.de\/kulturkreis\/#website","url":"https:\/\/marienviertel.de\/kulturkreis\/","name":"HOME | Kulturkreis St. Marien","description":"Herzlich willkommen!","publisher":{"@id":"https:\/\/marienviertel.de\/kulturkreis\/#organization"},"potentialAction":[{"@type":"SearchAction","target":{"@type":"EntryPoint","urlTemplate":"https:\/\/marienviertel.de\/kulturkreis\/?s={search_term_string}"},"query-input":{"@type":"PropertyValueSpecification","valueRequired":true,"valueName":"search_term_string"}}],"inLanguage":"de"},{"@type":"Organization","@id":"https:\/\/marienviertel.de\/kulturkreis\/#organization","name":"Kulturkreis St. Marien","url":"https:\/\/marienviertel.de\/kulturkreis\/","logo":{"@type":"ImageObject","inLanguage":"de","@id":"https:\/\/marienviertel.de\/kulturkreis\/#\/schema\/logo\/image\/","url":"https:\/\/marienviertel.de\/kulturkreis\/wordpress\/wp-content\/uploads\/2015\/06\/Facebook-Logo-KK-2014.jpg","contentUrl":"https:\/\/marienviertel.de\/kulturkreis\/wordpress\/wp-content\/uploads\/2015\/06\/Facebook-Logo-KK-2014.jpg","width":1045,"height":540,"caption":"Kulturkreis St. Marien"},"image":{"@id":"https:\/\/marienviertel.de\/kulturkreis\/#\/schema\/logo\/image\/"},"sameAs":["https:\/\/www.facebook.com\/Marienviertel\/"]},{"@type":"Person","@id":"https:\/\/marienviertel.de\/kulturkreis\/#\/schema\/person\/5991f3ef2f6094b6ce15389027b8d7be","name":"jotw","image":{"@type":"ImageObject","inLanguage":"de","@id":"https:\/\/marienviertel.de\/kulturkreis\/#\/schema\/person\/image\/","url":"https:\/\/secure.gravatar.com\/avatar\/f996f1ca35d6d13af46e8af8dc21f10fcdf6f690745c899b68b257dfffe92cd9?s=96&d=mm&r=g","contentUrl":"https:\/\/secure.gravatar.com\/avatar\/f996f1ca35d6d13af46e8af8dc21f10fcdf6f690745c899b68b257dfffe92cd9?s=96&d=mm&r=g","caption":"jotw"},"url":"https:\/\/marienviertel.de\/kulturkreis\/author\/admin\/"}]}},"jetpack_publicize_connections":[],"cc_featured_image_caption":{"caption_text":"","source_text":"","source_url":""},"jetpack_featured_media_url":"","jetpack_sharing_enabled":true,"jetpack_shortlink":"https:\/\/wp.me\/p7zbXy-7n","_links":{"self":[{"href":"https:\/\/marienviertel.de\/kulturkreis\/wp-json\/wp\/v2\/posts\/457","targetHints":{"allow":["GET"]}}],"collection":[{"href":"https:\/\/marienviertel.de\/kulturkreis\/wp-json\/wp\/v2\/posts"}],"about":[{"href":"https:\/\/marienviertel.de\/kulturkreis\/wp-json\/wp\/v2\/types\/post"}],"author":[{"embeddable":true,"href":"https:\/\/marienviertel.de\/kulturkreis\/wp-json\/wp\/v2\/users\/2"}],"replies":[{"embeddable":true,"href":"https:\/\/marienviertel.de\/kulturkreis\/wp-json\/wp\/v2\/comments?post=457"}],"version-history":[{"count":7,"href":"https:\/\/marienviertel.de\/kulturkreis\/wp-json\/wp\/v2\/posts\/457\/revisions"}],"predecessor-version":[{"id":1559,"href":"https:\/\/marienviertel.de\/kulturkreis\/wp-json\/wp\/v2\/posts\/457\/revisions\/1559"}],"wp:attachment":[{"href":"https:\/\/marienviertel.de\/kulturkreis\/wp-json\/wp\/v2\/media?parent=457"}],"wp:term":[{"taxonomy":"category","embeddable":true,"href":"https:\/\/marienviertel.de\/kulturkreis\/wp-json\/wp\/v2\/categories?post=457"},{"taxonomy":"post_tag","embeddable":true,"href":"https:\/\/marienviertel.de\/kulturkreis\/wp-json\/wp\/v2\/tags?post=457"}],"curies":[{"name":"wp","href":"https:\/\/api.w.org\/{rel}","templated":true}]}}