{"id":215,"date":"2013-06-15T14:26:56","date_gmt":"2013-06-15T12:26:56","guid":{"rendered":"http:\/\/marienviertel.de\/kulturkreis\/?p=215"},"modified":"2019-02-27T21:42:35","modified_gmt":"2019-02-27T20:42:35","slug":"margot-kaessmann-sehnsucht-nach-leben","status":"publish","type":"post","link":"https:\/\/marienviertel.de\/kulturkreis\/margot-kaessmann-sehnsucht-nach-leben\/","title":{"rendered":"Margot K\u00e4\u00dfmann: &#8222;Sehnsucht nach Leben&#8220;"},"content":{"rendered":"<h3><span style=\"font-family: Arial;\">Konzert und Meditation mit Margot K\u00e4\u00dfmann und dem Blockfl\u00f6tisten Hans-J\u00fcrgen Hufeisen<\/span><\/h3>\n<p><a href=\"http:\/\/marienviertel.de\/kulturkreis\/wordpress\/wp-content\/uploads\/2015\/11\/Kaesmann.jpg\" target=\"_blank\" rel=\"noopener\"><img loading=\"lazy\" decoding=\"async\" class=\"alignnone wp-image-216 size-full\" src=\"http:\/\/marienviertel.de\/kulturkreis\/wordpress\/wp-content\/uploads\/2015\/11\/Kaesmann.jpg\" alt=\"Kaesmann\" width=\"680\" height=\"510\" srcset=\"https:\/\/marienviertel.de\/kulturkreis\/wordpress\/wp-content\/uploads\/2015\/11\/Kaesmann.jpg 680w, https:\/\/marienviertel.de\/kulturkreis\/wordpress\/wp-content\/uploads\/2015\/11\/Kaesmann-300x225.jpg 300w\" sizes=\"auto, (max-width: 680px) 100vw, 680px\" \/><\/a><br \/>\n14. Juni 2013, 20:00 Uhr<br \/>\nAula der Realschule am Nonnenkamp<br \/>\n(Wegen des erwarteten Teilnehmerinteresses mussten wir leider unseren gewohnten Veranstaltungsort, die Marienkirche, verlassen)<\/p>\n<p>Der Kulturkreis St. Marien mit der Sprecherin Ursula Bensch und Pfarrer Hofmann aus dem katholischen St. Marien freuen sich auf den Besuch der wohl bekanntesten evangelischen Theologin und sehen einem wichtigen Beitrag zur \u00d6kumene entgegen.<!--more--><\/p>\n<p>In der Konzertmeditation mit der Blockfl\u00f6tenbegleitung ihres langj\u00e4hrigen k\u00fcnstlerischen Partners Hans-J\u00fcrgen Hufeisen orientiert sie sich an ihrem aktuellen Buch \u201eSehnsucht nach Leben\u201c. Dort schreibt sie \u00fcber \u00fcber zw\u00f6lf grundlegende Sehns\u00fcchte: die Sehnsucht nach Liebe, nach Geborgenheit, nach Freiheit, nach Frieden. Das tiefe Verlangen nach einem Neuanfang, dem Loslassen-K\u00f6nnen. Den Wunsch, dass Gott uns einen Engel schickt; dass wir inmitten des Trubels Zeiten der Stille und Oasen des Lebens finden. Dass uns Trost geschenkt wird, wenn wir trauern. Und letztendlich die Grundsehnsucht, die hinter allem steht: Dass es einen Gott gibt, der uns durchs Leben begleitet, wohin wir auch gehen.<br \/>\nMargot K\u00e4\u00dfmann, die als hoch anerkannte Theologin und mitrei\u00dfende Predigerin wohl zu den bekanntesten Pers\u00f6nlichkeiten des Landes z\u00e4hlt, ist unserer Einladung nach Dorsten gefolgt. Sie pflegt seit langem eine k\u00fcnstlerische Zusammenarbeit mit dem Musiker und Komponisten Hans-J\u00fcrgen Hufeisen, der u.a. als virtuoser Blockfl\u00f6tenspieler ein kreativ schaffender, ein Multitalent ist.<br \/>\n\u201eOft sind es kleine Schritte, die uns auf den f\u00fcr unser Leben angemessenen Weg f\u00fchren und uns einem Leben in F\u00fclle immer n\u00e4her kommen lassen\u201c, ist die promovierte Theologin \u00fcberzeugt.<\/p>\n<hr \/>\n<p>&nbsp;<\/p>\n<p><strong>Die WAZ Dorsten schreibt dazu:<\/strong><\/p>\n<h3>K\u00e4\u00dfmann und die Virtuosit\u00e4t des Lebens<\/h3>\n<figure id=\"attachment_220\" aria-describedby=\"caption-attachment-220\" style=\"width: 616px\" class=\"wp-caption alignnone\"><a href=\"http:\/\/marienviertel.de\/kulturkreis\/wordpress\/wp-content\/uploads\/2015\/11\/Margot-Kaessmann-in-Dorsten-0-328-656x240.jpg\" target=\"_blank\" rel=\"noopener\"><img loading=\"lazy\" decoding=\"async\" class=\"wp-image-220 size-full\" src=\"http:\/\/marienviertel.de\/kulturkreis\/wordpress\/wp-content\/uploads\/2015\/11\/Margot-Kaessmann-in-Dorsten-0-328-656x240.jpg\" alt=\"Margot-Kaessmann-in-Dorsten-0-328-656x240\" width=\"616\" height=\"225\" srcset=\"https:\/\/marienviertel.de\/kulturkreis\/wordpress\/wp-content\/uploads\/2015\/11\/Margot-Kaessmann-in-Dorsten-0-328-656x240.jpg 616w, https:\/\/marienviertel.de\/kulturkreis\/wordpress\/wp-content\/uploads\/2015\/11\/Margot-Kaessmann-in-Dorsten-0-328-656x240-300x110.jpg 300w\" sizes=\"auto, (max-width: 616px) 100vw, 616px\" \/><\/a><figcaption id=\"caption-attachment-220\" class=\"wp-caption-text\">\u201eSehnsucht nach Leben\u201c war der Abend mit der wohl bekanntesten Protestantin Deutschlands, Margot K\u00e4\u00dfmann, in der Aula der St. Ursula-Realschule betitelt. Foto:Andr\u00e9 Elschenbroich<\/figcaption><\/figure>\n<p>Dorsten. Traum ausgetr\u00e4umt? Nicht f\u00fcr die wohl bekannteste Protestantin Deutschlands, Margot K\u00e4\u00dfmann. Die Theologin trat am vergangenen Freitagabend in der St. Ursula-Realschule mit der Konzertmeditation \u201eSehnsucht nach Leben\u201c auf. Gemeinsam mit Fl\u00f6tist Hans-J\u00fcrgen Hufeisen und Pianist Thomas Strau\u00df macht sie Menschen Mut. Auch wenn Gott alles sieht, was erst mal alles andere als Mut machend klingt.<\/p>\n<p>Morgens noch in Berlin, abends in Dorsten, tritt sie in schwarzem Rock und rotem Blazer auf die B\u00fchne. Die Aula ist ausverkauft. 686 Pl\u00e4tze. \u201eEs ist schon was Besonderes f\u00fcr uns\u201c, sagt Veranstalterin Ursula Bensch vom Kulturkreis St. Marien. \u201eIn die Kirche bekommen wir nicht so viele\u201c.<\/p>\n<p>K\u00e4\u00dfmann verdichtet Realit\u00e4t und Religion zu einem Geflecht. Sie beherrscht die Kunst sprachlicher Virtuosit\u00e4t, sagt: \u201eDie Sehnenden sind wie die Tr\u00e4umenden. Sie denken \u00fcber Grenzen hinaus. Sie malen Bilder, die \u00fcber die Wirklichkeit hinausgehen. Sie finden sich nicht ab mit der vermeintlich unver\u00e4nderbaren Realit\u00e4t. Dabei kann Sehnsucht eine ungeheure Kraft entfalten.\u201c<\/p>\n<p>Hinzu kommt die musikalische Untermalung auf Fl\u00f6te und Fl\u00fcgel. Virtuos und passend. Die Suche nach Gott ist mit Chaos verbunden, Sturm und Unruhe. Gleichzeitig mit Tiefe. Sehnsucht hat viele Facetten. Hier greift sie Beispiele aus grausamer Realit\u00e4t auf, von Suizid als einzige L\u00f6sung bis hin zur Loveparade-Katastrophe. Die Frage: \u201eWo war Gott, als das passierte?\u201c Schnell ist eine Leere sp\u00fcrbar, Sinnlosigkeit in all dem Leben. In der harten Wirklichkeit angekommen, schl\u00e4gt die Theologin jedes Mal den Bogen zu positiven Lebenserfahrungen bis hin zum Glauben und zu Gott.<\/p>\n<p>Stets mit sehr ernsten und leicht humoristischen Passagen aus ihrem eigenen Leben verkn\u00fcpft. Hufeisens diverse Fl\u00f6ten und der Fl\u00fcgel von Strau\u00df spiegeln die Texte wider, bauen das dramaturgische Element ein. Religi\u00f6s und frei interpretiert. Filigrane, fl\u00fcsternde Fl\u00f6tenkl\u00e4nge ert\u00f6nen aus Hufeisens Instrumenten. Fast ein trippelndes Auf und Ab \u00fcberraschender Momente. So ist das \u201eS\u00e4useln\u201c Gottes in der Musik h\u00f6rbar. Das Publikum applaudiert zwischendurch spontan.<\/p>\n<p>Der Lembecker Zuschauer Werner Kossin bringt es auf den Punkt: \u201eSie vermittelt Inhalte. Religi\u00f6s und lebensnah\u201c. Seine Frau Ingrid stimmt ihm zu und erg\u00e4nzt: \u201eIch finde, sie ist eine beeindruckende und engagierte Frau\u201c. Wie das Ehepaar wollten manche G\u00e4ste die Autorin sicher auch ein St\u00fcck weit kennenlernen, einen Einblick in ihr Wirken bekommen. Der ein oder andere entdeckt vielleicht ein wenig von sich selbst in den Worten der Predigerin zwischen Schaffen und Ruhen. Sch\u00f6n verpackt. Vereinzelt schlie\u00dfen Zuh\u00f6rer ihre Augen, um sich ganz auf die Inhalte zu konzentrieren und die tiefe Botschaft zu verinnerlichen: \u201eSehnsucht stellt die Frage nach dem Sinn meines Lebens, nach dem, was mich im tiefsten Inneren bewegt. Deshalb ist Sehnsucht auch eine so kreative Kraft, selbst da, wo sie bel\u00e4chelt wird.\u201c<\/p>\n<p>Margot K\u00e4\u00dfmann hat nachgerechnet, dass jeder B\u00fcrger in der Ablenkungsgesellschaft im Durchschnitt 11,6 Lebensjahre vor dem Fernseher verbringt. Die wenigsten werden es dem lieben Gott am Ende ihres Lebens beichten wollen. Die Mutter von vier Kindern h\u00e4lt auch f\u00fcr sich fest: \u201eDas f\u00e4nde ich unangenehm\u201c. Da stellt sich die Frage: \u201eWo bleibe ich in all dem?\u201c Es sind Grundfragen, die nach Antworten verlangen. Im Laufe der Zeit schl\u00e4gt die 55-J\u00e4hrige verschiedene Kapitel zur Sehnsucht auf &#8211; zwischen Trost und Tr\u00e4umen. Denn: \u201eWer tr\u00e4umt malt Bilder von einer anderen Zukunft\u201c.<\/p>\n<p>Marie-Therese Gewert<\/p>\n","protected":false},"excerpt":{"rendered":"<p>Konzert und Meditation mit Margot K\u00e4\u00dfmann und dem Blockfl\u00f6tisten Hans-J\u00fcrgen Hufeisen 14. Juni 2013, 20:00 Uhr Aula der Realschule am Nonnenkamp (Wegen des erwarteten Teilnehmerinteresses mussten wir leider unseren gewohnten Veranstaltungsort, die Marienkirche, verlassen) Der Kulturkreis St. Marien mit der Sprecherin Ursula Bensch und Pfarrer Hofmann aus dem katholischen St. Marien freuen sich auf den &hellip; <a href=\"https:\/\/marienviertel.de\/kulturkreis\/margot-kaessmann-sehnsucht-nach-leben\/\" class=\"more-link\"><span class=\"screen-reader-text\">Margot K\u00e4\u00dfmann: &#8222;Sehnsucht nach Leben&#8220;<\/span> weiterlesen <span class=\"meta-nav\">&rarr;<\/span><\/a><\/p>\n","protected":false},"author":2,"featured_media":0,"comment_status":"open","ping_status":"open","sticky":false,"template":"","format":"standard","meta":{"jetpack_post_was_ever_published":false,"_jetpack_newsletter_access":"","_jetpack_dont_email_post_to_subs":false,"_jetpack_newsletter_tier_id":0,"_jetpack_memberships_contains_paywalled_content":false,"_jetpack_memberships_contains_paid_content":false,"footnotes":"","jetpack_publicize_message":"","jetpack_publicize_feature_enabled":true,"jetpack_social_post_already_shared":false,"jetpack_social_options":{"image_generator_settings":{"template":"highway","default_image_id":0,"font":"","enabled":false},"version":2}},"categories":[4],"tags":[48,49],"class_list":["post-215","post","type-post","status-publish","format-standard","hentry","category-rueckblicke","tag-kaessmann","tag-sehnsucht"],"yoast_head":"<!-- This site is optimized with the Yoast SEO plugin v26.7 - https:\/\/yoast.com\/wordpress\/plugins\/seo\/ -->\n<title>Margot K\u00e4\u00dfmann: &quot;Sehnsucht nach Leben&quot; - HOME | Kulturkreis St. Marien<\/title>\n<meta name=\"robots\" content=\"index, follow, max-snippet:-1, max-image-preview:large, max-video-preview:-1\" \/>\n<link rel=\"canonical\" href=\"https:\/\/marienviertel.de\/kulturkreis\/margot-kaessmann-sehnsucht-nach-leben\/\" \/>\n<meta property=\"og:locale\" content=\"de_DE\" \/>\n<meta property=\"og:type\" content=\"article\" \/>\n<meta property=\"og:title\" content=\"Margot K\u00e4\u00dfmann: &quot;Sehnsucht nach Leben&quot; - HOME | Kulturkreis St. Marien\" \/>\n<meta property=\"og:description\" content=\"Konzert und Meditation mit Margot K\u00e4\u00dfmann und dem Blockfl\u00f6tisten Hans-J\u00fcrgen Hufeisen 14. Juni 2013, 20:00 Uhr Aula der Realschule am Nonnenkamp (Wegen des erwarteten Teilnehmerinteresses mussten wir leider unseren gewohnten Veranstaltungsort, die Marienkirche, verlassen) Der Kulturkreis St. Marien mit der Sprecherin Ursula Bensch und Pfarrer Hofmann aus dem katholischen St. Marien freuen sich auf den &hellip; Margot K\u00e4\u00dfmann: &#8222;Sehnsucht nach Leben&#8220; weiterlesen &rarr;\" \/>\n<meta property=\"og:url\" content=\"https:\/\/marienviertel.de\/kulturkreis\/margot-kaessmann-sehnsucht-nach-leben\/\" \/>\n<meta property=\"og:site_name\" content=\"HOME | Kulturkreis St. Marien\" \/>\n<meta property=\"article:publisher\" content=\"https:\/\/www.facebook.com\/Marienviertel\/\" \/>\n<meta property=\"article:published_time\" content=\"2013-06-15T12:26:56+00:00\" \/>\n<meta property=\"article:modified_time\" content=\"2019-02-27T20:42:35+00:00\" \/>\n<meta property=\"og:image\" content=\"http:\/\/marienviertel.de\/kulturkreis\/wordpress\/wp-content\/uploads\/2015\/11\/Kaesmann.jpg\" \/>\n<meta name=\"author\" content=\"jotw\" \/>\n<meta name=\"twitter:card\" content=\"summary_large_image\" \/>\n<meta name=\"twitter:label1\" content=\"Verfasst von\" \/>\n\t<meta name=\"twitter:data1\" content=\"jotw\" \/>\n\t<meta name=\"twitter:label2\" content=\"Gesch\u00e4tzte Lesezeit\" \/>\n\t<meta name=\"twitter:data2\" content=\"4\u00a0Minuten\" \/>\n<script type=\"application\/ld+json\" class=\"yoast-schema-graph\">{\"@context\":\"https:\/\/schema.org\",\"@graph\":[{\"@type\":\"Article\",\"@id\":\"https:\/\/marienviertel.de\/kulturkreis\/margot-kaessmann-sehnsucht-nach-leben\/#article\",\"isPartOf\":{\"@id\":\"https:\/\/marienviertel.de\/kulturkreis\/margot-kaessmann-sehnsucht-nach-leben\/\"},\"author\":{\"name\":\"jotw\",\"@id\":\"https:\/\/marienviertel.de\/kulturkreis\/#\/schema\/person\/5991f3ef2f6094b6ce15389027b8d7be\"},\"headline\":\"Margot K\u00e4\u00dfmann: &#8222;Sehnsucht nach Leben&#8220;\",\"datePublished\":\"2013-06-15T12:26:56+00:00\",\"dateModified\":\"2019-02-27T20:42:35+00:00\",\"mainEntityOfPage\":{\"@id\":\"https:\/\/marienviertel.de\/kulturkreis\/margot-kaessmann-sehnsucht-nach-leben\/\"},\"wordCount\":883,\"commentCount\":0,\"publisher\":{\"@id\":\"https:\/\/marienviertel.de\/kulturkreis\/#organization\"},\"image\":{\"@id\":\"https:\/\/marienviertel.de\/kulturkreis\/margot-kaessmann-sehnsucht-nach-leben\/#primaryimage\"},\"thumbnailUrl\":\"http:\/\/marienviertel.de\/kulturkreis\/wordpress\/wp-content\/uploads\/2015\/11\/Kaesmann.jpg\",\"keywords\":[\"Margot K\u00e4\u00dfmann\",\"Sehnsucht\"],\"articleSection\":[\"R\u00fcckblicke\"],\"inLanguage\":\"de\",\"potentialAction\":[{\"@type\":\"CommentAction\",\"name\":\"Comment\",\"target\":[\"https:\/\/marienviertel.de\/kulturkreis\/margot-kaessmann-sehnsucht-nach-leben\/#respond\"]}]},{\"@type\":\"WebPage\",\"@id\":\"https:\/\/marienviertel.de\/kulturkreis\/margot-kaessmann-sehnsucht-nach-leben\/\",\"url\":\"https:\/\/marienviertel.de\/kulturkreis\/margot-kaessmann-sehnsucht-nach-leben\/\",\"name\":\"Margot K\u00e4\u00dfmann: \\\"Sehnsucht nach Leben\\\" - HOME | Kulturkreis St. Marien\",\"isPartOf\":{\"@id\":\"https:\/\/marienviertel.de\/kulturkreis\/#website\"},\"primaryImageOfPage\":{\"@id\":\"https:\/\/marienviertel.de\/kulturkreis\/margot-kaessmann-sehnsucht-nach-leben\/#primaryimage\"},\"image\":{\"@id\":\"https:\/\/marienviertel.de\/kulturkreis\/margot-kaessmann-sehnsucht-nach-leben\/#primaryimage\"},\"thumbnailUrl\":\"http:\/\/marienviertel.de\/kulturkreis\/wordpress\/wp-content\/uploads\/2015\/11\/Kaesmann.jpg\",\"datePublished\":\"2013-06-15T12:26:56+00:00\",\"dateModified\":\"2019-02-27T20:42:35+00:00\",\"breadcrumb\":{\"@id\":\"https:\/\/marienviertel.de\/kulturkreis\/margot-kaessmann-sehnsucht-nach-leben\/#breadcrumb\"},\"inLanguage\":\"de\",\"potentialAction\":[{\"@type\":\"ReadAction\",\"target\":[\"https:\/\/marienviertel.de\/kulturkreis\/margot-kaessmann-sehnsucht-nach-leben\/\"]}]},{\"@type\":\"ImageObject\",\"inLanguage\":\"de\",\"@id\":\"https:\/\/marienviertel.de\/kulturkreis\/margot-kaessmann-sehnsucht-nach-leben\/#primaryimage\",\"url\":\"http:\/\/marienviertel.de\/kulturkreis\/wordpress\/wp-content\/uploads\/2015\/11\/Kaesmann.jpg\",\"contentUrl\":\"http:\/\/marienviertel.de\/kulturkreis\/wordpress\/wp-content\/uploads\/2015\/11\/Kaesmann.jpg\"},{\"@type\":\"BreadcrumbList\",\"@id\":\"https:\/\/marienviertel.de\/kulturkreis\/margot-kaessmann-sehnsucht-nach-leben\/#breadcrumb\",\"itemListElement\":[{\"@type\":\"ListItem\",\"position\":1,\"name\":\"Startseite\",\"item\":\"https:\/\/marienviertel.de\/kulturkreis\/\"},{\"@type\":\"ListItem\",\"position\":2,\"name\":\"Margot K\u00e4\u00dfmann: &#8222;Sehnsucht nach Leben&#8220;\"}]},{\"@type\":\"WebSite\",\"@id\":\"https:\/\/marienviertel.de\/kulturkreis\/#website\",\"url\":\"https:\/\/marienviertel.de\/kulturkreis\/\",\"name\":\"HOME | Kulturkreis St. Marien\",\"description\":\"Herzlich willkommen!\",\"publisher\":{\"@id\":\"https:\/\/marienviertel.de\/kulturkreis\/#organization\"},\"potentialAction\":[{\"@type\":\"SearchAction\",\"target\":{\"@type\":\"EntryPoint\",\"urlTemplate\":\"https:\/\/marienviertel.de\/kulturkreis\/?s={search_term_string}\"},\"query-input\":{\"@type\":\"PropertyValueSpecification\",\"valueRequired\":true,\"valueName\":\"search_term_string\"}}],\"inLanguage\":\"de\"},{\"@type\":\"Organization\",\"@id\":\"https:\/\/marienviertel.de\/kulturkreis\/#organization\",\"name\":\"Kulturkreis St. Marien\",\"url\":\"https:\/\/marienviertel.de\/kulturkreis\/\",\"logo\":{\"@type\":\"ImageObject\",\"inLanguage\":\"de\",\"@id\":\"https:\/\/marienviertel.de\/kulturkreis\/#\/schema\/logo\/image\/\",\"url\":\"https:\/\/marienviertel.de\/kulturkreis\/wordpress\/wp-content\/uploads\/2015\/06\/Facebook-Logo-KK-2014.jpg\",\"contentUrl\":\"https:\/\/marienviertel.de\/kulturkreis\/wordpress\/wp-content\/uploads\/2015\/06\/Facebook-Logo-KK-2014.jpg\",\"width\":1045,\"height\":540,\"caption\":\"Kulturkreis St. Marien\"},\"image\":{\"@id\":\"https:\/\/marienviertel.de\/kulturkreis\/#\/schema\/logo\/image\/\"},\"sameAs\":[\"https:\/\/www.facebook.com\/Marienviertel\/\"]},{\"@type\":\"Person\",\"@id\":\"https:\/\/marienviertel.de\/kulturkreis\/#\/schema\/person\/5991f3ef2f6094b6ce15389027b8d7be\",\"name\":\"jotw\",\"image\":{\"@type\":\"ImageObject\",\"inLanguage\":\"de\",\"@id\":\"https:\/\/marienviertel.de\/kulturkreis\/#\/schema\/person\/image\/\",\"url\":\"https:\/\/secure.gravatar.com\/avatar\/f996f1ca35d6d13af46e8af8dc21f10fcdf6f690745c899b68b257dfffe92cd9?s=96&d=mm&r=g\",\"contentUrl\":\"https:\/\/secure.gravatar.com\/avatar\/f996f1ca35d6d13af46e8af8dc21f10fcdf6f690745c899b68b257dfffe92cd9?s=96&d=mm&r=g\",\"caption\":\"jotw\"},\"url\":\"https:\/\/marienviertel.de\/kulturkreis\/author\/admin\/\"}]}<\/script>\n<!-- \/ Yoast SEO plugin. -->","yoast_head_json":{"title":"Margot K\u00e4\u00dfmann: \"Sehnsucht nach Leben\" - HOME | Kulturkreis St. Marien","robots":{"index":"index","follow":"follow","max-snippet":"max-snippet:-1","max-image-preview":"max-image-preview:large","max-video-preview":"max-video-preview:-1"},"canonical":"https:\/\/marienviertel.de\/kulturkreis\/margot-kaessmann-sehnsucht-nach-leben\/","og_locale":"de_DE","og_type":"article","og_title":"Margot K\u00e4\u00dfmann: \"Sehnsucht nach Leben\" - HOME | Kulturkreis St. Marien","og_description":"Konzert und Meditation mit Margot K\u00e4\u00dfmann und dem Blockfl\u00f6tisten Hans-J\u00fcrgen Hufeisen 14. Juni 2013, 20:00 Uhr Aula der Realschule am Nonnenkamp (Wegen des erwarteten Teilnehmerinteresses mussten wir leider unseren gewohnten Veranstaltungsort, die Marienkirche, verlassen) Der Kulturkreis St. Marien mit der Sprecherin Ursula Bensch und Pfarrer Hofmann aus dem katholischen St. Marien freuen sich auf den &hellip; Margot K\u00e4\u00dfmann: &#8222;Sehnsucht nach Leben&#8220; weiterlesen &rarr;","og_url":"https:\/\/marienviertel.de\/kulturkreis\/margot-kaessmann-sehnsucht-nach-leben\/","og_site_name":"HOME | Kulturkreis St. Marien","article_publisher":"https:\/\/www.facebook.com\/Marienviertel\/","article_published_time":"2013-06-15T12:26:56+00:00","article_modified_time":"2019-02-27T20:42:35+00:00","og_image":[{"url":"http:\/\/marienviertel.de\/kulturkreis\/wordpress\/wp-content\/uploads\/2015\/11\/Kaesmann.jpg","type":"","width":"","height":""}],"author":"jotw","twitter_card":"summary_large_image","twitter_misc":{"Verfasst von":"jotw","Gesch\u00e4tzte Lesezeit":"4\u00a0Minuten"},"schema":{"@context":"https:\/\/schema.org","@graph":[{"@type":"Article","@id":"https:\/\/marienviertel.de\/kulturkreis\/margot-kaessmann-sehnsucht-nach-leben\/#article","isPartOf":{"@id":"https:\/\/marienviertel.de\/kulturkreis\/margot-kaessmann-sehnsucht-nach-leben\/"},"author":{"name":"jotw","@id":"https:\/\/marienviertel.de\/kulturkreis\/#\/schema\/person\/5991f3ef2f6094b6ce15389027b8d7be"},"headline":"Margot K\u00e4\u00dfmann: &#8222;Sehnsucht nach Leben&#8220;","datePublished":"2013-06-15T12:26:56+00:00","dateModified":"2019-02-27T20:42:35+00:00","mainEntityOfPage":{"@id":"https:\/\/marienviertel.de\/kulturkreis\/margot-kaessmann-sehnsucht-nach-leben\/"},"wordCount":883,"commentCount":0,"publisher":{"@id":"https:\/\/marienviertel.de\/kulturkreis\/#organization"},"image":{"@id":"https:\/\/marienviertel.de\/kulturkreis\/margot-kaessmann-sehnsucht-nach-leben\/#primaryimage"},"thumbnailUrl":"http:\/\/marienviertel.de\/kulturkreis\/wordpress\/wp-content\/uploads\/2015\/11\/Kaesmann.jpg","keywords":["Margot K\u00e4\u00dfmann","Sehnsucht"],"articleSection":["R\u00fcckblicke"],"inLanguage":"de","potentialAction":[{"@type":"CommentAction","name":"Comment","target":["https:\/\/marienviertel.de\/kulturkreis\/margot-kaessmann-sehnsucht-nach-leben\/#respond"]}]},{"@type":"WebPage","@id":"https:\/\/marienviertel.de\/kulturkreis\/margot-kaessmann-sehnsucht-nach-leben\/","url":"https:\/\/marienviertel.de\/kulturkreis\/margot-kaessmann-sehnsucht-nach-leben\/","name":"Margot K\u00e4\u00dfmann: \"Sehnsucht nach Leben\" - HOME | Kulturkreis St. Marien","isPartOf":{"@id":"https:\/\/marienviertel.de\/kulturkreis\/#website"},"primaryImageOfPage":{"@id":"https:\/\/marienviertel.de\/kulturkreis\/margot-kaessmann-sehnsucht-nach-leben\/#primaryimage"},"image":{"@id":"https:\/\/marienviertel.de\/kulturkreis\/margot-kaessmann-sehnsucht-nach-leben\/#primaryimage"},"thumbnailUrl":"http:\/\/marienviertel.de\/kulturkreis\/wordpress\/wp-content\/uploads\/2015\/11\/Kaesmann.jpg","datePublished":"2013-06-15T12:26:56+00:00","dateModified":"2019-02-27T20:42:35+00:00","breadcrumb":{"@id":"https:\/\/marienviertel.de\/kulturkreis\/margot-kaessmann-sehnsucht-nach-leben\/#breadcrumb"},"inLanguage":"de","potentialAction":[{"@type":"ReadAction","target":["https:\/\/marienviertel.de\/kulturkreis\/margot-kaessmann-sehnsucht-nach-leben\/"]}]},{"@type":"ImageObject","inLanguage":"de","@id":"https:\/\/marienviertel.de\/kulturkreis\/margot-kaessmann-sehnsucht-nach-leben\/#primaryimage","url":"http:\/\/marienviertel.de\/kulturkreis\/wordpress\/wp-content\/uploads\/2015\/11\/Kaesmann.jpg","contentUrl":"http:\/\/marienviertel.de\/kulturkreis\/wordpress\/wp-content\/uploads\/2015\/11\/Kaesmann.jpg"},{"@type":"BreadcrumbList","@id":"https:\/\/marienviertel.de\/kulturkreis\/margot-kaessmann-sehnsucht-nach-leben\/#breadcrumb","itemListElement":[{"@type":"ListItem","position":1,"name":"Startseite","item":"https:\/\/marienviertel.de\/kulturkreis\/"},{"@type":"ListItem","position":2,"name":"Margot K\u00e4\u00dfmann: &#8222;Sehnsucht nach Leben&#8220;"}]},{"@type":"WebSite","@id":"https:\/\/marienviertel.de\/kulturkreis\/#website","url":"https:\/\/marienviertel.de\/kulturkreis\/","name":"HOME | Kulturkreis St. Marien","description":"Herzlich willkommen!","publisher":{"@id":"https:\/\/marienviertel.de\/kulturkreis\/#organization"},"potentialAction":[{"@type":"SearchAction","target":{"@type":"EntryPoint","urlTemplate":"https:\/\/marienviertel.de\/kulturkreis\/?s={search_term_string}"},"query-input":{"@type":"PropertyValueSpecification","valueRequired":true,"valueName":"search_term_string"}}],"inLanguage":"de"},{"@type":"Organization","@id":"https:\/\/marienviertel.de\/kulturkreis\/#organization","name":"Kulturkreis St. Marien","url":"https:\/\/marienviertel.de\/kulturkreis\/","logo":{"@type":"ImageObject","inLanguage":"de","@id":"https:\/\/marienviertel.de\/kulturkreis\/#\/schema\/logo\/image\/","url":"https:\/\/marienviertel.de\/kulturkreis\/wordpress\/wp-content\/uploads\/2015\/06\/Facebook-Logo-KK-2014.jpg","contentUrl":"https:\/\/marienviertel.de\/kulturkreis\/wordpress\/wp-content\/uploads\/2015\/06\/Facebook-Logo-KK-2014.jpg","width":1045,"height":540,"caption":"Kulturkreis St. Marien"},"image":{"@id":"https:\/\/marienviertel.de\/kulturkreis\/#\/schema\/logo\/image\/"},"sameAs":["https:\/\/www.facebook.com\/Marienviertel\/"]},{"@type":"Person","@id":"https:\/\/marienviertel.de\/kulturkreis\/#\/schema\/person\/5991f3ef2f6094b6ce15389027b8d7be","name":"jotw","image":{"@type":"ImageObject","inLanguage":"de","@id":"https:\/\/marienviertel.de\/kulturkreis\/#\/schema\/person\/image\/","url":"https:\/\/secure.gravatar.com\/avatar\/f996f1ca35d6d13af46e8af8dc21f10fcdf6f690745c899b68b257dfffe92cd9?s=96&d=mm&r=g","contentUrl":"https:\/\/secure.gravatar.com\/avatar\/f996f1ca35d6d13af46e8af8dc21f10fcdf6f690745c899b68b257dfffe92cd9?s=96&d=mm&r=g","caption":"jotw"},"url":"https:\/\/marienviertel.de\/kulturkreis\/author\/admin\/"}]}},"jetpack_publicize_connections":[],"cc_featured_image_caption":{"caption_text":false,"source_text":false,"source_url":false},"jetpack_featured_media_url":"","jetpack_sharing_enabled":true,"jetpack_shortlink":"https:\/\/wp.me\/p7zbXy-3t","_links":{"self":[{"href":"https:\/\/marienviertel.de\/kulturkreis\/wp-json\/wp\/v2\/posts\/215","targetHints":{"allow":["GET"]}}],"collection":[{"href":"https:\/\/marienviertel.de\/kulturkreis\/wp-json\/wp\/v2\/posts"}],"about":[{"href":"https:\/\/marienviertel.de\/kulturkreis\/wp-json\/wp\/v2\/types\/post"}],"author":[{"embeddable":true,"href":"https:\/\/marienviertel.de\/kulturkreis\/wp-json\/wp\/v2\/users\/2"}],"replies":[{"embeddable":true,"href":"https:\/\/marienviertel.de\/kulturkreis\/wp-json\/wp\/v2\/comments?post=215"}],"version-history":[{"count":7,"href":"https:\/\/marienviertel.de\/kulturkreis\/wp-json\/wp\/v2\/posts\/215\/revisions"}],"predecessor-version":[{"id":1268,"href":"https:\/\/marienviertel.de\/kulturkreis\/wp-json\/wp\/v2\/posts\/215\/revisions\/1268"}],"wp:attachment":[{"href":"https:\/\/marienviertel.de\/kulturkreis\/wp-json\/wp\/v2\/media?parent=215"}],"wp:term":[{"taxonomy":"category","embeddable":true,"href":"https:\/\/marienviertel.de\/kulturkreis\/wp-json\/wp\/v2\/categories?post=215"},{"taxonomy":"post_tag","embeddable":true,"href":"https:\/\/marienviertel.de\/kulturkreis\/wp-json\/wp\/v2\/tags?post=215"}],"curies":[{"name":"wp","href":"https:\/\/api.w.org\/{rel}","templated":true}]}}