{"id":2029,"date":"2021-12-20T23:53:41","date_gmt":"2021-12-20T22:53:41","guid":{"rendered":"https:\/\/marienviertel.de\/kulturkreis\/?p=2029"},"modified":"2021-12-21T01:53:11","modified_gmt":"2021-12-21T00:53:11","slug":"newsletter-zu-weihnachten-2021","status":"publish","type":"post","link":"https:\/\/marienviertel.de\/kulturkreis\/newsletter-zu-weihnachten-2021\/","title":{"rendered":"Newsletter zu Weihnachten 2021"},"content":{"rendered":"<p style=\"text-align: center;\"><span style=\"font-family: 'book antiqua', palatino, serif; font-size: 14pt;\">Erst das Miteinander <\/span><br \/>\n<span style=\"font-family: 'book antiqua', palatino, serif; font-size: 14pt;\">bringt den Reichtum des Menschseins zum Tragen. <\/span><br \/>\n<span style=\"font-family: 'book antiqua', palatino, serif; font-size: 14pt;\">Auf jeden Einzelnen kommt es an, <\/span><br \/>\n<span style=\"font-family: 'book antiqua', palatino, serif; font-size: 14pt;\">aber im Miteinander.<\/span><\/p>\n<p style=\"text-align: right;\"><span style=\"font-family: 'book antiqua', palatino, serif; font-size: 8pt;\">Dr. Notker Wolf OSB<br \/>\n<\/span><span style=\"font-family: 'book antiqua', palatino, serif; font-size: 8pt;\">200-2016 Abtprimas der benediktinischen Konf\u00f6deration (*1940)<\/span><\/p>\n<p>Liebe Freundinnen und Freunde des Kulturkreises St. Marien,<\/p>\n<p>das Kulturjahr in St Marien konnte 2021 wegen Corona nicht komplett stattfinden.\u00a0Dennoch hatten wir das Gl\u00fcck, von den geplanten Veranstaltungen zumindest drei in Marien stattfinden lassen zu k\u00f6nnen.<\/p>\n<figure id=\"attachment_1943\" aria-describedby=\"caption-attachment-1943\" style=\"width: 474px\" class=\"wp-caption alignnone\"><a href=\"https:\/\/marienviertel.de\/kulturkreis\/wordpress\/wp-content\/uploads\/2021\/08\/DSC03545a.jpg\" target=\"_blank\" rel=\"noopener\"><img loading=\"lazy\" decoding=\"async\" class=\"wp-image-1943 size-large\" src=\"https:\/\/marienviertel.de\/kulturkreis\/wordpress\/wp-content\/uploads\/2021\/08\/DSC03545a-1024x718.jpg\" alt=\"\" width=\"474\" height=\"332\" srcset=\"https:\/\/marienviertel.de\/kulturkreis\/wordpress\/wp-content\/uploads\/2021\/08\/DSC03545a-1024x718.jpg 1024w, https:\/\/marienviertel.de\/kulturkreis\/wordpress\/wp-content\/uploads\/2021\/08\/DSC03545a-300x210.jpg 300w, https:\/\/marienviertel.de\/kulturkreis\/wordpress\/wp-content\/uploads\/2021\/08\/DSC03545a-768x538.jpg 768w, https:\/\/marienviertel.de\/kulturkreis\/wordpress\/wp-content\/uploads\/2021\/08\/DSC03545a-1536x1076.jpg 1536w, https:\/\/marienviertel.de\/kulturkreis\/wordpress\/wp-content\/uploads\/2021\/08\/DSC03545a-2048x1435.jpg 2048w\" sizes=\"auto, (max-width: 474px) 100vw, 474px\" \/><\/a><figcaption id=\"caption-attachment-1943\" class=\"wp-caption-text\">Jutta &amp; Thomas Wilbertz<\/figcaption><\/figure>\n<p>Am 29. August war die aus Dorsten stammende, in K\u00f6ln lebende Krimi-Autorin, S\u00e4ngerin und Musik-Kabarettistin Jutta Wilbertz zum 2. Mal bei uns zu Gast. Mit ihrem musikalischen Begleiter &amp; Ehemann Thomas zog sie mit neuen Geschichten und Songs die Zuschauer in ihren Bann. Die geplante Open Air Veranstaltung im Pfarrgarten musste kurzerhand wegen der Wetterlage ins Pfarrheim verlegt werden; das tat deiem rundherum wunderbaren und unterhaltsamen Nachmittag keinen Abbruch.<\/p>\n<p><a href=\"https:\/\/marienviertel.de\/kulturkreis\/wordpress\/wp-content\/uploads\/2021\/09\/IMG_0174-rotated.jpg\" target=\"_blank\" rel=\"noopener\"><img loading=\"lazy\" decoding=\"async\" class=\"alignnone wp-image-1971 size-large\" src=\"https:\/\/marienviertel.de\/kulturkreis\/wordpress\/wp-content\/uploads\/2021\/09\/IMG_0174-768x1024.jpg\" alt=\"\" width=\"474\" height=\"632\" srcset=\"https:\/\/marienviertel.de\/kulturkreis\/wordpress\/wp-content\/uploads\/2021\/09\/IMG_0174-768x1024.jpg 768w, https:\/\/marienviertel.de\/kulturkreis\/wordpress\/wp-content\/uploads\/2021\/09\/IMG_0174-225x300.jpg 225w, https:\/\/marienviertel.de\/kulturkreis\/wordpress\/wp-content\/uploads\/2021\/09\/IMG_0174-1152x1536.jpg 1152w, https:\/\/marienviertel.de\/kulturkreis\/wordpress\/wp-content\/uploads\/2021\/09\/IMG_0174-rotated.jpg 1512w\" sizes=\"auto, (max-width: 474px) 100vw, 474px\" \/><\/a><\/p>\n<p>Am 26. September konnten wir uns davon \u00fcberzeugen, dass die Klarinettistin Sabine Grofmeier virtuos und selbstbewusst die Grenzen der Genres \u2013 von Bach bis Benny Goodman \u2013 \u00fcberschreitet. Sie \u00fcberzeugte dabei nicht nur mit exzellenter Musikalit\u00e4t, sondern balancierte diese auch durch ihre versierte Vielseitigkeit faszinierend aus.<br \/>\nDass Ekatarina Shabanova nicht nur eine exzellente feinsinnige Kammermusikpartnerin von Sabine Grofmeier ist, konnte die Pianistin zart und fast zerbrechlich in Debussys \u201aClaire de Lune\u2018 und dann wiederum feurig virtuos in einer eigenen Bearbeitung von Mozarts \u201aRondo Alla Turca\u2018 pr\u00e4sentieren. Manche Zuschauer hatten Sorge, dass das alte Klavier in der Marienkirche unter den energischen Beanspruchungen der K\u00fcnstlerin schlapp macht.<\/p>\n<figure id=\"attachment_1999\" aria-describedby=\"caption-attachment-1999\" style=\"width: 474px\" class=\"wp-caption alignnone\"><a href=\"https:\/\/marienviertel.de\/kulturkreis\/wordpress\/wp-content\/uploads\/2021\/11\/2021-11-06-Stockhoff-254767140_3699896793568283_5938082133544249478_n.jpg\" target=\"_blank\" rel=\"noopener\"><img loading=\"lazy\" decoding=\"async\" class=\"wp-image-1999\" src=\"https:\/\/marienviertel.de\/kulturkreis\/wordpress\/wp-content\/uploads\/2021\/11\/2021-11-06-Stockhoff-254767140_3699896793568283_5938082133544249478_n.jpg\" alt=\"\" width=\"474\" height=\"356\" srcset=\"https:\/\/marienviertel.de\/kulturkreis\/wordpress\/wp-content\/uploads\/2021\/11\/2021-11-06-Stockhoff-254767140_3699896793568283_5938082133544249478_n.jpg 1000w, https:\/\/marienviertel.de\/kulturkreis\/wordpress\/wp-content\/uploads\/2021\/11\/2021-11-06-Stockhoff-254767140_3699896793568283_5938082133544249478_n-300x225.jpg 300w, https:\/\/marienviertel.de\/kulturkreis\/wordpress\/wp-content\/uploads\/2021\/11\/2021-11-06-Stockhoff-254767140_3699896793568283_5938082133544249478_n-768x576.jpg 768w\" sizes=\"auto, (max-width: 474px) 100vw, 474px\" \/><\/a><figcaption id=\"caption-attachment-1999\" class=\"wp-caption-text\">Foto: T. Stockhoff 2021<\/figcaption><\/figure>\n<p>Unfreiwillig und ungeplant: Als Abschluss-Konzert f\u00fcr 2021 genossen unsere G\u00e4ste am 06. November Monteverdis \u201aMarienvesper\u2018. Es war wieder eine wunderbare Auff\u00fchrung von \u201aconfido vocale &amp; camerata\u2019\u00a0 unter der Leitung von Wolfgang Endr\u00f6s.<\/p>\n<p>Das nachfolgend noch geplante Konzert des Folkwang Kammerorchesters konnte coronabedingt leider nicht mehr stattfinden.<\/p>\n<hr \/>\n<p>Herzlich\u00a0m\u00f6chte ich mich bei Ihnen allen f\u00fcr Ihre Treue zu uns, zum Kulturkreis St. Marien, bedanken.<br \/>\nWir haben im Kulturleben unserer Stadt wieder markante Zeichen gesetzt. Unsere meist freudvolle Arbeit ist sicherlich nicht vergebens gewesen.<\/p>\n<p>Die Begegnungen mit Ihnen, unseren lieben G\u00e4sten, sind immer erbaulich und erfrischend und es ist immer etwas Besonderes, wenn wir Sie begr\u00fc\u00dfen k\u00f6nnen.<\/p>\n<p>Ich w\u00fcnsche Ihnen und Ihren Familien ein gesegnetes Weihnachtsfest und viel Gesundheit im neuen Jahr.<\/p>\n<p>Vielleicht wird die Vorfreude auf unser <strong><a href=\"https:\/\/marienviertel.de\/kulturkreis\/category\/programm\/\">Programm-Angebot<\/a><\/strong> und der Genuss durch die 2022 hoffentlich stattfindenden Konzerte und Veranstaltungen uns alle entsch\u00e4digen.<\/p>\n<p>Mit freundlichen Gr\u00fc\u00dfen<\/p>\n<p>F\u00fcr den Kulturkreis St. Marien<\/p>\n<p>Ihre Ursula Bensch<br \/>\n(Sprecherin)<\/p>\n<p><em>Unser <strong><a href=\"https:\/\/marienviertel.de\/kulturkreis\/category\/programm\/\">Programm f\u00fcr 2022<\/a><\/strong> steckt noch in der Planung. Immer, wenn wir mehr wissen, aktualisieren wir zeitnah.<\/em><\/p>\n","protected":false},"excerpt":{"rendered":"<p>Erst das Miteinander bringt den Reichtum des Menschseins zum Tragen. Auf jeden Einzelnen kommt es an, aber im Miteinander. Dr. Notker Wolf OSB 200-2016 Abtprimas der benediktinischen Konf\u00f6deration (*1940) Liebe Freundinnen und Freunde des Kulturkreises St. Marien, das Kulturjahr in St Marien konnte 2021 wegen Corona nicht komplett stattfinden.\u00a0Dennoch hatten wir das Gl\u00fcck, von den &hellip; <a href=\"https:\/\/marienviertel.de\/kulturkreis\/newsletter-zu-weihnachten-2021\/\" class=\"more-link\"><span class=\"screen-reader-text\">Newsletter zu Weihnachten 2021<\/span> weiterlesen <span class=\"meta-nav\">&rarr;<\/span><\/a><\/p>\n","protected":false},"author":2,"featured_media":60,"comment_status":"open","ping_status":"open","sticky":false,"template":"","format":"standard","meta":{"jetpack_post_was_ever_published":false,"_jetpack_newsletter_access":"","_jetpack_dont_email_post_to_subs":false,"_jetpack_newsletter_tier_id":0,"_jetpack_memberships_contains_paywalled_content":false,"_jetpack_memberships_contains_paid_content":false,"footnotes":"","jetpack_publicize_message":"","jetpack_publicize_feature_enabled":true,"jetpack_social_post_already_shared":true,"jetpack_social_options":{"image_generator_settings":{"template":"highway","default_image_id":0,"font":"","enabled":false},"version":2}},"categories":[1],"tags":[],"class_list":["post-2029","post","type-post","status-publish","format-standard","has-post-thumbnail","hentry","category-allgemein"],"yoast_head":"<!-- This site is optimized with the Yoast SEO plugin v26.7 - https:\/\/yoast.com\/wordpress\/plugins\/seo\/ -->\n<title>Newsletter zu Weihnachten 2021 - HOME | Kulturkreis St. Marien<\/title>\n<meta name=\"robots\" content=\"index, follow, max-snippet:-1, max-image-preview:large, max-video-preview:-1\" \/>\n<link rel=\"canonical\" href=\"https:\/\/marienviertel.de\/kulturkreis\/newsletter-zu-weihnachten-2021\/\" \/>\n<meta property=\"og:locale\" content=\"de_DE\" \/>\n<meta property=\"og:type\" content=\"article\" \/>\n<meta property=\"og:title\" content=\"Newsletter zu Weihnachten 2021 - HOME | Kulturkreis St. Marien\" \/>\n<meta property=\"og:description\" content=\"Erst das Miteinander bringt den Reichtum des Menschseins zum Tragen. Auf jeden Einzelnen kommt es an, aber im Miteinander. Dr. Notker Wolf OSB 200-2016 Abtprimas der benediktinischen Konf\u00f6deration (*1940) Liebe Freundinnen und Freunde des Kulturkreises St. Marien, das Kulturjahr in St Marien konnte 2021 wegen Corona nicht komplett stattfinden.\u00a0Dennoch hatten wir das Gl\u00fcck, von den &hellip; Newsletter zu Weihnachten 2021 weiterlesen &rarr;\" \/>\n<meta property=\"og:url\" content=\"https:\/\/marienviertel.de\/kulturkreis\/newsletter-zu-weihnachten-2021\/\" \/>\n<meta property=\"og:site_name\" content=\"HOME | Kulturkreis St. Marien\" \/>\n<meta property=\"article:publisher\" content=\"https:\/\/www.facebook.com\/Marienviertel\/\" \/>\n<meta property=\"article:published_time\" content=\"2021-12-20T22:53:41+00:00\" \/>\n<meta property=\"article:modified_time\" content=\"2021-12-21T00:53:11+00:00\" \/>\n<meta property=\"og:image\" content=\"https:\/\/marienviertel.de\/kulturkreis\/wordpress\/wp-content\/uploads\/2015\/06\/Facebook-Logo-KK-2014.jpg\" \/>\n\t<meta property=\"og:image:width\" content=\"1045\" \/>\n\t<meta property=\"og:image:height\" content=\"540\" \/>\n\t<meta property=\"og:image:type\" content=\"image\/jpeg\" \/>\n<meta name=\"author\" content=\"jotw\" \/>\n<meta name=\"twitter:card\" content=\"summary_large_image\" \/>\n<meta name=\"twitter:label1\" content=\"Verfasst von\" \/>\n\t<meta name=\"twitter:data1\" content=\"jotw\" \/>\n\t<meta name=\"twitter:label2\" content=\"Gesch\u00e4tzte Lesezeit\" \/>\n\t<meta name=\"twitter:data2\" content=\"3\u00a0Minuten\" \/>\n<script type=\"application\/ld+json\" class=\"yoast-schema-graph\">{\"@context\":\"https:\/\/schema.org\",\"@graph\":[{\"@type\":\"Article\",\"@id\":\"https:\/\/marienviertel.de\/kulturkreis\/newsletter-zu-weihnachten-2021\/#article\",\"isPartOf\":{\"@id\":\"https:\/\/marienviertel.de\/kulturkreis\/newsletter-zu-weihnachten-2021\/\"},\"author\":{\"name\":\"jotw\",\"@id\":\"https:\/\/marienviertel.de\/kulturkreis\/#\/schema\/person\/5991f3ef2f6094b6ce15389027b8d7be\"},\"headline\":\"Newsletter zu Weihnachten 2021\",\"datePublished\":\"2021-12-20T22:53:41+00:00\",\"dateModified\":\"2021-12-21T00:53:11+00:00\",\"mainEntityOfPage\":{\"@id\":\"https:\/\/marienviertel.de\/kulturkreis\/newsletter-zu-weihnachten-2021\/\"},\"wordCount\":445,\"commentCount\":0,\"publisher\":{\"@id\":\"https:\/\/marienviertel.de\/kulturkreis\/#organization\"},\"image\":{\"@id\":\"https:\/\/marienviertel.de\/kulturkreis\/newsletter-zu-weihnachten-2021\/#primaryimage\"},\"thumbnailUrl\":\"https:\/\/marienviertel.de\/kulturkreis\/wordpress\/wp-content\/uploads\/2015\/06\/Facebook-Logo-KK-2014.jpg\",\"articleSection\":[\"Aktuelles\"],\"inLanguage\":\"de\",\"potentialAction\":[{\"@type\":\"CommentAction\",\"name\":\"Comment\",\"target\":[\"https:\/\/marienviertel.de\/kulturkreis\/newsletter-zu-weihnachten-2021\/#respond\"]}]},{\"@type\":\"WebPage\",\"@id\":\"https:\/\/marienviertel.de\/kulturkreis\/newsletter-zu-weihnachten-2021\/\",\"url\":\"https:\/\/marienviertel.de\/kulturkreis\/newsletter-zu-weihnachten-2021\/\",\"name\":\"Newsletter zu Weihnachten 2021 - HOME | Kulturkreis St. Marien\",\"isPartOf\":{\"@id\":\"https:\/\/marienviertel.de\/kulturkreis\/#website\"},\"primaryImageOfPage\":{\"@id\":\"https:\/\/marienviertel.de\/kulturkreis\/newsletter-zu-weihnachten-2021\/#primaryimage\"},\"image\":{\"@id\":\"https:\/\/marienviertel.de\/kulturkreis\/newsletter-zu-weihnachten-2021\/#primaryimage\"},\"thumbnailUrl\":\"https:\/\/marienviertel.de\/kulturkreis\/wordpress\/wp-content\/uploads\/2015\/06\/Facebook-Logo-KK-2014.jpg\",\"datePublished\":\"2021-12-20T22:53:41+00:00\",\"dateModified\":\"2021-12-21T00:53:11+00:00\",\"breadcrumb\":{\"@id\":\"https:\/\/marienviertel.de\/kulturkreis\/newsletter-zu-weihnachten-2021\/#breadcrumb\"},\"inLanguage\":\"de\",\"potentialAction\":[{\"@type\":\"ReadAction\",\"target\":[\"https:\/\/marienviertel.de\/kulturkreis\/newsletter-zu-weihnachten-2021\/\"]}]},{\"@type\":\"ImageObject\",\"inLanguage\":\"de\",\"@id\":\"https:\/\/marienviertel.de\/kulturkreis\/newsletter-zu-weihnachten-2021\/#primaryimage\",\"url\":\"https:\/\/marienviertel.de\/kulturkreis\/wordpress\/wp-content\/uploads\/2015\/06\/Facebook-Logo-KK-2014.jpg\",\"contentUrl\":\"https:\/\/marienviertel.de\/kulturkreis\/wordpress\/wp-content\/uploads\/2015\/06\/Facebook-Logo-KK-2014.jpg\",\"width\":1045,\"height\":540},{\"@type\":\"BreadcrumbList\",\"@id\":\"https:\/\/marienviertel.de\/kulturkreis\/newsletter-zu-weihnachten-2021\/#breadcrumb\",\"itemListElement\":[{\"@type\":\"ListItem\",\"position\":1,\"name\":\"Startseite\",\"item\":\"https:\/\/marienviertel.de\/kulturkreis\/\"},{\"@type\":\"ListItem\",\"position\":2,\"name\":\"Newsletter zu Weihnachten 2021\"}]},{\"@type\":\"WebSite\",\"@id\":\"https:\/\/marienviertel.de\/kulturkreis\/#website\",\"url\":\"https:\/\/marienviertel.de\/kulturkreis\/\",\"name\":\"HOME | Kulturkreis St. Marien\",\"description\":\"Herzlich willkommen!\",\"publisher\":{\"@id\":\"https:\/\/marienviertel.de\/kulturkreis\/#organization\"},\"potentialAction\":[{\"@type\":\"SearchAction\",\"target\":{\"@type\":\"EntryPoint\",\"urlTemplate\":\"https:\/\/marienviertel.de\/kulturkreis\/?s={search_term_string}\"},\"query-input\":{\"@type\":\"PropertyValueSpecification\",\"valueRequired\":true,\"valueName\":\"search_term_string\"}}],\"inLanguage\":\"de\"},{\"@type\":\"Organization\",\"@id\":\"https:\/\/marienviertel.de\/kulturkreis\/#organization\",\"name\":\"Kulturkreis St. Marien\",\"url\":\"https:\/\/marienviertel.de\/kulturkreis\/\",\"logo\":{\"@type\":\"ImageObject\",\"inLanguage\":\"de\",\"@id\":\"https:\/\/marienviertel.de\/kulturkreis\/#\/schema\/logo\/image\/\",\"url\":\"https:\/\/marienviertel.de\/kulturkreis\/wordpress\/wp-content\/uploads\/2015\/06\/Facebook-Logo-KK-2014.jpg\",\"contentUrl\":\"https:\/\/marienviertel.de\/kulturkreis\/wordpress\/wp-content\/uploads\/2015\/06\/Facebook-Logo-KK-2014.jpg\",\"width\":1045,\"height\":540,\"caption\":\"Kulturkreis St. Marien\"},\"image\":{\"@id\":\"https:\/\/marienviertel.de\/kulturkreis\/#\/schema\/logo\/image\/\"},\"sameAs\":[\"https:\/\/www.facebook.com\/Marienviertel\/\"]},{\"@type\":\"Person\",\"@id\":\"https:\/\/marienviertel.de\/kulturkreis\/#\/schema\/person\/5991f3ef2f6094b6ce15389027b8d7be\",\"name\":\"jotw\",\"image\":{\"@type\":\"ImageObject\",\"inLanguage\":\"de\",\"@id\":\"https:\/\/marienviertel.de\/kulturkreis\/#\/schema\/person\/image\/\",\"url\":\"https:\/\/secure.gravatar.com\/avatar\/f996f1ca35d6d13af46e8af8dc21f10fcdf6f690745c899b68b257dfffe92cd9?s=96&d=mm&r=g\",\"contentUrl\":\"https:\/\/secure.gravatar.com\/avatar\/f996f1ca35d6d13af46e8af8dc21f10fcdf6f690745c899b68b257dfffe92cd9?s=96&d=mm&r=g\",\"caption\":\"jotw\"},\"url\":\"https:\/\/marienviertel.de\/kulturkreis\/author\/admin\/\"}]}<\/script>\n<!-- \/ Yoast SEO plugin. -->","yoast_head_json":{"title":"Newsletter zu Weihnachten 2021 - HOME | Kulturkreis St. Marien","robots":{"index":"index","follow":"follow","max-snippet":"max-snippet:-1","max-image-preview":"max-image-preview:large","max-video-preview":"max-video-preview:-1"},"canonical":"https:\/\/marienviertel.de\/kulturkreis\/newsletter-zu-weihnachten-2021\/","og_locale":"de_DE","og_type":"article","og_title":"Newsletter zu Weihnachten 2021 - HOME | Kulturkreis St. Marien","og_description":"Erst das Miteinander bringt den Reichtum des Menschseins zum Tragen. Auf jeden Einzelnen kommt es an, aber im Miteinander. Dr. Notker Wolf OSB 200-2016 Abtprimas der benediktinischen Konf\u00f6deration (*1940) Liebe Freundinnen und Freunde des Kulturkreises St. Marien, das Kulturjahr in St Marien konnte 2021 wegen Corona nicht komplett stattfinden.\u00a0Dennoch hatten wir das Gl\u00fcck, von den &hellip; Newsletter zu Weihnachten 2021 weiterlesen &rarr;","og_url":"https:\/\/marienviertel.de\/kulturkreis\/newsletter-zu-weihnachten-2021\/","og_site_name":"HOME | Kulturkreis St. Marien","article_publisher":"https:\/\/www.facebook.com\/Marienviertel\/","article_published_time":"2021-12-20T22:53:41+00:00","article_modified_time":"2021-12-21T00:53:11+00:00","og_image":[{"width":1045,"height":540,"url":"https:\/\/marienviertel.de\/kulturkreis\/wordpress\/wp-content\/uploads\/2015\/06\/Facebook-Logo-KK-2014.jpg","type":"image\/jpeg"}],"author":"jotw","twitter_card":"summary_large_image","twitter_misc":{"Verfasst von":"jotw","Gesch\u00e4tzte Lesezeit":"3\u00a0Minuten"},"schema":{"@context":"https:\/\/schema.org","@graph":[{"@type":"Article","@id":"https:\/\/marienviertel.de\/kulturkreis\/newsletter-zu-weihnachten-2021\/#article","isPartOf":{"@id":"https:\/\/marienviertel.de\/kulturkreis\/newsletter-zu-weihnachten-2021\/"},"author":{"name":"jotw","@id":"https:\/\/marienviertel.de\/kulturkreis\/#\/schema\/person\/5991f3ef2f6094b6ce15389027b8d7be"},"headline":"Newsletter zu Weihnachten 2021","datePublished":"2021-12-20T22:53:41+00:00","dateModified":"2021-12-21T00:53:11+00:00","mainEntityOfPage":{"@id":"https:\/\/marienviertel.de\/kulturkreis\/newsletter-zu-weihnachten-2021\/"},"wordCount":445,"commentCount":0,"publisher":{"@id":"https:\/\/marienviertel.de\/kulturkreis\/#organization"},"image":{"@id":"https:\/\/marienviertel.de\/kulturkreis\/newsletter-zu-weihnachten-2021\/#primaryimage"},"thumbnailUrl":"https:\/\/marienviertel.de\/kulturkreis\/wordpress\/wp-content\/uploads\/2015\/06\/Facebook-Logo-KK-2014.jpg","articleSection":["Aktuelles"],"inLanguage":"de","potentialAction":[{"@type":"CommentAction","name":"Comment","target":["https:\/\/marienviertel.de\/kulturkreis\/newsletter-zu-weihnachten-2021\/#respond"]}]},{"@type":"WebPage","@id":"https:\/\/marienviertel.de\/kulturkreis\/newsletter-zu-weihnachten-2021\/","url":"https:\/\/marienviertel.de\/kulturkreis\/newsletter-zu-weihnachten-2021\/","name":"Newsletter zu Weihnachten 2021 - HOME | Kulturkreis St. Marien","isPartOf":{"@id":"https:\/\/marienviertel.de\/kulturkreis\/#website"},"primaryImageOfPage":{"@id":"https:\/\/marienviertel.de\/kulturkreis\/newsletter-zu-weihnachten-2021\/#primaryimage"},"image":{"@id":"https:\/\/marienviertel.de\/kulturkreis\/newsletter-zu-weihnachten-2021\/#primaryimage"},"thumbnailUrl":"https:\/\/marienviertel.de\/kulturkreis\/wordpress\/wp-content\/uploads\/2015\/06\/Facebook-Logo-KK-2014.jpg","datePublished":"2021-12-20T22:53:41+00:00","dateModified":"2021-12-21T00:53:11+00:00","breadcrumb":{"@id":"https:\/\/marienviertel.de\/kulturkreis\/newsletter-zu-weihnachten-2021\/#breadcrumb"},"inLanguage":"de","potentialAction":[{"@type":"ReadAction","target":["https:\/\/marienviertel.de\/kulturkreis\/newsletter-zu-weihnachten-2021\/"]}]},{"@type":"ImageObject","inLanguage":"de","@id":"https:\/\/marienviertel.de\/kulturkreis\/newsletter-zu-weihnachten-2021\/#primaryimage","url":"https:\/\/marienviertel.de\/kulturkreis\/wordpress\/wp-content\/uploads\/2015\/06\/Facebook-Logo-KK-2014.jpg","contentUrl":"https:\/\/marienviertel.de\/kulturkreis\/wordpress\/wp-content\/uploads\/2015\/06\/Facebook-Logo-KK-2014.jpg","width":1045,"height":540},{"@type":"BreadcrumbList","@id":"https:\/\/marienviertel.de\/kulturkreis\/newsletter-zu-weihnachten-2021\/#breadcrumb","itemListElement":[{"@type":"ListItem","position":1,"name":"Startseite","item":"https:\/\/marienviertel.de\/kulturkreis\/"},{"@type":"ListItem","position":2,"name":"Newsletter zu Weihnachten 2021"}]},{"@type":"WebSite","@id":"https:\/\/marienviertel.de\/kulturkreis\/#website","url":"https:\/\/marienviertel.de\/kulturkreis\/","name":"HOME | Kulturkreis St. Marien","description":"Herzlich willkommen!","publisher":{"@id":"https:\/\/marienviertel.de\/kulturkreis\/#organization"},"potentialAction":[{"@type":"SearchAction","target":{"@type":"EntryPoint","urlTemplate":"https:\/\/marienviertel.de\/kulturkreis\/?s={search_term_string}"},"query-input":{"@type":"PropertyValueSpecification","valueRequired":true,"valueName":"search_term_string"}}],"inLanguage":"de"},{"@type":"Organization","@id":"https:\/\/marienviertel.de\/kulturkreis\/#organization","name":"Kulturkreis St. Marien","url":"https:\/\/marienviertel.de\/kulturkreis\/","logo":{"@type":"ImageObject","inLanguage":"de","@id":"https:\/\/marienviertel.de\/kulturkreis\/#\/schema\/logo\/image\/","url":"https:\/\/marienviertel.de\/kulturkreis\/wordpress\/wp-content\/uploads\/2015\/06\/Facebook-Logo-KK-2014.jpg","contentUrl":"https:\/\/marienviertel.de\/kulturkreis\/wordpress\/wp-content\/uploads\/2015\/06\/Facebook-Logo-KK-2014.jpg","width":1045,"height":540,"caption":"Kulturkreis St. Marien"},"image":{"@id":"https:\/\/marienviertel.de\/kulturkreis\/#\/schema\/logo\/image\/"},"sameAs":["https:\/\/www.facebook.com\/Marienviertel\/"]},{"@type":"Person","@id":"https:\/\/marienviertel.de\/kulturkreis\/#\/schema\/person\/5991f3ef2f6094b6ce15389027b8d7be","name":"jotw","image":{"@type":"ImageObject","inLanguage":"de","@id":"https:\/\/marienviertel.de\/kulturkreis\/#\/schema\/person\/image\/","url":"https:\/\/secure.gravatar.com\/avatar\/f996f1ca35d6d13af46e8af8dc21f10fcdf6f690745c899b68b257dfffe92cd9?s=96&d=mm&r=g","contentUrl":"https:\/\/secure.gravatar.com\/avatar\/f996f1ca35d6d13af46e8af8dc21f10fcdf6f690745c899b68b257dfffe92cd9?s=96&d=mm&r=g","caption":"jotw"},"url":"https:\/\/marienviertel.de\/kulturkreis\/author\/admin\/"}]}},"jetpack_publicize_connections":[],"cc_featured_image_caption":{"caption_text":"","source_text":"","source_url":""},"jetpack_featured_media_url":"https:\/\/marienviertel.de\/kulturkreis\/wordpress\/wp-content\/uploads\/2015\/06\/Facebook-Logo-KK-2014.jpg","jetpack_sharing_enabled":true,"jetpack_shortlink":"https:\/\/wp.me\/p7zbXy-wJ","_links":{"self":[{"href":"https:\/\/marienviertel.de\/kulturkreis\/wp-json\/wp\/v2\/posts\/2029","targetHints":{"allow":["GET"]}}],"collection":[{"href":"https:\/\/marienviertel.de\/kulturkreis\/wp-json\/wp\/v2\/posts"}],"about":[{"href":"https:\/\/marienviertel.de\/kulturkreis\/wp-json\/wp\/v2\/types\/post"}],"author":[{"embeddable":true,"href":"https:\/\/marienviertel.de\/kulturkreis\/wp-json\/wp\/v2\/users\/2"}],"replies":[{"embeddable":true,"href":"https:\/\/marienviertel.de\/kulturkreis\/wp-json\/wp\/v2\/comments?post=2029"}],"version-history":[{"count":7,"href":"https:\/\/marienviertel.de\/kulturkreis\/wp-json\/wp\/v2\/posts\/2029\/revisions"}],"predecessor-version":[{"id":2063,"href":"https:\/\/marienviertel.de\/kulturkreis\/wp-json\/wp\/v2\/posts\/2029\/revisions\/2063"}],"wp:featuredmedia":[{"embeddable":true,"href":"https:\/\/marienviertel.de\/kulturkreis\/wp-json\/wp\/v2\/media\/60"}],"wp:attachment":[{"href":"https:\/\/marienviertel.de\/kulturkreis\/wp-json\/wp\/v2\/media?parent=2029"}],"wp:term":[{"taxonomy":"category","embeddable":true,"href":"https:\/\/marienviertel.de\/kulturkreis\/wp-json\/wp\/v2\/categories?post=2029"},{"taxonomy":"post_tag","embeddable":true,"href":"https:\/\/marienviertel.de\/kulturkreis\/wp-json\/wp\/v2\/tags?post=2029"}],"curies":[{"name":"wp","href":"https:\/\/api.w.org\/{rel}","templated":true}]}}