{"id":202,"date":"2013-09-24T13:18:38","date_gmt":"2013-09-24T11:18:38","guid":{"rendered":"http:\/\/marienviertel.de\/kulturkreis\/?p=202"},"modified":"2019-02-27T21:41:00","modified_gmt":"2019-02-27T20:41:00","slug":"laudemus-virginem-ein-spanisches-marienlob","status":"publish","type":"post","link":"https:\/\/marienviertel.de\/kulturkreis\/laudemus-virginem-ein-spanisches-marienlob\/","title":{"rendered":"LAUDEMUS VIRGINEM &#8211; Ein Spanisches Marienlob"},"content":{"rendered":"<h2 align=\"LEFT\">Mittelalterliche Lieder und Motetten der Renaissance<\/h2>\n<figure id=\"attachment_204\" aria-describedby=\"caption-attachment-204\" style=\"width: 1200px\" class=\"wp-caption alignnone\"><a href=\"http:\/\/marienviertel.de\/kulturkreis\/wordpress\/wp-content\/uploads\/2015\/11\/confido-jo-gernoth-stmarienzwei-1200.jpg\"><img loading=\"lazy\" decoding=\"async\" class=\"wp-image-204 size-full\" src=\"http:\/\/marienviertel.de\/kulturkreis\/wordpress\/wp-content\/uploads\/2015\/11\/confido-jo-gernoth-stmarienzwei-1200.jpg\" alt=\"confido-jo-gernoth-stmarienzwei-1200\" width=\"1200\" height=\"796\" srcset=\"https:\/\/marienviertel.de\/kulturkreis\/wordpress\/wp-content\/uploads\/2015\/11\/confido-jo-gernoth-stmarienzwei-1200.jpg 1200w, https:\/\/marienviertel.de\/kulturkreis\/wordpress\/wp-content\/uploads\/2015\/11\/confido-jo-gernoth-stmarienzwei-1200-300x199.jpg 300w, https:\/\/marienviertel.de\/kulturkreis\/wordpress\/wp-content\/uploads\/2015\/11\/confido-jo-gernoth-stmarienzwei-1200-1024x679.jpg 1024w\" sizes=\"auto, (max-width: 1200px) 100vw, 1200px\" \/><\/a><figcaption id=\"caption-attachment-204\" class=\"wp-caption-text\">Foto: Jo Gernoth<\/figcaption><\/figure>\n<p><!--more-->Ein musikalischer Leckerbissen war der Auftritt des Chores Confido Vocale unter der Leitung von Wolfgang Endr\u00f6s am Sonntagabend in der Hervester Konzertkirche St. Marien. Trotz Bundestagswahl waren zahlreiche Zuh\u00f6rer gekommen, die sich dieses besondere Musikereignis nicht entgehen lassen wollten. Ursula Bensch, Sprecherin des Kulturkreises St. Marien, zeigte sich entsprechend erfreut: \u201eWolfgang Endr\u00f6s hat in unserer Kirche eine Heimat gefunden, wor\u00fcber wir uns sehr freuen.\u201c Mittelalterliche Lieder und Motetten der Renaissance waren angek\u00fcndigt, die Wolfgang Endr\u00f6s so kommentierte: \u201eDie Musik stammt aus einer Handschrift des Klosters Montserrat von 1399. Nicht alle Pilger, die zum Kloster kamen, fanden eine Unterkunft, sie mussten im Freien \u00fcbernachten. Zur Unterhaltung wurden weltliche Ges\u00e4nge aufgef\u00fchrt, die mit geistlichen Texten unterlegt wurden. Die Handschrift enth\u00e4lt diese Lieder, aber auch gregorianische Ges\u00e4nge.\u201c<\/p>\n<p>Im Zentrum steht die Mutter Gottes, die immer wieder in unterschiedlicher Weise besungen wird. Der Chor sang mit Hingabe. F\u00fcnfzehn S\u00e4ngerinnen und S\u00e4nger bildeten einen Klangk\u00f6rper, der sich immer wieder neu erfindet und mit seinen Solostimmen eine unglaubliche Vielfalt zeigt. Wolfgang Endr\u00f6s dirigierte ihn sicher und mit sichtbarer Freude. \u201eStella splendens, glanzvoller Stern auf dem Berg, wie ein Sonnenstrahl wunderbar erstrahlend\u201c, hei\u00dft es zu Anfang , als der Chor den Aufstieg auf den Berg des Klosters besingt, um dann sogleich Maria zu preisen: \u201eTota pulchra es Maria, ganz sch\u00f6n bist du, Maria, und der Erbschuld Makel ist nicht in dir.\u201c Der Ductus des \u201eLibre Vermell de Montserrat\u201c ist positiv, ja fr\u00f6hlich, wie der Kanon zu drei Stimmen \u201eO virgo splendens\u201c zeigt: \u201eO leuchtende Jungfrau hier auf dem hohen Berg, der von herrlichen Wundern erstrahlt, wohin die Gl\u00e4ubigen von \u00fcberall her emporsteigen.\u201c Selbst der gregorianische Gesang \u201eNe Timeas\u201c nimmt dieses fr\u00f6hliche Gef\u00fchl auf: \u201eF\u00fcrchte dich nicht, Maria, du findest Gnade beim Herrn.\u201c Wunderbar zu h\u00f6ren war das Lied \u201eMariam matrem virginem \u2013 Preiset Maria, die Mutter und Jungfrau\u201c, und geradezu gro\u00dfartig das \u201eStabat Mater\u201c von Juan Gutierrez de Padilla: \u201eEs stand die Mutter schmerzensreich bei dem Kreuze.\u201c Um die Stimmung wieder aufzuhellen, verabschiedete sich der Chor mit einem fr\u00f6hlichen Tanz.<\/p>\n<p align=\"right\"><b><span style=\"font-family: Arial; font-size: small;\">Text: Dr. Werner Wenig<\/span><\/b><\/p>\n<p style=\"text-align: left;\" align=\"right\"><strong>Rezension der Dorstener Zeitung:<\/strong><a href=\"http:\/\/marienviertel.de\/kulturkreis\/wordpress\/wp-content\/uploads\/2015\/11\/2013-09-24-confido.jpg\" target=\"_blank\" rel=\"noopener\"><img loading=\"lazy\" decoding=\"async\" class=\"alignnone wp-image-205 size-full\" src=\"http:\/\/marienviertel.de\/kulturkreis\/wordpress\/wp-content\/uploads\/2015\/11\/2013-09-24-confido.jpg\" alt=\"2013-09-24-confido\" width=\"1083\" height=\"1307\" srcset=\"https:\/\/marienviertel.de\/kulturkreis\/wordpress\/wp-content\/uploads\/2015\/11\/2013-09-24-confido.jpg 1083w, https:\/\/marienviertel.de\/kulturkreis\/wordpress\/wp-content\/uploads\/2015\/11\/2013-09-24-confido-249x300.jpg 249w, https:\/\/marienviertel.de\/kulturkreis\/wordpress\/wp-content\/uploads\/2015\/11\/2013-09-24-confido-849x1024.jpg 849w\" sizes=\"auto, (max-width: 1083px) 100vw, 1083px\" \/><\/a><\/p>\n<p style=\"text-align: left;\" align=\"right\"><strong>Rezension der WAZ, Ausgabe Dorsten:<\/strong><\/p>\n<h2 class=\"hl\">Marienges\u00e4nge in der Marienkirche<\/h2>\n<p>Hervest-Dorsten. Um das Jahr 1399 schrieb ein Unbekannter im katalonischen Kloster Montserrat Pilgerges\u00e4nge auf Pergament \u2013 am Sonntag bietet das sogenannte \u201eLlibre Vermell\u201c den Rahmen und die Marienverehrung der Wallfahrer das musikalische Leitmotiv zum Konzert des Kammerchor-Ensembles \u201eConfido Vocale\u201c in St. Marien.<\/p>\n<p>Gute thematische Zusammenstellung<br \/>\n\u201eEine Stunde angenehmes Mittelalter\u201c, w\u00fcnscht der k\u00fcnstlerische Leiter Wolfgang Endr\u00f6s aus Essen den knapp 100 Zuh\u00f6rern und l\u00e4\u00dft das Tamburin zum Auftaktgesang \u201eStella splendens\u201cerklingen.<\/p>\n<p>Schwungvoll und einfach sind die Rundt\u00e4nze und Kanons des \u201eroten Buches\u201c, von denen das einst\u00fcndige Programm sechs pr\u00e4sentiert. Die f\u00fcnfzehn S\u00e4nger sind sauber intoniert, bei den ebenfalls sechs gregorianischen Ges\u00e4ngen bilden die zehn Frauen und f\u00fcnf M\u00e4nner eine sch\u00f6ne and\u00e4chtige Einheit. Dirigent Endr\u00f6s leitet mit seiner klaren Tenorstimme die Chor\u00e4le ein, malt anschlie\u00dfend mit pr\u00e4zisen Gesten die Melodieb\u00f6gen in die Luft.<\/p>\n<p>Der Essener Domkantor hat auch hier wunderbar thematisch zusammengestellt: von Mari\u00e4 Empf\u00e4ngnis \u00fcber die Verk\u00fcndigung, die Schmerzen Marias unter dem Kreuz bis hin zum Auferstehungshymnus \u201eRegina Caeli\u201c ist die gesamte Bandbreite der Marienhuldigung abgedeckt.<\/p>\n<p>Mit spanischen Motetten der Renaissance und des Barocks sowie gregorianisch inspirierten Chorwerken des franz\u00f6sischen Komponisten Maurice Durufl\u00e9 beweist \u201eConfido vocale\u201c dann, dass die S\u00e4nger auch die vierstimmigen Kontrapunkt-Kompositionen beherrschen.<\/p>\n<p>Im \u201eAve Maria\u201c von Tom\u00e1s Luis de Vittoria bestechen exakte Tempowechsel, gehauchte Echos und ein lupenreiner Schlussakkord. Ausgewogen ist das Klangbild, auch nur mit nur zwei B\u00e4ssen fehlt es nicht an den sonoren Grundt\u00f6nen.<\/p>\n<p>Als Zugabe gibt es ein einfaches wie dramatisches Vater Unser \u2013 \u201eNotre p\u00e8re\u201c \u2013 von Durufl\u00e9 und nochmals einen Tanz. Aber sch\u00f6n inszeniert, dass das letzte Wort im regul\u00e4ren Konzert im vierstimmigen Chorsatz \u201eSalve Regina\u201c von Francisco Guerrero der Name der Frau ist, der Kirche und Ges\u00e4nge gewidmet sind \u2013 Maria .<\/p>\n<p>Barbara Seppi<\/p>\n<p>&nbsp;<\/p>\n","protected":false},"excerpt":{"rendered":"<p>Mittelalterliche Lieder und Motetten der Renaissance<\/p>\n","protected":false},"author":2,"featured_media":0,"comment_status":"open","ping_status":"open","sticky":false,"template":"","format":"standard","meta":{"jetpack_post_was_ever_published":false,"_jetpack_newsletter_access":"","_jetpack_dont_email_post_to_subs":false,"_jetpack_newsletter_tier_id":0,"_jetpack_memberships_contains_paywalled_content":false,"_jetpack_memberships_contains_paid_content":false,"footnotes":"","jetpack_publicize_message":"","jetpack_publicize_feature_enabled":true,"jetpack_social_post_already_shared":false,"jetpack_social_options":{"image_generator_settings":{"template":"highway","default_image_id":0,"font":"","enabled":false},"version":2}},"categories":[4],"tags":[30,44],"class_list":["post-202","post","type-post","status-publish","format-standard","hentry","category-rueckblicke","tag-confido-vocale","tag-marienlob"],"yoast_head":"<!-- This site is optimized with the Yoast SEO plugin v26.7 - https:\/\/yoast.com\/wordpress\/plugins\/seo\/ -->\n<title>LAUDEMUS VIRGINEM - Ein Spanisches Marienlob - HOME | Kulturkreis St. Marien<\/title>\n<meta name=\"robots\" content=\"index, follow, max-snippet:-1, max-image-preview:large, max-video-preview:-1\" \/>\n<link rel=\"canonical\" href=\"https:\/\/marienviertel.de\/kulturkreis\/laudemus-virginem-ein-spanisches-marienlob\/\" \/>\n<meta property=\"og:locale\" content=\"de_DE\" \/>\n<meta property=\"og:type\" content=\"article\" \/>\n<meta property=\"og:title\" content=\"LAUDEMUS VIRGINEM - Ein Spanisches Marienlob - HOME | Kulturkreis St. Marien\" \/>\n<meta property=\"og:description\" content=\"Mittelalterliche Lieder und Motetten der Renaissance\" \/>\n<meta property=\"og:url\" content=\"https:\/\/marienviertel.de\/kulturkreis\/laudemus-virginem-ein-spanisches-marienlob\/\" \/>\n<meta property=\"og:site_name\" content=\"HOME | Kulturkreis St. Marien\" \/>\n<meta property=\"article:publisher\" content=\"https:\/\/www.facebook.com\/Marienviertel\/\" \/>\n<meta property=\"article:published_time\" content=\"2013-09-24T11:18:38+00:00\" \/>\n<meta property=\"article:modified_time\" content=\"2019-02-27T20:41:00+00:00\" \/>\n<meta property=\"og:image\" content=\"http:\/\/marienviertel.de\/kulturkreis\/wordpress\/wp-content\/uploads\/2015\/11\/confido-jo-gernoth-stmarienzwei-1200.jpg\" \/>\n<meta name=\"author\" content=\"jotw\" \/>\n<meta name=\"twitter:card\" content=\"summary_large_image\" \/>\n<meta name=\"twitter:label1\" content=\"Verfasst von\" \/>\n\t<meta name=\"twitter:data1\" content=\"jotw\" \/>\n\t<meta name=\"twitter:label2\" content=\"Gesch\u00e4tzte Lesezeit\" \/>\n\t<meta name=\"twitter:data2\" content=\"3\u00a0Minuten\" \/>\n<script type=\"application\/ld+json\" class=\"yoast-schema-graph\">{\"@context\":\"https:\/\/schema.org\",\"@graph\":[{\"@type\":\"Article\",\"@id\":\"https:\/\/marienviertel.de\/kulturkreis\/laudemus-virginem-ein-spanisches-marienlob\/#article\",\"isPartOf\":{\"@id\":\"https:\/\/marienviertel.de\/kulturkreis\/laudemus-virginem-ein-spanisches-marienlob\/\"},\"author\":{\"name\":\"jotw\",\"@id\":\"https:\/\/marienviertel.de\/kulturkreis\/#\/schema\/person\/5991f3ef2f6094b6ce15389027b8d7be\"},\"headline\":\"LAUDEMUS VIRGINEM &#8211; Ein Spanisches Marienlob\",\"datePublished\":\"2013-09-24T11:18:38+00:00\",\"dateModified\":\"2019-02-27T20:41:00+00:00\",\"mainEntityOfPage\":{\"@id\":\"https:\/\/marienviertel.de\/kulturkreis\/laudemus-virginem-ein-spanisches-marienlob\/\"},\"wordCount\":703,\"commentCount\":0,\"publisher\":{\"@id\":\"https:\/\/marienviertel.de\/kulturkreis\/#organization\"},\"image\":{\"@id\":\"https:\/\/marienviertel.de\/kulturkreis\/laudemus-virginem-ein-spanisches-marienlob\/#primaryimage\"},\"thumbnailUrl\":\"http:\/\/marienviertel.de\/kulturkreis\/wordpress\/wp-content\/uploads\/2015\/11\/confido-jo-gernoth-stmarienzwei-1200.jpg\",\"keywords\":[\"confido_vocale\",\"Marienlob\"],\"articleSection\":[\"R\u00fcckblicke\"],\"inLanguage\":\"de\",\"potentialAction\":[{\"@type\":\"CommentAction\",\"name\":\"Comment\",\"target\":[\"https:\/\/marienviertel.de\/kulturkreis\/laudemus-virginem-ein-spanisches-marienlob\/#respond\"]}]},{\"@type\":\"WebPage\",\"@id\":\"https:\/\/marienviertel.de\/kulturkreis\/laudemus-virginem-ein-spanisches-marienlob\/\",\"url\":\"https:\/\/marienviertel.de\/kulturkreis\/laudemus-virginem-ein-spanisches-marienlob\/\",\"name\":\"LAUDEMUS VIRGINEM - Ein Spanisches Marienlob - HOME | Kulturkreis St. Marien\",\"isPartOf\":{\"@id\":\"https:\/\/marienviertel.de\/kulturkreis\/#website\"},\"primaryImageOfPage\":{\"@id\":\"https:\/\/marienviertel.de\/kulturkreis\/laudemus-virginem-ein-spanisches-marienlob\/#primaryimage\"},\"image\":{\"@id\":\"https:\/\/marienviertel.de\/kulturkreis\/laudemus-virginem-ein-spanisches-marienlob\/#primaryimage\"},\"thumbnailUrl\":\"http:\/\/marienviertel.de\/kulturkreis\/wordpress\/wp-content\/uploads\/2015\/11\/confido-jo-gernoth-stmarienzwei-1200.jpg\",\"datePublished\":\"2013-09-24T11:18:38+00:00\",\"dateModified\":\"2019-02-27T20:41:00+00:00\",\"breadcrumb\":{\"@id\":\"https:\/\/marienviertel.de\/kulturkreis\/laudemus-virginem-ein-spanisches-marienlob\/#breadcrumb\"},\"inLanguage\":\"de\",\"potentialAction\":[{\"@type\":\"ReadAction\",\"target\":[\"https:\/\/marienviertel.de\/kulturkreis\/laudemus-virginem-ein-spanisches-marienlob\/\"]}]},{\"@type\":\"ImageObject\",\"inLanguage\":\"de\",\"@id\":\"https:\/\/marienviertel.de\/kulturkreis\/laudemus-virginem-ein-spanisches-marienlob\/#primaryimage\",\"url\":\"http:\/\/marienviertel.de\/kulturkreis\/wordpress\/wp-content\/uploads\/2015\/11\/confido-jo-gernoth-stmarienzwei-1200.jpg\",\"contentUrl\":\"http:\/\/marienviertel.de\/kulturkreis\/wordpress\/wp-content\/uploads\/2015\/11\/confido-jo-gernoth-stmarienzwei-1200.jpg\"},{\"@type\":\"BreadcrumbList\",\"@id\":\"https:\/\/marienviertel.de\/kulturkreis\/laudemus-virginem-ein-spanisches-marienlob\/#breadcrumb\",\"itemListElement\":[{\"@type\":\"ListItem\",\"position\":1,\"name\":\"Startseite\",\"item\":\"https:\/\/marienviertel.de\/kulturkreis\/\"},{\"@type\":\"ListItem\",\"position\":2,\"name\":\"LAUDEMUS VIRGINEM &#8211; Ein Spanisches Marienlob\"}]},{\"@type\":\"WebSite\",\"@id\":\"https:\/\/marienviertel.de\/kulturkreis\/#website\",\"url\":\"https:\/\/marienviertel.de\/kulturkreis\/\",\"name\":\"HOME | Kulturkreis St. Marien\",\"description\":\"Herzlich willkommen!\",\"publisher\":{\"@id\":\"https:\/\/marienviertel.de\/kulturkreis\/#organization\"},\"potentialAction\":[{\"@type\":\"SearchAction\",\"target\":{\"@type\":\"EntryPoint\",\"urlTemplate\":\"https:\/\/marienviertel.de\/kulturkreis\/?s={search_term_string}\"},\"query-input\":{\"@type\":\"PropertyValueSpecification\",\"valueRequired\":true,\"valueName\":\"search_term_string\"}}],\"inLanguage\":\"de\"},{\"@type\":\"Organization\",\"@id\":\"https:\/\/marienviertel.de\/kulturkreis\/#organization\",\"name\":\"Kulturkreis St. Marien\",\"url\":\"https:\/\/marienviertel.de\/kulturkreis\/\",\"logo\":{\"@type\":\"ImageObject\",\"inLanguage\":\"de\",\"@id\":\"https:\/\/marienviertel.de\/kulturkreis\/#\/schema\/logo\/image\/\",\"url\":\"https:\/\/marienviertel.de\/kulturkreis\/wordpress\/wp-content\/uploads\/2015\/06\/Facebook-Logo-KK-2014.jpg\",\"contentUrl\":\"https:\/\/marienviertel.de\/kulturkreis\/wordpress\/wp-content\/uploads\/2015\/06\/Facebook-Logo-KK-2014.jpg\",\"width\":1045,\"height\":540,\"caption\":\"Kulturkreis St. Marien\"},\"image\":{\"@id\":\"https:\/\/marienviertel.de\/kulturkreis\/#\/schema\/logo\/image\/\"},\"sameAs\":[\"https:\/\/www.facebook.com\/Marienviertel\/\"]},{\"@type\":\"Person\",\"@id\":\"https:\/\/marienviertel.de\/kulturkreis\/#\/schema\/person\/5991f3ef2f6094b6ce15389027b8d7be\",\"name\":\"jotw\",\"image\":{\"@type\":\"ImageObject\",\"inLanguage\":\"de\",\"@id\":\"https:\/\/marienviertel.de\/kulturkreis\/#\/schema\/person\/image\/\",\"url\":\"https:\/\/secure.gravatar.com\/avatar\/f996f1ca35d6d13af46e8af8dc21f10fcdf6f690745c899b68b257dfffe92cd9?s=96&d=mm&r=g\",\"contentUrl\":\"https:\/\/secure.gravatar.com\/avatar\/f996f1ca35d6d13af46e8af8dc21f10fcdf6f690745c899b68b257dfffe92cd9?s=96&d=mm&r=g\",\"caption\":\"jotw\"},\"url\":\"https:\/\/marienviertel.de\/kulturkreis\/author\/admin\/\"}]}<\/script>\n<!-- \/ Yoast SEO plugin. -->","yoast_head_json":{"title":"LAUDEMUS VIRGINEM - Ein Spanisches Marienlob - HOME | Kulturkreis St. Marien","robots":{"index":"index","follow":"follow","max-snippet":"max-snippet:-1","max-image-preview":"max-image-preview:large","max-video-preview":"max-video-preview:-1"},"canonical":"https:\/\/marienviertel.de\/kulturkreis\/laudemus-virginem-ein-spanisches-marienlob\/","og_locale":"de_DE","og_type":"article","og_title":"LAUDEMUS VIRGINEM - Ein Spanisches Marienlob - HOME | Kulturkreis St. Marien","og_description":"Mittelalterliche Lieder und Motetten der Renaissance","og_url":"https:\/\/marienviertel.de\/kulturkreis\/laudemus-virginem-ein-spanisches-marienlob\/","og_site_name":"HOME | Kulturkreis St. Marien","article_publisher":"https:\/\/www.facebook.com\/Marienviertel\/","article_published_time":"2013-09-24T11:18:38+00:00","article_modified_time":"2019-02-27T20:41:00+00:00","og_image":[{"url":"http:\/\/marienviertel.de\/kulturkreis\/wordpress\/wp-content\/uploads\/2015\/11\/confido-jo-gernoth-stmarienzwei-1200.jpg","type":"","width":"","height":""}],"author":"jotw","twitter_card":"summary_large_image","twitter_misc":{"Verfasst von":"jotw","Gesch\u00e4tzte Lesezeit":"3\u00a0Minuten"},"schema":{"@context":"https:\/\/schema.org","@graph":[{"@type":"Article","@id":"https:\/\/marienviertel.de\/kulturkreis\/laudemus-virginem-ein-spanisches-marienlob\/#article","isPartOf":{"@id":"https:\/\/marienviertel.de\/kulturkreis\/laudemus-virginem-ein-spanisches-marienlob\/"},"author":{"name":"jotw","@id":"https:\/\/marienviertel.de\/kulturkreis\/#\/schema\/person\/5991f3ef2f6094b6ce15389027b8d7be"},"headline":"LAUDEMUS VIRGINEM &#8211; Ein Spanisches Marienlob","datePublished":"2013-09-24T11:18:38+00:00","dateModified":"2019-02-27T20:41:00+00:00","mainEntityOfPage":{"@id":"https:\/\/marienviertel.de\/kulturkreis\/laudemus-virginem-ein-spanisches-marienlob\/"},"wordCount":703,"commentCount":0,"publisher":{"@id":"https:\/\/marienviertel.de\/kulturkreis\/#organization"},"image":{"@id":"https:\/\/marienviertel.de\/kulturkreis\/laudemus-virginem-ein-spanisches-marienlob\/#primaryimage"},"thumbnailUrl":"http:\/\/marienviertel.de\/kulturkreis\/wordpress\/wp-content\/uploads\/2015\/11\/confido-jo-gernoth-stmarienzwei-1200.jpg","keywords":["confido_vocale","Marienlob"],"articleSection":["R\u00fcckblicke"],"inLanguage":"de","potentialAction":[{"@type":"CommentAction","name":"Comment","target":["https:\/\/marienviertel.de\/kulturkreis\/laudemus-virginem-ein-spanisches-marienlob\/#respond"]}]},{"@type":"WebPage","@id":"https:\/\/marienviertel.de\/kulturkreis\/laudemus-virginem-ein-spanisches-marienlob\/","url":"https:\/\/marienviertel.de\/kulturkreis\/laudemus-virginem-ein-spanisches-marienlob\/","name":"LAUDEMUS VIRGINEM - Ein Spanisches Marienlob - HOME | Kulturkreis St. Marien","isPartOf":{"@id":"https:\/\/marienviertel.de\/kulturkreis\/#website"},"primaryImageOfPage":{"@id":"https:\/\/marienviertel.de\/kulturkreis\/laudemus-virginem-ein-spanisches-marienlob\/#primaryimage"},"image":{"@id":"https:\/\/marienviertel.de\/kulturkreis\/laudemus-virginem-ein-spanisches-marienlob\/#primaryimage"},"thumbnailUrl":"http:\/\/marienviertel.de\/kulturkreis\/wordpress\/wp-content\/uploads\/2015\/11\/confido-jo-gernoth-stmarienzwei-1200.jpg","datePublished":"2013-09-24T11:18:38+00:00","dateModified":"2019-02-27T20:41:00+00:00","breadcrumb":{"@id":"https:\/\/marienviertel.de\/kulturkreis\/laudemus-virginem-ein-spanisches-marienlob\/#breadcrumb"},"inLanguage":"de","potentialAction":[{"@type":"ReadAction","target":["https:\/\/marienviertel.de\/kulturkreis\/laudemus-virginem-ein-spanisches-marienlob\/"]}]},{"@type":"ImageObject","inLanguage":"de","@id":"https:\/\/marienviertel.de\/kulturkreis\/laudemus-virginem-ein-spanisches-marienlob\/#primaryimage","url":"http:\/\/marienviertel.de\/kulturkreis\/wordpress\/wp-content\/uploads\/2015\/11\/confido-jo-gernoth-stmarienzwei-1200.jpg","contentUrl":"http:\/\/marienviertel.de\/kulturkreis\/wordpress\/wp-content\/uploads\/2015\/11\/confido-jo-gernoth-stmarienzwei-1200.jpg"},{"@type":"BreadcrumbList","@id":"https:\/\/marienviertel.de\/kulturkreis\/laudemus-virginem-ein-spanisches-marienlob\/#breadcrumb","itemListElement":[{"@type":"ListItem","position":1,"name":"Startseite","item":"https:\/\/marienviertel.de\/kulturkreis\/"},{"@type":"ListItem","position":2,"name":"LAUDEMUS VIRGINEM &#8211; Ein Spanisches Marienlob"}]},{"@type":"WebSite","@id":"https:\/\/marienviertel.de\/kulturkreis\/#website","url":"https:\/\/marienviertel.de\/kulturkreis\/","name":"HOME | Kulturkreis St. Marien","description":"Herzlich willkommen!","publisher":{"@id":"https:\/\/marienviertel.de\/kulturkreis\/#organization"},"potentialAction":[{"@type":"SearchAction","target":{"@type":"EntryPoint","urlTemplate":"https:\/\/marienviertel.de\/kulturkreis\/?s={search_term_string}"},"query-input":{"@type":"PropertyValueSpecification","valueRequired":true,"valueName":"search_term_string"}}],"inLanguage":"de"},{"@type":"Organization","@id":"https:\/\/marienviertel.de\/kulturkreis\/#organization","name":"Kulturkreis St. Marien","url":"https:\/\/marienviertel.de\/kulturkreis\/","logo":{"@type":"ImageObject","inLanguage":"de","@id":"https:\/\/marienviertel.de\/kulturkreis\/#\/schema\/logo\/image\/","url":"https:\/\/marienviertel.de\/kulturkreis\/wordpress\/wp-content\/uploads\/2015\/06\/Facebook-Logo-KK-2014.jpg","contentUrl":"https:\/\/marienviertel.de\/kulturkreis\/wordpress\/wp-content\/uploads\/2015\/06\/Facebook-Logo-KK-2014.jpg","width":1045,"height":540,"caption":"Kulturkreis St. Marien"},"image":{"@id":"https:\/\/marienviertel.de\/kulturkreis\/#\/schema\/logo\/image\/"},"sameAs":["https:\/\/www.facebook.com\/Marienviertel\/"]},{"@type":"Person","@id":"https:\/\/marienviertel.de\/kulturkreis\/#\/schema\/person\/5991f3ef2f6094b6ce15389027b8d7be","name":"jotw","image":{"@type":"ImageObject","inLanguage":"de","@id":"https:\/\/marienviertel.de\/kulturkreis\/#\/schema\/person\/image\/","url":"https:\/\/secure.gravatar.com\/avatar\/f996f1ca35d6d13af46e8af8dc21f10fcdf6f690745c899b68b257dfffe92cd9?s=96&d=mm&r=g","contentUrl":"https:\/\/secure.gravatar.com\/avatar\/f996f1ca35d6d13af46e8af8dc21f10fcdf6f690745c899b68b257dfffe92cd9?s=96&d=mm&r=g","caption":"jotw"},"url":"https:\/\/marienviertel.de\/kulturkreis\/author\/admin\/"}]}},"jetpack_publicize_connections":[],"cc_featured_image_caption":{"caption_text":false,"source_text":false,"source_url":false},"jetpack_featured_media_url":"","jetpack_sharing_enabled":true,"jetpack_shortlink":"https:\/\/wp.me\/p7zbXy-3g","_links":{"self":[{"href":"https:\/\/marienviertel.de\/kulturkreis\/wp-json\/wp\/v2\/posts\/202","targetHints":{"allow":["GET"]}}],"collection":[{"href":"https:\/\/marienviertel.de\/kulturkreis\/wp-json\/wp\/v2\/posts"}],"about":[{"href":"https:\/\/marienviertel.de\/kulturkreis\/wp-json\/wp\/v2\/types\/post"}],"author":[{"embeddable":true,"href":"https:\/\/marienviertel.de\/kulturkreis\/wp-json\/wp\/v2\/users\/2"}],"replies":[{"embeddable":true,"href":"https:\/\/marienviertel.de\/kulturkreis\/wp-json\/wp\/v2\/comments?post=202"}],"version-history":[{"count":7,"href":"https:\/\/marienviertel.de\/kulturkreis\/wp-json\/wp\/v2\/posts\/202\/revisions"}],"predecessor-version":[{"id":1266,"href":"https:\/\/marienviertel.de\/kulturkreis\/wp-json\/wp\/v2\/posts\/202\/revisions\/1266"}],"wp:attachment":[{"href":"https:\/\/marienviertel.de\/kulturkreis\/wp-json\/wp\/v2\/media?parent=202"}],"wp:term":[{"taxonomy":"category","embeddable":true,"href":"https:\/\/marienviertel.de\/kulturkreis\/wp-json\/wp\/v2\/categories?post=202"},{"taxonomy":"post_tag","embeddable":true,"href":"https:\/\/marienviertel.de\/kulturkreis\/wp-json\/wp\/v2\/tags?post=202"}],"curies":[{"name":"wp","href":"https:\/\/api.w.org\/{rel}","templated":true}]}}