{"id":1591,"date":"2019-10-09T13:41:28","date_gmt":"2019-10-09T11:41:28","guid":{"rendered":"https:\/\/marienviertel.de\/kulturkreis\/?p=1591"},"modified":"2019-10-09T21:56:26","modified_gmt":"2019-10-09T19:56:26","slug":"don-kosaken-in-der-marienkirche-stimmgewaltige-gesaenge","status":"publish","type":"post","link":"https:\/\/marienviertel.de\/kulturkreis\/don-kosaken-in-der-marienkirche-stimmgewaltige-gesaenge\/","title":{"rendered":"Don Kosaken in der Marienkirche: Stimmgewaltige Ges\u00e4nge"},"content":{"rendered":"<p><strong>Mit seinen stimmgewaltigen Ges\u00e4ngen hat der eindrucksvolle &#8218;Don Kosaken Chor Serge Jaroff \u00ae unter Leitung von Wanja Hlibka&#8216; am Montagabend\u00a0 etwa einhundertf\u00fcnfzig Zuh\u00f6rer begeistert.<\/strong><\/p>\n<p>&#8222;Diesen Chor zu erleben, ist immer wieder ein H\u00f6rerlebnis: eindrucksvoll und ber\u00fchrend&#8220;, meinte ein Gast, der schon oft in den Konzerten des Chors war, auch schon unter dem Dirigat von Serge Jaroff. &#8222;Auch wenn es fr\u00fcher mal an die 40 S\u00e4nger waren, diese 12 heute reichen f\u00fcr ein tolles Konzert.&#8220;<\/p>\n<figure id=\"attachment_1604\" aria-describedby=\"caption-attachment-1604\" style=\"width: 300px\" class=\"wp-caption alignnone\"><a href=\"https:\/\/marienviertel.de\/kulturkreis\/wordpress\/wp-content\/uploads\/2019\/10\/DSC5238-ps.jpg\" target=\"_blank\" rel=\"noopener noreferrer\"><img loading=\"lazy\" decoding=\"async\" class=\"wp-image-1604 size-medium\" src=\"https:\/\/marienviertel.de\/kulturkreis\/wordpress\/wp-content\/uploads\/2019\/10\/DSC5238-ps-300x204.jpg\" alt=\"\" width=\"300\" height=\"204\" srcset=\"https:\/\/marienviertel.de\/kulturkreis\/wordpress\/wp-content\/uploads\/2019\/10\/DSC5238-ps-300x204.jpg 300w, https:\/\/marienviertel.de\/kulturkreis\/wordpress\/wp-content\/uploads\/2019\/10\/DSC5238-ps-768x523.jpg 768w, https:\/\/marienviertel.de\/kulturkreis\/wordpress\/wp-content\/uploads\/2019\/10\/DSC5238-ps-1024x698.jpg 1024w\" sizes=\"auto, (max-width: 300px) 100vw, 300px\" \/><\/a><figcaption id=\"caption-attachment-1604\" class=\"wp-caption-text\">Foto: \u00a9 Wolfgang Just \/ Kulturkreis St. Marien<\/figcaption><\/figure>\n<p>Diese 12: Die stimmgewaltigen, akademisch ausgebildeten Solisten, allesamt auch in gro\u00dfen (ost-) europ\u00e4ischen Opernh\u00e4usern t\u00e4tig, werden von der Fachpresse immer wieder als \u201erussische Stimmwunder\u201c bezeichnet. Sie begeistern ihr Publikum mit ihren einmalig kraftvollen, herrlich timbrierten Stimmen und vermitteln den ganzen Zauber und auch die ureigene Melancholie der russischen Musik nahezu in Vollendung (wobei man besser nicht eine \u00dcbersetzung ins Deutsche liest: Manche der sog. Volksweisen sind ganz sch\u00f6n blutr\u00fcnstig und grauselig; die Donkasaken bildeten schlie\u00dflich eine wegen ihrer H\u00e4rte gef\u00fcrchtete Armee und manche der Lieder stehen in genau dieser Tradition!).<\/p>\n<p>&nbsp;<\/p>\n<p><a href=\"https:\/\/marienviertel.de\/kulturkreis\/wordpress\/wp-content\/uploads\/2019\/10\/Don-Kosaken-Chor-20.jpg\" target=\"_blank\" rel=\"noopener noreferrer\"><img loading=\"lazy\" decoding=\"async\" class=\"alignnone wp-image-1598 size-medium\" src=\"https:\/\/marienviertel.de\/kulturkreis\/wordpress\/wp-content\/uploads\/2019\/10\/Don-Kosaken-Chor-20-204x300.jpg\" alt=\"\" width=\"204\" height=\"300\" srcset=\"https:\/\/marienviertel.de\/kulturkreis\/wordpress\/wp-content\/uploads\/2019\/10\/Don-Kosaken-Chor-20-204x300.jpg 204w, https:\/\/marienviertel.de\/kulturkreis\/wordpress\/wp-content\/uploads\/2019\/10\/Don-Kosaken-Chor-20-768x1129.jpg 768w, https:\/\/marienviertel.de\/kulturkreis\/wordpress\/wp-content\/uploads\/2019\/10\/Don-Kosaken-Chor-20-697x1024.jpg 697w\" sizes=\"auto, (max-width: 204px) 100vw, 204px\" \/><\/a> \u00a0\u00a0<a href=\"https:\/\/marienviertel.de\/kulturkreis\/wordpress\/wp-content\/uploads\/2019\/10\/Don-Kosaken-Chor-59-e1570621659348.jpg\" target=\"_blank\" rel=\"noopener noreferrer\"><img loading=\"lazy\" decoding=\"async\" class=\"alignnone wp-image-1600 size-medium\" src=\"https:\/\/marienviertel.de\/kulturkreis\/wordpress\/wp-content\/uploads\/2019\/10\/Don-Kosaken-Chor-59-e1570621659348-200x300.jpg\" alt=\"\" width=\"200\" height=\"300\" srcset=\"https:\/\/marienviertel.de\/kulturkreis\/wordpress\/wp-content\/uploads\/2019\/10\/Don-Kosaken-Chor-59-e1570621659348-200x300.jpg 200w, https:\/\/marienviertel.de\/kulturkreis\/wordpress\/wp-content\/uploads\/2019\/10\/Don-Kosaken-Chor-59-e1570621659348-768x1152.jpg 768w, https:\/\/marienviertel.de\/kulturkreis\/wordpress\/wp-content\/uploads\/2019\/10\/Don-Kosaken-Chor-59-e1570621659348-683x1024.jpg 683w\" sizes=\"auto, (max-width: 200px) 100vw, 200px\" \/><\/a><br \/>\n<em>Fotos: \u00a9 Peter Koerber \/ Kulturkreis St. Marien<\/em><\/p>\n<p>Sehr beeindruckend: der erste Teil des Konzerts mit sakralen Liedern aus der russisch-orthodoxen Liturgie. Gleich das &#8218;Credo&#8216; zu Beginn faszinierte mit der deutlich vorgetragenen Inbrunst von Gl\u00e4ubigen, aber auch mit der volumin\u00f6sen Stimmf\u00fchrung der einzelnen S\u00e4nger vom tiefsten Bass bis zum Diskant \u2013 und brachte die Akustik der Kirche an ihre Grenzen: einige wenige Mal reagierte der Kirchenraum wie ein \u00fcbersteuerter Verst\u00e4rker.<\/p>\n<figure id=\"attachment_1605\" aria-describedby=\"caption-attachment-1605\" style=\"width: 300px\" class=\"wp-caption alignnone\"><a href=\"https:\/\/marienviertel.de\/kulturkreis\/wordpress\/wp-content\/uploads\/2019\/10\/DSC5299-ps.jpg\" target=\"_blank\" rel=\"noopener noreferrer\"><img loading=\"lazy\" decoding=\"async\" class=\"wp-image-1605 size-medium\" src=\"https:\/\/marienviertel.de\/kulturkreis\/wordpress\/wp-content\/uploads\/2019\/10\/DSC5299-ps-300x215.jpg\" alt=\"\" width=\"300\" height=\"215\" srcset=\"https:\/\/marienviertel.de\/kulturkreis\/wordpress\/wp-content\/uploads\/2019\/10\/DSC5299-ps-300x215.jpg 300w, https:\/\/marienviertel.de\/kulturkreis\/wordpress\/wp-content\/uploads\/2019\/10\/DSC5299-ps-768x550.jpg 768w, https:\/\/marienviertel.de\/kulturkreis\/wordpress\/wp-content\/uploads\/2019\/10\/DSC5299-ps-1024x734.jpg 1024w\" sizes=\"auto, (max-width: 300px) 100vw, 300px\" \/><\/a><figcaption id=\"caption-attachment-1605\" class=\"wp-caption-text\">Foto: \u00a9 Wolfgang Just \/ Kulturkreis St. Marien<\/figcaption><\/figure>\n<p>Die Traditionals nach der Pause zeigen immer wieder deutlich die &#8218;Handschrift&#8216; des Chor-Gr\u00fcnders. Erst ab 2001 durfte Wanja Hlibka die Original-Arrangements von Serge Jaroff f\u00fcr seine k\u00fcnstlerische Arbeit nutzen \u2013 und das bringt G\u00e4nsehaut pur bis hin zur zweiten Zugabe, einem in Deutsch gesungenem &#8222;Guten Abend, gut&#8216; Nacht&#8220;:\u00a0 leise-z\u00e4rtlich vorgetragen und dennoch den Kirchenraum bis in letzte Ecke f\u00fcllend.<\/p>\n<figure id=\"attachment_1601\" aria-describedby=\"caption-attachment-1601\" style=\"width: 200px\" class=\"wp-caption alignnone\"><a href=\"https:\/\/marienviertel.de\/kulturkreis\/wordpress\/wp-content\/uploads\/2019\/10\/Don-Kosaken-Chor-46-e1570621850898.jpg\" target=\"_blank\" rel=\"noopener noreferrer\"><img loading=\"lazy\" decoding=\"async\" class=\"wp-image-1601 size-medium\" src=\"https:\/\/marienviertel.de\/kulturkreis\/wordpress\/wp-content\/uploads\/2019\/10\/Don-Kosaken-Chor-46-e1570621850898-200x300.jpg\" alt=\"\" width=\"200\" height=\"300\" srcset=\"https:\/\/marienviertel.de\/kulturkreis\/wordpress\/wp-content\/uploads\/2019\/10\/Don-Kosaken-Chor-46-e1570621850898-200x300.jpg 200w, https:\/\/marienviertel.de\/kulturkreis\/wordpress\/wp-content\/uploads\/2019\/10\/Don-Kosaken-Chor-46-e1570621850898-768x1152.jpg 768w, https:\/\/marienviertel.de\/kulturkreis\/wordpress\/wp-content\/uploads\/2019\/10\/Don-Kosaken-Chor-46-e1570621850898-683x1024.jpg 683w\" sizes=\"auto, (max-width: 200px) 100vw, 200px\" \/><\/a><figcaption id=\"caption-attachment-1601\" class=\"wp-caption-text\">Foto: \u00a9 Peter Koerber\/ Kulturkreis St. Marien<\/figcaption><\/figure>\n<p>Ein solch hochkar\u00e4tiges Spitzenensemble kann es sich auch leisten (und ich empfinde es als wohltuend!), auf jegliche Effekthascherei und &#8218;Show&#8216; zu verzichten, auch bei einem folkloristischem Highlight wie &#8218;Kalinka&#8216;: schwarze Kosakenmonturen mit roten Lampassen und schwarzen G\u00fcrteln, der Dirigent mit sparsamen Handbewegungen, die S\u00e4nger still stehend mit auf dem R\u00fccken verschr\u00e4nkten Armen; nur bei ihren Soli brachten die jeweiligen S\u00e4nger die H\u00e4nde nach vorn und die Daumen hakten im G\u00fcrtel ein. Das reicht \u2013 wenn ein Chor wie dieser so mit seiner Sangeskunst\u00a0 \u00fcberzeugen kann.<\/p>\n<figure id=\"attachment_1606\" aria-describedby=\"caption-attachment-1606\" style=\"width: 474px\" class=\"wp-caption alignnone\"><a href=\"https:\/\/marienviertel.de\/kulturkreis\/wordpress\/wp-content\/uploads\/2019\/10\/DSC5333-ps-g_pp.jpg\"><img loading=\"lazy\" decoding=\"async\" class=\"wp-image-1606 size-large\" src=\"https:\/\/marienviertel.de\/kulturkreis\/wordpress\/wp-content\/uploads\/2019\/10\/DSC5333-ps-g_pp-1024x680.jpg\" alt=\"\" width=\"474\" height=\"315\" srcset=\"https:\/\/marienviertel.de\/kulturkreis\/wordpress\/wp-content\/uploads\/2019\/10\/DSC5333-ps-g_pp-1024x680.jpg 1024w, https:\/\/marienviertel.de\/kulturkreis\/wordpress\/wp-content\/uploads\/2019\/10\/DSC5333-ps-g_pp-300x199.jpg 300w, https:\/\/marienviertel.de\/kulturkreis\/wordpress\/wp-content\/uploads\/2019\/10\/DSC5333-ps-g_pp-768x510.jpg 768w\" sizes=\"auto, (max-width: 474px) 100vw, 474px\" \/><\/a><figcaption id=\"caption-attachment-1606\" class=\"wp-caption-text\">Foto: \u00a9 Wolfgang Just \/ Kulturkreis St. Marien<\/figcaption><\/figure>\n<p style=\"text-align: right;\">Text: jotw<\/p>\n<p><strong>Alle Fotos der folgenden Bildergalerie: \u00a9 Wolfgang Just \/ Kulturkreis St. Marien<\/strong><\/p>\n<style id=\"bwg-style-0\">    #bwg_container1_0 #bwg_container2_0 .bwg-container-0.bwg-standard-thumbnails {      width: 904px;              justify-content: center;        margin:0 auto !important;              background-color: rgba(255, 255, 255, 0.00);            padding-left: 4px;      padding-top: 4px;      max-width: 100%;            }        #bwg_container1_0 #bwg_container2_0 .bwg-container-0.bwg-standard-thumbnails .bwg-item {    justify-content: flex-start;      max-width: 180px;            width: 180px !important;          }    #bwg_container1_0 #bwg_container2_0 .bwg-container-0.bwg-standard-thumbnails .bwg-item a {       margin-right: 4px;       margin-bottom: 4px;    }    #bwg_container1_0 #bwg_container2_0 .bwg-container-0.bwg-standard-thumbnails .bwg-item0 {      padding: 0px;            background-color:rgba(255,255,255, 0.30);      border: 0px none #CCCCCC;      opacity: 1.00;      border-radius: 0;      box-shadow: 0px 0px 0px #888888;    }    #bwg_container1_0 #bwg_container2_0 .bwg-container-0.bwg-standard-thumbnails .bwg-item1 img {      max-height: none;      max-width: none;      padding: 0 !important;    }        @media only screen and (min-width: 480px) {      #bwg_container1_0 #bwg_container2_0 .bwg-container-0.bwg-standard-thumbnails .bwg-item0 {        transition: all 0.3s ease 0s;-webkit-transition: all 0.3s ease 0s;      }      #bwg_container1_0 #bwg_container2_0 .bwg-container-0.bwg-standard-thumbnails .bwg-item0:hover {        -ms-transform: scale(1.1);        -webkit-transform: scale(1.1);        transform: scale(1.1);      }    }          #bwg_container1_0 #bwg_container2_0 .bwg-container-0.bwg-standard-thumbnails .bwg-item1 {      padding-top: 50%;    }        #bwg_container1_0 #bwg_container2_0 .bwg-container-0.bwg-standard-thumbnails .bwg-title2,    #bwg_container1_0 #bwg_container2_0 .bwg-container-0.bwg-standard-thumbnails .bwg-ecommerce2 {      color: #CCCCCC;      font-family: segoe ui;      font-size: 16px;      font-weight: bold;      padding: 2px;      text-shadow: 0px 0px 0px #888888;      max-height: 100%;    }    #bwg_container1_0 #bwg_container2_0 .bwg-container-0.bwg-standard-thumbnails .bwg-thumb-description span {    color: #323A45;    font-family: Ubuntu;    font-size: 12px;    max-height: 100%;    word-wrap: break-word;    }    #bwg_container1_0 #bwg_container2_0 .bwg-container-0.bwg-standard-thumbnails .bwg-play-icon2 {      font-size: 32px;    }    #bwg_container1_0 #bwg_container2_0 .bwg-container-0.bwg-standard-thumbnails .bwg-ecommerce2 {      font-size: 19.2px;      color: #CCCCCC;    }    <\/style>    <div id=\"bwg_container1_0\"         class=\"bwg_container bwg_thumbnail bwg_thumbnails \"         data-right-click-protection=\"0\"         data-bwg=\"0\"         data-scroll=\"0\"         data-gallery-type=\"thumbnails\"         data-gallery-view-type=\"thumbnails\"         data-current-url=\"\/kulturkreis\/wp-json\/wp\/v2\/posts\/1591\"         data-lightbox-url=\"https:\/\/marienviertel.de\/kulturkreis\/wordpress\/wp-admin\/admin-ajax.php?action=GalleryBox&#038;current_view=0&#038;gallery_id=14&#038;tag=0&#038;theme_id=1&#038;shortcode_id=39&#038;sort_by=filename&#038;order_by=asc&#038;current_url=%2Fkulturkreis%2Fwp-json%2Fwp%2Fv2%2Fposts%2F1591\"         data-gallery-id=\"14\"         data-popup-width=\"800\"         data-popup-height=\"500\"         data-is-album=\"gallery\"         data-buttons-position=\"bottom\">      <div id=\"bwg_container2_0\">             <div id=\"ajax_loading_0\" class=\"bwg_loading_div_1\">      <div class=\"bwg_loading_div_2\">        <div class=\"bwg_loading_div_3\">          <div id=\"loading_div_0\" class=\"bwg_spider_ajax_loading\">          <\/div>        <\/div>      <\/div>    <\/div>            <form id=\"gal_front_form_0\"              class=\"bwg-hidden\"              method=\"post\"              action=\"#\"              data-current=\"0\"              data-shortcode-id=\"39\"              data-gallery-type=\"thumbnails\"              data-gallery-id=\"14\"              data-tag=\"0\"              data-album-id=\"0\"              data-theme-id=\"1\"              data-ajax-url=\"https:\/\/marienviertel.de\/kulturkreis\/wordpress\/wp-admin\/admin-ajax.php?action=bwg_frontend_data\">          <div id=\"bwg_container3_0\" class=\"bwg-background bwg-background-0\">                <div data-max-count=\"5\"         data-thumbnail-width=\"180\"         data-bwg=\"0\"         data-gallery-id=\"14\"         data-lightbox-url=\"https:\/\/marienviertel.de\/kulturkreis\/wordpress\/wp-admin\/admin-ajax.php?action=GalleryBox&amp;current_view=0&amp;gallery_id=14&amp;tag=0&amp;theme_id=1&amp;shortcode_id=39&amp;sort_by=filename&amp;order_by=asc&amp;current_url=%2Fkulturkreis%2Fwp-json%2Fwp%2Fv2%2Fposts%2F1591\"         id=\"bwg_thumbnails_0\"         class=\"bwg-container-0 bwg-thumbnails bwg-standard-thumbnails bwg-container bwg-border-box\">            <div class=\"bwg-item\">        <a class=\"bwg-a  bwg_lightbox\"  data-image-id=\"1818\" href=\"https:\/\/marienviertel.de\/kulturkreis\/wordpress\/wp-content\/uploads\/photo-gallery\/_DSC5211-ps.jpg?bwg=1570648816\" data-elementor-open-lightbox=\"no\">                <div class=\"bwg-item0 \">          <div class=\"bwg-item1 \">            <div class=\"bwg-item2\">              <img decoding=\"async\" class=\"skip-lazy bwg_standart_thumb_img_0 \"                   data-id=\"1818\"                   data-width=\"300\"                   data-height=\"200\"                   data-src=\"https:\/\/marienviertel.de\/kulturkreis\/wordpress\/wp-content\/uploads\/photo-gallery\/thumb\/_DSC5211-ps.jpg?bwg=1570648816\"                   src=\"https:\/\/marienviertel.de\/kulturkreis\/wordpress\/wp-content\/uploads\/photo-gallery\/thumb\/_DSC5211-ps.jpg?bwg=1570648816\"                   alt=\" DSC5211-ps\"                   title=\" DSC5211-ps\" \/>            <\/div>            <div class=\"\">                                                      <\/div>          <\/div>        <\/div>                        <\/a>              <\/div>            <div class=\"bwg-item\">        <a class=\"bwg-a  bwg_lightbox\"  data-image-id=\"1819\" href=\"https:\/\/marienviertel.de\/kulturkreis\/wordpress\/wp-content\/uploads\/photo-gallery\/_DSC5223-ps.jpg?bwg=1570648816\" data-elementor-open-lightbox=\"no\">                <div class=\"bwg-item0 \">          <div class=\"bwg-item1 \">            <div class=\"bwg-item2\">              <img decoding=\"async\" class=\"skip-lazy bwg_standart_thumb_img_0 \"                   data-id=\"1819\"                   data-width=\"300\"                   data-height=\"200\"                   data-src=\"https:\/\/marienviertel.de\/kulturkreis\/wordpress\/wp-content\/uploads\/photo-gallery\/thumb\/_DSC5223-ps.jpg?bwg=1570648816\"                   src=\"https:\/\/marienviertel.de\/kulturkreis\/wordpress\/wp-content\/uploads\/photo-gallery\/thumb\/_DSC5223-ps.jpg?bwg=1570648816\"                   alt=\" DSC5223-ps\"                   title=\" DSC5223-ps\" \/>            <\/div>            <div class=\"\">                                                      <\/div>          <\/div>        <\/div>                        <\/a>              <\/div>            <div class=\"bwg-item\">        <a class=\"bwg-a  bwg_lightbox\"  data-image-id=\"1823\" href=\"https:\/\/marienviertel.de\/kulturkreis\/wordpress\/wp-content\/uploads\/photo-gallery\/_DSC5235-ps.jpg?bwg=1570648816\" data-elementor-open-lightbox=\"no\">                <div class=\"bwg-item0 \">          <div class=\"bwg-item1 \">            <div class=\"bwg-item2\">              <img decoding=\"async\" class=\"skip-lazy bwg_standart_thumb_img_0 \"                   data-id=\"1823\"                   data-width=\"300\"                   data-height=\"201\"                   data-src=\"https:\/\/marienviertel.de\/kulturkreis\/wordpress\/wp-content\/uploads\/photo-gallery\/thumb\/_DSC5235-ps.jpg?bwg=1570648816\"                   src=\"https:\/\/marienviertel.de\/kulturkreis\/wordpress\/wp-content\/uploads\/photo-gallery\/thumb\/_DSC5235-ps.jpg?bwg=1570648816\"                   alt=\" DSC5235-ps\"                   title=\" DSC5235-ps\" \/>            <\/div>            <div class=\"\">                                                      <\/div>          <\/div>        <\/div>                        <\/a>              <\/div>            <div class=\"bwg-item\">        <a class=\"bwg-a  bwg_lightbox\"  data-image-id=\"1822\" href=\"https:\/\/marienviertel.de\/kulturkreis\/wordpress\/wp-content\/uploads\/photo-gallery\/_DSC5236-ps.jpg?bwg=1570648816\" data-elementor-open-lightbox=\"no\">                <div class=\"bwg-item0 \">          <div class=\"bwg-item1 \">            <div class=\"bwg-item2\">              <img decoding=\"async\" class=\"skip-lazy bwg_standart_thumb_img_0 \"                   data-id=\"1822\"                   data-width=\"212\"                   data-height=\"300\"                   data-src=\"https:\/\/marienviertel.de\/kulturkreis\/wordpress\/wp-content\/uploads\/photo-gallery\/thumb\/_DSC5236-ps.jpg?bwg=1570648816\"                   src=\"https:\/\/marienviertel.de\/kulturkreis\/wordpress\/wp-content\/uploads\/photo-gallery\/thumb\/_DSC5236-ps.jpg?bwg=1570648816\"                   alt=\" DSC5236-ps\"                   title=\" DSC5236-ps\" \/>            <\/div>            <div class=\"\">                                                      <\/div>          <\/div>        <\/div>                        <\/a>              <\/div>            <div class=\"bwg-item\">        <a class=\"bwg-a  bwg_lightbox\"  data-image-id=\"1817\" href=\"https:\/\/marienviertel.de\/kulturkreis\/wordpress\/wp-content\/uploads\/photo-gallery\/_DSC5238-ps.jpg?bwg=1570648816\" data-elementor-open-lightbox=\"no\">                <div class=\"bwg-item0 \">          <div class=\"bwg-item1 \">            <div class=\"bwg-item2\">              <img decoding=\"async\" class=\"skip-lazy bwg_standart_thumb_img_0 \"                   data-id=\"1817\"                   data-width=\"300\"                   data-height=\"204\"                   data-src=\"https:\/\/marienviertel.de\/kulturkreis\/wordpress\/wp-content\/uploads\/photo-gallery\/thumb\/_DSC5238-ps.jpg?bwg=1570648816\"                   src=\"https:\/\/marienviertel.de\/kulturkreis\/wordpress\/wp-content\/uploads\/photo-gallery\/thumb\/_DSC5238-ps.jpg?bwg=1570648816\"                   alt=\" DSC5238-ps\"                   title=\" DSC5238-ps\" \/>            <\/div>            <div class=\"\">                                                      <\/div>          <\/div>        <\/div>                        <\/a>              <\/div>            <div class=\"bwg-item\">        <a class=\"bwg-a  bwg_lightbox\"  data-image-id=\"1821\" href=\"https:\/\/marienviertel.de\/kulturkreis\/wordpress\/wp-content\/uploads\/photo-gallery\/_DSC5241-ps.jpg?bwg=1570648816\" data-elementor-open-lightbox=\"no\">                <div class=\"bwg-item0 \">          <div class=\"bwg-item1 \">            <div class=\"bwg-item2\">              <img decoding=\"async\" class=\"skip-lazy bwg_standart_thumb_img_0 \"                   data-id=\"1821\"                   data-width=\"300\"                   data-height=\"204\"                   data-src=\"https:\/\/marienviertel.de\/kulturkreis\/wordpress\/wp-content\/uploads\/photo-gallery\/thumb\/_DSC5241-ps.jpg?bwg=1570648816\"                   src=\"https:\/\/marienviertel.de\/kulturkreis\/wordpress\/wp-content\/uploads\/photo-gallery\/thumb\/_DSC5241-ps.jpg?bwg=1570648816\"                   alt=\" DSC5241-ps\"                   title=\" DSC5241-ps\" \/>            <\/div>            <div class=\"\">                                                      <\/div>          <\/div>        <\/div>                        <\/a>              <\/div>            <div class=\"bwg-item\">        <a class=\"bwg-a  bwg_lightbox\"  data-image-id=\"1825\" href=\"https:\/\/marienviertel.de\/kulturkreis\/wordpress\/wp-content\/uploads\/photo-gallery\/_DSC5255-ps.jpg?bwg=1570648816\" data-elementor-open-lightbox=\"no\">                <div class=\"bwg-item0 \">          <div class=\"bwg-item1 \">            <div class=\"bwg-item2\">              <img decoding=\"async\" class=\"skip-lazy bwg_standart_thumb_img_0 \"                   data-id=\"1825\"                   data-width=\"300\"                   data-height=\"200\"                   data-src=\"https:\/\/marienviertel.de\/kulturkreis\/wordpress\/wp-content\/uploads\/photo-gallery\/thumb\/_DSC5255-ps.jpg?bwg=1570648816\"                   src=\"https:\/\/marienviertel.de\/kulturkreis\/wordpress\/wp-content\/uploads\/photo-gallery\/thumb\/_DSC5255-ps.jpg?bwg=1570648816\"                   alt=\" DSC5255-ps\"                   title=\" DSC5255-ps\" \/>            <\/div>            <div class=\"\">                                                      <\/div>          <\/div>        <\/div>                        <\/a>              <\/div>            <div class=\"bwg-item\">        <a class=\"bwg-a  bwg_lightbox\"  data-image-id=\"1820\" href=\"https:\/\/marienviertel.de\/kulturkreis\/wordpress\/wp-content\/uploads\/photo-gallery\/_DSC5262-ps.jpg?bwg=1570648816\" data-elementor-open-lightbox=\"no\">                <div class=\"bwg-item0 \">          <div class=\"bwg-item1 \">            <div class=\"bwg-item2\">              <img decoding=\"async\" class=\"skip-lazy bwg_standart_thumb_img_0 \"                   data-id=\"1820\"                   data-width=\"300\"                   data-height=\"204\"                   data-src=\"https:\/\/marienviertel.de\/kulturkreis\/wordpress\/wp-content\/uploads\/photo-gallery\/thumb\/_DSC5262-ps.jpg?bwg=1570648816\"                   src=\"https:\/\/marienviertel.de\/kulturkreis\/wordpress\/wp-content\/uploads\/photo-gallery\/thumb\/_DSC5262-ps.jpg?bwg=1570648816\"                   alt=\" DSC5262-ps\"                   title=\" DSC5262-ps\" \/>            <\/div>            <div class=\"\">                                                      <\/div>          <\/div>        <\/div>                        <\/a>              <\/div>            <div class=\"bwg-item\">        <a class=\"bwg-a  bwg_lightbox\"  data-image-id=\"1826\" href=\"https:\/\/marienviertel.de\/kulturkreis\/wordpress\/wp-content\/uploads\/photo-gallery\/_DSC5263-ps.jpg?bwg=1570648816\" data-elementor-open-lightbox=\"no\">                <div class=\"bwg-item0 \">          <div class=\"bwg-item1 \">            <div class=\"bwg-item2\">              <img decoding=\"async\" class=\"skip-lazy bwg_standart_thumb_img_0 \"                   data-id=\"1826\"                   data-width=\"186\"                   data-height=\"300\"                   data-src=\"https:\/\/marienviertel.de\/kulturkreis\/wordpress\/wp-content\/uploads\/photo-gallery\/thumb\/_DSC5263-ps.jpg?bwg=1570648816\"                   src=\"https:\/\/marienviertel.de\/kulturkreis\/wordpress\/wp-content\/uploads\/photo-gallery\/thumb\/_DSC5263-ps.jpg?bwg=1570648816\"                   alt=\" DSC5263-ps\"                   title=\" DSC5263-ps\" \/>            <\/div>            <div class=\"\">                                                      <\/div>          <\/div>        <\/div>                        <\/a>              <\/div>            <div class=\"bwg-item\">        <a class=\"bwg-a  bwg_lightbox\"  data-image-id=\"1824\" href=\"https:\/\/marienviertel.de\/kulturkreis\/wordpress\/wp-content\/uploads\/photo-gallery\/_DSC5264-ps.jpg?bwg=1570648816\" data-elementor-open-lightbox=\"no\">                <div class=\"bwg-item0 \">          <div class=\"bwg-item1 \">            <div class=\"bwg-item2\">              <img decoding=\"async\" class=\"skip-lazy bwg_standart_thumb_img_0 \"                   data-id=\"1824\"                   data-width=\"300\"                   data-height=\"200\"                   data-src=\"https:\/\/marienviertel.de\/kulturkreis\/wordpress\/wp-content\/uploads\/photo-gallery\/thumb\/_DSC5264-ps.jpg?bwg=1570648816\"                   src=\"https:\/\/marienviertel.de\/kulturkreis\/wordpress\/wp-content\/uploads\/photo-gallery\/thumb\/_DSC5264-ps.jpg?bwg=1570648816\"                   alt=\" DSC5264-ps\"                   title=\" DSC5264-ps\" \/>            <\/div>            <div class=\"\">                                                      <\/div>          <\/div>        <\/div>                        <\/a>              <\/div>            <div class=\"bwg-item\">        <a class=\"bwg-a  bwg_lightbox\"  data-image-id=\"1827\" href=\"https:\/\/marienviertel.de\/kulturkreis\/wordpress\/wp-content\/uploads\/photo-gallery\/_DSC5266-ps.jpg?bwg=1570648816\" data-elementor-open-lightbox=\"no\">                <div class=\"bwg-item0 \">          <div class=\"bwg-item1 \">            <div class=\"bwg-item2\">              <img decoding=\"async\" class=\"skip-lazy bwg_standart_thumb_img_0 \"                   data-id=\"1827\"                   data-width=\"300\"                   data-height=\"200\"                   data-src=\"https:\/\/marienviertel.de\/kulturkreis\/wordpress\/wp-content\/uploads\/photo-gallery\/thumb\/_DSC5266-ps.jpg?bwg=1570648816\"                   src=\"https:\/\/marienviertel.de\/kulturkreis\/wordpress\/wp-content\/uploads\/photo-gallery\/thumb\/_DSC5266-ps.jpg?bwg=1570648816\"                   alt=\" DSC5266-ps\"                   title=\" DSC5266-ps\" \/>            <\/div>            <div class=\"\">                                                      <\/div>          <\/div>        <\/div>                        <\/a>              <\/div>            <div class=\"bwg-item\">        <a class=\"bwg-a  bwg_lightbox\"  data-image-id=\"1829\" href=\"https:\/\/marienviertel.de\/kulturkreis\/wordpress\/wp-content\/uploads\/photo-gallery\/_DSC5270-ps.jpg?bwg=1570648816\" data-elementor-open-lightbox=\"no\">                <div class=\"bwg-item0 \">          <div class=\"bwg-item1 \">            <div class=\"bwg-item2\">              <img decoding=\"async\" class=\"skip-lazy bwg_standart_thumb_img_0 \"                   data-id=\"1829\"                   data-width=\"300\"                   data-height=\"205\"                   data-src=\"https:\/\/marienviertel.de\/kulturkreis\/wordpress\/wp-content\/uploads\/photo-gallery\/thumb\/_DSC5270-ps.jpg?bwg=1570648816\"                   src=\"https:\/\/marienviertel.de\/kulturkreis\/wordpress\/wp-content\/uploads\/photo-gallery\/thumb\/_DSC5270-ps.jpg?bwg=1570648816\"                   alt=\" DSC5270-ps\"                   title=\" DSC5270-ps\" \/>            <\/div>            <div class=\"\">                                                      <\/div>          <\/div>        <\/div>                        <\/a>              <\/div>            <div class=\"bwg-item\">        <a class=\"bwg-a  bwg_lightbox\"  data-image-id=\"1832\" href=\"https:\/\/marienviertel.de\/kulturkreis\/wordpress\/wp-content\/uploads\/photo-gallery\/_DSC5283-ps.jpg?bwg=1570648816\" data-elementor-open-lightbox=\"no\">                <div class=\"bwg-item0 \">          <div class=\"bwg-item1 \">            <div class=\"bwg-item2\">              <img decoding=\"async\" class=\"skip-lazy bwg_standart_thumb_img_0 \"                   data-id=\"1832\"                   data-width=\"300\"                   data-height=\"193\"                   data-src=\"https:\/\/marienviertel.de\/kulturkreis\/wordpress\/wp-content\/uploads\/photo-gallery\/thumb\/_DSC5283-ps.jpg?bwg=1570648816\"                   src=\"https:\/\/marienviertel.de\/kulturkreis\/wordpress\/wp-content\/uploads\/photo-gallery\/thumb\/_DSC5283-ps.jpg?bwg=1570648816\"                   alt=\" DSC5283-ps\"                   title=\" DSC5283-ps\" \/>            <\/div>            <div class=\"\">                                                      <\/div>          <\/div>        <\/div>                        <\/a>              <\/div>            <div class=\"bwg-item\">        <a class=\"bwg-a  bwg_lightbox\"  data-image-id=\"1828\" href=\"https:\/\/marienviertel.de\/kulturkreis\/wordpress\/wp-content\/uploads\/photo-gallery\/_DSC5284-ps.jpg?bwg=1570648816\" data-elementor-open-lightbox=\"no\">                <div class=\"bwg-item0 \">          <div class=\"bwg-item1 \">            <div class=\"bwg-item2\">              <img decoding=\"async\" class=\"skip-lazy bwg_standart_thumb_img_0 \"                   data-id=\"1828\"                   data-width=\"300\"                   data-height=\"219\"                   data-src=\"https:\/\/marienviertel.de\/kulturkreis\/wordpress\/wp-content\/uploads\/photo-gallery\/thumb\/_DSC5284-ps.jpg?bwg=1570648816\"                   src=\"https:\/\/marienviertel.de\/kulturkreis\/wordpress\/wp-content\/uploads\/photo-gallery\/thumb\/_DSC5284-ps.jpg?bwg=1570648816\"                   alt=\" DSC5284-ps\"                   title=\" DSC5284-ps\" \/>            <\/div>            <div class=\"\">                                                      <\/div>          <\/div>        <\/div>                        <\/a>              <\/div>            <div class=\"bwg-item\">        <a class=\"bwg-a  bwg_lightbox\"  data-image-id=\"1835\" href=\"https:\/\/marienviertel.de\/kulturkreis\/wordpress\/wp-content\/uploads\/photo-gallery\/_DSC5295-ps.jpg?bwg=1570648816\" data-elementor-open-lightbox=\"no\">                <div class=\"bwg-item0 \">          <div class=\"bwg-item1 \">            <div class=\"bwg-item2\">              <img decoding=\"async\" class=\"skip-lazy bwg_standart_thumb_img_0 \"                   data-id=\"1835\"                   data-width=\"300\"                   data-height=\"200\"                   data-src=\"https:\/\/marienviertel.de\/kulturkreis\/wordpress\/wp-content\/uploads\/photo-gallery\/thumb\/_DSC5295-ps.jpg?bwg=1570648816\"                   src=\"https:\/\/marienviertel.de\/kulturkreis\/wordpress\/wp-content\/uploads\/photo-gallery\/thumb\/_DSC5295-ps.jpg?bwg=1570648816\"                   alt=\" DSC5295-ps\"                   title=\" DSC5295-ps\" \/>            <\/div>            <div class=\"\">                                                      <\/div>          <\/div>        <\/div>                        <\/a>              <\/div>            <div class=\"bwg-item\">        <a class=\"bwg-a  bwg_lightbox\"  data-image-id=\"1831\" href=\"https:\/\/marienviertel.de\/kulturkreis\/wordpress\/wp-content\/uploads\/photo-gallery\/_DSC5299-ps.jpg?bwg=1570648816\" data-elementor-open-lightbox=\"no\">                <div class=\"bwg-item0 \">          <div class=\"bwg-item1 \">            <div class=\"bwg-item2\">              <img decoding=\"async\" class=\"skip-lazy bwg_standart_thumb_img_0 \"                   data-id=\"1831\"                   data-width=\"300\"                   data-height=\"215\"                   data-src=\"https:\/\/marienviertel.de\/kulturkreis\/wordpress\/wp-content\/uploads\/photo-gallery\/thumb\/_DSC5299-ps.jpg?bwg=1570648816\"                   src=\"https:\/\/marienviertel.de\/kulturkreis\/wordpress\/wp-content\/uploads\/photo-gallery\/thumb\/_DSC5299-ps.jpg?bwg=1570648816\"                   alt=\" DSC5299-ps\"                   title=\" DSC5299-ps\" \/>            <\/div>            <div class=\"\">                                                      <\/div>          <\/div>        <\/div>                        <\/a>              <\/div>            <div class=\"bwg-item\">        <a class=\"bwg-a  bwg_lightbox\"  data-image-id=\"1834\" href=\"https:\/\/marienviertel.de\/kulturkreis\/wordpress\/wp-content\/uploads\/photo-gallery\/_DSC5305-ps.jpg?bwg=1570648816\" data-elementor-open-lightbox=\"no\">                <div class=\"bwg-item0 \">          <div class=\"bwg-item1 \">            <div class=\"bwg-item2\">              <img decoding=\"async\" class=\"skip-lazy bwg_standart_thumb_img_0 \"                   data-id=\"1834\"                   data-width=\"300\"                   data-height=\"192\"                   data-src=\"https:\/\/marienviertel.de\/kulturkreis\/wordpress\/wp-content\/uploads\/photo-gallery\/thumb\/_DSC5305-ps.jpg?bwg=1570648816\"                   src=\"https:\/\/marienviertel.de\/kulturkreis\/wordpress\/wp-content\/uploads\/photo-gallery\/thumb\/_DSC5305-ps.jpg?bwg=1570648816\"                   alt=\" DSC5305-ps\"                   title=\" DSC5305-ps\" \/>            <\/div>            <div class=\"\">                                                      <\/div>          <\/div>        <\/div>                        <\/a>              <\/div>            <div class=\"bwg-item\">        <a class=\"bwg-a  bwg_lightbox\"  data-image-id=\"1830\" href=\"https:\/\/marienviertel.de\/kulturkreis\/wordpress\/wp-content\/uploads\/photo-gallery\/_DSC5308-ps_pp.jpg?bwg=1570648816\" data-elementor-open-lightbox=\"no\">                <div class=\"bwg-item0 \">          <div class=\"bwg-item1 \">            <div class=\"bwg-item2\">              <img decoding=\"async\" class=\"skip-lazy bwg_standart_thumb_img_0 \"                   data-id=\"1830\"                   data-width=\"300\"                   data-height=\"215\"                   data-src=\"https:\/\/marienviertel.de\/kulturkreis\/wordpress\/wp-content\/uploads\/photo-gallery\/thumb\/_DSC5308-ps_pp.jpg?bwg=1570648816\"                   src=\"https:\/\/marienviertel.de\/kulturkreis\/wordpress\/wp-content\/uploads\/photo-gallery\/thumb\/_DSC5308-ps_pp.jpg?bwg=1570648816\"                   alt=\" DSC5308-ps pp\"                   title=\" DSC5308-ps pp\" \/>            <\/div>            <div class=\"\">                                                      <\/div>          <\/div>        <\/div>                        <\/a>              <\/div>            <div class=\"bwg-item\">        <a class=\"bwg-a  bwg_lightbox\"  data-image-id=\"1833\" href=\"https:\/\/marienviertel.de\/kulturkreis\/wordpress\/wp-content\/uploads\/photo-gallery\/_DSC5313-ps_pp.jpg?bwg=1570648816\" data-elementor-open-lightbox=\"no\">                <div class=\"bwg-item0 \">          <div class=\"bwg-item1 \">            <div class=\"bwg-item2\">              <img decoding=\"async\" class=\"skip-lazy bwg_standart_thumb_img_0 \"                   data-id=\"1833\"                   data-width=\"300\"                   data-height=\"200\"                   data-src=\"https:\/\/marienviertel.de\/kulturkreis\/wordpress\/wp-content\/uploads\/photo-gallery\/thumb\/_DSC5313-ps_pp.jpg?bwg=1570648816\"                   src=\"https:\/\/marienviertel.de\/kulturkreis\/wordpress\/wp-content\/uploads\/photo-gallery\/thumb\/_DSC5313-ps_pp.jpg?bwg=1570648816\"                   alt=\" DSC5313-ps pp\"                   title=\" DSC5313-ps pp\" \/>            <\/div>            <div class=\"\">                                                      <\/div>          <\/div>        <\/div>                        <\/a>              <\/div>            <div class=\"bwg-item\">        <a class=\"bwg-a  bwg_lightbox\"  data-image-id=\"1836\" href=\"https:\/\/marienviertel.de\/kulturkreis\/wordpress\/wp-content\/uploads\/photo-gallery\/_DSC5318-ps.jpg?bwg=1570648816\" data-elementor-open-lightbox=\"no\">                <div class=\"bwg-item0 \">          <div class=\"bwg-item1 \">            <div class=\"bwg-item2\">              <img decoding=\"async\" class=\"skip-lazy bwg_standart_thumb_img_0 \"                   data-id=\"1836\"                   data-width=\"300\"                   data-height=\"197\"                   data-src=\"https:\/\/marienviertel.de\/kulturkreis\/wordpress\/wp-content\/uploads\/photo-gallery\/thumb\/_DSC5318-ps.jpg?bwg=1570648816\"                   src=\"https:\/\/marienviertel.de\/kulturkreis\/wordpress\/wp-content\/uploads\/photo-gallery\/thumb\/_DSC5318-ps.jpg?bwg=1570648816\"                   alt=\" DSC5318-ps\"                   title=\" DSC5318-ps\" \/>            <\/div>            <div class=\"\">                                                      <\/div>          <\/div>        <\/div>                        <\/a>              <\/div>            <div class=\"bwg-item\">        <a class=\"bwg-a  bwg_lightbox\"  data-image-id=\"1838\" href=\"https:\/\/marienviertel.de\/kulturkreis\/wordpress\/wp-content\/uploads\/photo-gallery\/_DSC5320-ps.jpg?bwg=1570648816\" data-elementor-open-lightbox=\"no\">                <div class=\"bwg-item0 \">          <div class=\"bwg-item1 \">            <div class=\"bwg-item2\">              <img decoding=\"async\" class=\"skip-lazy bwg_standart_thumb_img_0 \"                   data-id=\"1838\"                   data-width=\"300\"                   data-height=\"200\"                   data-src=\"https:\/\/marienviertel.de\/kulturkreis\/wordpress\/wp-content\/uploads\/photo-gallery\/thumb\/_DSC5320-ps.jpg?bwg=1570648816\"                   src=\"https:\/\/marienviertel.de\/kulturkreis\/wordpress\/wp-content\/uploads\/photo-gallery\/thumb\/_DSC5320-ps.jpg?bwg=1570648816\"                   alt=\" DSC5320-ps\"                   title=\" DSC5320-ps\" \/>            <\/div>            <div class=\"\">                                                      <\/div>          <\/div>        <\/div>                        <\/a>              <\/div>            <div class=\"bwg-item\">        <a class=\"bwg-a  bwg_lightbox\"  data-image-id=\"1839\" href=\"https:\/\/marienviertel.de\/kulturkreis\/wordpress\/wp-content\/uploads\/photo-gallery\/_DSC5333-ps_g_pp.jpg?bwg=1570648816\" data-elementor-open-lightbox=\"no\">                <div class=\"bwg-item0 \">          <div class=\"bwg-item1 \">            <div class=\"bwg-item2\">              <img decoding=\"async\" class=\"skip-lazy bwg_standart_thumb_img_0 \"                   data-id=\"1839\"                   data-width=\"300\"                   data-height=\"199\"                   data-src=\"https:\/\/marienviertel.de\/kulturkreis\/wordpress\/wp-content\/uploads\/photo-gallery\/thumb\/_DSC5333-ps_g_pp.jpg?bwg=1570648816\"                   src=\"https:\/\/marienviertel.de\/kulturkreis\/wordpress\/wp-content\/uploads\/photo-gallery\/thumb\/_DSC5333-ps_g_pp.jpg?bwg=1570648816\"                   alt=\" DSC5333-ps g pp\"                   title=\" DSC5333-ps g pp\" \/>            <\/div>            <div class=\"\">                                                      <\/div>          <\/div>        <\/div>                        <\/a>              <\/div>            <div class=\"bwg-item\">        <a class=\"bwg-a  bwg_lightbox\"  data-image-id=\"1837\" href=\"https:\/\/marienviertel.de\/kulturkreis\/wordpress\/wp-content\/uploads\/photo-gallery\/_DSC5337-ps.jpg?bwg=1570648816\" data-elementor-open-lightbox=\"no\">                <div class=\"bwg-item0 \">          <div class=\"bwg-item1 \">            <div class=\"bwg-item2\">              <img decoding=\"async\" class=\"skip-lazy bwg_standart_thumb_img_0 \"                   data-id=\"1837\"                   data-width=\"300\"                   data-height=\"209\"                   data-src=\"https:\/\/marienviertel.de\/kulturkreis\/wordpress\/wp-content\/uploads\/photo-gallery\/thumb\/_DSC5337-ps.jpg?bwg=1570648816\"                   src=\"https:\/\/marienviertel.de\/kulturkreis\/wordpress\/wp-content\/uploads\/photo-gallery\/thumb\/_DSC5337-ps.jpg?bwg=1570648816\"                   alt=\" DSC5337-ps\"                   title=\" DSC5337-ps\" \/>            <\/div>            <div class=\"\">                                                      <\/div>          <\/div>        <\/div>                        <\/a>              <\/div>            <div class=\"bwg-item\">        <a class=\"bwg-a  bwg_lightbox\"  data-image-id=\"1840\" href=\"https:\/\/marienviertel.de\/kulturkreis\/wordpress\/wp-content\/uploads\/photo-gallery\/_DSC5346-ps.jpg?bwg=1570648816\" data-elementor-open-lightbox=\"no\">                <div class=\"bwg-item0 \">          <div class=\"bwg-item1 \">            <div class=\"bwg-item2\">              <img decoding=\"async\" class=\"skip-lazy bwg_standart_thumb_img_0 \"                   data-id=\"1840\"                   data-width=\"300\"                   data-height=\"200\"                   data-src=\"https:\/\/marienviertel.de\/kulturkreis\/wordpress\/wp-content\/uploads\/photo-gallery\/thumb\/_DSC5346-ps.jpg?bwg=1570648816\"                   src=\"https:\/\/marienviertel.de\/kulturkreis\/wordpress\/wp-content\/uploads\/photo-gallery\/thumb\/_DSC5346-ps.jpg?bwg=1570648816\"                   alt=\" DSC5346-ps\"                   title=\" DSC5346-ps\" \/>            <\/div>            <div class=\"\">                                                      <\/div>          <\/div>        <\/div>                        <\/a>              <\/div>            <div class=\"bwg-item\">        <a class=\"bwg-a  bwg_lightbox\"  data-image-id=\"1842\" href=\"https:\/\/marienviertel.de\/kulturkreis\/wordpress\/wp-content\/uploads\/photo-gallery\/_DSC5351-ps.jpg?bwg=1570648816\" data-elementor-open-lightbox=\"no\">                <div class=\"bwg-item0 \">          <div class=\"bwg-item1 \">            <div class=\"bwg-item2\">              <img decoding=\"async\" class=\"skip-lazy bwg_standart_thumb_img_0 \"                   data-id=\"1842\"                   data-width=\"300\"                   data-height=\"200\"                   data-src=\"https:\/\/marienviertel.de\/kulturkreis\/wordpress\/wp-content\/uploads\/photo-gallery\/thumb\/_DSC5351-ps.jpg?bwg=1570648816\"                   src=\"https:\/\/marienviertel.de\/kulturkreis\/wordpress\/wp-content\/uploads\/photo-gallery\/thumb\/_DSC5351-ps.jpg?bwg=1570648816\"                   alt=\" DSC5351-ps\"                   title=\" DSC5351-ps\" \/>            <\/div>            <div class=\"\">                                                      <\/div>          <\/div>        <\/div>                        <\/a>              <\/div>            <div class=\"bwg-item\">        <a class=\"bwg-a  bwg_lightbox\"  data-image-id=\"1843\" href=\"https:\/\/marienviertel.de\/kulturkreis\/wordpress\/wp-content\/uploads\/photo-gallery\/_DSC5359-psg_1.jpg?bwg=1570648816\" data-elementor-open-lightbox=\"no\">                <div class=\"bwg-item0 \">          <div class=\"bwg-item1 \">            <div class=\"bwg-item2\">              <img decoding=\"async\" class=\"skip-lazy bwg_standart_thumb_img_0 \"                   data-id=\"1843\"                   data-width=\"300\"                   data-height=\"199\"                   data-src=\"https:\/\/marienviertel.de\/kulturkreis\/wordpress\/wp-content\/uploads\/photo-gallery\/thumb\/_DSC5359-psg_1.jpg?bwg=1570648816\"                   src=\"https:\/\/marienviertel.de\/kulturkreis\/wordpress\/wp-content\/uploads\/photo-gallery\/thumb\/_DSC5359-psg_1.jpg?bwg=1570648816\"                   alt=\" DSC5359-psg 1\"                   title=\" DSC5359-psg 1\" \/>            <\/div>            <div class=\"\">                                                      <\/div>          <\/div>        <\/div>                        <\/a>              <\/div>            <div class=\"bwg-item\">        <a class=\"bwg-a  bwg_lightbox\"  data-image-id=\"1841\" href=\"https:\/\/marienviertel.de\/kulturkreis\/wordpress\/wp-content\/uploads\/photo-gallery\/_DSC5363-ps_pp.jpg?bwg=1570648816\" data-elementor-open-lightbox=\"no\">                <div class=\"bwg-item0 \">          <div class=\"bwg-item1 \">            <div class=\"bwg-item2\">              <img decoding=\"async\" class=\"skip-lazy bwg_standart_thumb_img_0 \"                   data-id=\"1841\"                   data-width=\"300\"                   data-height=\"234\"                   data-src=\"https:\/\/marienviertel.de\/kulturkreis\/wordpress\/wp-content\/uploads\/photo-gallery\/thumb\/_DSC5363-ps_pp.jpg?bwg=1570648816\"                   src=\"https:\/\/marienviertel.de\/kulturkreis\/wordpress\/wp-content\/uploads\/photo-gallery\/thumb\/_DSC5363-ps_pp.jpg?bwg=1570648816\"                   alt=\" DSC5363-ps pp\"                   title=\" DSC5363-ps pp\" \/>            <\/div>            <div class=\"\">                                                      <\/div>          <\/div>        <\/div>                        <\/a>              <\/div>            <div class=\"bwg-item\">        <a class=\"bwg-a  bwg_lightbox\"  data-image-id=\"1844\" href=\"https:\/\/marienviertel.de\/kulturkreis\/wordpress\/wp-content\/uploads\/photo-gallery\/_DSC5402-ps_1.jpg?bwg=1570648816\" data-elementor-open-lightbox=\"no\">                <div class=\"bwg-item0 \">          <div class=\"bwg-item1 \">            <div class=\"bwg-item2\">              <img decoding=\"async\" class=\"skip-lazy bwg_standart_thumb_img_0 \"                   data-id=\"1844\"                   data-width=\"300\"                   data-height=\"200\"                   data-src=\"https:\/\/marienviertel.de\/kulturkreis\/wordpress\/wp-content\/uploads\/photo-gallery\/thumb\/_DSC5402-ps_1.jpg?bwg=1570648816\"                   src=\"https:\/\/marienviertel.de\/kulturkreis\/wordpress\/wp-content\/uploads\/photo-gallery\/thumb\/_DSC5402-ps_1.jpg?bwg=1570648816\"                   alt=\" DSC5402-ps 1\"                   title=\" DSC5402-ps 1\" \/>            <\/div>            <div class=\"\">                                                      <\/div>          <\/div>        <\/div>                        <\/a>              <\/div>            <div class=\"bwg-item\">        <a class=\"bwg-a  bwg_lightbox\"  data-image-id=\"1845\" href=\"https:\/\/marienviertel.de\/kulturkreis\/wordpress\/wp-content\/uploads\/photo-gallery\/_DSC5421-ps_1.jpg?bwg=1570648816\" data-elementor-open-lightbox=\"no\">                <div class=\"bwg-item0 \">          <div class=\"bwg-item1 \">            <div class=\"bwg-item2\">              <img decoding=\"async\" class=\"skip-lazy bwg_standart_thumb_img_0 \"                   data-id=\"1845\"                   data-width=\"300\"                   data-height=\"206\"                   data-src=\"https:\/\/marienviertel.de\/kulturkreis\/wordpress\/wp-content\/uploads\/photo-gallery\/thumb\/_DSC5421-ps_1.jpg?bwg=1570648816\"                   src=\"https:\/\/marienviertel.de\/kulturkreis\/wordpress\/wp-content\/uploads\/photo-gallery\/thumb\/_DSC5421-ps_1.jpg?bwg=1570648816\"                   alt=\" DSC5421-ps 1\"                   title=\" DSC5421-ps 1\" \/>            <\/div>            <div class=\"\">                                                      <\/div>          <\/div>        <\/div>                        <\/a>              <\/div>            <div class=\"bwg-item\">        <a class=\"bwg-a  bwg_lightbox\"  data-image-id=\"1846\" href=\"https:\/\/marienviertel.de\/kulturkreis\/wordpress\/wp-content\/uploads\/photo-gallery\/_DSC5436-ps.jpg?bwg=1570648816\" data-elementor-open-lightbox=\"no\">                <div class=\"bwg-item0 \">          <div class=\"bwg-item1 \">            <div class=\"bwg-item2\">              <img decoding=\"async\" class=\"skip-lazy bwg_standart_thumb_img_0 \"                   data-id=\"1846\"                   data-width=\"300\"                   data-height=\"214\"                   data-src=\"https:\/\/marienviertel.de\/kulturkreis\/wordpress\/wp-content\/uploads\/photo-gallery\/thumb\/_DSC5436-ps.jpg?bwg=1570648816\"                   src=\"https:\/\/marienviertel.de\/kulturkreis\/wordpress\/wp-content\/uploads\/photo-gallery\/thumb\/_DSC5436-ps.jpg?bwg=1570648816\"                   alt=\" DSC5436-ps\"                   title=\" DSC5436-ps\" \/>            <\/div>            <div class=\"\">                                                      <\/div>          <\/div>        <\/div>                        <\/a>              <\/div>          <\/div>    <style>      \/*pagination styles*\/      #bwg_container1_0 #bwg_container2_0 .tablenav-pages_0 {\t\t\t\ttext-align: center;\t\t\t\tfont-size: 12px;\t\t\t\tfont-family: segoe ui;\t\t\t\tfont-weight: bold;\t\t\t\tcolor: #666666;\t\t\t\tmargin: 6px 0 4px;\t\t\t\tdisplay: block;      }      @media only screen and (max-width : 320px) {      #bwg_container1_0 #bwg_container2_0 .displaying-num_0 {     \t display: none;      }      }      #bwg_container1_0 #bwg_container2_0 .displaying-num_0 {\t\t\t\tfont-size: 12px;\t\t\t\tfont-family: segoe ui;\t\t\t\tfont-weight: bold;\t\t\t\tcolor: #666666;\t\t\t\tmargin-right: 10px;\t\t\t\tvertical-align: middle;      }      #bwg_container1_0 #bwg_container2_0 .paging-input_0 {\t\t\t\tfont-size: 12px;\t\t\t\tfont-family: segoe ui;\t\t\t\tfont-weight: bold;\t\t\t\tcolor: #666666;\t\t\t\tvertical-align: middle;      }      #bwg_container1_0 #bwg_container2_0 .tablenav-pages_0 a.disabled,      #bwg_container1_0 #bwg_container2_0 .tablenav-pages_0 a.disabled:hover,      #bwg_container1_0 #bwg_container2_0 .tablenav-pages_0 a.disabled:focus,\t\t\t#bwg_container1_0 #bwg_container2_0 .tablenav-pages_0 input.bwg_current_page {\t\t\t\tcursor: default;\t\t\t\tcolor: rgba(102, 102, 102, 0.5);      }      #bwg_container1_0 #bwg_container2_0 .tablenav-pages_0 a,      #bwg_container1_0 #bwg_container2_0 .tablenav-pages_0 input.bwg_current_page {\t\t\t\tcursor: pointer;\t\t\t\ttext-align: center;\t\t\t\tfont-size: 12px;\t\t\t\tfont-family: segoe ui;\t\t\t\tfont-weight: bold;\t\t\t\tcolor: #666666;\t\t\t\ttext-decoration: none;\t\t\t\tpadding: 3px 6px;\t\t\t\tmargin: 0;\t\t\t\tborder-radius: 0;\t\t\t\tborder-style: solid;\t\t\t\tborder-width: 1px;\t\t\t\tborder-color: #E3E3E3;\t\t\t\t\t\t\t\tbackground-color: rgba(255, 255, 255, 1.00);\t\t\t\tbox-shadow: 0;\t\t\t\ttransition: all 0.3s ease 0s;-webkit-transition: all 0.3s ease 0s;      }      <\/style>      <span class=\"bwg_nav_cont_0\">              <div class=\"tablenav-pages_0\">                  <\/div>                <input type=\"hidden\" id=\"page_number_0\" name=\"page_number_0\" value=\"1\" \/>      <script type=\"text\/javascript\">        if( jQuery('.bwg_nav_cont_0').length > 1 ) {          jQuery('.bwg_nav_cont_0').first().remove()        }        function spider_page_0(cur, x, y, load_more) {          if (typeof load_more == \"undefined\") {            var load_more = false;          }          if (jQuery(cur).hasClass('disabled')) {            return false;          }          var items_county_0 = 1;          switch (y) {            case 1:              if (x >= items_county_0) {                document.getElementById('page_number_0').value = items_county_0;              }              else {                document.getElementById('page_number_0').value = x + 1;              }              break;            case 2:              document.getElementById('page_number_0').value = items_county_0;              break;            case -1:              if (x == 1) {                document.getElementById('page_number_0').value = 1;              }              else {                document.getElementById('page_number_0').value = x - 1;              }              break;            case -2:              document.getElementById('page_number_0').value = 1;              break;\t\t\t\t\t\tcase 0:              document.getElementById('page_number_0').value = x;              break;            default:              document.getElementById('page_number_0').value = 1;          }          bwg_ajax('gal_front_form_0', '0', 'bwg_thumbnails_0', '0', '', 'gallery', 0, '', '', load_more, '', 1);        }                    jQuery('.first-page-0').on('click', function () {              spider_page_0(this, 1, -2, 'numeric');              return false;            });            jQuery('.prev-page-0').on('click', function () {              spider_page_0(this, 1, -1, 'numeric');              return false;            });            jQuery('.next-page-0').on('click', function () {              spider_page_0(this, 1, 1, 'numeric');              return false;            });            jQuery('.last-page-0').on('click', function () {              spider_page_0(this, 1, 2, 'numeric');              return false;            });        \t\t\t\t\/* Change page on input enter. *\/        function bwg_change_page_0( e, that ) {          if (  e.key == 'Enter' ) {            var to_page = parseInt(jQuery(that).val());            var pages_count = jQuery(that).parents(\".pagination-links\").data(\"pages-count\");            var current_url_param = jQuery(that).attr('data-url-info');            if (to_page > pages_count) {              to_page = 1;            }\t \t\t\t\t\t\t\t\t\t\t\t\tspider_page_0(this, to_page, 0, 'numeric');\t\t\t\t\t\t\treturn false;\t\t\t\t\t\t          }          return true;        }        jQuery('.bwg_load_btn_0').on('click', function () {            spider_page_0(this, 1, 1, true);            return false;        });      <\/script>      <\/span>                <\/div>        <\/form>        <style>          #bwg_container1_0 #bwg_container2_0 #spider_popup_overlay_0 {          background-color: #000000;          opacity: 0.70;          }          <\/style>        <div id=\"bwg_spider_popup_loading_0\" class=\"bwg_spider_popup_loading\"><\/div>        <div id=\"spider_popup_overlay_0\" class=\"spider_popup_overlay\" onclick=\"spider_destroypopup(1000)\"><\/div>        <input type=\"hidden\" id=\"bwg_random_seed_0\" value=\"1611763543\">                <\/div>    <\/div>    <script>      if (document.readyState === 'complete') {        if( typeof bwg_main_ready == 'function' ) {          if ( jQuery(\"#bwg_container1_0\").height() ) {            bwg_main_ready(jQuery(\"#bwg_container1_0\"));          }        }      } else {        document.addEventListener('DOMContentLoaded', function() {          if( typeof bwg_main_ready == 'function' ) {            if ( jQuery(\"#bwg_container1_0\").height() ) {             bwg_main_ready(jQuery(\"#bwg_container1_0\"));            }          }        });      }    <\/script>    \n<p><strong>Alle Fotos der folgenden Bildergalerie: \u00a9 Peter Koerber \/ Kulturkreis St. Marien<\/strong><\/p>\n<style id=\"bwg-style-1\">    #bwg_container1_1 #bwg_container2_1 .bwg-container-1.bwg-standard-thumbnails {      width: 904px;              justify-content: center;        margin:0 auto !important;              background-color: rgba(255, 255, 255, 0.00);            padding-left: 4px;      padding-top: 4px;      max-width: 100%;            }        #bwg_container1_1 #bwg_container2_1 .bwg-container-1.bwg-standard-thumbnails .bwg-item {    justify-content: flex-start;      max-width: 180px;            width: 180px !important;          }    #bwg_container1_1 #bwg_container2_1 .bwg-container-1.bwg-standard-thumbnails .bwg-item a {       margin-right: 4px;       margin-bottom: 4px;    }    #bwg_container1_1 #bwg_container2_1 .bwg-container-1.bwg-standard-thumbnails .bwg-item0 {      padding: 0px;            background-color:rgba(255,255,255, 0.30);      border: 0px none #CCCCCC;      opacity: 1.00;      border-radius: 0;      box-shadow: 0px 0px 0px #888888;    }    #bwg_container1_1 #bwg_container2_1 .bwg-container-1.bwg-standard-thumbnails .bwg-item1 img {      max-height: none;      max-width: none;      padding: 0 !important;    }        @media only screen and (min-width: 480px) {      #bwg_container1_1 #bwg_container2_1 .bwg-container-1.bwg-standard-thumbnails .bwg-item0 {        transition: all 0.3s ease 0s;-webkit-transition: all 0.3s ease 0s;      }      #bwg_container1_1 #bwg_container2_1 .bwg-container-1.bwg-standard-thumbnails .bwg-item0:hover {        -ms-transform: scale(1.1);        -webkit-transform: scale(1.1);        transform: scale(1.1);      }    }          #bwg_container1_1 #bwg_container2_1 .bwg-container-1.bwg-standard-thumbnails .bwg-item1 {      padding-top: 50%;    }        #bwg_container1_1 #bwg_container2_1 .bwg-container-1.bwg-standard-thumbnails .bwg-title2,    #bwg_container1_1 #bwg_container2_1 .bwg-container-1.bwg-standard-thumbnails .bwg-ecommerce2 {      color: #CCCCCC;      font-family: segoe ui;      font-size: 16px;      font-weight: bold;      padding: 2px;      text-shadow: 0px 0px 0px #888888;      max-height: 100%;    }    #bwg_container1_1 #bwg_container2_1 .bwg-container-1.bwg-standard-thumbnails .bwg-thumb-description span {    color: #323A45;    font-family: Ubuntu;    font-size: 12px;    max-height: 100%;    word-wrap: break-word;    }    #bwg_container1_1 #bwg_container2_1 .bwg-container-1.bwg-standard-thumbnails .bwg-play-icon2 {      font-size: 32px;    }    #bwg_container1_1 #bwg_container2_1 .bwg-container-1.bwg-standard-thumbnails .bwg-ecommerce2 {      font-size: 19.2px;      color: #CCCCCC;    }    <\/style>    <div id=\"bwg_container1_1\"         class=\"bwg_container bwg_thumbnail bwg_thumbnails \"         data-right-click-protection=\"0\"         data-bwg=\"1\"         data-scroll=\"0\"         data-gallery-type=\"thumbnails\"         data-gallery-view-type=\"thumbnails\"         data-current-url=\"\/kulturkreis\/wp-json\/wp\/v2\/posts\/1591\"         data-lightbox-url=\"https:\/\/marienviertel.de\/kulturkreis\/wordpress\/wp-admin\/admin-ajax.php?action=GalleryBox&#038;current_view=1&#038;gallery_id=15&#038;tag=0&#038;theme_id=1&#038;shortcode_id=41&#038;sort_by=filename&#038;order_by=asc&#038;current_url=%2Fkulturkreis%2Fwp-json%2Fwp%2Fv2%2Fposts%2F1591\"         data-gallery-id=\"15\"         data-popup-width=\"800\"         data-popup-height=\"500\"         data-is-album=\"gallery\"         data-buttons-position=\"bottom\">      <div id=\"bwg_container2_1\">             <div id=\"ajax_loading_1\" class=\"bwg_loading_div_1\">      <div class=\"bwg_loading_div_2\">        <div class=\"bwg_loading_div_3\">          <div id=\"loading_div_1\" class=\"bwg_spider_ajax_loading\">          <\/div>        <\/div>      <\/div>    <\/div>            <form id=\"gal_front_form_1\"              class=\"bwg-hidden\"              method=\"post\"              action=\"#\"              data-current=\"1\"              data-shortcode-id=\"41\"              data-gallery-type=\"thumbnails\"              data-gallery-id=\"15\"              data-tag=\"0\"              data-album-id=\"0\"              data-theme-id=\"1\"              data-ajax-url=\"https:\/\/marienviertel.de\/kulturkreis\/wordpress\/wp-admin\/admin-ajax.php?action=bwg_frontend_data\">          <div id=\"bwg_container3_1\" class=\"bwg-background bwg-background-1\">                <div data-max-count=\"5\"         data-thumbnail-width=\"180\"         data-bwg=\"1\"         data-gallery-id=\"15\"         data-lightbox-url=\"https:\/\/marienviertel.de\/kulturkreis\/wordpress\/wp-admin\/admin-ajax.php?action=GalleryBox&amp;current_view=1&amp;gallery_id=15&amp;tag=0&amp;theme_id=1&amp;shortcode_id=41&amp;sort_by=filename&amp;order_by=asc&amp;current_url=%2Fkulturkreis%2Fwp-json%2Fwp%2Fv2%2Fposts%2F1591\"         id=\"bwg_thumbnails_1\"         class=\"bwg-container-1 bwg-thumbnails bwg-standard-thumbnails bwg-container bwg-border-box\">            <div class=\"bwg-item\">        <a class=\"bwg-a  bwg_lightbox\"  data-image-id=\"1908\" href=\"https:\/\/marienviertel.de\/kulturkreis\/wordpress\/wp-content\/uploads\/photo-gallery\/Don_Kosaken_Chor_(00).jpg?bwg=1570650176\" data-elementor-open-lightbox=\"no\">                <div class=\"bwg-item0 \">          <div class=\"bwg-item1 \">            <div class=\"bwg-item2\">              <img decoding=\"async\" class=\"skip-lazy bwg_standart_thumb_img_1 \"                   data-id=\"1908\"                   data-width=\"300\"                   data-height=\"200\"                   data-src=\"https:\/\/marienviertel.de\/kulturkreis\/wordpress\/wp-content\/uploads\/photo-gallery\/thumb\/Don_Kosaken_Chor_(00).jpg?bwg=1570650176\"                   src=\"https:\/\/marienviertel.de\/kulturkreis\/wordpress\/wp-content\/uploads\/photo-gallery\/thumb\/Don_Kosaken_Chor_(00).jpg?bwg=1570650176\"                   alt=\"Don Kosaken Chor (00)\"                   title=\"Don Kosaken Chor (00)\" \/>            <\/div>            <div class=\"\">                                                      <\/div>          <\/div>        <\/div>                        <\/a>              <\/div>            <div class=\"bwg-item\">        <a class=\"bwg-a  bwg_lightbox\"  data-image-id=\"1884\" href=\"https:\/\/marienviertel.de\/kulturkreis\/wordpress\/wp-content\/uploads\/photo-gallery\/Don_Kosaken_Chor_(01).jpg?bwg=1570649366\" data-elementor-open-lightbox=\"no\">                <div class=\"bwg-item0 \">          <div class=\"bwg-item1 \">            <div class=\"bwg-item2\">              <img decoding=\"async\" class=\"skip-lazy bwg_standart_thumb_img_1 \"                   data-id=\"1884\"                   data-width=\"300\"                   data-height=\"200\"                   data-src=\"https:\/\/marienviertel.de\/kulturkreis\/wordpress\/wp-content\/uploads\/photo-gallery\/thumb\/Don_Kosaken_Chor_(01).jpg?bwg=1570649366\"                   src=\"https:\/\/marienviertel.de\/kulturkreis\/wordpress\/wp-content\/uploads\/photo-gallery\/thumb\/Don_Kosaken_Chor_(01).jpg?bwg=1570649366\"                   alt=\"Don Kosaken Chor (01)\"                   title=\"Don Kosaken Chor (01)\" \/>            <\/div>            <div class=\"\">                                                      <\/div>          <\/div>        <\/div>                        <\/a>              <\/div>            <div class=\"bwg-item\">        <a class=\"bwg-a  bwg_lightbox\"  data-image-id=\"1887\" href=\"https:\/\/marienviertel.de\/kulturkreis\/wordpress\/wp-content\/uploads\/photo-gallery\/Don_Kosaken_Chor_(02).jpg?bwg=1570649366\" data-elementor-open-lightbox=\"no\">                <div class=\"bwg-item0 \">          <div class=\"bwg-item1 \">            <div class=\"bwg-item2\">              <img decoding=\"async\" class=\"skip-lazy bwg_standart_thumb_img_1 \"                   data-id=\"1887\"                   data-width=\"300\"                   data-height=\"200\"                   data-src=\"https:\/\/marienviertel.de\/kulturkreis\/wordpress\/wp-content\/uploads\/photo-gallery\/thumb\/Don_Kosaken_Chor_(02).jpg?bwg=1570649366\"                   src=\"https:\/\/marienviertel.de\/kulturkreis\/wordpress\/wp-content\/uploads\/photo-gallery\/thumb\/Don_Kosaken_Chor_(02).jpg?bwg=1570649366\"                   alt=\"Don Kosaken Chor (02)\"                   title=\"Don Kosaken Chor (02)\" \/>            <\/div>            <div class=\"\">                                                      <\/div>          <\/div>        <\/div>                        <\/a>              <\/div>            <div class=\"bwg-item\">        <a class=\"bwg-a  bwg_lightbox\"  data-image-id=\"1880\" href=\"https:\/\/marienviertel.de\/kulturkreis\/wordpress\/wp-content\/uploads\/photo-gallery\/Don_Kosaken_Chor_(04).jpg?bwg=1570649366\" data-elementor-open-lightbox=\"no\">                <div class=\"bwg-item0 \">          <div class=\"bwg-item1 \">            <div class=\"bwg-item2\">              <img decoding=\"async\" class=\"skip-lazy bwg_standart_thumb_img_1 \"                   data-id=\"1880\"                   data-width=\"300\"                   data-height=\"200\"                   data-src=\"https:\/\/marienviertel.de\/kulturkreis\/wordpress\/wp-content\/uploads\/photo-gallery\/thumb\/Don_Kosaken_Chor_(04).jpg?bwg=1570649366\"                   src=\"https:\/\/marienviertel.de\/kulturkreis\/wordpress\/wp-content\/uploads\/photo-gallery\/thumb\/Don_Kosaken_Chor_(04).jpg?bwg=1570649366\"                   alt=\"Don Kosaken Chor (04)\"                   title=\"Don Kosaken Chor (04)\" \/>            <\/div>            <div class=\"\">                                                      <\/div>          <\/div>        <\/div>                        <\/a>              <\/div>            <div class=\"bwg-item\">        <a class=\"bwg-a  bwg_lightbox\"  data-image-id=\"1885\" href=\"https:\/\/marienviertel.de\/kulturkreis\/wordpress\/wp-content\/uploads\/photo-gallery\/Don_Kosaken_Chor_(05).jpg?bwg=1570649610\" data-elementor-open-lightbox=\"no\">                <div class=\"bwg-item0 \">          <div class=\"bwg-item1 \">            <div class=\"bwg-item2\">              <img decoding=\"async\" class=\"skip-lazy bwg_standart_thumb_img_1 \"                   data-id=\"1885\"                   data-width=\"300\"                   data-height=\"200\"                   data-src=\"https:\/\/marienviertel.de\/kulturkreis\/wordpress\/wp-content\/uploads\/photo-gallery\/thumb\/Don_Kosaken_Chor_(05).jpg?bwg=1570649610\"                   src=\"https:\/\/marienviertel.de\/kulturkreis\/wordpress\/wp-content\/uploads\/photo-gallery\/thumb\/Don_Kosaken_Chor_(05).jpg?bwg=1570649610\"                   alt=\"Don Kosaken Chor (05)\"                   title=\"Don Kosaken Chor (05)\" \/>            <\/div>            <div class=\"\">                                                      <\/div>          <\/div>        <\/div>                        <\/a>              <\/div>            <div class=\"bwg-item\">        <a class=\"bwg-a  bwg_lightbox\"  data-image-id=\"1883\" href=\"https:\/\/marienviertel.de\/kulturkreis\/wordpress\/wp-content\/uploads\/photo-gallery\/Don_Kosaken_Chor_(06).jpg?bwg=1570649366\" data-elementor-open-lightbox=\"no\">                <div class=\"bwg-item0 \">          <div class=\"bwg-item1 \">            <div class=\"bwg-item2\">              <img decoding=\"async\" class=\"skip-lazy bwg_standart_thumb_img_1 \"                   data-id=\"1883\"                   data-width=\"200\"                   data-height=\"300\"                   data-src=\"https:\/\/marienviertel.de\/kulturkreis\/wordpress\/wp-content\/uploads\/photo-gallery\/thumb\/Don_Kosaken_Chor_(06).jpg?bwg=1570649366\"                   src=\"https:\/\/marienviertel.de\/kulturkreis\/wordpress\/wp-content\/uploads\/photo-gallery\/thumb\/Don_Kosaken_Chor_(06).jpg?bwg=1570649366\"                   alt=\"Don Kosaken Chor (06)\"                   title=\"Don Kosaken Chor (06)\" \/>            <\/div>            <div class=\"\">                                                      <\/div>          <\/div>        <\/div>                        <\/a>              <\/div>            <div class=\"bwg-item\">        <a class=\"bwg-a  bwg_lightbox\"  data-image-id=\"1882\" href=\"https:\/\/marienviertel.de\/kulturkreis\/wordpress\/wp-content\/uploads\/photo-gallery\/Don_Kosaken_Chor_(07).jpg?bwg=1570649366\" data-elementor-open-lightbox=\"no\">                <div class=\"bwg-item0 \">          <div class=\"bwg-item1 \">            <div class=\"bwg-item2\">              <img decoding=\"async\" class=\"skip-lazy bwg_standart_thumb_img_1 \"                   data-id=\"1882\"                   data-width=\"200\"                   data-height=\"300\"                   data-src=\"https:\/\/marienviertel.de\/kulturkreis\/wordpress\/wp-content\/uploads\/photo-gallery\/thumb\/Don_Kosaken_Chor_(07).jpg?bwg=1570649366\"                   src=\"https:\/\/marienviertel.de\/kulturkreis\/wordpress\/wp-content\/uploads\/photo-gallery\/thumb\/Don_Kosaken_Chor_(07).jpg?bwg=1570649366\"                   alt=\"Don Kosaken Chor (07)\"                   title=\"Don Kosaken Chor (07)\" \/>            <\/div>            <div class=\"\">                                                      <\/div>          <\/div>        <\/div>                        <\/a>              <\/div>            <div class=\"bwg-item\">        <a class=\"bwg-a  bwg_lightbox\"  data-image-id=\"1876\" href=\"https:\/\/marienviertel.de\/kulturkreis\/wordpress\/wp-content\/uploads\/photo-gallery\/Don_Kosaken_Chor_(09).jpg?bwg=1570649651\" data-elementor-open-lightbox=\"no\">                <div class=\"bwg-item0 \">          <div class=\"bwg-item1 \">            <div class=\"bwg-item2\">              <img decoding=\"async\" class=\"skip-lazy bwg_standart_thumb_img_1 \"                   data-id=\"1876\"                   data-width=\"300\"                   data-height=\"200\"                   data-src=\"https:\/\/marienviertel.de\/kulturkreis\/wordpress\/wp-content\/uploads\/photo-gallery\/thumb\/Don_Kosaken_Chor_(09).jpg?bwg=1570649651\"                   src=\"https:\/\/marienviertel.de\/kulturkreis\/wordpress\/wp-content\/uploads\/photo-gallery\/thumb\/Don_Kosaken_Chor_(09).jpg?bwg=1570649651\"                   alt=\"Don Kosaken Chor (09)\"                   title=\"Don Kosaken Chor (09)\" \/>            <\/div>            <div class=\"\">                                                      <\/div>          <\/div>        <\/div>                        <\/a>              <\/div>            <div class=\"bwg-item\">        <a class=\"bwg-a  bwg_lightbox\"  data-image-id=\"1877\" href=\"https:\/\/marienviertel.de\/kulturkreis\/wordpress\/wp-content\/uploads\/photo-gallery\/Don_Kosaken_Chor_(10).jpg?bwg=1570649670\" data-elementor-open-lightbox=\"no\">                <div class=\"bwg-item0 \">          <div class=\"bwg-item1 \">            <div class=\"bwg-item2\">              <img decoding=\"async\" class=\"skip-lazy bwg_standart_thumb_img_1 \"                   data-id=\"1877\"                   data-width=\"300\"                   data-height=\"200\"                   data-src=\"https:\/\/marienviertel.de\/kulturkreis\/wordpress\/wp-content\/uploads\/photo-gallery\/thumb\/Don_Kosaken_Chor_(10).jpg?bwg=1570649670\"                   src=\"https:\/\/marienviertel.de\/kulturkreis\/wordpress\/wp-content\/uploads\/photo-gallery\/thumb\/Don_Kosaken_Chor_(10).jpg?bwg=1570649670\"                   alt=\"Don Kosaken Chor (10)\"                   title=\"Don Kosaken Chor (10)\" \/>            <\/div>            <div class=\"\">                                                      <\/div>          <\/div>        <\/div>                        <\/a>              <\/div>            <div class=\"bwg-item\">        <a class=\"bwg-a  bwg_lightbox\"  data-image-id=\"1878\" href=\"https:\/\/marienviertel.de\/kulturkreis\/wordpress\/wp-content\/uploads\/photo-gallery\/Don_Kosaken_Chor_(12).jpg?bwg=1570649366\" data-elementor-open-lightbox=\"no\">                <div class=\"bwg-item0 \">          <div class=\"bwg-item1 \">            <div class=\"bwg-item2\">              <img decoding=\"async\" class=\"skip-lazy bwg_standart_thumb_img_1 \"                   data-id=\"1878\"                   data-width=\"300\"                   data-height=\"200\"                   data-src=\"https:\/\/marienviertel.de\/kulturkreis\/wordpress\/wp-content\/uploads\/photo-gallery\/thumb\/Don_Kosaken_Chor_(12).jpg?bwg=1570649366\"                   src=\"https:\/\/marienviertel.de\/kulturkreis\/wordpress\/wp-content\/uploads\/photo-gallery\/thumb\/Don_Kosaken_Chor_(12).jpg?bwg=1570649366\"                   alt=\"Don Kosaken Chor (12)\"                   title=\"Don Kosaken Chor (12)\" \/>            <\/div>            <div class=\"\">                                                      <\/div>          <\/div>        <\/div>                        <\/a>              <\/div>            <div class=\"bwg-item\">        <a class=\"bwg-a  bwg_lightbox\"  data-image-id=\"1874\" href=\"https:\/\/marienviertel.de\/kulturkreis\/wordpress\/wp-content\/uploads\/photo-gallery\/Don_Kosaken_Chor_(13).jpg?bwg=1570649366\" data-elementor-open-lightbox=\"no\">                <div class=\"bwg-item0 \">          <div class=\"bwg-item1 \">            <div class=\"bwg-item2\">              <img decoding=\"async\" class=\"skip-lazy bwg_standart_thumb_img_1 \"                   data-id=\"1874\"                   data-width=\"300\"                   data-height=\"200\"                   data-src=\"https:\/\/marienviertel.de\/kulturkreis\/wordpress\/wp-content\/uploads\/photo-gallery\/thumb\/Don_Kosaken_Chor_(13).jpg?bwg=1570649366\"                   src=\"https:\/\/marienviertel.de\/kulturkreis\/wordpress\/wp-content\/uploads\/photo-gallery\/thumb\/Don_Kosaken_Chor_(13).jpg?bwg=1570649366\"                   alt=\"Don Kosaken Chor (13)\"                   title=\"Don Kosaken Chor (13)\" \/>            <\/div>            <div class=\"\">                                                      <\/div>          <\/div>        <\/div>                        <\/a>              <\/div>            <div class=\"bwg-item\">        <a class=\"bwg-a  bwg_lightbox\"  data-image-id=\"1875\" href=\"https:\/\/marienviertel.de\/kulturkreis\/wordpress\/wp-content\/uploads\/photo-gallery\/Don_Kosaken_Chor_(14).jpg?bwg=1570649366\" data-elementor-open-lightbox=\"no\">                <div class=\"bwg-item0 \">          <div class=\"bwg-item1 \">            <div class=\"bwg-item2\">              <img decoding=\"async\" class=\"skip-lazy bwg_standart_thumb_img_1 \"                   data-id=\"1875\"                   data-width=\"300\"                   data-height=\"200\"                   data-src=\"https:\/\/marienviertel.de\/kulturkreis\/wordpress\/wp-content\/uploads\/photo-gallery\/thumb\/Don_Kosaken_Chor_(14).jpg?bwg=1570649366\"                   src=\"https:\/\/marienviertel.de\/kulturkreis\/wordpress\/wp-content\/uploads\/photo-gallery\/thumb\/Don_Kosaken_Chor_(14).jpg?bwg=1570649366\"                   alt=\"Don Kosaken Chor (14)\"                   title=\"Don Kosaken Chor (14)\" \/>            <\/div>            <div class=\"\">                                                      <\/div>          <\/div>        <\/div>                        <\/a>              <\/div>            <div class=\"bwg-item\">        <a class=\"bwg-a  bwg_lightbox\"  data-image-id=\"1873\" href=\"https:\/\/marienviertel.de\/kulturkreis\/wordpress\/wp-content\/uploads\/photo-gallery\/Don_Kosaken_Chor_(15).jpg?bwg=1570649366\" data-elementor-open-lightbox=\"no\">                <div class=\"bwg-item0 \">          <div class=\"bwg-item1 \">            <div class=\"bwg-item2\">              <img decoding=\"async\" class=\"skip-lazy bwg_standart_thumb_img_1 \"                   data-id=\"1873\"                   data-width=\"300\"                   data-height=\"200\"                   data-src=\"https:\/\/marienviertel.de\/kulturkreis\/wordpress\/wp-content\/uploads\/photo-gallery\/thumb\/Don_Kosaken_Chor_(15).jpg?bwg=1570649366\"                   src=\"https:\/\/marienviertel.de\/kulturkreis\/wordpress\/wp-content\/uploads\/photo-gallery\/thumb\/Don_Kosaken_Chor_(15).jpg?bwg=1570649366\"                   alt=\"Don Kosaken Chor (15)\"                   title=\"Don Kosaken Chor (15)\" \/>            <\/div>            <div class=\"\">                                                      <\/div>          <\/div>        <\/div>                        <\/a>              <\/div>            <div class=\"bwg-item\">        <a class=\"bwg-a  bwg_lightbox\"  data-image-id=\"1868\" href=\"https:\/\/marienviertel.de\/kulturkreis\/wordpress\/wp-content\/uploads\/photo-gallery\/Don_Kosaken_Chor_(16).jpg?bwg=1570649366\" data-elementor-open-lightbox=\"no\">                <div class=\"bwg-item0 \">          <div class=\"bwg-item1 \">            <div class=\"bwg-item2\">              <img decoding=\"async\" class=\"skip-lazy bwg_standart_thumb_img_1 \"                   data-id=\"1868\"                   data-width=\"300\"                   data-height=\"175\"                   data-src=\"https:\/\/marienviertel.de\/kulturkreis\/wordpress\/wp-content\/uploads\/photo-gallery\/thumb\/Don_Kosaken_Chor_(16).jpg?bwg=1570649366\"                   src=\"https:\/\/marienviertel.de\/kulturkreis\/wordpress\/wp-content\/uploads\/photo-gallery\/thumb\/Don_Kosaken_Chor_(16).jpg?bwg=1570649366\"                   alt=\"Don Kosaken Chor (16)\"                   title=\"Don Kosaken Chor (16)\" \/>            <\/div>            <div class=\"\">                                                      <\/div>          <\/div>        <\/div>                        <\/a>              <\/div>            <div class=\"bwg-item\">        <a class=\"bwg-a  bwg_lightbox\"  data-image-id=\"1872\" href=\"https:\/\/marienviertel.de\/kulturkreis\/wordpress\/wp-content\/uploads\/photo-gallery\/Don_Kosaken_Chor_(17).jpg?bwg=1570649748\" data-elementor-open-lightbox=\"no\">                <div class=\"bwg-item0 \">          <div class=\"bwg-item1 \">            <div class=\"bwg-item2\">              <img decoding=\"async\" class=\"skip-lazy bwg_standart_thumb_img_1 \"                   data-id=\"1872\"                   data-width=\"300\"                   data-height=\"200\"                   data-src=\"https:\/\/marienviertel.de\/kulturkreis\/wordpress\/wp-content\/uploads\/photo-gallery\/thumb\/Don_Kosaken_Chor_(17).jpg?bwg=1570649748\"                   src=\"https:\/\/marienviertel.de\/kulturkreis\/wordpress\/wp-content\/uploads\/photo-gallery\/thumb\/Don_Kosaken_Chor_(17).jpg?bwg=1570649748\"                   alt=\"Don Kosaken Chor (17)\"                   title=\"Don Kosaken Chor (17)\" \/>            <\/div>            <div class=\"\">                                                      <\/div>          <\/div>        <\/div>                        <\/a>              <\/div>            <div class=\"bwg-item\">        <a class=\"bwg-a  bwg_lightbox\"  data-image-id=\"1870\" href=\"https:\/\/marienviertel.de\/kulturkreis\/wordpress\/wp-content\/uploads\/photo-gallery\/Don_Kosaken_Chor_(18).jpg?bwg=1570649366\" data-elementor-open-lightbox=\"no\">                <div class=\"bwg-item0 \">          <div class=\"bwg-item1 \">            <div class=\"bwg-item2\">              <img decoding=\"async\" class=\"skip-lazy bwg_standart_thumb_img_1 \"                   data-id=\"1870\"                   data-width=\"300\"                   data-height=\"200\"                   data-src=\"https:\/\/marienviertel.de\/kulturkreis\/wordpress\/wp-content\/uploads\/photo-gallery\/thumb\/Don_Kosaken_Chor_(18).jpg?bwg=1570649366\"                   src=\"https:\/\/marienviertel.de\/kulturkreis\/wordpress\/wp-content\/uploads\/photo-gallery\/thumb\/Don_Kosaken_Chor_(18).jpg?bwg=1570649366\"                   alt=\"Don Kosaken Chor (18)\"                   title=\"Don Kosaken Chor (18)\" \/>            <\/div>            <div class=\"\">                                                      <\/div>          <\/div>        <\/div>                        <\/a>              <\/div>            <div class=\"bwg-item\">        <a class=\"bwg-a  bwg_lightbox\"  data-image-id=\"1871\" href=\"https:\/\/marienviertel.de\/kulturkreis\/wordpress\/wp-content\/uploads\/photo-gallery\/Don_Kosaken_Chor_(19).jpg?bwg=1570649366\" data-elementor-open-lightbox=\"no\">                <div class=\"bwg-item0 \">          <div class=\"bwg-item1 \">            <div class=\"bwg-item2\">              <img decoding=\"async\" class=\"skip-lazy bwg_standart_thumb_img_1 \"                   data-id=\"1871\"                   data-width=\"300\"                   data-height=\"200\"                   data-src=\"https:\/\/marienviertel.de\/kulturkreis\/wordpress\/wp-content\/uploads\/photo-gallery\/thumb\/Don_Kosaken_Chor_(19).jpg?bwg=1570649366\"                   src=\"https:\/\/marienviertel.de\/kulturkreis\/wordpress\/wp-content\/uploads\/photo-gallery\/thumb\/Don_Kosaken_Chor_(19).jpg?bwg=1570649366\"                   alt=\"Don Kosaken Chor (19)\"                   title=\"Don Kosaken Chor (19)\" \/>            <\/div>            <div class=\"\">                                                      <\/div>          <\/div>        <\/div>                        <\/a>              <\/div>            <div class=\"bwg-item\">        <a class=\"bwg-a  bwg_lightbox\"  data-image-id=\"1867\" href=\"https:\/\/marienviertel.de\/kulturkreis\/wordpress\/wp-content\/uploads\/photo-gallery\/Don_Kosaken_Chor_(20).jpg?bwg=1570649366\" data-elementor-open-lightbox=\"no\">                <div class=\"bwg-item0 \">          <div class=\"bwg-item1 \">            <div class=\"bwg-item2\">              <img decoding=\"async\" class=\"skip-lazy bwg_standart_thumb_img_1 \"                   data-id=\"1867\"                   data-width=\"204\"                   data-height=\"300\"                   data-src=\"https:\/\/marienviertel.de\/kulturkreis\/wordpress\/wp-content\/uploads\/photo-gallery\/thumb\/Don_Kosaken_Chor_(20).jpg?bwg=1570649366\"                   src=\"https:\/\/marienviertel.de\/kulturkreis\/wordpress\/wp-content\/uploads\/photo-gallery\/thumb\/Don_Kosaken_Chor_(20).jpg?bwg=1570649366\"                   alt=\"Don Kosaken Chor (20)\"                   title=\"Don Kosaken Chor (20)\" \/>            <\/div>            <div class=\"\">                                                      <\/div>          <\/div>        <\/div>                        <\/a>              <\/div>            <div class=\"bwg-item\">        <a class=\"bwg-a  bwg_lightbox\"  data-image-id=\"1866\" href=\"https:\/\/marienviertel.de\/kulturkreis\/wordpress\/wp-content\/uploads\/photo-gallery\/Don_Kosaken_Chor_(21).jpg?bwg=1570649366\" data-elementor-open-lightbox=\"no\">                <div class=\"bwg-item0 \">          <div class=\"bwg-item1 \">            <div class=\"bwg-item2\">              <img decoding=\"async\" class=\"skip-lazy bwg_standart_thumb_img_1 \"                   data-id=\"1866\"                   data-width=\"184\"                   data-height=\"300\"                   data-src=\"https:\/\/marienviertel.de\/kulturkreis\/wordpress\/wp-content\/uploads\/photo-gallery\/thumb\/Don_Kosaken_Chor_(21).jpg?bwg=1570649366\"                   src=\"https:\/\/marienviertel.de\/kulturkreis\/wordpress\/wp-content\/uploads\/photo-gallery\/thumb\/Don_Kosaken_Chor_(21).jpg?bwg=1570649366\"                   alt=\"Don Kosaken Chor (21)\"                   title=\"Don Kosaken Chor (21)\" \/>            <\/div>            <div class=\"\">                                                      <\/div>          <\/div>        <\/div>                        <\/a>              <\/div>            <div class=\"bwg-item\">        <a class=\"bwg-a  bwg_lightbox\"  data-image-id=\"1869\" href=\"https:\/\/marienviertel.de\/kulturkreis\/wordpress\/wp-content\/uploads\/photo-gallery\/Don_Kosaken_Chor_(22).jpg?bwg=1570649366\" data-elementor-open-lightbox=\"no\">                <div class=\"bwg-item0 \">          <div class=\"bwg-item1 \">            <div class=\"bwg-item2\">              <img decoding=\"async\" class=\"skip-lazy bwg_standart_thumb_img_1 \"                   data-id=\"1869\"                   data-width=\"300\"                   data-height=\"200\"                   data-src=\"https:\/\/marienviertel.de\/kulturkreis\/wordpress\/wp-content\/uploads\/photo-gallery\/thumb\/Don_Kosaken_Chor_(22).jpg?bwg=1570649366\"                   src=\"https:\/\/marienviertel.de\/kulturkreis\/wordpress\/wp-content\/uploads\/photo-gallery\/thumb\/Don_Kosaken_Chor_(22).jpg?bwg=1570649366\"                   alt=\"Don Kosaken Chor (22)\"                   title=\"Don Kosaken Chor (22)\" \/>            <\/div>            <div class=\"\">                                                      <\/div>          <\/div>        <\/div>                        <\/a>              <\/div>            <div class=\"bwg-item\">        <a class=\"bwg-a  bwg_lightbox\"  data-image-id=\"1865\" href=\"https:\/\/marienviertel.de\/kulturkreis\/wordpress\/wp-content\/uploads\/photo-gallery\/Don_Kosaken_Chor_(23).jpg?bwg=1570649366\" data-elementor-open-lightbox=\"no\">                <div class=\"bwg-item0 \">          <div class=\"bwg-item1 \">            <div class=\"bwg-item2\">              <img decoding=\"async\" class=\"skip-lazy bwg_standart_thumb_img_1 \"                   data-id=\"1865\"                   data-width=\"300\"                   data-height=\"200\"                   data-src=\"https:\/\/marienviertel.de\/kulturkreis\/wordpress\/wp-content\/uploads\/photo-gallery\/thumb\/Don_Kosaken_Chor_(23).jpg?bwg=1570649366\"                   src=\"https:\/\/marienviertel.de\/kulturkreis\/wordpress\/wp-content\/uploads\/photo-gallery\/thumb\/Don_Kosaken_Chor_(23).jpg?bwg=1570649366\"                   alt=\"Don Kosaken Chor (23)\"                   title=\"Don Kosaken Chor (23)\" \/>            <\/div>            <div class=\"\">                                                      <\/div>          <\/div>        <\/div>                        <\/a>              <\/div>            <div class=\"bwg-item\">        <a class=\"bwg-a  bwg_lightbox\"  data-image-id=\"1864\" href=\"https:\/\/marienviertel.de\/kulturkreis\/wordpress\/wp-content\/uploads\/photo-gallery\/Don_Kosaken_Chor_(24).jpg?bwg=1570651380\" data-elementor-open-lightbox=\"no\">                <div class=\"bwg-item0 \">          <div class=\"bwg-item1 \">            <div class=\"bwg-item2\">              <img decoding=\"async\" class=\"skip-lazy bwg_standart_thumb_img_1 \"                   data-id=\"1864\"                   data-width=\"300\"                   data-height=\"200\"                   data-src=\"https:\/\/marienviertel.de\/kulturkreis\/wordpress\/wp-content\/uploads\/photo-gallery\/thumb\/Don_Kosaken_Chor_(24).jpg?bwg=1570651380\"                   src=\"https:\/\/marienviertel.de\/kulturkreis\/wordpress\/wp-content\/uploads\/photo-gallery\/thumb\/Don_Kosaken_Chor_(24).jpg?bwg=1570651380\"                   alt=\"Don Kosaken Chor (24)\"                   title=\"Don Kosaken Chor (24)\" \/>            <\/div>            <div class=\"\">                                                      <\/div>          <\/div>        <\/div>                        <\/a>              <\/div>            <div class=\"bwg-item\">        <a class=\"bwg-a  bwg_lightbox\"  data-image-id=\"1863\" href=\"https:\/\/marienviertel.de\/kulturkreis\/wordpress\/wp-content\/uploads\/photo-gallery\/Don_Kosaken_Chor_(25).jpg?bwg=1570649366\" data-elementor-open-lightbox=\"no\">                <div class=\"bwg-item0 \">          <div class=\"bwg-item1 \">            <div class=\"bwg-item2\">              <img decoding=\"async\" class=\"skip-lazy bwg_standart_thumb_img_1 \"                   data-id=\"1863\"                   data-width=\"300\"                   data-height=\"200\"                   data-src=\"https:\/\/marienviertel.de\/kulturkreis\/wordpress\/wp-content\/uploads\/photo-gallery\/thumb\/Don_Kosaken_Chor_(25).jpg?bwg=1570649366\"                   src=\"https:\/\/marienviertel.de\/kulturkreis\/wordpress\/wp-content\/uploads\/photo-gallery\/thumb\/Don_Kosaken_Chor_(25).jpg?bwg=1570649366\"                   alt=\"Don Kosaken Chor (25)\"                   title=\"Don Kosaken Chor (25)\" \/>            <\/div>            <div class=\"\">                                                      <\/div>          <\/div>        <\/div>                        <\/a>              <\/div>            <div class=\"bwg-item\">        <a class=\"bwg-a  bwg_lightbox\"  data-image-id=\"1857\" href=\"https:\/\/marienviertel.de\/kulturkreis\/wordpress\/wp-content\/uploads\/photo-gallery\/Don_Kosaken_Chor_(26).jpg?bwg=1570649366\" data-elementor-open-lightbox=\"no\">                <div class=\"bwg-item0 \">          <div class=\"bwg-item1 \">            <div class=\"bwg-item2\">              <img decoding=\"async\" class=\"skip-lazy bwg_standart_thumb_img_1 \"                   data-id=\"1857\"                   data-width=\"300\"                   data-height=\"200\"                   data-src=\"https:\/\/marienviertel.de\/kulturkreis\/wordpress\/wp-content\/uploads\/photo-gallery\/thumb\/Don_Kosaken_Chor_(26).jpg?bwg=1570649366\"                   src=\"https:\/\/marienviertel.de\/kulturkreis\/wordpress\/wp-content\/uploads\/photo-gallery\/thumb\/Don_Kosaken_Chor_(26).jpg?bwg=1570649366\"                   alt=\"Don Kosaken Chor (26)\"                   title=\"Don Kosaken Chor (26)\" \/>            <\/div>            <div class=\"\">                                                      <\/div>          <\/div>        <\/div>                        <\/a>              <\/div>            <div class=\"bwg-item\">        <a class=\"bwg-a  bwg_lightbox\"  data-image-id=\"1859\" href=\"https:\/\/marienviertel.de\/kulturkreis\/wordpress\/wp-content\/uploads\/photo-gallery\/Don_Kosaken_Chor_(27).jpg?bwg=1570649366\" data-elementor-open-lightbox=\"no\">                <div class=\"bwg-item0 \">          <div class=\"bwg-item1 \">            <div class=\"bwg-item2\">              <img decoding=\"async\" class=\"skip-lazy bwg_standart_thumb_img_1 \"                   data-id=\"1859\"                   data-width=\"300\"                   data-height=\"200\"                   data-src=\"https:\/\/marienviertel.de\/kulturkreis\/wordpress\/wp-content\/uploads\/photo-gallery\/thumb\/Don_Kosaken_Chor_(27).jpg?bwg=1570649366\"                   src=\"https:\/\/marienviertel.de\/kulturkreis\/wordpress\/wp-content\/uploads\/photo-gallery\/thumb\/Don_Kosaken_Chor_(27).jpg?bwg=1570649366\"                   alt=\"Don Kosaken Chor (27)\"                   title=\"Don Kosaken Chor (27)\" \/>            <\/div>            <div class=\"\">                                                      <\/div>          <\/div>        <\/div>                        <\/a>              <\/div>            <div class=\"bwg-item\">        <a class=\"bwg-a  bwg_lightbox\"  data-image-id=\"1862\" href=\"https:\/\/marienviertel.de\/kulturkreis\/wordpress\/wp-content\/uploads\/photo-gallery\/Don_Kosaken_Chor_(28).jpg?bwg=1570649366\" data-elementor-open-lightbox=\"no\">                <div class=\"bwg-item0 \">          <div class=\"bwg-item1 \">            <div class=\"bwg-item2\">              <img decoding=\"async\" class=\"skip-lazy bwg_standart_thumb_img_1 \"                   data-id=\"1862\"                   data-width=\"300\"                   data-height=\"200\"                   data-src=\"https:\/\/marienviertel.de\/kulturkreis\/wordpress\/wp-content\/uploads\/photo-gallery\/thumb\/Don_Kosaken_Chor_(28).jpg?bwg=1570649366\"                   src=\"https:\/\/marienviertel.de\/kulturkreis\/wordpress\/wp-content\/uploads\/photo-gallery\/thumb\/Don_Kosaken_Chor_(28).jpg?bwg=1570649366\"                   alt=\"Don Kosaken Chor (28)\"                   title=\"Don Kosaken Chor (28)\" \/>            <\/div>            <div class=\"\">                                                      <\/div>          <\/div>        <\/div>                        <\/a>              <\/div>            <div class=\"bwg-item\">        <a class=\"bwg-a  bwg_lightbox\"  data-image-id=\"1861\" href=\"https:\/\/marienviertel.de\/kulturkreis\/wordpress\/wp-content\/uploads\/photo-gallery\/Don_Kosaken_Chor_(29).jpg?bwg=1570649366\" data-elementor-open-lightbox=\"no\">                <div class=\"bwg-item0 \">          <div class=\"bwg-item1 \">            <div class=\"bwg-item2\">              <img decoding=\"async\" class=\"skip-lazy bwg_standart_thumb_img_1 \"                   data-id=\"1861\"                   data-width=\"300\"                   data-height=\"200\"                   data-src=\"https:\/\/marienviertel.de\/kulturkreis\/wordpress\/wp-content\/uploads\/photo-gallery\/thumb\/Don_Kosaken_Chor_(29).jpg?bwg=1570649366\"                   src=\"https:\/\/marienviertel.de\/kulturkreis\/wordpress\/wp-content\/uploads\/photo-gallery\/thumb\/Don_Kosaken_Chor_(29).jpg?bwg=1570649366\"                   alt=\"Don Kosaken Chor (29)\"                   title=\"Don Kosaken Chor (29)\" \/>            <\/div>            <div class=\"\">                                                      <\/div>          <\/div>        <\/div>                        <\/a>              <\/div>            <div class=\"bwg-item\">        <a class=\"bwg-a  bwg_lightbox\"  data-image-id=\"1860\" href=\"https:\/\/marienviertel.de\/kulturkreis\/wordpress\/wp-content\/uploads\/photo-gallery\/Don_Kosaken_Chor_(30).jpg?bwg=1570649366\" data-elementor-open-lightbox=\"no\">                <div class=\"bwg-item0 \">          <div class=\"bwg-item1 \">            <div class=\"bwg-item2\">              <img decoding=\"async\" class=\"skip-lazy bwg_standart_thumb_img_1 \"                   data-id=\"1860\"                   data-width=\"300\"                   data-height=\"200\"                   data-src=\"https:\/\/marienviertel.de\/kulturkreis\/wordpress\/wp-content\/uploads\/photo-gallery\/thumb\/Don_Kosaken_Chor_(30).jpg?bwg=1570649366\"                   src=\"https:\/\/marienviertel.de\/kulturkreis\/wordpress\/wp-content\/uploads\/photo-gallery\/thumb\/Don_Kosaken_Chor_(30).jpg?bwg=1570649366\"                   alt=\"Don Kosaken Chor (30)\"                   title=\"Don Kosaken Chor (30)\" \/>            <\/div>            <div class=\"\">                                                      <\/div>          <\/div>        <\/div>                        <\/a>              <\/div>            <div class=\"bwg-item\">        <a class=\"bwg-a  bwg_lightbox\"  data-image-id=\"1858\" href=\"https:\/\/marienviertel.de\/kulturkreis\/wordpress\/wp-content\/uploads\/photo-gallery\/Don_Kosaken_Chor_(31).jpg?bwg=1570649366\" data-elementor-open-lightbox=\"no\">                <div class=\"bwg-item0 \">          <div class=\"bwg-item1 \">            <div class=\"bwg-item2\">              <img decoding=\"async\" class=\"skip-lazy bwg_standart_thumb_img_1 \"                   data-id=\"1858\"                   data-width=\"300\"                   data-height=\"200\"                   data-src=\"https:\/\/marienviertel.de\/kulturkreis\/wordpress\/wp-content\/uploads\/photo-gallery\/thumb\/Don_Kosaken_Chor_(31).jpg?bwg=1570649366\"                   src=\"https:\/\/marienviertel.de\/kulturkreis\/wordpress\/wp-content\/uploads\/photo-gallery\/thumb\/Don_Kosaken_Chor_(31).jpg?bwg=1570649366\"                   alt=\"Don Kosaken Chor (31)\"                   title=\"Don Kosaken Chor (31)\" \/>            <\/div>            <div class=\"\">                                                      <\/div>          <\/div>        <\/div>                        <\/a>              <\/div>            <div class=\"bwg-item\">        <a class=\"bwg-a  bwg_lightbox\"  data-image-id=\"1855\" href=\"https:\/\/marienviertel.de\/kulturkreis\/wordpress\/wp-content\/uploads\/photo-gallery\/Don_Kosaken_Chor_(32).jpg?bwg=1570649366\" data-elementor-open-lightbox=\"no\">                <div class=\"bwg-item0 \">          <div class=\"bwg-item1 \">            <div class=\"bwg-item2\">              <img decoding=\"async\" class=\"skip-lazy bwg_standart_thumb_img_1 \"                   data-id=\"1855\"                   data-width=\"206\"                   data-height=\"300\"                   data-src=\"https:\/\/marienviertel.de\/kulturkreis\/wordpress\/wp-content\/uploads\/photo-gallery\/thumb\/Don_Kosaken_Chor_(32).jpg?bwg=1570649366\"                   src=\"https:\/\/marienviertel.de\/kulturkreis\/wordpress\/wp-content\/uploads\/photo-gallery\/thumb\/Don_Kosaken_Chor_(32).jpg?bwg=1570649366\"                   alt=\"Don Kosaken Chor (32)\"                   title=\"Don Kosaken Chor (32)\" \/>            <\/div>            <div class=\"\">                                                      <\/div>          <\/div>        <\/div>                        <\/a>              <\/div>          <\/div>    <style>      \/*pagination styles*\/      #bwg_container1_1 #bwg_container2_1 .tablenav-pages_1 {\t\t\t\ttext-align: center;\t\t\t\tfont-size: 12px;\t\t\t\tfont-family: segoe ui;\t\t\t\tfont-weight: bold;\t\t\t\tcolor: #666666;\t\t\t\tmargin: 6px 0 4px;\t\t\t\tdisplay: block;      }      @media only screen and (max-width : 320px) {      #bwg_container1_1 #bwg_container2_1 .displaying-num_1 {     \t display: none;      }      }      #bwg_container1_1 #bwg_container2_1 .displaying-num_1 {\t\t\t\tfont-size: 12px;\t\t\t\tfont-family: segoe ui;\t\t\t\tfont-weight: bold;\t\t\t\tcolor: #666666;\t\t\t\tmargin-right: 10px;\t\t\t\tvertical-align: middle;      }      #bwg_container1_1 #bwg_container2_1 .paging-input_1 {\t\t\t\tfont-size: 12px;\t\t\t\tfont-family: segoe ui;\t\t\t\tfont-weight: bold;\t\t\t\tcolor: #666666;\t\t\t\tvertical-align: middle;      }      #bwg_container1_1 #bwg_container2_1 .tablenav-pages_1 a.disabled,      #bwg_container1_1 #bwg_container2_1 .tablenav-pages_1 a.disabled:hover,      #bwg_container1_1 #bwg_container2_1 .tablenav-pages_1 a.disabled:focus,\t\t\t#bwg_container1_1 #bwg_container2_1 .tablenav-pages_1 input.bwg_current_page {\t\t\t\tcursor: default;\t\t\t\tcolor: rgba(102, 102, 102, 0.5);      }      #bwg_container1_1 #bwg_container2_1 .tablenav-pages_1 a,      #bwg_container1_1 #bwg_container2_1 .tablenav-pages_1 input.bwg_current_page {\t\t\t\tcursor: pointer;\t\t\t\ttext-align: center;\t\t\t\tfont-size: 12px;\t\t\t\tfont-family: segoe ui;\t\t\t\tfont-weight: bold;\t\t\t\tcolor: #666666;\t\t\t\ttext-decoration: none;\t\t\t\tpadding: 3px 6px;\t\t\t\tmargin: 0;\t\t\t\tborder-radius: 0;\t\t\t\tborder-style: solid;\t\t\t\tborder-width: 1px;\t\t\t\tborder-color: #E3E3E3;\t\t\t\t\t\t\t\tbackground-color: rgba(255, 255, 255, 1.00);\t\t\t\tbox-shadow: 0;\t\t\t\ttransition: all 0.3s ease 0s;-webkit-transition: all 0.3s ease 0s;      }      <\/style>      <span class=\"bwg_nav_cont_1\">              <div class=\"tablenav-pages_1\">                      <span class=\"pagination-links_1 pagination-links\" data-pages-count=\"2\">              <span class=\"pagination-links_col1\">              <a class=\"bwg-a first-page disabled\" title=\"Gehe zur ersten Seite\" >\u00ab<\/a>              <a class=\"bwg-a prev-page disabled\" title=\"Gehe zur vorherigen Seite\" >\u2039<\/a>              <\/span>\t\t\t\t\t\t\t<span class=\"pagination-links_col2\">\t\t\t\t\t\t\t\t\t<input type=\"number\" class=\"bwg_current_page\" name=\"bwg_current_page\" value=\"1\" data-url-info=\"page_number_1\" onkeypress=\"return bwg_change_page_1(event, this)\" min=\"1\" oninput=\"validity.valid||(value='')\" \/>\t\t\t\t\t\t\t\t\t\tvon\t\t\t\t\t\t\t\t\t\t<span class=\"total-pages_1\">\t\t\t\t\t\t\t\t\t\t\t2\t\t\t\t\t\t\t\t\t\t<\/span>\t\t\t\t\t\t\t<\/span>              <span class=\"pagination-links_col3\">                <a class=\"bwg-a next-page-1\" title=\"Gehe zur n\u00e4chsten Seite\" href=\"\/kulturkreis\/wp-json\/wp\/v2\/posts\/1591?page_number_1=2\">\u203a<\/a>                <a class=\"bwg-a last-page-1\" title=\"Gehe zur letzten Seite\" href=\"\/kulturkreis\/wp-json\/wp\/v2\/posts\/1591?page_number_1=2\">\u00bb<\/a>              <\/span>\t\t\t\t\t\t<\/span>\t\t\t\t\t\t        <\/div>                <input type=\"hidden\" id=\"page_number_1\" name=\"page_number_1\" value=\"1\" \/>      <script type=\"text\/javascript\">        if( jQuery('.bwg_nav_cont_1').length > 1 ) {          jQuery('.bwg_nav_cont_1').first().remove()        }        function spider_page_1(cur, x, y, load_more) {          if (typeof load_more == \"undefined\") {            var load_more = false;          }          if (jQuery(cur).hasClass('disabled')) {            return false;          }          var items_county_1 = 2;          switch (y) {            case 1:              if (x >= items_county_1) {                document.getElementById('page_number_1').value = items_county_1;              }              else {                document.getElementById('page_number_1').value = x + 1;              }              break;            case 2:              document.getElementById('page_number_1').value = items_county_1;              break;            case -1:              if (x == 1) {                document.getElementById('page_number_1').value = 1;              }              else {                document.getElementById('page_number_1').value = x - 1;              }              break;            case -2:              document.getElementById('page_number_1').value = 1;              break;\t\t\t\t\t\tcase 0:              document.getElementById('page_number_1').value = x;              break;            default:              document.getElementById('page_number_1').value = 1;          }          bwg_ajax('gal_front_form_1', '1', 'bwg_thumbnails_1', '0', '', 'gallery', 0, '', '', load_more, '', 1);        }                    jQuery('.first-page disabled').on('click', function () {              spider_page_1(this, 1, -2, 'numeric');              return false;            });            jQuery('.prev-page disabled').on('click', function () {              spider_page_1(this, 1, -1, 'numeric');              return false;            });            jQuery('.next-page-1').on('click', function () {              spider_page_1(this, 1, 1, 'numeric');              return false;            });            jQuery('.last-page-1').on('click', function () {              spider_page_1(this, 1, 2, 'numeric');              return false;            });        \t\t\t\t\/* Change page on input enter. *\/        function bwg_change_page_1( e, that ) {          if (  e.key == 'Enter' ) {            var to_page = parseInt(jQuery(that).val());            var pages_count = jQuery(that).parents(\".pagination-links\").data(\"pages-count\");            var current_url_param = jQuery(that).attr('data-url-info');            if (to_page > pages_count) {              to_page = 1;            }\t \t\t\t\t\t\t\t\t\t\t\t\tspider_page_1(this, to_page, 0, 'numeric');\t\t\t\t\t\t\treturn false;\t\t\t\t\t\t          }          return true;        }        jQuery('.bwg_load_btn_1').on('click', function () {            spider_page_1(this, 1, 1, true);            return false;        });      <\/script>      <\/span>                <\/div>        <\/form>        <style>          #bwg_container1_1 #bwg_container2_1 #spider_popup_overlay_1 {          background-color: #000000;          opacity: 0.70;          }          <\/style>        <div id=\"bwg_spider_popup_loading_1\" class=\"bwg_spider_popup_loading\"><\/div>        <div id=\"spider_popup_overlay_1\" class=\"spider_popup_overlay\" onclick=\"spider_destroypopup(1000)\"><\/div>        <input type=\"hidden\" id=\"bwg_random_seed_1\" value=\"2124349458\">                <\/div>    <\/div>    <script>      if (document.readyState === 'complete') {        if( typeof bwg_main_ready == 'function' ) {          if ( jQuery(\"#bwg_container1_1\").height() ) {            bwg_main_ready(jQuery(\"#bwg_container1_1\"));          }        }      } else {        document.addEventListener('DOMContentLoaded', function() {          if( typeof bwg_main_ready == 'function' ) {            if ( jQuery(\"#bwg_container1_1\").height() ) {             bwg_main_ready(jQuery(\"#bwg_container1_1\"));            }          }        });      }    <\/script>    \n","protected":false},"excerpt":{"rendered":"<p>Mit seinen stimmgewaltigen Ges\u00e4ngen hat der eindrucksvolle &#8218;Don Kosaken Chor Serge Jaroff \u00ae unter Leitung von Wanja Hlibka&#8216; am Montagabend\u00a0 etwa einhundertf\u00fcnfzig Zuh\u00f6rer begeistert. &#8222;Diesen Chor zu erleben, ist immer wieder ein H\u00f6rerlebnis: eindrucksvoll und ber\u00fchrend&#8220;, meinte ein Gast, der schon oft in den Konzerten des Chors war, auch schon unter dem Dirigat von Serge &hellip; <a href=\"https:\/\/marienviertel.de\/kulturkreis\/don-kosaken-in-der-marienkirche-stimmgewaltige-gesaenge\/\" class=\"more-link\"><span class=\"screen-reader-text\">Don Kosaken in der Marienkirche: Stimmgewaltige Ges\u00e4nge<\/span> weiterlesen <span class=\"meta-nav\">&rarr;<\/span><\/a><\/p>\n","protected":false},"author":2,"featured_media":1593,"comment_status":"open","ping_status":"open","sticky":false,"template":"","format":"standard","meta":{"jetpack_post_was_ever_published":false,"_jetpack_newsletter_access":"","_jetpack_dont_email_post_to_subs":false,"_jetpack_newsletter_tier_id":0,"_jetpack_memberships_contains_paywalled_content":false,"_jetpack_memberships_contains_paid_content":false,"footnotes":"","jetpack_publicize_message":"","jetpack_publicize_feature_enabled":true,"jetpack_social_post_already_shared":true,"jetpack_social_options":{"image_generator_settings":{"template":"highway","default_image_id":0,"font":"","enabled":false},"version":2}},"categories":[4],"tags":[133],"class_list":["post-1591","post","type-post","status-publish","format-standard","has-post-thumbnail","hentry","category-rueckblicke","tag-don-kosaken"],"yoast_head":"<!-- This site is optimized with the Yoast SEO plugin v26.7 - https:\/\/yoast.com\/wordpress\/plugins\/seo\/ -->\n<title>Don Kosaken in der Marienkirche: Stimmgewaltige Ges\u00e4nge - HOME | Kulturkreis St. Marien<\/title>\n<meta name=\"robots\" content=\"index, follow, max-snippet:-1, max-image-preview:large, max-video-preview:-1\" \/>\n<link rel=\"canonical\" href=\"https:\/\/marienviertel.de\/kulturkreis\/don-kosaken-in-der-marienkirche-stimmgewaltige-gesaenge\/\" \/>\n<meta property=\"og:locale\" content=\"de_DE\" \/>\n<meta property=\"og:type\" content=\"article\" \/>\n<meta property=\"og:title\" content=\"Don Kosaken in der Marienkirche: Stimmgewaltige Ges\u00e4nge - HOME | Kulturkreis St. Marien\" \/>\n<meta property=\"og:description\" content=\"Mit seinen stimmgewaltigen Ges\u00e4ngen hat der eindrucksvolle &#8218;Don Kosaken Chor Serge Jaroff \u00ae unter Leitung von Wanja Hlibka&#8216; am Montagabend\u00a0 etwa einhundertf\u00fcnfzig Zuh\u00f6rer begeistert. &#8222;Diesen Chor zu erleben, ist immer wieder ein H\u00f6rerlebnis: eindrucksvoll und ber\u00fchrend&#8220;, meinte ein Gast, der schon oft in den Konzerten des Chors war, auch schon unter dem Dirigat von Serge &hellip; Don Kosaken in der Marienkirche: Stimmgewaltige Ges\u00e4nge weiterlesen &rarr;\" \/>\n<meta property=\"og:url\" content=\"https:\/\/marienviertel.de\/kulturkreis\/don-kosaken-in-der-marienkirche-stimmgewaltige-gesaenge\/\" \/>\n<meta property=\"og:site_name\" content=\"HOME | Kulturkreis St. Marien\" \/>\n<meta property=\"article:publisher\" content=\"https:\/\/www.facebook.com\/Marienviertel\/\" \/>\n<meta property=\"article:published_time\" content=\"2019-10-09T11:41:28+00:00\" \/>\n<meta property=\"article:modified_time\" content=\"2019-10-09T19:56:26+00:00\" \/>\n<meta property=\"og:image\" content=\"https:\/\/marienviertel.de\/kulturkreis\/wordpress\/wp-content\/uploads\/2019\/10\/Don-Kosaken-Chor-22-1024x683.jpg\" \/>\n\t<meta property=\"og:image:width\" content=\"1024\" \/>\n\t<meta property=\"og:image:height\" content=\"683\" \/>\n\t<meta property=\"og:image:type\" content=\"image\/jpeg\" \/>\n<meta name=\"author\" content=\"jotw\" \/>\n<meta name=\"twitter:card\" content=\"summary_large_image\" \/>\n<meta name=\"twitter:label1\" content=\"Verfasst von\" \/>\n\t<meta name=\"twitter:data1\" content=\"jotw\" \/>\n\t<meta name=\"twitter:label2\" content=\"Gesch\u00e4tzte Lesezeit\" \/>\n\t<meta name=\"twitter:data2\" content=\"2\u00a0Minuten\" \/>\n<script type=\"application\/ld+json\" class=\"yoast-schema-graph\">{\"@context\":\"https:\/\/schema.org\",\"@graph\":[{\"@type\":\"Article\",\"@id\":\"https:\/\/marienviertel.de\/kulturkreis\/don-kosaken-in-der-marienkirche-stimmgewaltige-gesaenge\/#article\",\"isPartOf\":{\"@id\":\"https:\/\/marienviertel.de\/kulturkreis\/don-kosaken-in-der-marienkirche-stimmgewaltige-gesaenge\/\"},\"author\":{\"name\":\"jotw\",\"@id\":\"https:\/\/marienviertel.de\/kulturkreis\/#\/schema\/person\/5991f3ef2f6094b6ce15389027b8d7be\"},\"headline\":\"Don Kosaken in der Marienkirche: Stimmgewaltige Ges\u00e4nge\",\"datePublished\":\"2019-10-09T11:41:28+00:00\",\"dateModified\":\"2019-10-09T19:56:26+00:00\",\"mainEntityOfPage\":{\"@id\":\"https:\/\/marienviertel.de\/kulturkreis\/don-kosaken-in-der-marienkirche-stimmgewaltige-gesaenge\/\"},\"wordCount\":501,\"commentCount\":0,\"publisher\":{\"@id\":\"https:\/\/marienviertel.de\/kulturkreis\/#organization\"},\"image\":{\"@id\":\"https:\/\/marienviertel.de\/kulturkreis\/don-kosaken-in-der-marienkirche-stimmgewaltige-gesaenge\/#primaryimage\"},\"thumbnailUrl\":\"https:\/\/marienviertel.de\/kulturkreis\/wordpress\/wp-content\/uploads\/2019\/10\/Don-Kosaken-Chor-22.jpg\",\"keywords\":[\"Don Kosaken\"],\"articleSection\":[\"R\u00fcckblicke\"],\"inLanguage\":\"de\",\"potentialAction\":[{\"@type\":\"CommentAction\",\"name\":\"Comment\",\"target\":[\"https:\/\/marienviertel.de\/kulturkreis\/don-kosaken-in-der-marienkirche-stimmgewaltige-gesaenge\/#respond\"]}]},{\"@type\":\"WebPage\",\"@id\":\"https:\/\/marienviertel.de\/kulturkreis\/don-kosaken-in-der-marienkirche-stimmgewaltige-gesaenge\/\",\"url\":\"https:\/\/marienviertel.de\/kulturkreis\/don-kosaken-in-der-marienkirche-stimmgewaltige-gesaenge\/\",\"name\":\"Don Kosaken in der Marienkirche: Stimmgewaltige Ges\u00e4nge - HOME | Kulturkreis St. Marien\",\"isPartOf\":{\"@id\":\"https:\/\/marienviertel.de\/kulturkreis\/#website\"},\"primaryImageOfPage\":{\"@id\":\"https:\/\/marienviertel.de\/kulturkreis\/don-kosaken-in-der-marienkirche-stimmgewaltige-gesaenge\/#primaryimage\"},\"image\":{\"@id\":\"https:\/\/marienviertel.de\/kulturkreis\/don-kosaken-in-der-marienkirche-stimmgewaltige-gesaenge\/#primaryimage\"},\"thumbnailUrl\":\"https:\/\/marienviertel.de\/kulturkreis\/wordpress\/wp-content\/uploads\/2019\/10\/Don-Kosaken-Chor-22.jpg\",\"datePublished\":\"2019-10-09T11:41:28+00:00\",\"dateModified\":\"2019-10-09T19:56:26+00:00\",\"breadcrumb\":{\"@id\":\"https:\/\/marienviertel.de\/kulturkreis\/don-kosaken-in-der-marienkirche-stimmgewaltige-gesaenge\/#breadcrumb\"},\"inLanguage\":\"de\",\"potentialAction\":[{\"@type\":\"ReadAction\",\"target\":[\"https:\/\/marienviertel.de\/kulturkreis\/don-kosaken-in-der-marienkirche-stimmgewaltige-gesaenge\/\"]}]},{\"@type\":\"ImageObject\",\"inLanguage\":\"de\",\"@id\":\"https:\/\/marienviertel.de\/kulturkreis\/don-kosaken-in-der-marienkirche-stimmgewaltige-gesaenge\/#primaryimage\",\"url\":\"https:\/\/marienviertel.de\/kulturkreis\/wordpress\/wp-content\/uploads\/2019\/10\/Don-Kosaken-Chor-22.jpg\",\"contentUrl\":\"https:\/\/marienviertel.de\/kulturkreis\/wordpress\/wp-content\/uploads\/2019\/10\/Don-Kosaken-Chor-22.jpg\",\"width\":4080,\"height\":2720,\"caption\":\"Foto: \u00a9 Peter Koerber \/ Kulturkreis St. Marien\"},{\"@type\":\"BreadcrumbList\",\"@id\":\"https:\/\/marienviertel.de\/kulturkreis\/don-kosaken-in-der-marienkirche-stimmgewaltige-gesaenge\/#breadcrumb\",\"itemListElement\":[{\"@type\":\"ListItem\",\"position\":1,\"name\":\"Startseite\",\"item\":\"https:\/\/marienviertel.de\/kulturkreis\/\"},{\"@type\":\"ListItem\",\"position\":2,\"name\":\"Don Kosaken in der Marienkirche: Stimmgewaltige Ges\u00e4nge\"}]},{\"@type\":\"WebSite\",\"@id\":\"https:\/\/marienviertel.de\/kulturkreis\/#website\",\"url\":\"https:\/\/marienviertel.de\/kulturkreis\/\",\"name\":\"HOME | Kulturkreis St. Marien\",\"description\":\"Herzlich willkommen!\",\"publisher\":{\"@id\":\"https:\/\/marienviertel.de\/kulturkreis\/#organization\"},\"potentialAction\":[{\"@type\":\"SearchAction\",\"target\":{\"@type\":\"EntryPoint\",\"urlTemplate\":\"https:\/\/marienviertel.de\/kulturkreis\/?s={search_term_string}\"},\"query-input\":{\"@type\":\"PropertyValueSpecification\",\"valueRequired\":true,\"valueName\":\"search_term_string\"}}],\"inLanguage\":\"de\"},{\"@type\":\"Organization\",\"@id\":\"https:\/\/marienviertel.de\/kulturkreis\/#organization\",\"name\":\"Kulturkreis St. Marien\",\"url\":\"https:\/\/marienviertel.de\/kulturkreis\/\",\"logo\":{\"@type\":\"ImageObject\",\"inLanguage\":\"de\",\"@id\":\"https:\/\/marienviertel.de\/kulturkreis\/#\/schema\/logo\/image\/\",\"url\":\"https:\/\/marienviertel.de\/kulturkreis\/wordpress\/wp-content\/uploads\/2015\/06\/Facebook-Logo-KK-2014.jpg\",\"contentUrl\":\"https:\/\/marienviertel.de\/kulturkreis\/wordpress\/wp-content\/uploads\/2015\/06\/Facebook-Logo-KK-2014.jpg\",\"width\":1045,\"height\":540,\"caption\":\"Kulturkreis St. Marien\"},\"image\":{\"@id\":\"https:\/\/marienviertel.de\/kulturkreis\/#\/schema\/logo\/image\/\"},\"sameAs\":[\"https:\/\/www.facebook.com\/Marienviertel\/\"]},{\"@type\":\"Person\",\"@id\":\"https:\/\/marienviertel.de\/kulturkreis\/#\/schema\/person\/5991f3ef2f6094b6ce15389027b8d7be\",\"name\":\"jotw\",\"image\":{\"@type\":\"ImageObject\",\"inLanguage\":\"de\",\"@id\":\"https:\/\/marienviertel.de\/kulturkreis\/#\/schema\/person\/image\/\",\"url\":\"https:\/\/secure.gravatar.com\/avatar\/f996f1ca35d6d13af46e8af8dc21f10fcdf6f690745c899b68b257dfffe92cd9?s=96&d=mm&r=g\",\"contentUrl\":\"https:\/\/secure.gravatar.com\/avatar\/f996f1ca35d6d13af46e8af8dc21f10fcdf6f690745c899b68b257dfffe92cd9?s=96&d=mm&r=g\",\"caption\":\"jotw\"},\"url\":\"https:\/\/marienviertel.de\/kulturkreis\/author\/admin\/\"}]}<\/script>\n<!-- \/ Yoast SEO plugin. -->","yoast_head_json":{"title":"Don Kosaken in der Marienkirche: Stimmgewaltige Ges\u00e4nge - HOME | Kulturkreis St. Marien","robots":{"index":"index","follow":"follow","max-snippet":"max-snippet:-1","max-image-preview":"max-image-preview:large","max-video-preview":"max-video-preview:-1"},"canonical":"https:\/\/marienviertel.de\/kulturkreis\/don-kosaken-in-der-marienkirche-stimmgewaltige-gesaenge\/","og_locale":"de_DE","og_type":"article","og_title":"Don Kosaken in der Marienkirche: Stimmgewaltige Ges\u00e4nge - HOME | Kulturkreis St. Marien","og_description":"Mit seinen stimmgewaltigen Ges\u00e4ngen hat der eindrucksvolle &#8218;Don Kosaken Chor Serge Jaroff \u00ae unter Leitung von Wanja Hlibka&#8216; am Montagabend\u00a0 etwa einhundertf\u00fcnfzig Zuh\u00f6rer begeistert. &#8222;Diesen Chor zu erleben, ist immer wieder ein H\u00f6rerlebnis: eindrucksvoll und ber\u00fchrend&#8220;, meinte ein Gast, der schon oft in den Konzerten des Chors war, auch schon unter dem Dirigat von Serge &hellip; Don Kosaken in der Marienkirche: Stimmgewaltige Ges\u00e4nge weiterlesen &rarr;","og_url":"https:\/\/marienviertel.de\/kulturkreis\/don-kosaken-in-der-marienkirche-stimmgewaltige-gesaenge\/","og_site_name":"HOME | Kulturkreis St. Marien","article_publisher":"https:\/\/www.facebook.com\/Marienviertel\/","article_published_time":"2019-10-09T11:41:28+00:00","article_modified_time":"2019-10-09T19:56:26+00:00","og_image":[{"width":1024,"height":683,"url":"https:\/\/marienviertel.de\/kulturkreis\/wordpress\/wp-content\/uploads\/2019\/10\/Don-Kosaken-Chor-22-1024x683.jpg","type":"image\/jpeg"}],"author":"jotw","twitter_card":"summary_large_image","twitter_misc":{"Verfasst von":"jotw","Gesch\u00e4tzte Lesezeit":"2\u00a0Minuten"},"schema":{"@context":"https:\/\/schema.org","@graph":[{"@type":"Article","@id":"https:\/\/marienviertel.de\/kulturkreis\/don-kosaken-in-der-marienkirche-stimmgewaltige-gesaenge\/#article","isPartOf":{"@id":"https:\/\/marienviertel.de\/kulturkreis\/don-kosaken-in-der-marienkirche-stimmgewaltige-gesaenge\/"},"author":{"name":"jotw","@id":"https:\/\/marienviertel.de\/kulturkreis\/#\/schema\/person\/5991f3ef2f6094b6ce15389027b8d7be"},"headline":"Don Kosaken in der Marienkirche: Stimmgewaltige Ges\u00e4nge","datePublished":"2019-10-09T11:41:28+00:00","dateModified":"2019-10-09T19:56:26+00:00","mainEntityOfPage":{"@id":"https:\/\/marienviertel.de\/kulturkreis\/don-kosaken-in-der-marienkirche-stimmgewaltige-gesaenge\/"},"wordCount":501,"commentCount":0,"publisher":{"@id":"https:\/\/marienviertel.de\/kulturkreis\/#organization"},"image":{"@id":"https:\/\/marienviertel.de\/kulturkreis\/don-kosaken-in-der-marienkirche-stimmgewaltige-gesaenge\/#primaryimage"},"thumbnailUrl":"https:\/\/marienviertel.de\/kulturkreis\/wordpress\/wp-content\/uploads\/2019\/10\/Don-Kosaken-Chor-22.jpg","keywords":["Don Kosaken"],"articleSection":["R\u00fcckblicke"],"inLanguage":"de","potentialAction":[{"@type":"CommentAction","name":"Comment","target":["https:\/\/marienviertel.de\/kulturkreis\/don-kosaken-in-der-marienkirche-stimmgewaltige-gesaenge\/#respond"]}]},{"@type":"WebPage","@id":"https:\/\/marienviertel.de\/kulturkreis\/don-kosaken-in-der-marienkirche-stimmgewaltige-gesaenge\/","url":"https:\/\/marienviertel.de\/kulturkreis\/don-kosaken-in-der-marienkirche-stimmgewaltige-gesaenge\/","name":"Don Kosaken in der Marienkirche: Stimmgewaltige Ges\u00e4nge - HOME | Kulturkreis St. Marien","isPartOf":{"@id":"https:\/\/marienviertel.de\/kulturkreis\/#website"},"primaryImageOfPage":{"@id":"https:\/\/marienviertel.de\/kulturkreis\/don-kosaken-in-der-marienkirche-stimmgewaltige-gesaenge\/#primaryimage"},"image":{"@id":"https:\/\/marienviertel.de\/kulturkreis\/don-kosaken-in-der-marienkirche-stimmgewaltige-gesaenge\/#primaryimage"},"thumbnailUrl":"https:\/\/marienviertel.de\/kulturkreis\/wordpress\/wp-content\/uploads\/2019\/10\/Don-Kosaken-Chor-22.jpg","datePublished":"2019-10-09T11:41:28+00:00","dateModified":"2019-10-09T19:56:26+00:00","breadcrumb":{"@id":"https:\/\/marienviertel.de\/kulturkreis\/don-kosaken-in-der-marienkirche-stimmgewaltige-gesaenge\/#breadcrumb"},"inLanguage":"de","potentialAction":[{"@type":"ReadAction","target":["https:\/\/marienviertel.de\/kulturkreis\/don-kosaken-in-der-marienkirche-stimmgewaltige-gesaenge\/"]}]},{"@type":"ImageObject","inLanguage":"de","@id":"https:\/\/marienviertel.de\/kulturkreis\/don-kosaken-in-der-marienkirche-stimmgewaltige-gesaenge\/#primaryimage","url":"https:\/\/marienviertel.de\/kulturkreis\/wordpress\/wp-content\/uploads\/2019\/10\/Don-Kosaken-Chor-22.jpg","contentUrl":"https:\/\/marienviertel.de\/kulturkreis\/wordpress\/wp-content\/uploads\/2019\/10\/Don-Kosaken-Chor-22.jpg","width":4080,"height":2720,"caption":"Foto: \u00a9 Peter Koerber \/ Kulturkreis St. Marien"},{"@type":"BreadcrumbList","@id":"https:\/\/marienviertel.de\/kulturkreis\/don-kosaken-in-der-marienkirche-stimmgewaltige-gesaenge\/#breadcrumb","itemListElement":[{"@type":"ListItem","position":1,"name":"Startseite","item":"https:\/\/marienviertel.de\/kulturkreis\/"},{"@type":"ListItem","position":2,"name":"Don Kosaken in der Marienkirche: Stimmgewaltige Ges\u00e4nge"}]},{"@type":"WebSite","@id":"https:\/\/marienviertel.de\/kulturkreis\/#website","url":"https:\/\/marienviertel.de\/kulturkreis\/","name":"HOME | Kulturkreis St. Marien","description":"Herzlich willkommen!","publisher":{"@id":"https:\/\/marienviertel.de\/kulturkreis\/#organization"},"potentialAction":[{"@type":"SearchAction","target":{"@type":"EntryPoint","urlTemplate":"https:\/\/marienviertel.de\/kulturkreis\/?s={search_term_string}"},"query-input":{"@type":"PropertyValueSpecification","valueRequired":true,"valueName":"search_term_string"}}],"inLanguage":"de"},{"@type":"Organization","@id":"https:\/\/marienviertel.de\/kulturkreis\/#organization","name":"Kulturkreis St. Marien","url":"https:\/\/marienviertel.de\/kulturkreis\/","logo":{"@type":"ImageObject","inLanguage":"de","@id":"https:\/\/marienviertel.de\/kulturkreis\/#\/schema\/logo\/image\/","url":"https:\/\/marienviertel.de\/kulturkreis\/wordpress\/wp-content\/uploads\/2015\/06\/Facebook-Logo-KK-2014.jpg","contentUrl":"https:\/\/marienviertel.de\/kulturkreis\/wordpress\/wp-content\/uploads\/2015\/06\/Facebook-Logo-KK-2014.jpg","width":1045,"height":540,"caption":"Kulturkreis St. Marien"},"image":{"@id":"https:\/\/marienviertel.de\/kulturkreis\/#\/schema\/logo\/image\/"},"sameAs":["https:\/\/www.facebook.com\/Marienviertel\/"]},{"@type":"Person","@id":"https:\/\/marienviertel.de\/kulturkreis\/#\/schema\/person\/5991f3ef2f6094b6ce15389027b8d7be","name":"jotw","image":{"@type":"ImageObject","inLanguage":"de","@id":"https:\/\/marienviertel.de\/kulturkreis\/#\/schema\/person\/image\/","url":"https:\/\/secure.gravatar.com\/avatar\/f996f1ca35d6d13af46e8af8dc21f10fcdf6f690745c899b68b257dfffe92cd9?s=96&d=mm&r=g","contentUrl":"https:\/\/secure.gravatar.com\/avatar\/f996f1ca35d6d13af46e8af8dc21f10fcdf6f690745c899b68b257dfffe92cd9?s=96&d=mm&r=g","caption":"jotw"},"url":"https:\/\/marienviertel.de\/kulturkreis\/author\/admin\/"}]}},"jetpack_publicize_connections":[],"cc_featured_image_caption":{"caption_text":"Foto: \u00a9 Peter Koerber \/ Kulturkreis St. Marien","source_text":"","source_url":""},"jetpack_featured_media_url":"https:\/\/marienviertel.de\/kulturkreis\/wordpress\/wp-content\/uploads\/2019\/10\/Don-Kosaken-Chor-22.jpg","jetpack_sharing_enabled":true,"jetpack_shortlink":"https:\/\/wp.me\/p7zbXy-pF","_links":{"self":[{"href":"https:\/\/marienviertel.de\/kulturkreis\/wp-json\/wp\/v2\/posts\/1591","targetHints":{"allow":["GET"]}}],"collection":[{"href":"https:\/\/marienviertel.de\/kulturkreis\/wp-json\/wp\/v2\/posts"}],"about":[{"href":"https:\/\/marienviertel.de\/kulturkreis\/wp-json\/wp\/v2\/types\/post"}],"author":[{"embeddable":true,"href":"https:\/\/marienviertel.de\/kulturkreis\/wp-json\/wp\/v2\/users\/2"}],"replies":[{"embeddable":true,"href":"https:\/\/marienviertel.de\/kulturkreis\/wp-json\/wp\/v2\/comments?post=1591"}],"version-history":[{"count":11,"href":"https:\/\/marienviertel.de\/kulturkreis\/wp-json\/wp\/v2\/posts\/1591\/revisions"}],"predecessor-version":[{"id":1613,"href":"https:\/\/marienviertel.de\/kulturkreis\/wp-json\/wp\/v2\/posts\/1591\/revisions\/1613"}],"wp:featuredmedia":[{"embeddable":true,"href":"https:\/\/marienviertel.de\/kulturkreis\/wp-json\/wp\/v2\/media\/1593"}],"wp:attachment":[{"href":"https:\/\/marienviertel.de\/kulturkreis\/wp-json\/wp\/v2\/media?parent=1591"}],"wp:term":[{"taxonomy":"category","embeddable":true,"href":"https:\/\/marienviertel.de\/kulturkreis\/wp-json\/wp\/v2\/categories?post=1591"},{"taxonomy":"post_tag","embeddable":true,"href":"https:\/\/marienviertel.de\/kulturkreis\/wp-json\/wp\/v2\/tags?post=1591"}],"curies":[{"name":"wp","href":"https:\/\/api.w.org\/{rel}","templated":true}]}}