{"id":1426,"date":"2019-08-25T23:48:44","date_gmt":"2019-08-25T21:48:44","guid":{"rendered":"https:\/\/marienviertel.de\/kulturkreis\/?p=1426"},"modified":"2019-10-10T00:51:33","modified_gmt":"2019-10-09T22:51:33","slug":"mordsspass-im-pfarrgarten","status":"publish","type":"post","link":"https:\/\/marienviertel.de\/kulturkreis\/mordsspass-im-pfarrgarten\/","title":{"rendered":"Mordsspa\u00df im Pfarrgarten"},"content":{"rendered":"<p><strong>Ein kleiner Schubs \u2013 upps \u2013 tot. So schnell kann\u00b4s passieren in Jutta Wilbertz&#8216; M\u00f6rder-Songs und Kurzkrimis.<\/strong><\/p>\n<p><a href=\"https:\/\/marienviertel.de\/kulturkreis\/wordpress\/wp-content\/uploads\/2019\/08\/2019-08-25-Wilbertz-Lesung-DSC00395-2.jpg\" target=\"_blank\" rel=\"noopener noreferrer\"><img loading=\"lazy\" decoding=\"async\" class=\"alignnone wp-image-1430 size-large\" src=\"https:\/\/marienviertel.de\/kulturkreis\/wordpress\/wp-content\/uploads\/2019\/08\/2019-08-25-Wilbertz-Lesung-DSC00395-2-902x1024.jpg\" alt=\"\" width=\"474\" height=\"538\" srcset=\"https:\/\/marienviertel.de\/kulturkreis\/wordpress\/wp-content\/uploads\/2019\/08\/2019-08-25-Wilbertz-Lesung-DSC00395-2-902x1024.jpg 902w, https:\/\/marienviertel.de\/kulturkreis\/wordpress\/wp-content\/uploads\/2019\/08\/2019-08-25-Wilbertz-Lesung-DSC00395-2-264x300.jpg 264w, https:\/\/marienviertel.de\/kulturkreis\/wordpress\/wp-content\/uploads\/2019\/08\/2019-08-25-Wilbertz-Lesung-DSC00395-2-768x872.jpg 768w\" sizes=\"auto, (max-width: 474px) 100vw, 474px\" \/><\/a><\/p>\n<p>Die aus Dorsten stammende, in K\u00f6ln lebende Krimi-Autorin, S\u00e4ngerin\u00a0 und Musik-Kabarettistin konnte im Pfarrgarten der Hervester Marienkirche bei ihrem Heimspiel neben ihren Eltern und Geschwistern gut 60 Besucher vorz\u00fcglich unterhalten, die bei hochsommerlichen Temperaturen den Weg ins Marienviertel gefunden hatten. Gutes Timing: Zu Beginn der Lesung lagen fast alle Sitzpl\u00e4tze im Schatten der gro\u00dfen Eichen.<\/p>\n<p>Frauen morden ja bekanntlich deutlich kreativer als M\u00e4nner. Das machte Jutta Wilbertz h\u00f6chst dramatisch in ihren Kurzkrimis klar.<\/p>\n<p>Das erste Widerwort, dass Ingeborg ihrem despotischen Hugo nach langer Ehe gab, lie\u00df Hugo f\u00fcnf Tage nicht mehr mit Ingeborg sprechen. &#8222;Der spricht kein Wort mit mir und schaut irgendwie durch mich durch.&#8220; Kein Wunder, war das Widerwort doch ein kr\u00e4ftiger Schlag mit der Bratpfanne &#8230;<\/p>\n<p>Und wie wird frau einen stalkenden Latin Lover los? Sie serviert ihm einen Whisky mit Schlaftablette und platziert ihn dekorativ schlafend im Watt, kurz bevor die Flut kommt &#8230; Mit diesem Kurzkrimi ( &#8222;In die W\u00fcste geschickt&#8220;) gewann sie 2017 den 1. Ostfriesischen Krimipreis, auf dem Wettbewerb gelesen von Joe Bausch, dem Pathologen des K\u00f6lner Tatorts.<\/p>\n<p><a href=\"https:\/\/marienviertel.de\/kulturkreis\/wordpress\/wp-content\/uploads\/2019\/08\/2019-08-25-Wilbertz-Lesung-DSC00398.jpg\" target=\"_blank\" rel=\"noopener noreferrer\"><img loading=\"lazy\" decoding=\"async\" class=\"alignnone wp-image-1431 size-large\" src=\"https:\/\/marienviertel.de\/kulturkreis\/wordpress\/wp-content\/uploads\/2019\/08\/2019-08-25-Wilbertz-Lesung-DSC00398-1024x768.jpg\" alt=\"\" width=\"474\" height=\"356\" srcset=\"https:\/\/marienviertel.de\/kulturkreis\/wordpress\/wp-content\/uploads\/2019\/08\/2019-08-25-Wilbertz-Lesung-DSC00398-1024x768.jpg 1024w, https:\/\/marienviertel.de\/kulturkreis\/wordpress\/wp-content\/uploads\/2019\/08\/2019-08-25-Wilbertz-Lesung-DSC00398-300x225.jpg 300w, https:\/\/marienviertel.de\/kulturkreis\/wordpress\/wp-content\/uploads\/2019\/08\/2019-08-25-Wilbertz-Lesung-DSC00398-768x576.jpg 768w\" sizes=\"auto, (max-width: 474px) 100vw, 474px\" \/><\/a><\/p>\n<p>Einfallsreich auch die Todesarten in ihren Krimisongs, ihren M\u00f6rderballaden, dabei auf der Gitarre begleitet von ihrem Mann Thomas Wilbertz. &#8222;Der braucht aber keine Angst zu haben. Wir sind seit fast 29 Jahren verheiratet und er spielt viel zu gut Gitarre, um ihm Arsen zu geben.&#8220; An den messerscharfen Pointen verletzt sich zum Gl\u00fcck keiner, eher bei der Bootsfahrt im Haifischgebiet. Ein kleiner Schubs \u2013 upps &#8230;<\/p>\n<p>Besondere Schmankerl: die &#8222;kleinen Umdichtungen&#8220; bekannter Volkslieder. Da ahnt das Publikum schon das b\u00f6se Ende, wenn Jutta Wilbertz zu singen beginnt &#8222;Ade nun zur guten Nacht &#8230;&#8220;.<\/p>\n<p>Mitrei\u00dfend gelesen, mal sanft-z\u00e4rtlich, mal erotisch-aggressiv gesungen: Es war eine gruselig-sch\u00f6ne und schaurig-unterhaltsame Reise durch die Spielarten des Mordens.<\/p>\n<p>M\u00f6rderisch lecker waren die kulinarischen K\u00f6stlichkeiten aus den Giftk\u00fcchen der Kulturkreis-Frauen, stilvoll pr\u00e4sentiert zwischen Pflastern, Tupfern und giftgr\u00fcnen Spritzen: Fliegenpilze, Schwarze-Nacht-Salat, Blutsuppe &#8230;<\/p>\n<p><a href=\"https:\/\/marienviertel.de\/kulturkreis\/wordpress\/wp-content\/uploads\/2019\/08\/2019-08-25-Wilbertz-Lesung-DSC00364.jpg\" target=\"_blank\" rel=\"noopener noreferrer\"><img loading=\"lazy\" decoding=\"async\" class=\"alignnone wp-image-1438 size-medium\" src=\"https:\/\/marienviertel.de\/kulturkreis\/wordpress\/wp-content\/uploads\/2019\/08\/2019-08-25-Wilbertz-Lesung-DSC00364-300x225.jpg\" alt=\"\" width=\"300\" height=\"225\" srcset=\"https:\/\/marienviertel.de\/kulturkreis\/wordpress\/wp-content\/uploads\/2019\/08\/2019-08-25-Wilbertz-Lesung-DSC00364-300x225.jpg 300w, https:\/\/marienviertel.de\/kulturkreis\/wordpress\/wp-content\/uploads\/2019\/08\/2019-08-25-Wilbertz-Lesung-DSC00364-768x576.jpg 768w, https:\/\/marienviertel.de\/kulturkreis\/wordpress\/wp-content\/uploads\/2019\/08\/2019-08-25-Wilbertz-Lesung-DSC00364-1024x768.jpg 1024w\" sizes=\"auto, (max-width: 300px) 100vw, 300px\" \/><\/a> \u00a0<a href=\"https:\/\/marienviertel.de\/kulturkreis\/wordpress\/wp-content\/uploads\/2019\/08\/2019-08-25-Wilbertz-Lesung-DSC00366-2.jpg\" target=\"_blank\" rel=\"noopener noreferrer\"><img loading=\"lazy\" decoding=\"async\" class=\"alignnone wp-image-1439 size-medium\" src=\"https:\/\/marienviertel.de\/kulturkreis\/wordpress\/wp-content\/uploads\/2019\/08\/2019-08-25-Wilbertz-Lesung-DSC00366-2-300x244.jpg\" alt=\"\" width=\"300\" height=\"244\" srcset=\"https:\/\/marienviertel.de\/kulturkreis\/wordpress\/wp-content\/uploads\/2019\/08\/2019-08-25-Wilbertz-Lesung-DSC00366-2-300x244.jpg 300w, https:\/\/marienviertel.de\/kulturkreis\/wordpress\/wp-content\/uploads\/2019\/08\/2019-08-25-Wilbertz-Lesung-DSC00366-2-768x623.jpg 768w, https:\/\/marienviertel.de\/kulturkreis\/wordpress\/wp-content\/uploads\/2019\/08\/2019-08-25-Wilbertz-Lesung-DSC00366-2-1024x831.jpg 1024w\" sizes=\"auto, (max-width: 300px) 100vw, 300px\" \/>\u00a0<\/a><\/p>\n<p><a href=\"https:\/\/marienviertel.de\/kulturkreis\/wordpress\/wp-content\/uploads\/2019\/08\/2019-08-25-Wilbertz-Lesung-DSC00371.jpg\" target=\"_blank\" rel=\"noopener noreferrer\"><img loading=\"lazy\" decoding=\"async\" class=\"alignnone wp-image-1435 size-medium\" src=\"https:\/\/marienviertel.de\/kulturkreis\/wordpress\/wp-content\/uploads\/2019\/08\/2019-08-25-Wilbertz-Lesung-DSC00371-300x225.jpg\" alt=\"\" width=\"300\" height=\"225\" srcset=\"https:\/\/marienviertel.de\/kulturkreis\/wordpress\/wp-content\/uploads\/2019\/08\/2019-08-25-Wilbertz-Lesung-DSC00371-300x225.jpg 300w, https:\/\/marienviertel.de\/kulturkreis\/wordpress\/wp-content\/uploads\/2019\/08\/2019-08-25-Wilbertz-Lesung-DSC00371-768x576.jpg 768w, https:\/\/marienviertel.de\/kulturkreis\/wordpress\/wp-content\/uploads\/2019\/08\/2019-08-25-Wilbertz-Lesung-DSC00371-1024x768.jpg 1024w\" sizes=\"auto, (max-width: 300px) 100vw, 300px\" \/><\/a> \u00a0<a href=\"https:\/\/marienviertel.de\/kulturkreis\/wordpress\/wp-content\/uploads\/2019\/08\/2019-08-25-Wilbertz-Lesung-DSC00373.jpg\" target=\"_blank\" rel=\"noopener noreferrer\"><img loading=\"lazy\" decoding=\"async\" class=\"alignnone wp-image-1436 size-medium\" src=\"https:\/\/marienviertel.de\/kulturkreis\/wordpress\/wp-content\/uploads\/2019\/08\/2019-08-25-Wilbertz-Lesung-DSC00373-300x225.jpg\" alt=\"\" width=\"300\" height=\"225\" srcset=\"https:\/\/marienviertel.de\/kulturkreis\/wordpress\/wp-content\/uploads\/2019\/08\/2019-08-25-Wilbertz-Lesung-DSC00373-300x225.jpg 300w, https:\/\/marienviertel.de\/kulturkreis\/wordpress\/wp-content\/uploads\/2019\/08\/2019-08-25-Wilbertz-Lesung-DSC00373-768x576.jpg 768w, https:\/\/marienviertel.de\/kulturkreis\/wordpress\/wp-content\/uploads\/2019\/08\/2019-08-25-Wilbertz-Lesung-DSC00373-1024x768.jpg 1024w\" sizes=\"auto, (max-width: 300px) 100vw, 300px\" \/>\u00a0<\/a><\/p>\n<p><a href=\"https:\/\/marienviertel.de\/kulturkreis\/wordpress\/wp-content\/uploads\/2019\/08\/2019-08-25-Wilbertz-Lesung-DSC00384.jpg\" target=\"_blank\" rel=\"noopener noreferrer\"><img loading=\"lazy\" decoding=\"async\" class=\"alignnone wp-image-1433 size-medium\" src=\"https:\/\/marienviertel.de\/kulturkreis\/wordpress\/wp-content\/uploads\/2019\/08\/2019-08-25-Wilbertz-Lesung-DSC00384-300x225.jpg\" alt=\"\" width=\"300\" height=\"225\" srcset=\"https:\/\/marienviertel.de\/kulturkreis\/wordpress\/wp-content\/uploads\/2019\/08\/2019-08-25-Wilbertz-Lesung-DSC00384-300x225.jpg 300w, https:\/\/marienviertel.de\/kulturkreis\/wordpress\/wp-content\/uploads\/2019\/08\/2019-08-25-Wilbertz-Lesung-DSC00384-768x576.jpg 768w, https:\/\/marienviertel.de\/kulturkreis\/wordpress\/wp-content\/uploads\/2019\/08\/2019-08-25-Wilbertz-Lesung-DSC00384-1024x768.jpg 1024w\" sizes=\"auto, (max-width: 300px) 100vw, 300px\" \/><\/a> \u00a0<a href=\"https:\/\/marienviertel.de\/kulturkreis\/wordpress\/wp-content\/uploads\/2019\/08\/2019-08-25-Wilbertz-Lesung-DSC00385.jpg\" target=\"_blank\" rel=\"noopener noreferrer\"><img loading=\"lazy\" decoding=\"async\" class=\"alignnone wp-image-1434 size-medium\" src=\"https:\/\/marienviertel.de\/kulturkreis\/wordpress\/wp-content\/uploads\/2019\/08\/2019-08-25-Wilbertz-Lesung-DSC00385-300x225.jpg\" alt=\"\" width=\"300\" height=\"225\" srcset=\"https:\/\/marienviertel.de\/kulturkreis\/wordpress\/wp-content\/uploads\/2019\/08\/2019-08-25-Wilbertz-Lesung-DSC00385-300x225.jpg 300w, https:\/\/marienviertel.de\/kulturkreis\/wordpress\/wp-content\/uploads\/2019\/08\/2019-08-25-Wilbertz-Lesung-DSC00385-768x576.jpg 768w, https:\/\/marienviertel.de\/kulturkreis\/wordpress\/wp-content\/uploads\/2019\/08\/2019-08-25-Wilbertz-Lesung-DSC00385-1024x768.jpg 1024w\" sizes=\"auto, (max-width: 300px) 100vw, 300px\" \/><\/a><\/p>\n<p>Wer mehr wissen will zu Jutta Wilbertz:<br \/>\n<strong><a href=\"https:\/\/www.jutta-wilbertz.de\/\">https:\/\/www.jutta-wilbertz.de\/<\/a><\/strong><br \/>\n<strong><a href=\"https:\/\/www.moerderische-schwestern.eu\/wer-wir-sind\/autorinnen\/w\/jutta-wilbertz\/\">https:\/\/www.moerderische-schwestern.eu\/wer-wir-sind\/autorinnen\/w\/jutta-wilbertz\/<\/a><\/strong><\/p>\n<p>Text &amp; Fotos (soweit nicht anders vermerkt) jotw \/ Kulturkreis St. Marien 08\/2019<\/p>\n<p>Eine tolle Fotogalerie mit Bildern von <strong><a href=\"http:\/\/industriefoto.com\/\">Peter K\u00f6rber<\/a><\/strong>, die er als unser professioneller &#8218;Hausfotograf&#8216; dem Kulturkreis St. Marien dankenswerterweise zur Verf\u00fcgung stellt:<\/p>\n<p><em>(Alle Bilder der Galerie: \u00a9 Peter Koerber 8\/2019)<\/em><\/p>\n<style id=\"bwg-style-0\">    #bwg_container1_0 #bwg_container2_0 .bwg-container-0.bwg-standard-thumbnails {      width: 904px;              justify-content: center;        margin:0 auto !important;              background-color: rgba(255, 255, 255, 0.00);            padding-left: 4px;      padding-top: 4px;      max-width: 100%;            }        #bwg_container1_0 #bwg_container2_0 .bwg-container-0.bwg-standard-thumbnails .bwg-item {    justify-content: flex-start;      max-width: 180px;            width: 180px !important;          }    #bwg_container1_0 #bwg_container2_0 .bwg-container-0.bwg-standard-thumbnails .bwg-item a {       margin-right: 4px;       margin-bottom: 4px;    }    #bwg_container1_0 #bwg_container2_0 .bwg-container-0.bwg-standard-thumbnails .bwg-item0 {      padding: 0px;            background-color:rgba(255,255,255, 0.30);      border: 0px none #CCCCCC;      opacity: 1.00;      border-radius: 0;      box-shadow: 0px 0px 0px #888888;    }    #bwg_container1_0 #bwg_container2_0 .bwg-container-0.bwg-standard-thumbnails .bwg-item1 img {      max-height: none;      max-width: none;      padding: 0 !important;    }        @media only screen and (min-width: 480px) {      #bwg_container1_0 #bwg_container2_0 .bwg-container-0.bwg-standard-thumbnails .bwg-item0 {        transition: all 0.3s ease 0s;-webkit-transition: all 0.3s ease 0s;      }      #bwg_container1_0 #bwg_container2_0 .bwg-container-0.bwg-standard-thumbnails .bwg-item0:hover {        -ms-transform: scale(1.1);        -webkit-transform: scale(1.1);        transform: scale(1.1);      }    }          #bwg_container1_0 #bwg_container2_0 .bwg-container-0.bwg-standard-thumbnails .bwg-item1 {      padding-top: 50%;    }        #bwg_container1_0 #bwg_container2_0 .bwg-container-0.bwg-standard-thumbnails .bwg-title2,    #bwg_container1_0 #bwg_container2_0 .bwg-container-0.bwg-standard-thumbnails .bwg-ecommerce2 {      color: #CCCCCC;      font-family: segoe ui;      font-size: 16px;      font-weight: bold;      padding: 2px;      text-shadow: 0px 0px 0px #888888;      max-height: 100%;    }    #bwg_container1_0 #bwg_container2_0 .bwg-container-0.bwg-standard-thumbnails .bwg-thumb-description span {    color: #323A45;    font-family: Ubuntu;    font-size: 12px;    max-height: 100%;    word-wrap: break-word;    }    #bwg_container1_0 #bwg_container2_0 .bwg-container-0.bwg-standard-thumbnails .bwg-play-icon2 {      font-size: 32px;    }    #bwg_container1_0 #bwg_container2_0 .bwg-container-0.bwg-standard-thumbnails .bwg-ecommerce2 {      font-size: 19.2px;      color: #CCCCCC;    }    <\/style>    <div id=\"bwg_container1_0\"         class=\"bwg_container bwg_thumbnail bwg_thumbnails \"         data-right-click-protection=\"0\"         data-bwg=\"0\"         data-scroll=\"0\"         data-gallery-type=\"thumbnails\"         data-gallery-view-type=\"thumbnails\"         data-current-url=\"\/kulturkreis\/wp-json\/wp\/v2\/posts\/1426\"         data-lightbox-url=\"https:\/\/marienviertel.de\/kulturkreis\/wordpress\/wp-admin\/admin-ajax.php?action=GalleryBox&#038;current_view=0&#038;gallery_id=12&#038;tag=0&#038;theme_id=1&#038;shortcode_id=35&#038;sort_by=filename&#038;order_by=asc&#038;current_url=%2Fkulturkreis%2Fwp-json%2Fwp%2Fv2%2Fposts%2F1426\"         data-gallery-id=\"12\"         data-popup-width=\"800\"         data-popup-height=\"500\"         data-is-album=\"gallery\"         data-buttons-position=\"bottom\">      <div id=\"bwg_container2_0\">             <div id=\"ajax_loading_0\" class=\"bwg_loading_div_1\">      <div class=\"bwg_loading_div_2\">        <div class=\"bwg_loading_div_3\">          <div id=\"loading_div_0\" class=\"bwg_spider_ajax_loading\">          <\/div>        <\/div>      <\/div>    <\/div>            <form id=\"gal_front_form_0\"              class=\"bwg-hidden\"              method=\"post\"              action=\"#\"              data-current=\"0\"              data-shortcode-id=\"35\"              data-gallery-type=\"thumbnails\"              data-gallery-id=\"12\"              data-tag=\"0\"              data-album-id=\"0\"              data-theme-id=\"1\"              data-ajax-url=\"https:\/\/marienviertel.de\/kulturkreis\/wordpress\/wp-admin\/admin-ajax.php?action=bwg_frontend_data\">          <div id=\"bwg_container3_0\" class=\"bwg-background bwg-background-0\">                <div data-max-count=\"5\"         data-thumbnail-width=\"180\"         data-bwg=\"0\"         data-gallery-id=\"12\"         data-lightbox-url=\"https:\/\/marienviertel.de\/kulturkreis\/wordpress\/wp-admin\/admin-ajax.php?action=GalleryBox&amp;current_view=0&amp;gallery_id=12&amp;tag=0&amp;theme_id=1&amp;shortcode_id=35&amp;sort_by=filename&amp;order_by=asc&amp;current_url=%2Fkulturkreis%2Fwp-json%2Fwp%2Fv2%2Fposts%2F1426\"         id=\"bwg_thumbnails_0\"         class=\"bwg-container-0 bwg-thumbnails bwg-standard-thumbnails bwg-container bwg-border-box\">            <div class=\"bwg-item\">        <a class=\"bwg-a  bwg_lightbox\"  data-image-id=\"1757\" href=\"https:\/\/marienviertel.de\/kulturkreis\/wordpress\/wp-content\/uploads\/photo-gallery\/Jutta_Wilbertz_(0).jpg?bwg=1566841969\" data-elementor-open-lightbox=\"no\">                <div class=\"bwg-item0 \">          <div class=\"bwg-item1 \">            <div class=\"bwg-item2\">              <img decoding=\"async\" class=\"skip-lazy bwg_standart_thumb_img_0 \"                   data-id=\"1757\"                   data-width=\"300\"                   data-height=\"200\"                   data-src=\"https:\/\/marienviertel.de\/kulturkreis\/wordpress\/wp-content\/uploads\/photo-gallery\/thumb\/Jutta_Wilbertz_(0).jpg?bwg=1566841969\"                   src=\"https:\/\/marienviertel.de\/kulturkreis\/wordpress\/wp-content\/uploads\/photo-gallery\/thumb\/Jutta_Wilbertz_(0).jpg?bwg=1566841969\"                   alt=\"Jutta Wilbertz (0)\"                   title=\"Jutta Wilbertz (0)\" \/>            <\/div>            <div class=\"\">                                                      <\/div>          <\/div>        <\/div>                        <\/a>              <\/div>            <div class=\"bwg-item\">        <a class=\"bwg-a  bwg_lightbox\"  data-image-id=\"1763\" href=\"https:\/\/marienviertel.de\/kulturkreis\/wordpress\/wp-content\/uploads\/photo-gallery\/Jutta_Wilbertz_(1).jpg?bwg=1566841969\" data-elementor-open-lightbox=\"no\">                <div class=\"bwg-item0 \">          <div class=\"bwg-item1 \">            <div class=\"bwg-item2\">              <img decoding=\"async\" class=\"skip-lazy bwg_standart_thumb_img_0 \"                   data-id=\"1763\"                   data-width=\"300\"                   data-height=\"200\"                   data-src=\"https:\/\/marienviertel.de\/kulturkreis\/wordpress\/wp-content\/uploads\/photo-gallery\/thumb\/Jutta_Wilbertz_(1).jpg?bwg=1566841969\"                   src=\"https:\/\/marienviertel.de\/kulturkreis\/wordpress\/wp-content\/uploads\/photo-gallery\/thumb\/Jutta_Wilbertz_(1).jpg?bwg=1566841969\"                   alt=\"Jutta Wilbertz (1)\"                   title=\"Jutta Wilbertz (1)\" \/>            <\/div>            <div class=\"\">                                                      <\/div>          <\/div>        <\/div>                        <\/a>              <\/div>            <div class=\"bwg-item\">        <a class=\"bwg-a  bwg_lightbox\"  data-image-id=\"1749\" href=\"https:\/\/marienviertel.de\/kulturkreis\/wordpress\/wp-content\/uploads\/photo-gallery\/Jutta_Wilbertz_(10).jpg?bwg=1566841969\" data-elementor-open-lightbox=\"no\">                <div class=\"bwg-item0 \">          <div class=\"bwg-item1 \">            <div class=\"bwg-item2\">              <img decoding=\"async\" class=\"skip-lazy bwg_standart_thumb_img_0 \"                   data-id=\"1749\"                   data-width=\"300\"                   data-height=\"200\"                   data-src=\"https:\/\/marienviertel.de\/kulturkreis\/wordpress\/wp-content\/uploads\/photo-gallery\/thumb\/Jutta_Wilbertz_(10).jpg?bwg=1566841969\"                   src=\"https:\/\/marienviertel.de\/kulturkreis\/wordpress\/wp-content\/uploads\/photo-gallery\/thumb\/Jutta_Wilbertz_(10).jpg?bwg=1566841969\"                   alt=\"Jutta Wilbertz (10)\"                   title=\"Jutta Wilbertz (10)\" \/>            <\/div>            <div class=\"\">                                                      <\/div>          <\/div>        <\/div>                        <\/a>              <\/div>            <div class=\"bwg-item\">        <a class=\"bwg-a  bwg_lightbox\"  data-image-id=\"1750\" href=\"https:\/\/marienviertel.de\/kulturkreis\/wordpress\/wp-content\/uploads\/photo-gallery\/Jutta_Wilbertz_(11).jpg?bwg=1566841969\" data-elementor-open-lightbox=\"no\">                <div class=\"bwg-item0 \">          <div class=\"bwg-item1 \">            <div class=\"bwg-item2\">              <img decoding=\"async\" class=\"skip-lazy bwg_standart_thumb_img_0 \"                   data-id=\"1750\"                   data-width=\"300\"                   data-height=\"200\"                   data-src=\"https:\/\/marienviertel.de\/kulturkreis\/wordpress\/wp-content\/uploads\/photo-gallery\/thumb\/Jutta_Wilbertz_(11).jpg?bwg=1566841969\"                   src=\"https:\/\/marienviertel.de\/kulturkreis\/wordpress\/wp-content\/uploads\/photo-gallery\/thumb\/Jutta_Wilbertz_(11).jpg?bwg=1566841969\"                   alt=\"Jutta Wilbertz (11)\"                   title=\"Jutta Wilbertz (11)\" \/>            <\/div>            <div class=\"\">                                                      <\/div>          <\/div>        <\/div>                        <\/a>              <\/div>            <div class=\"bwg-item\">        <a class=\"bwg-a  bwg_lightbox\"  data-image-id=\"1751\" href=\"https:\/\/marienviertel.de\/kulturkreis\/wordpress\/wp-content\/uploads\/photo-gallery\/Jutta_Wilbertz_(12).jpg?bwg=1566842297\" data-elementor-open-lightbox=\"no\">                <div class=\"bwg-item0 \">          <div class=\"bwg-item1 \">            <div class=\"bwg-item2\">              <img decoding=\"async\" class=\"skip-lazy bwg_standart_thumb_img_0 \"                   data-id=\"1751\"                   data-width=\"200\"                   data-height=\"300\"                   data-src=\"https:\/\/marienviertel.de\/kulturkreis\/wordpress\/wp-content\/uploads\/photo-gallery\/thumb\/Jutta_Wilbertz_(12).jpg?bwg=1566842297\"                   src=\"https:\/\/marienviertel.de\/kulturkreis\/wordpress\/wp-content\/uploads\/photo-gallery\/thumb\/Jutta_Wilbertz_(12).jpg?bwg=1566842297\"                   alt=\"Jutta Wilbertz (12)\"                   title=\"Jutta Wilbertz (12)\" \/>            <\/div>            <div class=\"\">                                                      <\/div>          <\/div>        <\/div>                        <\/a>              <\/div>            <div class=\"bwg-item\">        <a class=\"bwg-a  bwg_lightbox\"  data-image-id=\"1752\" href=\"https:\/\/marienviertel.de\/kulturkreis\/wordpress\/wp-content\/uploads\/photo-gallery\/Jutta_Wilbertz_(13).jpg?bwg=1566842283\" data-elementor-open-lightbox=\"no\">                <div class=\"bwg-item0 \">          <div class=\"bwg-item1 \">            <div class=\"bwg-item2\">              <img decoding=\"async\" class=\"skip-lazy bwg_standart_thumb_img_0 \"                   data-id=\"1752\"                   data-width=\"200\"                   data-height=\"300\"                   data-src=\"https:\/\/marienviertel.de\/kulturkreis\/wordpress\/wp-content\/uploads\/photo-gallery\/thumb\/Jutta_Wilbertz_(13).jpg?bwg=1566842283\"                   src=\"https:\/\/marienviertel.de\/kulturkreis\/wordpress\/wp-content\/uploads\/photo-gallery\/thumb\/Jutta_Wilbertz_(13).jpg?bwg=1566842283\"                   alt=\"Jutta Wilbertz (13)\"                   title=\"Jutta Wilbertz (13)\" \/>            <\/div>            <div class=\"\">                                                      <\/div>          <\/div>        <\/div>                        <\/a>              <\/div>            <div class=\"bwg-item\">        <a class=\"bwg-a  bwg_lightbox\"  data-image-id=\"1747\" href=\"https:\/\/marienviertel.de\/kulturkreis\/wordpress\/wp-content\/uploads\/photo-gallery\/Jutta_Wilbertz_(14).jpg?bwg=1566844756\" data-elementor-open-lightbox=\"no\">                <div class=\"bwg-item0 \">          <div class=\"bwg-item1 \">            <div class=\"bwg-item2\">              <img decoding=\"async\" class=\"skip-lazy bwg_standart_thumb_img_0 \"                   data-id=\"1747\"                   data-width=\"200\"                   data-height=\"300\"                   data-src=\"https:\/\/marienviertel.de\/kulturkreis\/wordpress\/wp-content\/uploads\/photo-gallery\/thumb\/Jutta_Wilbertz_(14).jpg?bwg=1566844756\"                   src=\"https:\/\/marienviertel.de\/kulturkreis\/wordpress\/wp-content\/uploads\/photo-gallery\/thumb\/Jutta_Wilbertz_(14).jpg?bwg=1566844756\"                   alt=\"Jutta Wilbertz (14)\"                   title=\"Jutta Wilbertz (14)\" \/>            <\/div>            <div class=\"\">                                                      <\/div>          <\/div>        <\/div>                        <\/a>              <\/div>            <div class=\"bwg-item\">        <a class=\"bwg-a  bwg_lightbox\"  data-image-id=\"1748\" href=\"https:\/\/marienviertel.de\/kulturkreis\/wordpress\/wp-content\/uploads\/photo-gallery\/Jutta_Wilbertz_(15).jpg?bwg=1566841969\" data-elementor-open-lightbox=\"no\">                <div class=\"bwg-item0 \">          <div class=\"bwg-item1 \">            <div class=\"bwg-item2\">              <img decoding=\"async\" class=\"skip-lazy bwg_standart_thumb_img_0 \"                   data-id=\"1748\"                   data-width=\"300\"                   data-height=\"200\"                   data-src=\"https:\/\/marienviertel.de\/kulturkreis\/wordpress\/wp-content\/uploads\/photo-gallery\/thumb\/Jutta_Wilbertz_(15).jpg?bwg=1566841969\"                   src=\"https:\/\/marienviertel.de\/kulturkreis\/wordpress\/wp-content\/uploads\/photo-gallery\/thumb\/Jutta_Wilbertz_(15).jpg?bwg=1566841969\"                   alt=\"Jutta Wilbertz (15)\"                   title=\"Jutta Wilbertz (15)\" \/>            <\/div>            <div class=\"\">                                                      <\/div>          <\/div>        <\/div>                        <\/a>              <\/div>            <div class=\"bwg-item\">        <a class=\"bwg-a  bwg_lightbox\"  data-image-id=\"1746\" href=\"https:\/\/marienviertel.de\/kulturkreis\/wordpress\/wp-content\/uploads\/photo-gallery\/Jutta_Wilbertz_(16).jpg?bwg=1566841969\" data-elementor-open-lightbox=\"no\">                <div class=\"bwg-item0 \">          <div class=\"bwg-item1 \">            <div class=\"bwg-item2\">              <img decoding=\"async\" class=\"skip-lazy bwg_standart_thumb_img_0 \"                   data-id=\"1746\"                   data-width=\"300\"                   data-height=\"200\"                   data-src=\"https:\/\/marienviertel.de\/kulturkreis\/wordpress\/wp-content\/uploads\/photo-gallery\/thumb\/Jutta_Wilbertz_(16).jpg?bwg=1566841969\"                   src=\"https:\/\/marienviertel.de\/kulturkreis\/wordpress\/wp-content\/uploads\/photo-gallery\/thumb\/Jutta_Wilbertz_(16).jpg?bwg=1566841969\"                   alt=\"Jutta Wilbertz (16)\"                   title=\"Jutta Wilbertz (16)\" \/>            <\/div>            <div class=\"\">                                                      <\/div>          <\/div>        <\/div>                        <\/a>              <\/div>            <div class=\"bwg-item\">        <a class=\"bwg-a  bwg_lightbox\"  data-image-id=\"1745\" href=\"https:\/\/marienviertel.de\/kulturkreis\/wordpress\/wp-content\/uploads\/photo-gallery\/Jutta_Wilbertz_(17).jpg?bwg=1566841969\" data-elementor-open-lightbox=\"no\">                <div class=\"bwg-item0 \">          <div class=\"bwg-item1 \">            <div class=\"bwg-item2\">              <img decoding=\"async\" class=\"skip-lazy bwg_standart_thumb_img_0 \"                   data-id=\"1745\"                   data-width=\"300\"                   data-height=\"200\"                   data-src=\"https:\/\/marienviertel.de\/kulturkreis\/wordpress\/wp-content\/uploads\/photo-gallery\/thumb\/Jutta_Wilbertz_(17).jpg?bwg=1566841969\"                   src=\"https:\/\/marienviertel.de\/kulturkreis\/wordpress\/wp-content\/uploads\/photo-gallery\/thumb\/Jutta_Wilbertz_(17).jpg?bwg=1566841969\"                   alt=\"Jutta Wilbertz (17)\"                   title=\"Jutta Wilbertz (17)\" \/>            <\/div>            <div class=\"\">                                                      <\/div>          <\/div>        <\/div>                        <\/a>              <\/div>            <div class=\"bwg-item\">        <a class=\"bwg-a  bwg_lightbox\"  data-image-id=\"1744\" href=\"https:\/\/marienviertel.de\/kulturkreis\/wordpress\/wp-content\/uploads\/photo-gallery\/Jutta_Wilbertz_(18).jpg?bwg=1566841966\" data-elementor-open-lightbox=\"no\">                <div class=\"bwg-item0 \">          <div class=\"bwg-item1 \">            <div class=\"bwg-item2\">              <img decoding=\"async\" class=\"skip-lazy bwg_standart_thumb_img_0 \"                   data-id=\"1744\"                   data-width=\"300\"                   data-height=\"200\"                   data-src=\"https:\/\/marienviertel.de\/kulturkreis\/wordpress\/wp-content\/uploads\/photo-gallery\/thumb\/Jutta_Wilbertz_(18).jpg?bwg=1566841966\"                   src=\"https:\/\/marienviertel.de\/kulturkreis\/wordpress\/wp-content\/uploads\/photo-gallery\/thumb\/Jutta_Wilbertz_(18).jpg?bwg=1566841966\"                   alt=\"Jutta Wilbertz (18)\"                   title=\"Jutta Wilbertz (18)\" \/>            <\/div>            <div class=\"\">                                                      <\/div>          <\/div>        <\/div>                        <\/a>              <\/div>            <div class=\"bwg-item\">        <a class=\"bwg-a  bwg_lightbox\"  data-image-id=\"1743\" href=\"https:\/\/marienviertel.de\/kulturkreis\/wordpress\/wp-content\/uploads\/photo-gallery\/Jutta_Wilbertz_(19).jpg?bwg=1566841966\" data-elementor-open-lightbox=\"no\">                <div class=\"bwg-item0 \">          <div class=\"bwg-item1 \">            <div class=\"bwg-item2\">              <img decoding=\"async\" class=\"skip-lazy bwg_standart_thumb_img_0 \"                   data-id=\"1743\"                   data-width=\"300\"                   data-height=\"200\"                   data-src=\"https:\/\/marienviertel.de\/kulturkreis\/wordpress\/wp-content\/uploads\/photo-gallery\/thumb\/Jutta_Wilbertz_(19).jpg?bwg=1566841966\"                   src=\"https:\/\/marienviertel.de\/kulturkreis\/wordpress\/wp-content\/uploads\/photo-gallery\/thumb\/Jutta_Wilbertz_(19).jpg?bwg=1566841966\"                   alt=\"Jutta Wilbertz (19)\"                   title=\"Jutta Wilbertz (19)\" \/>            <\/div>            <div class=\"\">                                                      <\/div>          <\/div>        <\/div>                        <\/a>              <\/div>            <div class=\"bwg-item\">        <a class=\"bwg-a  bwg_lightbox\"  data-image-id=\"1761\" href=\"https:\/\/marienviertel.de\/kulturkreis\/wordpress\/wp-content\/uploads\/photo-gallery\/Jutta_Wilbertz_(2).jpg?bwg=1566842245\" data-elementor-open-lightbox=\"no\">                <div class=\"bwg-item0 \">          <div class=\"bwg-item1 \">            <div class=\"bwg-item2\">              <img decoding=\"async\" class=\"skip-lazy bwg_standart_thumb_img_0 \"                   data-id=\"1761\"                   data-width=\"200\"                   data-height=\"300\"                   data-src=\"https:\/\/marienviertel.de\/kulturkreis\/wordpress\/wp-content\/uploads\/photo-gallery\/thumb\/Jutta_Wilbertz_(2).jpg?bwg=1566842245\"                   src=\"https:\/\/marienviertel.de\/kulturkreis\/wordpress\/wp-content\/uploads\/photo-gallery\/thumb\/Jutta_Wilbertz_(2).jpg?bwg=1566842245\"                   alt=\"Jutta Wilbertz (2)\"                   title=\"Jutta Wilbertz (2)\" \/>            <\/div>            <div class=\"\">                                                      <\/div>          <\/div>        <\/div>                        <\/a>              <\/div>            <div class=\"bwg-item\">        <a class=\"bwg-a  bwg_lightbox\"  data-image-id=\"1742\" href=\"https:\/\/marienviertel.de\/kulturkreis\/wordpress\/wp-content\/uploads\/photo-gallery\/Jutta_Wilbertz_(20).jpg?bwg=1566841966\" data-elementor-open-lightbox=\"no\">                <div class=\"bwg-item0 \">          <div class=\"bwg-item1 \">            <div class=\"bwg-item2\">              <img decoding=\"async\" class=\"skip-lazy bwg_standart_thumb_img_0 \"                   data-id=\"1742\"                   data-width=\"300\"                   data-height=\"200\"                   data-src=\"https:\/\/marienviertel.de\/kulturkreis\/wordpress\/wp-content\/uploads\/photo-gallery\/thumb\/Jutta_Wilbertz_(20).jpg?bwg=1566841966\"                   src=\"https:\/\/marienviertel.de\/kulturkreis\/wordpress\/wp-content\/uploads\/photo-gallery\/thumb\/Jutta_Wilbertz_(20).jpg?bwg=1566841966\"                   alt=\"Jutta Wilbertz (20)\"                   title=\"Jutta Wilbertz (20)\" \/>            <\/div>            <div class=\"\">                                                      <\/div>          <\/div>        <\/div>                        <\/a>              <\/div>            <div class=\"bwg-item\">        <a class=\"bwg-a  bwg_lightbox\"  data-image-id=\"1739\" href=\"https:\/\/marienviertel.de\/kulturkreis\/wordpress\/wp-content\/uploads\/photo-gallery\/Jutta_Wilbertz_(21).jpg?bwg=1566841966\" data-elementor-open-lightbox=\"no\">                <div class=\"bwg-item0 \">          <div class=\"bwg-item1 \">            <div class=\"bwg-item2\">              <img decoding=\"async\" class=\"skip-lazy bwg_standart_thumb_img_0 \"                   data-id=\"1739\"                   data-width=\"300\"                   data-height=\"200\"                   data-src=\"https:\/\/marienviertel.de\/kulturkreis\/wordpress\/wp-content\/uploads\/photo-gallery\/thumb\/Jutta_Wilbertz_(21).jpg?bwg=1566841966\"                   src=\"https:\/\/marienviertel.de\/kulturkreis\/wordpress\/wp-content\/uploads\/photo-gallery\/thumb\/Jutta_Wilbertz_(21).jpg?bwg=1566841966\"                   alt=\"Jutta Wilbertz (21)\"                   title=\"Jutta Wilbertz (21)\" \/>            <\/div>            <div class=\"\">                                                      <\/div>          <\/div>        <\/div>                        <\/a>              <\/div>            <div class=\"bwg-item\">        <a class=\"bwg-a  bwg_lightbox\"  data-image-id=\"1741\" href=\"https:\/\/marienviertel.de\/kulturkreis\/wordpress\/wp-content\/uploads\/photo-gallery\/Jutta_Wilbertz_(22).jpg?bwg=1566841966\" data-elementor-open-lightbox=\"no\">                <div class=\"bwg-item0 \">          <div class=\"bwg-item1 \">            <div class=\"bwg-item2\">              <img decoding=\"async\" class=\"skip-lazy bwg_standart_thumb_img_0 \"                   data-id=\"1741\"                   data-width=\"300\"                   data-height=\"200\"                   data-src=\"https:\/\/marienviertel.de\/kulturkreis\/wordpress\/wp-content\/uploads\/photo-gallery\/thumb\/Jutta_Wilbertz_(22).jpg?bwg=1566841966\"                   src=\"https:\/\/marienviertel.de\/kulturkreis\/wordpress\/wp-content\/uploads\/photo-gallery\/thumb\/Jutta_Wilbertz_(22).jpg?bwg=1566841966\"                   alt=\"Jutta Wilbertz (22)\"                   title=\"Jutta Wilbertz (22)\" \/>            <\/div>            <div class=\"\">                                                      <\/div>          <\/div>        <\/div>                        <\/a>              <\/div>            <div class=\"bwg-item\">        <a class=\"bwg-a  bwg_lightbox\"  data-image-id=\"1740\" href=\"https:\/\/marienviertel.de\/kulturkreis\/wordpress\/wp-content\/uploads\/photo-gallery\/Jutta_Wilbertz_(23).jpg?bwg=1566841966\" data-elementor-open-lightbox=\"no\">                <div class=\"bwg-item0 \">          <div class=\"bwg-item1 \">            <div class=\"bwg-item2\">              <img decoding=\"async\" class=\"skip-lazy bwg_standart_thumb_img_0 \"                   data-id=\"1740\"                   data-width=\"300\"                   data-height=\"200\"                   data-src=\"https:\/\/marienviertel.de\/kulturkreis\/wordpress\/wp-content\/uploads\/photo-gallery\/thumb\/Jutta_Wilbertz_(23).jpg?bwg=1566841966\"                   src=\"https:\/\/marienviertel.de\/kulturkreis\/wordpress\/wp-content\/uploads\/photo-gallery\/thumb\/Jutta_Wilbertz_(23).jpg?bwg=1566841966\"                   alt=\"Jutta Wilbertz (23)\"                   title=\"Jutta Wilbertz (23)\" \/>            <\/div>            <div class=\"\">                                                      <\/div>          <\/div>        <\/div>                        <\/a>              <\/div>            <div class=\"bwg-item\">        <a class=\"bwg-a  bwg_lightbox\"  data-image-id=\"1737\" href=\"https:\/\/marienviertel.de\/kulturkreis\/wordpress\/wp-content\/uploads\/photo-gallery\/Jutta_Wilbertz_(24).jpg?bwg=1566841966\" data-elementor-open-lightbox=\"no\">                <div class=\"bwg-item0 \">          <div class=\"bwg-item1 \">            <div class=\"bwg-item2\">              <img decoding=\"async\" class=\"skip-lazy bwg_standart_thumb_img_0 \"                   data-id=\"1737\"                   data-width=\"300\"                   data-height=\"200\"                   data-src=\"https:\/\/marienviertel.de\/kulturkreis\/wordpress\/wp-content\/uploads\/photo-gallery\/thumb\/Jutta_Wilbertz_(24).jpg?bwg=1566841966\"                   src=\"https:\/\/marienviertel.de\/kulturkreis\/wordpress\/wp-content\/uploads\/photo-gallery\/thumb\/Jutta_Wilbertz_(24).jpg?bwg=1566841966\"                   alt=\"Jutta Wilbertz (24)\"                   title=\"Jutta Wilbertz (24)\" \/>            <\/div>            <div class=\"\">                                                      <\/div>          <\/div>        <\/div>                        <\/a>              <\/div>            <div class=\"bwg-item\">        <a class=\"bwg-a  bwg_lightbox\"  data-image-id=\"1738\" href=\"https:\/\/marienviertel.de\/kulturkreis\/wordpress\/wp-content\/uploads\/photo-gallery\/Jutta_Wilbertz_(25).jpg?bwg=1566844797\" data-elementor-open-lightbox=\"no\">                <div class=\"bwg-item0 \">          <div class=\"bwg-item1 \">            <div class=\"bwg-item2\">              <img decoding=\"async\" class=\"skip-lazy bwg_standart_thumb_img_0 \"                   data-id=\"1738\"                   data-width=\"200\"                   data-height=\"300\"                   data-src=\"https:\/\/marienviertel.de\/kulturkreis\/wordpress\/wp-content\/uploads\/photo-gallery\/thumb\/Jutta_Wilbertz_(25).jpg?bwg=1566844797\"                   src=\"https:\/\/marienviertel.de\/kulturkreis\/wordpress\/wp-content\/uploads\/photo-gallery\/thumb\/Jutta_Wilbertz_(25).jpg?bwg=1566844797\"                   alt=\"Jutta Wilbertz (25)\"                   title=\"Jutta Wilbertz (25)\" \/>            <\/div>            <div class=\"\">                                                      <\/div>          <\/div>        <\/div>                        <\/a>              <\/div>            <div class=\"bwg-item\">        <a class=\"bwg-a  bwg_lightbox\"  data-image-id=\"1736\" href=\"https:\/\/marienviertel.de\/kulturkreis\/wordpress\/wp-content\/uploads\/photo-gallery\/Jutta_Wilbertz_(26).jpg?bwg=1566846443\" data-elementor-open-lightbox=\"no\">                <div class=\"bwg-item0 \">          <div class=\"bwg-item1 \">            <div class=\"bwg-item2\">              <img decoding=\"async\" class=\"skip-lazy bwg_standart_thumb_img_0 \"                   data-id=\"1736\"                   data-width=\"200\"                   data-height=\"300\"                   data-src=\"https:\/\/marienviertel.de\/kulturkreis\/wordpress\/wp-content\/uploads\/photo-gallery\/thumb\/Jutta_Wilbertz_(26).jpg?bwg=1566846443\"                   src=\"https:\/\/marienviertel.de\/kulturkreis\/wordpress\/wp-content\/uploads\/photo-gallery\/thumb\/Jutta_Wilbertz_(26).jpg?bwg=1566846443\"                   alt=\"Jutta Wilbertz (26)\"                   title=\"Jutta Wilbertz (26)\" \/>            <\/div>            <div class=\"\">                                                      <\/div>          <\/div>        <\/div>                        <\/a>              <\/div>            <div class=\"bwg-item\">        <a class=\"bwg-a  bwg_lightbox\"  data-image-id=\"1735\" href=\"https:\/\/marienviertel.de\/kulturkreis\/wordpress\/wp-content\/uploads\/photo-gallery\/Jutta_Wilbertz_(27).jpg?bwg=1566841966\" data-elementor-open-lightbox=\"no\">                <div class=\"bwg-item0 \">          <div class=\"bwg-item1 \">            <div class=\"bwg-item2\">              <img decoding=\"async\" class=\"skip-lazy bwg_standart_thumb_img_0 \"                   data-id=\"1735\"                   data-width=\"300\"                   data-height=\"200\"                   data-src=\"https:\/\/marienviertel.de\/kulturkreis\/wordpress\/wp-content\/uploads\/photo-gallery\/thumb\/Jutta_Wilbertz_(27).jpg?bwg=1566841966\"                   src=\"https:\/\/marienviertel.de\/kulturkreis\/wordpress\/wp-content\/uploads\/photo-gallery\/thumb\/Jutta_Wilbertz_(27).jpg?bwg=1566841966\"                   alt=\"Jutta Wilbertz (27)\"                   title=\"Jutta Wilbertz (27)\" \/>            <\/div>            <div class=\"\">                                                      <\/div>          <\/div>        <\/div>                        <\/a>              <\/div>            <div class=\"bwg-item\">        <a class=\"bwg-a  bwg_lightbox\"  data-image-id=\"1734\" href=\"https:\/\/marienviertel.de\/kulturkreis\/wordpress\/wp-content\/uploads\/photo-gallery\/Jutta_Wilbertz_(28).jpg?bwg=1566841966\" data-elementor-open-lightbox=\"no\">                <div class=\"bwg-item0 \">          <div class=\"bwg-item1 \">            <div class=\"bwg-item2\">              <img decoding=\"async\" class=\"skip-lazy bwg_standart_thumb_img_0 \"                   data-id=\"1734\"                   data-width=\"300\"                   data-height=\"200\"                   data-src=\"https:\/\/marienviertel.de\/kulturkreis\/wordpress\/wp-content\/uploads\/photo-gallery\/thumb\/Jutta_Wilbertz_(28).jpg?bwg=1566841966\"                   src=\"https:\/\/marienviertel.de\/kulturkreis\/wordpress\/wp-content\/uploads\/photo-gallery\/thumb\/Jutta_Wilbertz_(28).jpg?bwg=1566841966\"                   alt=\"Jutta Wilbertz (28)\"                   title=\"Jutta Wilbertz (28)\" \/>            <\/div>            <div class=\"\">                                                      <\/div>          <\/div>        <\/div>                        <\/a>              <\/div>            <div class=\"bwg-item\">        <a class=\"bwg-a  bwg_lightbox\"  data-image-id=\"1732\" href=\"https:\/\/marienviertel.de\/kulturkreis\/wordpress\/wp-content\/uploads\/photo-gallery\/Jutta_Wilbertz_(29).jpg?bwg=1566841966\" data-elementor-open-lightbox=\"no\">                <div class=\"bwg-item0 \">          <div class=\"bwg-item1 \">            <div class=\"bwg-item2\">              <img decoding=\"async\" class=\"skip-lazy bwg_standart_thumb_img_0 \"                   data-id=\"1732\"                   data-width=\"300\"                   data-height=\"200\"                   data-src=\"https:\/\/marienviertel.de\/kulturkreis\/wordpress\/wp-content\/uploads\/photo-gallery\/thumb\/Jutta_Wilbertz_(29).jpg?bwg=1566841966\"                   src=\"https:\/\/marienviertel.de\/kulturkreis\/wordpress\/wp-content\/uploads\/photo-gallery\/thumb\/Jutta_Wilbertz_(29).jpg?bwg=1566841966\"                   alt=\"Jutta Wilbertz (29)\"                   title=\"Jutta Wilbertz (29)\" \/>            <\/div>            <div class=\"\">                                                      <\/div>          <\/div>        <\/div>                        <\/a>              <\/div>            <div class=\"bwg-item\">        <a class=\"bwg-a  bwg_lightbox\"  data-image-id=\"1759\" href=\"https:\/\/marienviertel.de\/kulturkreis\/wordpress\/wp-content\/uploads\/photo-gallery\/Jutta_Wilbertz_(3).jpg?bwg=1566841969\" data-elementor-open-lightbox=\"no\">                <div class=\"bwg-item0 \">          <div class=\"bwg-item1 \">            <div class=\"bwg-item2\">              <img decoding=\"async\" class=\"skip-lazy bwg_standart_thumb_img_0 \"                   data-id=\"1759\"                   data-width=\"300\"                   data-height=\"200\"                   data-src=\"https:\/\/marienviertel.de\/kulturkreis\/wordpress\/wp-content\/uploads\/photo-gallery\/thumb\/Jutta_Wilbertz_(3).jpg?bwg=1566841969\"                   src=\"https:\/\/marienviertel.de\/kulturkreis\/wordpress\/wp-content\/uploads\/photo-gallery\/thumb\/Jutta_Wilbertz_(3).jpg?bwg=1566841969\"                   alt=\"Jutta Wilbertz (3)\"                   title=\"Jutta Wilbertz (3)\" \/>            <\/div>            <div class=\"\">                                                      <\/div>          <\/div>        <\/div>                        <\/a>              <\/div>            <div class=\"bwg-item\">        <a class=\"bwg-a  bwg_lightbox\"  data-image-id=\"1729\" href=\"https:\/\/marienviertel.de\/kulturkreis\/wordpress\/wp-content\/uploads\/photo-gallery\/Jutta_Wilbertz_(30).jpg?bwg=1566841966\" data-elementor-open-lightbox=\"no\">                <div class=\"bwg-item0 \">          <div class=\"bwg-item1 \">            <div class=\"bwg-item2\">              <img decoding=\"async\" class=\"skip-lazy bwg_standart_thumb_img_0 \"                   data-id=\"1729\"                   data-width=\"300\"                   data-height=\"200\"                   data-src=\"https:\/\/marienviertel.de\/kulturkreis\/wordpress\/wp-content\/uploads\/photo-gallery\/thumb\/Jutta_Wilbertz_(30).jpg?bwg=1566841966\"                   src=\"https:\/\/marienviertel.de\/kulturkreis\/wordpress\/wp-content\/uploads\/photo-gallery\/thumb\/Jutta_Wilbertz_(30).jpg?bwg=1566841966\"                   alt=\"Jutta Wilbertz (30)\"                   title=\"Jutta Wilbertz (30)\" \/>            <\/div>            <div class=\"\">                                                      <\/div>          <\/div>        <\/div>                        <\/a>              <\/div>            <div class=\"bwg-item\">        <a class=\"bwg-a  bwg_lightbox\"  data-image-id=\"1730\" href=\"https:\/\/marienviertel.de\/kulturkreis\/wordpress\/wp-content\/uploads\/photo-gallery\/Jutta_Wilbertz_(31).jpg?bwg=1566844776\" data-elementor-open-lightbox=\"no\">                <div class=\"bwg-item0 \">          <div class=\"bwg-item1 \">            <div class=\"bwg-item2\">              <img decoding=\"async\" class=\"skip-lazy bwg_standart_thumb_img_0 \"                   data-id=\"1730\"                   data-width=\"200\"                   data-height=\"300\"                   data-src=\"https:\/\/marienviertel.de\/kulturkreis\/wordpress\/wp-content\/uploads\/photo-gallery\/thumb\/Jutta_Wilbertz_(31).jpg?bwg=1566844776\"                   src=\"https:\/\/marienviertel.de\/kulturkreis\/wordpress\/wp-content\/uploads\/photo-gallery\/thumb\/Jutta_Wilbertz_(31).jpg?bwg=1566844776\"                   alt=\"Jutta Wilbertz (31)\"                   title=\"Jutta Wilbertz (31)\" \/>            <\/div>            <div class=\"\">                                                      <\/div>          <\/div>        <\/div>                        <\/a>              <\/div>            <div class=\"bwg-item\">        <a class=\"bwg-a  bwg_lightbox\"  data-image-id=\"1731\" href=\"https:\/\/marienviertel.de\/kulturkreis\/wordpress\/wp-content\/uploads\/photo-gallery\/Jutta_Wilbertz_(32).jpg?bwg=1566841966\" data-elementor-open-lightbox=\"no\">                <div class=\"bwg-item0 \">          <div class=\"bwg-item1 \">            <div class=\"bwg-item2\">              <img decoding=\"async\" class=\"skip-lazy bwg_standart_thumb_img_0 \"                   data-id=\"1731\"                   data-width=\"300\"                   data-height=\"200\"                   data-src=\"https:\/\/marienviertel.de\/kulturkreis\/wordpress\/wp-content\/uploads\/photo-gallery\/thumb\/Jutta_Wilbertz_(32).jpg?bwg=1566841966\"                   src=\"https:\/\/marienviertel.de\/kulturkreis\/wordpress\/wp-content\/uploads\/photo-gallery\/thumb\/Jutta_Wilbertz_(32).jpg?bwg=1566841966\"                   alt=\"Jutta Wilbertz (32)\"                   title=\"Jutta Wilbertz (32)\" \/>            <\/div>            <div class=\"\">                                                      <\/div>          <\/div>        <\/div>                        <\/a>              <\/div>            <div class=\"bwg-item\">        <a class=\"bwg-a  bwg_lightbox\"  data-image-id=\"1733\" href=\"https:\/\/marienviertel.de\/kulturkreis\/wordpress\/wp-content\/uploads\/photo-gallery\/Jutta_Wilbertz_(33).jpg?bwg=1566841966\" data-elementor-open-lightbox=\"no\">                <div class=\"bwg-item0 \">          <div class=\"bwg-item1 \">            <div class=\"bwg-item2\">              <img decoding=\"async\" class=\"skip-lazy bwg_standart_thumb_img_0 \"                   data-id=\"1733\"                   data-width=\"300\"                   data-height=\"200\"                   data-src=\"https:\/\/marienviertel.de\/kulturkreis\/wordpress\/wp-content\/uploads\/photo-gallery\/thumb\/Jutta_Wilbertz_(33).jpg?bwg=1566841966\"                   src=\"https:\/\/marienviertel.de\/kulturkreis\/wordpress\/wp-content\/uploads\/photo-gallery\/thumb\/Jutta_Wilbertz_(33).jpg?bwg=1566841966\"                   alt=\"Jutta Wilbertz (33)\"                   title=\"Jutta Wilbertz (33)\" \/>            <\/div>            <div class=\"\">                                                      <\/div>          <\/div>        <\/div>                        <\/a>              <\/div>            <div class=\"bwg-item\">        <a class=\"bwg-a  bwg_lightbox\"  data-image-id=\"1728\" href=\"https:\/\/marienviertel.de\/kulturkreis\/wordpress\/wp-content\/uploads\/photo-gallery\/Jutta_Wilbertz_(34).jpg?bwg=1566841966\" data-elementor-open-lightbox=\"no\">                <div class=\"bwg-item0 \">          <div class=\"bwg-item1 \">            <div class=\"bwg-item2\">              <img decoding=\"async\" class=\"skip-lazy bwg_standart_thumb_img_0 \"                   data-id=\"1728\"                   data-width=\"300\"                   data-height=\"200\"                   data-src=\"https:\/\/marienviertel.de\/kulturkreis\/wordpress\/wp-content\/uploads\/photo-gallery\/thumb\/Jutta_Wilbertz_(34).jpg?bwg=1566841966\"                   src=\"https:\/\/marienviertel.de\/kulturkreis\/wordpress\/wp-content\/uploads\/photo-gallery\/thumb\/Jutta_Wilbertz_(34).jpg?bwg=1566841966\"                   alt=\"Jutta Wilbertz (34)\"                   title=\"Jutta Wilbertz (34)\" \/>            <\/div>            <div class=\"\">                                                      <\/div>          <\/div>        <\/div>                        <\/a>              <\/div>            <div class=\"bwg-item\">        <a class=\"bwg-a  bwg_lightbox\"  data-image-id=\"1727\" href=\"https:\/\/marienviertel.de\/kulturkreis\/wordpress\/wp-content\/uploads\/photo-gallery\/Jutta_Wilbertz_(35).jpg?bwg=1566841966\" data-elementor-open-lightbox=\"no\">                <div class=\"bwg-item0 \">          <div class=\"bwg-item1 \">            <div class=\"bwg-item2\">              <img decoding=\"async\" class=\"skip-lazy bwg_standart_thumb_img_0 \"                   data-id=\"1727\"                   data-width=\"300\"                   data-height=\"200\"                   data-src=\"https:\/\/marienviertel.de\/kulturkreis\/wordpress\/wp-content\/uploads\/photo-gallery\/thumb\/Jutta_Wilbertz_(35).jpg?bwg=1566841966\"                   src=\"https:\/\/marienviertel.de\/kulturkreis\/wordpress\/wp-content\/uploads\/photo-gallery\/thumb\/Jutta_Wilbertz_(35).jpg?bwg=1566841966\"                   alt=\"Jutta Wilbertz (35)\"                   title=\"Jutta Wilbertz (35)\" \/>            <\/div>            <div class=\"\">                                                      <\/div>          <\/div>        <\/div>                        <\/a>              <\/div>          <\/div>    <style>      \/*pagination styles*\/      #bwg_container1_0 #bwg_container2_0 .tablenav-pages_0 {\t\t\t\ttext-align: center;\t\t\t\tfont-size: 12px;\t\t\t\tfont-family: segoe ui;\t\t\t\tfont-weight: bold;\t\t\t\tcolor: #666666;\t\t\t\tmargin: 6px 0 4px;\t\t\t\tdisplay: block;      }      @media only screen and (max-width : 320px) {      #bwg_container1_0 #bwg_container2_0 .displaying-num_0 {     \t display: none;      }      }      #bwg_container1_0 #bwg_container2_0 .displaying-num_0 {\t\t\t\tfont-size: 12px;\t\t\t\tfont-family: segoe ui;\t\t\t\tfont-weight: bold;\t\t\t\tcolor: #666666;\t\t\t\tmargin-right: 10px;\t\t\t\tvertical-align: middle;      }      #bwg_container1_0 #bwg_container2_0 .paging-input_0 {\t\t\t\tfont-size: 12px;\t\t\t\tfont-family: segoe ui;\t\t\t\tfont-weight: bold;\t\t\t\tcolor: #666666;\t\t\t\tvertical-align: middle;      }      #bwg_container1_0 #bwg_container2_0 .tablenav-pages_0 a.disabled,      #bwg_container1_0 #bwg_container2_0 .tablenav-pages_0 a.disabled:hover,      #bwg_container1_0 #bwg_container2_0 .tablenav-pages_0 a.disabled:focus,\t\t\t#bwg_container1_0 #bwg_container2_0 .tablenav-pages_0 input.bwg_current_page {\t\t\t\tcursor: default;\t\t\t\tcolor: rgba(102, 102, 102, 0.5);      }      #bwg_container1_0 #bwg_container2_0 .tablenav-pages_0 a,      #bwg_container1_0 #bwg_container2_0 .tablenav-pages_0 input.bwg_current_page {\t\t\t\tcursor: pointer;\t\t\t\ttext-align: center;\t\t\t\tfont-size: 12px;\t\t\t\tfont-family: segoe ui;\t\t\t\tfont-weight: bold;\t\t\t\tcolor: #666666;\t\t\t\ttext-decoration: none;\t\t\t\tpadding: 3px 6px;\t\t\t\tmargin: 0;\t\t\t\tborder-radius: 0;\t\t\t\tborder-style: solid;\t\t\t\tborder-width: 1px;\t\t\t\tborder-color: #E3E3E3;\t\t\t\t\t\t\t\tbackground-color: rgba(255, 255, 255, 1.00);\t\t\t\tbox-shadow: 0;\t\t\t\ttransition: all 0.3s ease 0s;-webkit-transition: all 0.3s ease 0s;      }      <\/style>      <span class=\"bwg_nav_cont_0\">              <div class=\"tablenav-pages_0\">                      <span class=\"pagination-links_0 pagination-links\" data-pages-count=\"3\">              <span class=\"pagination-links_col1\">              <a class=\"bwg-a first-page disabled\" title=\"Gehe zur ersten Seite\" >\u00ab<\/a>              <a class=\"bwg-a prev-page disabled\" title=\"Gehe zur vorherigen Seite\" >\u2039<\/a>              <\/span>\t\t\t\t\t\t\t<span class=\"pagination-links_col2\">\t\t\t\t\t\t\t\t\t<input type=\"number\" class=\"bwg_current_page\" name=\"bwg_current_page\" value=\"1\" data-url-info=\"page_number_0\" onkeypress=\"return bwg_change_page_0(event, this)\" min=\"1\" oninput=\"validity.valid||(value='')\" \/>\t\t\t\t\t\t\t\t\t\tvon\t\t\t\t\t\t\t\t\t\t<span class=\"total-pages_0\">\t\t\t\t\t\t\t\t\t\t\t3\t\t\t\t\t\t\t\t\t\t<\/span>\t\t\t\t\t\t\t<\/span>              <span class=\"pagination-links_col3\">                <a class=\"bwg-a next-page-0\" title=\"Gehe zur n\u00e4chsten Seite\" href=\"\/kulturkreis\/wp-json\/wp\/v2\/posts\/1426?page_number_0=2\">\u203a<\/a>                <a class=\"bwg-a last-page-0\" title=\"Gehe zur letzten Seite\" href=\"\/kulturkreis\/wp-json\/wp\/v2\/posts\/1426?page_number_0=3\">\u00bb<\/a>              <\/span>\t\t\t\t\t\t<\/span>\t\t\t\t\t\t        <\/div>                <input type=\"hidden\" id=\"page_number_0\" name=\"page_number_0\" value=\"1\" \/>      <script type=\"text\/javascript\">        if( jQuery('.bwg_nav_cont_0').length > 1 ) {          jQuery('.bwg_nav_cont_0').first().remove()        }        function spider_page_0(cur, x, y, load_more) {          if (typeof load_more == \"undefined\") {            var load_more = false;          }          if (jQuery(cur).hasClass('disabled')) {            return false;          }          var items_county_0 = 3;          switch (y) {            case 1:              if (x >= items_county_0) {                document.getElementById('page_number_0').value = items_county_0;              }              else {                document.getElementById('page_number_0').value = x + 1;              }              break;            case 2:              document.getElementById('page_number_0').value = items_county_0;              break;            case -1:              if (x == 1) {                document.getElementById('page_number_0').value = 1;              }              else {                document.getElementById('page_number_0').value = x - 1;              }              break;            case -2:              document.getElementById('page_number_0').value = 1;              break;\t\t\t\t\t\tcase 0:              document.getElementById('page_number_0').value = x;              break;            default:              document.getElementById('page_number_0').value = 1;          }          bwg_ajax('gal_front_form_0', '0', 'bwg_thumbnails_0', '0', '', 'gallery', 0, '', '', load_more, '', 1);        }                    jQuery('.first-page disabled').on('click', function () {              spider_page_0(this, 1, -2, 'numeric');              return false;            });            jQuery('.prev-page disabled').on('click', function () {              spider_page_0(this, 1, -1, 'numeric');              return false;            });            jQuery('.next-page-0').on('click', function () {              spider_page_0(this, 1, 1, 'numeric');              return false;            });            jQuery('.last-page-0').on('click', function () {              spider_page_0(this, 1, 2, 'numeric');              return false;            });        \t\t\t\t\/* Change page on input enter. *\/        function bwg_change_page_0( e, that ) {          if (  e.key == 'Enter' ) {            var to_page = parseInt(jQuery(that).val());            var pages_count = jQuery(that).parents(\".pagination-links\").data(\"pages-count\");            var current_url_param = jQuery(that).attr('data-url-info');            if (to_page > pages_count) {              to_page = 1;            }\t \t\t\t\t\t\t\t\t\t\t\t\tspider_page_0(this, to_page, 0, 'numeric');\t\t\t\t\t\t\treturn false;\t\t\t\t\t\t          }          return true;        }        jQuery('.bwg_load_btn_0').on('click', function () {            spider_page_0(this, 1, 1, true);            return false;        });      <\/script>      <\/span>                <\/div>        <\/form>        <style>          #bwg_container1_0 #bwg_container2_0 #spider_popup_overlay_0 {          background-color: #000000;          opacity: 0.70;          }          <\/style>        <div id=\"bwg_spider_popup_loading_0\" class=\"bwg_spider_popup_loading\"><\/div>        <div id=\"spider_popup_overlay_0\" class=\"spider_popup_overlay\" onclick=\"spider_destroypopup(1000)\"><\/div>        <input type=\"hidden\" id=\"bwg_random_seed_0\" value=\"844189807\">                <\/div>    <\/div>    <script>      if (document.readyState === 'complete') {        if( typeof bwg_main_ready == 'function' ) {          if ( jQuery(\"#bwg_container1_0\").height() ) {            bwg_main_ready(jQuery(\"#bwg_container1_0\"));          }        }      } else {        document.addEventListener('DOMContentLoaded', function() {          if( typeof bwg_main_ready == 'function' ) {            if ( jQuery(\"#bwg_container1_0\").height() ) {             bwg_main_ready(jQuery(\"#bwg_container1_0\"));            }          }        });      }    <\/script>    \n","protected":false},"excerpt":{"rendered":"<p>Ein kleiner Schubs \u2013 upps \u2013 tot. So schnell kann\u00b4s passieren in Jutta Wilbertz&#8216; M\u00f6rder-Songs und Kurzkrimis. Die aus Dorsten stammende, in K\u00f6ln lebende Krimi-Autorin, S\u00e4ngerin\u00a0 und Musik-Kabarettistin konnte im Pfarrgarten der Hervester Marienkirche bei ihrem Heimspiel neben ihren Eltern und Geschwistern gut 60 Besucher vorz\u00fcglich unterhalten, die bei hochsommerlichen Temperaturen den Weg ins Marienviertel &hellip; <a href=\"https:\/\/marienviertel.de\/kulturkreis\/mordsspass-im-pfarrgarten\/\" class=\"more-link\"><span class=\"screen-reader-text\">Mordsspa\u00df im Pfarrgarten<\/span> weiterlesen <span class=\"meta-nav\">&rarr;<\/span><\/a><\/p>\n","protected":false},"author":2,"featured_media":1465,"comment_status":"open","ping_status":"open","sticky":false,"template":"","format":"standard","meta":{"jetpack_post_was_ever_published":false,"_jetpack_newsletter_access":"","_jetpack_dont_email_post_to_subs":false,"_jetpack_newsletter_tier_id":0,"_jetpack_memberships_contains_paywalled_content":false,"_jetpack_memberships_contains_paid_content":false,"footnotes":"","jetpack_publicize_message":"","jetpack_publicize_feature_enabled":true,"jetpack_social_post_already_shared":true,"jetpack_social_options":{"image_generator_settings":{"template":"highway","default_image_id":0,"font":"","enabled":false},"version":2}},"categories":[4],"tags":[125,134,135],"class_list":["post-1426","post","type-post","status-publish","format-standard","has-post-thumbnail","hentry","category-rueckblicke","tag-jutta-wilbertz","tag-jutta_wilbertz","tag-wilbertz"],"yoast_head":"<!-- This site is optimized with the Yoast SEO plugin v26.7 - https:\/\/yoast.com\/wordpress\/plugins\/seo\/ -->\n<title>Mordsspa\u00df im Pfarrgarten - HOME | Kulturkreis St. Marien<\/title>\n<meta name=\"robots\" content=\"index, follow, max-snippet:-1, max-image-preview:large, max-video-preview:-1\" \/>\n<link rel=\"canonical\" href=\"https:\/\/marienviertel.de\/kulturkreis\/mordsspass-im-pfarrgarten\/\" \/>\n<meta property=\"og:locale\" content=\"de_DE\" \/>\n<meta property=\"og:type\" content=\"article\" \/>\n<meta property=\"og:title\" content=\"Mordsspa\u00df im Pfarrgarten - HOME | Kulturkreis St. Marien\" \/>\n<meta property=\"og:description\" content=\"Ein kleiner Schubs \u2013 upps \u2013 tot. So schnell kann\u00b4s passieren in Jutta Wilbertz&#8216; M\u00f6rder-Songs und Kurzkrimis. Die aus Dorsten stammende, in K\u00f6ln lebende Krimi-Autorin, S\u00e4ngerin\u00a0 und Musik-Kabarettistin konnte im Pfarrgarten der Hervester Marienkirche bei ihrem Heimspiel neben ihren Eltern und Geschwistern gut 60 Besucher vorz\u00fcglich unterhalten, die bei hochsommerlichen Temperaturen den Weg ins Marienviertel &hellip; Mordsspa\u00df im Pfarrgarten weiterlesen &rarr;\" \/>\n<meta property=\"og:url\" content=\"https:\/\/marienviertel.de\/kulturkreis\/mordsspass-im-pfarrgarten\/\" \/>\n<meta property=\"og:site_name\" content=\"HOME | Kulturkreis St. Marien\" \/>\n<meta property=\"article:publisher\" content=\"https:\/\/www.facebook.com\/Marienviertel\/\" \/>\n<meta property=\"article:published_time\" content=\"2019-08-25T21:48:44+00:00\" \/>\n<meta property=\"article:modified_time\" content=\"2019-10-09T22:51:33+00:00\" \/>\n<meta property=\"og:image\" content=\"https:\/\/marienviertel.de\/kulturkreis\/wordpress\/wp-content\/uploads\/2019\/08\/Jutta-Wilbertz-14-2-1.jpg\" \/>\n\t<meta property=\"og:image:width\" content=\"3744\" \/>\n\t<meta property=\"og:image:height\" content=\"2171\" \/>\n\t<meta property=\"og:image:type\" content=\"image\/jpeg\" \/>\n<meta name=\"author\" content=\"jotw\" \/>\n<meta name=\"twitter:card\" content=\"summary_large_image\" \/>\n<meta name=\"twitter:label1\" content=\"Verfasst von\" \/>\n\t<meta name=\"twitter:data1\" content=\"jotw\" \/>\n\t<meta name=\"twitter:label2\" content=\"Gesch\u00e4tzte Lesezeit\" \/>\n\t<meta name=\"twitter:data2\" content=\"2\u00a0Minuten\" \/>\n<script type=\"application\/ld+json\" class=\"yoast-schema-graph\">{\"@context\":\"https:\/\/schema.org\",\"@graph\":[{\"@type\":\"Article\",\"@id\":\"https:\/\/marienviertel.de\/kulturkreis\/mordsspass-im-pfarrgarten\/#article\",\"isPartOf\":{\"@id\":\"https:\/\/marienviertel.de\/kulturkreis\/mordsspass-im-pfarrgarten\/\"},\"author\":{\"name\":\"jotw\",\"@id\":\"https:\/\/marienviertel.de\/kulturkreis\/#\/schema\/person\/5991f3ef2f6094b6ce15389027b8d7be\"},\"headline\":\"Mordsspa\u00df im Pfarrgarten\",\"datePublished\":\"2019-08-25T21:48:44+00:00\",\"dateModified\":\"2019-10-09T22:51:33+00:00\",\"mainEntityOfPage\":{\"@id\":\"https:\/\/marienviertel.de\/kulturkreis\/mordsspass-im-pfarrgarten\/\"},\"wordCount\":408,\"commentCount\":0,\"publisher\":{\"@id\":\"https:\/\/marienviertel.de\/kulturkreis\/#organization\"},\"image\":{\"@id\":\"https:\/\/marienviertel.de\/kulturkreis\/mordsspass-im-pfarrgarten\/#primaryimage\"},\"thumbnailUrl\":\"https:\/\/marienviertel.de\/kulturkreis\/wordpress\/wp-content\/uploads\/2019\/08\/Jutta-Wilbertz-14-2-1.jpg\",\"keywords\":[\"Jutta Wilbertz\",\"Jutta Wilbertz\",\"Wilbertz\"],\"articleSection\":[\"R\u00fcckblicke\"],\"inLanguage\":\"de\",\"potentialAction\":[{\"@type\":\"CommentAction\",\"name\":\"Comment\",\"target\":[\"https:\/\/marienviertel.de\/kulturkreis\/mordsspass-im-pfarrgarten\/#respond\"]}]},{\"@type\":\"WebPage\",\"@id\":\"https:\/\/marienviertel.de\/kulturkreis\/mordsspass-im-pfarrgarten\/\",\"url\":\"https:\/\/marienviertel.de\/kulturkreis\/mordsspass-im-pfarrgarten\/\",\"name\":\"Mordsspa\u00df im Pfarrgarten - HOME | Kulturkreis St. Marien\",\"isPartOf\":{\"@id\":\"https:\/\/marienviertel.de\/kulturkreis\/#website\"},\"primaryImageOfPage\":{\"@id\":\"https:\/\/marienviertel.de\/kulturkreis\/mordsspass-im-pfarrgarten\/#primaryimage\"},\"image\":{\"@id\":\"https:\/\/marienviertel.de\/kulturkreis\/mordsspass-im-pfarrgarten\/#primaryimage\"},\"thumbnailUrl\":\"https:\/\/marienviertel.de\/kulturkreis\/wordpress\/wp-content\/uploads\/2019\/08\/Jutta-Wilbertz-14-2-1.jpg\",\"datePublished\":\"2019-08-25T21:48:44+00:00\",\"dateModified\":\"2019-10-09T22:51:33+00:00\",\"breadcrumb\":{\"@id\":\"https:\/\/marienviertel.de\/kulturkreis\/mordsspass-im-pfarrgarten\/#breadcrumb\"},\"inLanguage\":\"de\",\"potentialAction\":[{\"@type\":\"ReadAction\",\"target\":[\"https:\/\/marienviertel.de\/kulturkreis\/mordsspass-im-pfarrgarten\/\"]}]},{\"@type\":\"ImageObject\",\"inLanguage\":\"de\",\"@id\":\"https:\/\/marienviertel.de\/kulturkreis\/mordsspass-im-pfarrgarten\/#primaryimage\",\"url\":\"https:\/\/marienviertel.de\/kulturkreis\/wordpress\/wp-content\/uploads\/2019\/08\/Jutta-Wilbertz-14-2-1.jpg\",\"contentUrl\":\"https:\/\/marienviertel.de\/kulturkreis\/wordpress\/wp-content\/uploads\/2019\/08\/Jutta-Wilbertz-14-2-1.jpg\",\"width\":3744,\"height\":2171},{\"@type\":\"BreadcrumbList\",\"@id\":\"https:\/\/marienviertel.de\/kulturkreis\/mordsspass-im-pfarrgarten\/#breadcrumb\",\"itemListElement\":[{\"@type\":\"ListItem\",\"position\":1,\"name\":\"Startseite\",\"item\":\"https:\/\/marienviertel.de\/kulturkreis\/\"},{\"@type\":\"ListItem\",\"position\":2,\"name\":\"Mordsspa\u00df im Pfarrgarten\"}]},{\"@type\":\"WebSite\",\"@id\":\"https:\/\/marienviertel.de\/kulturkreis\/#website\",\"url\":\"https:\/\/marienviertel.de\/kulturkreis\/\",\"name\":\"HOME | Kulturkreis St. Marien\",\"description\":\"Herzlich willkommen!\",\"publisher\":{\"@id\":\"https:\/\/marienviertel.de\/kulturkreis\/#organization\"},\"potentialAction\":[{\"@type\":\"SearchAction\",\"target\":{\"@type\":\"EntryPoint\",\"urlTemplate\":\"https:\/\/marienviertel.de\/kulturkreis\/?s={search_term_string}\"},\"query-input\":{\"@type\":\"PropertyValueSpecification\",\"valueRequired\":true,\"valueName\":\"search_term_string\"}}],\"inLanguage\":\"de\"},{\"@type\":\"Organization\",\"@id\":\"https:\/\/marienviertel.de\/kulturkreis\/#organization\",\"name\":\"Kulturkreis St. Marien\",\"url\":\"https:\/\/marienviertel.de\/kulturkreis\/\",\"logo\":{\"@type\":\"ImageObject\",\"inLanguage\":\"de\",\"@id\":\"https:\/\/marienviertel.de\/kulturkreis\/#\/schema\/logo\/image\/\",\"url\":\"https:\/\/marienviertel.de\/kulturkreis\/wordpress\/wp-content\/uploads\/2015\/06\/Facebook-Logo-KK-2014.jpg\",\"contentUrl\":\"https:\/\/marienviertel.de\/kulturkreis\/wordpress\/wp-content\/uploads\/2015\/06\/Facebook-Logo-KK-2014.jpg\",\"width\":1045,\"height\":540,\"caption\":\"Kulturkreis St. Marien\"},\"image\":{\"@id\":\"https:\/\/marienviertel.de\/kulturkreis\/#\/schema\/logo\/image\/\"},\"sameAs\":[\"https:\/\/www.facebook.com\/Marienviertel\/\"]},{\"@type\":\"Person\",\"@id\":\"https:\/\/marienviertel.de\/kulturkreis\/#\/schema\/person\/5991f3ef2f6094b6ce15389027b8d7be\",\"name\":\"jotw\",\"image\":{\"@type\":\"ImageObject\",\"inLanguage\":\"de\",\"@id\":\"https:\/\/marienviertel.de\/kulturkreis\/#\/schema\/person\/image\/\",\"url\":\"https:\/\/secure.gravatar.com\/avatar\/f996f1ca35d6d13af46e8af8dc21f10fcdf6f690745c899b68b257dfffe92cd9?s=96&d=mm&r=g\",\"contentUrl\":\"https:\/\/secure.gravatar.com\/avatar\/f996f1ca35d6d13af46e8af8dc21f10fcdf6f690745c899b68b257dfffe92cd9?s=96&d=mm&r=g\",\"caption\":\"jotw\"},\"url\":\"https:\/\/marienviertel.de\/kulturkreis\/author\/admin\/\"}]}<\/script>\n<!-- \/ Yoast SEO plugin. -->","yoast_head_json":{"title":"Mordsspa\u00df im Pfarrgarten - HOME | Kulturkreis St. Marien","robots":{"index":"index","follow":"follow","max-snippet":"max-snippet:-1","max-image-preview":"max-image-preview:large","max-video-preview":"max-video-preview:-1"},"canonical":"https:\/\/marienviertel.de\/kulturkreis\/mordsspass-im-pfarrgarten\/","og_locale":"de_DE","og_type":"article","og_title":"Mordsspa\u00df im Pfarrgarten - HOME | Kulturkreis St. Marien","og_description":"Ein kleiner Schubs \u2013 upps \u2013 tot. So schnell kann\u00b4s passieren in Jutta Wilbertz&#8216; M\u00f6rder-Songs und Kurzkrimis. Die aus Dorsten stammende, in K\u00f6ln lebende Krimi-Autorin, S\u00e4ngerin\u00a0 und Musik-Kabarettistin konnte im Pfarrgarten der Hervester Marienkirche bei ihrem Heimspiel neben ihren Eltern und Geschwistern gut 60 Besucher vorz\u00fcglich unterhalten, die bei hochsommerlichen Temperaturen den Weg ins Marienviertel &hellip; Mordsspa\u00df im Pfarrgarten weiterlesen &rarr;","og_url":"https:\/\/marienviertel.de\/kulturkreis\/mordsspass-im-pfarrgarten\/","og_site_name":"HOME | Kulturkreis St. Marien","article_publisher":"https:\/\/www.facebook.com\/Marienviertel\/","article_published_time":"2019-08-25T21:48:44+00:00","article_modified_time":"2019-10-09T22:51:33+00:00","og_image":[{"width":3744,"height":2171,"url":"https:\/\/marienviertel.de\/kulturkreis\/wordpress\/wp-content\/uploads\/2019\/08\/Jutta-Wilbertz-14-2-1.jpg","type":"image\/jpeg"}],"author":"jotw","twitter_card":"summary_large_image","twitter_misc":{"Verfasst von":"jotw","Gesch\u00e4tzte Lesezeit":"2\u00a0Minuten"},"schema":{"@context":"https:\/\/schema.org","@graph":[{"@type":"Article","@id":"https:\/\/marienviertel.de\/kulturkreis\/mordsspass-im-pfarrgarten\/#article","isPartOf":{"@id":"https:\/\/marienviertel.de\/kulturkreis\/mordsspass-im-pfarrgarten\/"},"author":{"name":"jotw","@id":"https:\/\/marienviertel.de\/kulturkreis\/#\/schema\/person\/5991f3ef2f6094b6ce15389027b8d7be"},"headline":"Mordsspa\u00df im Pfarrgarten","datePublished":"2019-08-25T21:48:44+00:00","dateModified":"2019-10-09T22:51:33+00:00","mainEntityOfPage":{"@id":"https:\/\/marienviertel.de\/kulturkreis\/mordsspass-im-pfarrgarten\/"},"wordCount":408,"commentCount":0,"publisher":{"@id":"https:\/\/marienviertel.de\/kulturkreis\/#organization"},"image":{"@id":"https:\/\/marienviertel.de\/kulturkreis\/mordsspass-im-pfarrgarten\/#primaryimage"},"thumbnailUrl":"https:\/\/marienviertel.de\/kulturkreis\/wordpress\/wp-content\/uploads\/2019\/08\/Jutta-Wilbertz-14-2-1.jpg","keywords":["Jutta Wilbertz","Jutta Wilbertz","Wilbertz"],"articleSection":["R\u00fcckblicke"],"inLanguage":"de","potentialAction":[{"@type":"CommentAction","name":"Comment","target":["https:\/\/marienviertel.de\/kulturkreis\/mordsspass-im-pfarrgarten\/#respond"]}]},{"@type":"WebPage","@id":"https:\/\/marienviertel.de\/kulturkreis\/mordsspass-im-pfarrgarten\/","url":"https:\/\/marienviertel.de\/kulturkreis\/mordsspass-im-pfarrgarten\/","name":"Mordsspa\u00df im Pfarrgarten - HOME | Kulturkreis St. Marien","isPartOf":{"@id":"https:\/\/marienviertel.de\/kulturkreis\/#website"},"primaryImageOfPage":{"@id":"https:\/\/marienviertel.de\/kulturkreis\/mordsspass-im-pfarrgarten\/#primaryimage"},"image":{"@id":"https:\/\/marienviertel.de\/kulturkreis\/mordsspass-im-pfarrgarten\/#primaryimage"},"thumbnailUrl":"https:\/\/marienviertel.de\/kulturkreis\/wordpress\/wp-content\/uploads\/2019\/08\/Jutta-Wilbertz-14-2-1.jpg","datePublished":"2019-08-25T21:48:44+00:00","dateModified":"2019-10-09T22:51:33+00:00","breadcrumb":{"@id":"https:\/\/marienviertel.de\/kulturkreis\/mordsspass-im-pfarrgarten\/#breadcrumb"},"inLanguage":"de","potentialAction":[{"@type":"ReadAction","target":["https:\/\/marienviertel.de\/kulturkreis\/mordsspass-im-pfarrgarten\/"]}]},{"@type":"ImageObject","inLanguage":"de","@id":"https:\/\/marienviertel.de\/kulturkreis\/mordsspass-im-pfarrgarten\/#primaryimage","url":"https:\/\/marienviertel.de\/kulturkreis\/wordpress\/wp-content\/uploads\/2019\/08\/Jutta-Wilbertz-14-2-1.jpg","contentUrl":"https:\/\/marienviertel.de\/kulturkreis\/wordpress\/wp-content\/uploads\/2019\/08\/Jutta-Wilbertz-14-2-1.jpg","width":3744,"height":2171},{"@type":"BreadcrumbList","@id":"https:\/\/marienviertel.de\/kulturkreis\/mordsspass-im-pfarrgarten\/#breadcrumb","itemListElement":[{"@type":"ListItem","position":1,"name":"Startseite","item":"https:\/\/marienviertel.de\/kulturkreis\/"},{"@type":"ListItem","position":2,"name":"Mordsspa\u00df im Pfarrgarten"}]},{"@type":"WebSite","@id":"https:\/\/marienviertel.de\/kulturkreis\/#website","url":"https:\/\/marienviertel.de\/kulturkreis\/","name":"HOME | Kulturkreis St. Marien","description":"Herzlich willkommen!","publisher":{"@id":"https:\/\/marienviertel.de\/kulturkreis\/#organization"},"potentialAction":[{"@type":"SearchAction","target":{"@type":"EntryPoint","urlTemplate":"https:\/\/marienviertel.de\/kulturkreis\/?s={search_term_string}"},"query-input":{"@type":"PropertyValueSpecification","valueRequired":true,"valueName":"search_term_string"}}],"inLanguage":"de"},{"@type":"Organization","@id":"https:\/\/marienviertel.de\/kulturkreis\/#organization","name":"Kulturkreis St. Marien","url":"https:\/\/marienviertel.de\/kulturkreis\/","logo":{"@type":"ImageObject","inLanguage":"de","@id":"https:\/\/marienviertel.de\/kulturkreis\/#\/schema\/logo\/image\/","url":"https:\/\/marienviertel.de\/kulturkreis\/wordpress\/wp-content\/uploads\/2015\/06\/Facebook-Logo-KK-2014.jpg","contentUrl":"https:\/\/marienviertel.de\/kulturkreis\/wordpress\/wp-content\/uploads\/2015\/06\/Facebook-Logo-KK-2014.jpg","width":1045,"height":540,"caption":"Kulturkreis St. Marien"},"image":{"@id":"https:\/\/marienviertel.de\/kulturkreis\/#\/schema\/logo\/image\/"},"sameAs":["https:\/\/www.facebook.com\/Marienviertel\/"]},{"@type":"Person","@id":"https:\/\/marienviertel.de\/kulturkreis\/#\/schema\/person\/5991f3ef2f6094b6ce15389027b8d7be","name":"jotw","image":{"@type":"ImageObject","inLanguage":"de","@id":"https:\/\/marienviertel.de\/kulturkreis\/#\/schema\/person\/image\/","url":"https:\/\/secure.gravatar.com\/avatar\/f996f1ca35d6d13af46e8af8dc21f10fcdf6f690745c899b68b257dfffe92cd9?s=96&d=mm&r=g","contentUrl":"https:\/\/secure.gravatar.com\/avatar\/f996f1ca35d6d13af46e8af8dc21f10fcdf6f690745c899b68b257dfffe92cd9?s=96&d=mm&r=g","caption":"jotw"},"url":"https:\/\/marienviertel.de\/kulturkreis\/author\/admin\/"}]}},"jetpack_publicize_connections":[],"cc_featured_image_caption":{"caption_text":"Titelfoto: \u00a9 Peter Koerber 8\/2019","source_text":"","source_url":""},"jetpack_featured_media_url":"https:\/\/marienviertel.de\/kulturkreis\/wordpress\/wp-content\/uploads\/2019\/08\/Jutta-Wilbertz-14-2-1.jpg","jetpack_sharing_enabled":true,"jetpack_shortlink":"https:\/\/wp.me\/p7zbXy-n0","_links":{"self":[{"href":"https:\/\/marienviertel.de\/kulturkreis\/wp-json\/wp\/v2\/posts\/1426","targetHints":{"allow":["GET"]}}],"collection":[{"href":"https:\/\/marienviertel.de\/kulturkreis\/wp-json\/wp\/v2\/posts"}],"about":[{"href":"https:\/\/marienviertel.de\/kulturkreis\/wp-json\/wp\/v2\/types\/post"}],"author":[{"embeddable":true,"href":"https:\/\/marienviertel.de\/kulturkreis\/wp-json\/wp\/v2\/users\/2"}],"replies":[{"embeddable":true,"href":"https:\/\/marienviertel.de\/kulturkreis\/wp-json\/wp\/v2\/comments?post=1426"}],"version-history":[{"count":13,"href":"https:\/\/marienviertel.de\/kulturkreis\/wp-json\/wp\/v2\/posts\/1426\/revisions"}],"predecessor-version":[{"id":1533,"href":"https:\/\/marienviertel.de\/kulturkreis\/wp-json\/wp\/v2\/posts\/1426\/revisions\/1533"}],"wp:featuredmedia":[{"embeddable":true,"href":"https:\/\/marienviertel.de\/kulturkreis\/wp-json\/wp\/v2\/media\/1465"}],"wp:attachment":[{"href":"https:\/\/marienviertel.de\/kulturkreis\/wp-json\/wp\/v2\/media?parent=1426"}],"wp:term":[{"taxonomy":"category","embeddable":true,"href":"https:\/\/marienviertel.de\/kulturkreis\/wp-json\/wp\/v2\/categories?post=1426"},{"taxonomy":"post_tag","embeddable":true,"href":"https:\/\/marienviertel.de\/kulturkreis\/wp-json\/wp\/v2\/tags?post=1426"}],"curies":[{"name":"wp","href":"https:\/\/api.w.org\/{rel}","templated":true}]}}