{"id":1332,"date":"2019-06-16T14:40:42","date_gmt":"2019-06-16T12:40:42","guid":{"rendered":"https:\/\/marienviertel.de\/kulturkreis\/?p=1332"},"modified":"2019-09-19T13:02:25","modified_gmt":"2019-09-19T11:02:25","slug":"cantella-in-der-marienkirche-es-war-ein-genuss","status":"publish","type":"post","link":"https:\/\/marienviertel.de\/kulturkreis\/cantella-in-der-marienkirche-es-war-ein-genuss\/","title":{"rendered":"Cant&#8217;Ella in der Marienkirche: <br>es war ein Genuss!"},"content":{"rendered":"<p>Ihren Beitrag zum Dorstener Chorfestival leisteten die Damen des Kulturkreises St. Marien mit der Einladung an den Frauenchor Cant&#8217;Ella, Bestplatzierte in vielen Chorwettbewerben.<\/p>\n<p><a href=\"https:\/\/marienviertel.de\/kulturkreis\/wordpress\/wp-content\/uploads\/2019\/06\/2019-06-15-18h26-m04.jpg\" target=\"_blank\" rel=\"noopener noreferrer\"><img loading=\"lazy\" decoding=\"async\" class=\"alignnone wp-image-1334 size-medium\" src=\"https:\/\/marienviertel.de\/kulturkreis\/wordpress\/wp-content\/uploads\/2019\/06\/2019-06-15-18h26-m04-300x200.jpg\" alt=\"\" width=\"300\" height=\"200\" srcset=\"https:\/\/marienviertel.de\/kulturkreis\/wordpress\/wp-content\/uploads\/2019\/06\/2019-06-15-18h26-m04-300x200.jpg 300w, https:\/\/marienviertel.de\/kulturkreis\/wordpress\/wp-content\/uploads\/2019\/06\/2019-06-15-18h26-m04-768x512.jpg 768w, https:\/\/marienviertel.de\/kulturkreis\/wordpress\/wp-content\/uploads\/2019\/06\/2019-06-15-18h26-m04-1024x683.jpg 1024w\" sizes=\"auto, (max-width: 300px) 100vw, 300px\" \/><\/a> \u00a0<a href=\"https:\/\/marienviertel.de\/kulturkreis\/wordpress\/wp-content\/uploads\/2019\/06\/2019-06-15-18h26-m27.jpg\" target=\"_blank\" rel=\"noopener noreferrer\"><img loading=\"lazy\" decoding=\"async\" class=\"alignnone wp-image-1335 size-medium\" src=\"https:\/\/marienviertel.de\/kulturkreis\/wordpress\/wp-content\/uploads\/2019\/06\/2019-06-15-18h26-m27-300x200.jpg\" alt=\"\" width=\"300\" height=\"200\" srcset=\"https:\/\/marienviertel.de\/kulturkreis\/wordpress\/wp-content\/uploads\/2019\/06\/2019-06-15-18h26-m27-300x200.jpg 300w, https:\/\/marienviertel.de\/kulturkreis\/wordpress\/wp-content\/uploads\/2019\/06\/2019-06-15-18h26-m27-768x512.jpg 768w, https:\/\/marienviertel.de\/kulturkreis\/wordpress\/wp-content\/uploads\/2019\/06\/2019-06-15-18h26-m27-1024x683.jpg 1024w\" sizes=\"auto, (max-width: 300px) 100vw, 300px\" \/>\u00a0<\/a><\/p>\n<p><a href=\"https:\/\/marienviertel.de\/kulturkreis\/wordpress\/wp-content\/uploads\/2019\/06\/2019-06-15-18h26-m57.jpg\" target=\"_blank\" rel=\"noopener noreferrer\"><img loading=\"lazy\" decoding=\"async\" class=\"alignnone wp-image-1336 size-medium\" src=\"https:\/\/marienviertel.de\/kulturkreis\/wordpress\/wp-content\/uploads\/2019\/06\/2019-06-15-18h26-m57-300x200.jpg\" alt=\"\" width=\"300\" height=\"200\" srcset=\"https:\/\/marienviertel.de\/kulturkreis\/wordpress\/wp-content\/uploads\/2019\/06\/2019-06-15-18h26-m57-300x200.jpg 300w, https:\/\/marienviertel.de\/kulturkreis\/wordpress\/wp-content\/uploads\/2019\/06\/2019-06-15-18h26-m57-768x512.jpg 768w, https:\/\/marienviertel.de\/kulturkreis\/wordpress\/wp-content\/uploads\/2019\/06\/2019-06-15-18h26-m57-1024x683.jpg 1024w\" sizes=\"auto, (max-width: 300px) 100vw, 300px\" \/><\/a> \u00a0<a href=\"https:\/\/marienviertel.de\/kulturkreis\/wordpress\/wp-content\/uploads\/2019\/06\/2019-06-15-18h39-m38.jpg\" target=\"_blank\" rel=\"noopener noreferrer\"><img loading=\"lazy\" decoding=\"async\" class=\"alignnone wp-image-1337 size-medium\" src=\"https:\/\/marienviertel.de\/kulturkreis\/wordpress\/wp-content\/uploads\/2019\/06\/2019-06-15-18h39-m38-300x200.jpg\" alt=\"\" width=\"300\" height=\"200\" srcset=\"https:\/\/marienviertel.de\/kulturkreis\/wordpress\/wp-content\/uploads\/2019\/06\/2019-06-15-18h39-m38-300x200.jpg 300w, https:\/\/marienviertel.de\/kulturkreis\/wordpress\/wp-content\/uploads\/2019\/06\/2019-06-15-18h39-m38-768x512.jpg 768w, https:\/\/marienviertel.de\/kulturkreis\/wordpress\/wp-content\/uploads\/2019\/06\/2019-06-15-18h39-m38-1024x683.jpg 1024w\" sizes=\"auto, (max-width: 300px) 100vw, 300px\" \/>\u00a0<\/a><\/p>\n<p>Und dem guten Ruf, der dieser sangesfreudigen Truppe vorauseilte, wurden die Frauen gerecht: Es war ein Erlebnis, Cant&#8217;Ella zuzuh\u00f6ren, ganz gleich, ob bei &#8218;Volksliedern&#8216; wie &#8218;Dat du min Leevsten b\u00fcst&#8216; oder bei mehrstimmigen Chorwerken von Paul Stanhope oder Steinar Eielsen (da unterst\u00fctzt durch den einzigen Mann, Carlo Brunn, an den R\u00f6hrenglocken). Das begeisterte Publikum erklatschte sich nat\u00fcrlich eine sch\u00f6ne Zugabe und verabschiedete die sympathischen S\u00e4ngerinnen mit stehenden Ovationen!<\/p>\n<p><a href=\"https:\/\/marienviertel.de\/kulturkreis\/wordpress\/wp-content\/uploads\/2019\/06\/2019-06-15-19h27-m17-e1560688989115.jpg\" target=\"_blank\" rel=\"noopener noreferrer\"><img loading=\"lazy\" decoding=\"async\" class=\"alignnone wp-image-1340 size-medium\" src=\"https:\/\/marienviertel.de\/kulturkreis\/wordpress\/wp-content\/uploads\/2019\/06\/2019-06-15-19h27-m17-e1560688989115-200x300.jpg\" alt=\"\" width=\"200\" height=\"300\" srcset=\"https:\/\/marienviertel.de\/kulturkreis\/wordpress\/wp-content\/uploads\/2019\/06\/2019-06-15-19h27-m17-e1560688989115-200x300.jpg 200w, https:\/\/marienviertel.de\/kulturkreis\/wordpress\/wp-content\/uploads\/2019\/06\/2019-06-15-19h27-m17-e1560688989115-768x1152.jpg 768w, https:\/\/marienviertel.de\/kulturkreis\/wordpress\/wp-content\/uploads\/2019\/06\/2019-06-15-19h27-m17-e1560688989115-683x1024.jpg 683w\" sizes=\"auto, (max-width: 200px) 100vw, 200px\" \/><\/a> <a href=\"https:\/\/marienviertel.de\/kulturkreis\/wordpress\/wp-content\/uploads\/2019\/06\/2019-06-15-19h50-m25-1.jpg\" target=\"_blank\" rel=\"noopener noreferrer\"><img loading=\"lazy\" decoding=\"async\" class=\"alignnone wp-image-1349\" src=\"https:\/\/marienviertel.de\/kulturkreis\/wordpress\/wp-content\/uploads\/2019\/06\/2019-06-15-19h50-m25-1.jpg\" alt=\"\" width=\"223\" height=\"300\" srcset=\"https:\/\/marienviertel.de\/kulturkreis\/wordpress\/wp-content\/uploads\/2019\/06\/2019-06-15-19h50-m25-1.jpg 2161w, https:\/\/marienviertel.de\/kulturkreis\/wordpress\/wp-content\/uploads\/2019\/06\/2019-06-15-19h50-m25-1-223x300.jpg 223w, https:\/\/marienviertel.de\/kulturkreis\/wordpress\/wp-content\/uploads\/2019\/06\/2019-06-15-19h50-m25-1-768x1034.jpg 768w, https:\/\/marienviertel.de\/kulturkreis\/wordpress\/wp-content\/uploads\/2019\/06\/2019-06-15-19h50-m25-1-760x1024.jpg 760w\" sizes=\"auto, (max-width: 223px) 100vw, 223px\" \/><\/a><\/p>\n<p>Der pure Genuss waren auch\u00a0 die kulinarischen K\u00f6stlichkeiten, die die Kulturkreis-Damen vor und nach dem Konzert und in der Pause auf der sonnenbeschienenen Pfarrwiese und im Schatten &#8218;unter den Kastanien&#8216; anboten.<\/p>\n<p><a href=\"https:\/\/marienviertel.de\/kulturkreis\/wordpress\/wp-content\/uploads\/2019\/06\/2019-06-15-17h02-m05.jpg\" target=\"_blank\" rel=\"noopener noreferrer\"><img loading=\"lazy\" decoding=\"async\" class=\"alignnone wp-image-1342 size-medium\" src=\"https:\/\/marienviertel.de\/kulturkreis\/wordpress\/wp-content\/uploads\/2019\/06\/2019-06-15-17h02-m05-200x300.jpg\" alt=\"\" width=\"200\" height=\"300\" srcset=\"https:\/\/marienviertel.de\/kulturkreis\/wordpress\/wp-content\/uploads\/2019\/06\/2019-06-15-17h02-m05-200x300.jpg 200w, https:\/\/marienviertel.de\/kulturkreis\/wordpress\/wp-content\/uploads\/2019\/06\/2019-06-15-17h02-m05-768x1152.jpg 768w, https:\/\/marienviertel.de\/kulturkreis\/wordpress\/wp-content\/uploads\/2019\/06\/2019-06-15-17h02-m05-683x1024.jpg 683w\" sizes=\"auto, (max-width: 200px) 100vw, 200px\" \/><\/a> \u00a0<a href=\"https:\/\/marienviertel.de\/kulturkreis\/wordpress\/wp-content\/uploads\/2019\/06\/2019-06-15-17h03-m15.jpg\" target=\"_blank\" rel=\"noopener noreferrer\"><img loading=\"lazy\" decoding=\"async\" class=\"alignnone wp-image-1343 size-medium\" src=\"https:\/\/marienviertel.de\/kulturkreis\/wordpress\/wp-content\/uploads\/2019\/06\/2019-06-15-17h03-m15-200x300.jpg\" alt=\"\" width=\"200\" height=\"300\" srcset=\"https:\/\/marienviertel.de\/kulturkreis\/wordpress\/wp-content\/uploads\/2019\/06\/2019-06-15-17h03-m15-200x300.jpg 200w, https:\/\/marienviertel.de\/kulturkreis\/wordpress\/wp-content\/uploads\/2019\/06\/2019-06-15-17h03-m15-768x1152.jpg 768w, https:\/\/marienviertel.de\/kulturkreis\/wordpress\/wp-content\/uploads\/2019\/06\/2019-06-15-17h03-m15-683x1024.jpg 683w\" sizes=\"auto, (max-width: 200px) 100vw, 200px\" \/><\/a><\/p>\n<p><a href=\"https:\/\/marienviertel.de\/kulturkreis\/wordpress\/wp-content\/uploads\/2019\/06\/2019-06-15-17h07-m22.jpg\"><img loading=\"lazy\" decoding=\"async\" class=\"alignnone wp-image-1344 size-medium\" src=\"https:\/\/marienviertel.de\/kulturkreis\/wordpress\/wp-content\/uploads\/2019\/06\/2019-06-15-17h07-m22-300x200.jpg\" alt=\"\" width=\"300\" height=\"200\" srcset=\"https:\/\/marienviertel.de\/kulturkreis\/wordpress\/wp-content\/uploads\/2019\/06\/2019-06-15-17h07-m22-300x200.jpg 300w, https:\/\/marienviertel.de\/kulturkreis\/wordpress\/wp-content\/uploads\/2019\/06\/2019-06-15-17h07-m22-768x512.jpg 768w, https:\/\/marienviertel.de\/kulturkreis\/wordpress\/wp-content\/uploads\/2019\/06\/2019-06-15-17h07-m22-1024x683.jpg 1024w\" sizes=\"auto, (max-width: 300px) 100vw, 300px\" \/><\/a><\/p>\n<p><a href=\"https:\/\/marienviertel.de\/kulturkreis\/wordpress\/wp-content\/uploads\/2019\/06\/2019-06-15-17h22-m40.jpg\" target=\"_blank\" rel=\"noopener noreferrer\"><img loading=\"lazy\" decoding=\"async\" class=\"alignnone wp-image-1347 size-medium\" src=\"https:\/\/marienviertel.de\/kulturkreis\/wordpress\/wp-content\/uploads\/2019\/06\/2019-06-15-17h22-m40-300x200.jpg\" alt=\"\" width=\"300\" height=\"200\" srcset=\"https:\/\/marienviertel.de\/kulturkreis\/wordpress\/wp-content\/uploads\/2019\/06\/2019-06-15-17h22-m40-300x200.jpg 300w, https:\/\/marienviertel.de\/kulturkreis\/wordpress\/wp-content\/uploads\/2019\/06\/2019-06-15-17h22-m40-768x512.jpg 768w, https:\/\/marienviertel.de\/kulturkreis\/wordpress\/wp-content\/uploads\/2019\/06\/2019-06-15-17h22-m40-1024x683.jpg 1024w\" sizes=\"auto, (max-width: 300px) 100vw, 300px\" \/><\/a><\/p>\n<p><a href=\"https:\/\/marienviertel.de\/kulturkreis\/wordpress\/wp-content\/uploads\/2019\/06\/2019-06-15-17h21-m42.jpg\" target=\"_blank\" rel=\"noopener noreferrer\"><img loading=\"lazy\" decoding=\"async\" class=\"alignnone wp-image-1345 size-medium\" src=\"https:\/\/marienviertel.de\/kulturkreis\/wordpress\/wp-content\/uploads\/2019\/06\/2019-06-15-17h21-m42-200x300.jpg\" alt=\"\" width=\"200\" height=\"300\" srcset=\"https:\/\/marienviertel.de\/kulturkreis\/wordpress\/wp-content\/uploads\/2019\/06\/2019-06-15-17h21-m42-200x300.jpg 200w, https:\/\/marienviertel.de\/kulturkreis\/wordpress\/wp-content\/uploads\/2019\/06\/2019-06-15-17h21-m42-768x1152.jpg 768w, https:\/\/marienviertel.de\/kulturkreis\/wordpress\/wp-content\/uploads\/2019\/06\/2019-06-15-17h21-m42-683x1024.jpg 683w\" sizes=\"auto, (max-width: 200px) 100vw, 200px\" \/><\/a> <a href=\"https:\/\/marienviertel.de\/kulturkreis\/wordpress\/wp-content\/uploads\/2019\/06\/2019-06-15-17h22-m19.jpg\" target=\"_blank\" rel=\"noopener noreferrer\"><img loading=\"lazy\" decoding=\"async\" class=\"alignnone wp-image-1346 size-medium\" src=\"https:\/\/marienviertel.de\/kulturkreis\/wordpress\/wp-content\/uploads\/2019\/06\/2019-06-15-17h22-m19-200x300.jpg\" alt=\"\" width=\"200\" height=\"300\" srcset=\"https:\/\/marienviertel.de\/kulturkreis\/wordpress\/wp-content\/uploads\/2019\/06\/2019-06-15-17h22-m19-200x300.jpg 200w, https:\/\/marienviertel.de\/kulturkreis\/wordpress\/wp-content\/uploads\/2019\/06\/2019-06-15-17h22-m19-768x1152.jpg 768w, https:\/\/marienviertel.de\/kulturkreis\/wordpress\/wp-content\/uploads\/2019\/06\/2019-06-15-17h22-m19-682x1024.jpg 682w\" sizes=\"auto, (max-width: 200px) 100vw, 200px\" \/><\/a><\/p>\n<p><a href=\"https:\/\/marienviertel.de\/kulturkreis\/wordpress\/wp-content\/uploads\/2019\/06\/2019-06-15-17h23-m18.jpg\" target=\"_blank\" rel=\"noopener noreferrer\"><img loading=\"lazy\" decoding=\"async\" class=\"alignnone wp-image-1348 size-medium\" src=\"https:\/\/marienviertel.de\/kulturkreis\/wordpress\/wp-content\/uploads\/2019\/06\/2019-06-15-17h23-m18-300x200.jpg\" alt=\"\" width=\"300\" height=\"200\" srcset=\"https:\/\/marienviertel.de\/kulturkreis\/wordpress\/wp-content\/uploads\/2019\/06\/2019-06-15-17h23-m18-300x200.jpg 300w, https:\/\/marienviertel.de\/kulturkreis\/wordpress\/wp-content\/uploads\/2019\/06\/2019-06-15-17h23-m18-768x512.jpg 768w, https:\/\/marienviertel.de\/kulturkreis\/wordpress\/wp-content\/uploads\/2019\/06\/2019-06-15-17h23-m18-1024x683.jpg 1024w\" sizes=\"auto, (max-width: 300px) 100vw, 300px\" \/><\/a><\/p>\n<p><a href=\"https:\/\/marienviertel.de\/kulturkreis\/wordpress\/wp-content\/uploads\/2019\/06\/2019-06-15-19h50-m40.jpg\" target=\"_blank\" rel=\"noopener noreferrer\"><img loading=\"lazy\" decoding=\"async\" class=\"wp-image-1352 size-medium alignleft\" src=\"https:\/\/marienviertel.de\/kulturkreis\/wordpress\/wp-content\/uploads\/2019\/06\/2019-06-15-19h50-m40-300x200.jpg\" alt=\"\" width=\"300\" height=\"200\" srcset=\"https:\/\/marienviertel.de\/kulturkreis\/wordpress\/wp-content\/uploads\/2019\/06\/2019-06-15-19h50-m40-300x200.jpg 300w, https:\/\/marienviertel.de\/kulturkreis\/wordpress\/wp-content\/uploads\/2019\/06\/2019-06-15-19h50-m40-768x512.jpg 768w, https:\/\/marienviertel.de\/kulturkreis\/wordpress\/wp-content\/uploads\/2019\/06\/2019-06-15-19h50-m40-1024x683.jpg 1024w\" sizes=\"auto, (max-width: 300px) 100vw, 300px\" \/><\/a>Als Gast der ersten Stunde bei den Kulturkreis-Konzerten lie\u00df es sich Els Sch\u00fcrholz,\u00a0 &#8218;Grande Dame&#8216; des Marienviertels, nicht nehmen, auch an ihrem 89. Geburtstag dieses Chorkonzert zu besuchen. Ein gef\u00fchlvolles &#8218;Zum Geburtstag viel Gl\u00fcck&#8216; des Chores und ein bunter Strau\u00df Blumen, \u00fcberreicht von der Kulturkreis-Sprecherin Ursula Bensch, waren Gl\u00fcckwunsch und Dank an diese \u00fcberaus treue Besucherin.<\/p>\n<p><em>Alle Fotos: \u00a9 Klaus Kringel \/ Kulturkreis St. Marien 06\/2019<\/em><\/p>\n<p>Sehr fachlich rezensiert Sabine Bornemann in der Dorstener Zeitung dieses Chorkonzert:<\/p>\n<p><a href=\"https:\/\/marienviertel.de\/kulturkreis\/wordpress\/wp-content\/uploads\/2019\/06\/2019-06-17-CantElla-VLW-Medienhaus-Lensing_E-Paper-Ausgabe_RN-DN-Dorsten_Montag-17-Juni-2019.jpg\" target=\"_blank\" rel=\"noopener noreferrer\"><img loading=\"lazy\" decoding=\"async\" class=\"alignnone wp-image-1355 size-large\" src=\"https:\/\/marienviertel.de\/kulturkreis\/wordpress\/wp-content\/uploads\/2019\/06\/2019-06-17-CantElla-VLW-Medienhaus-Lensing_E-Paper-Ausgabe_RN-DN-Dorsten_Montag-17-Juni-2019-985x1024.jpg\" alt=\"\" width=\"474\" height=\"493\" srcset=\"https:\/\/marienviertel.de\/kulturkreis\/wordpress\/wp-content\/uploads\/2019\/06\/2019-06-17-CantElla-VLW-Medienhaus-Lensing_E-Paper-Ausgabe_RN-DN-Dorsten_Montag-17-Juni-2019-985x1024.jpg 985w, https:\/\/marienviertel.de\/kulturkreis\/wordpress\/wp-content\/uploads\/2019\/06\/2019-06-17-CantElla-VLW-Medienhaus-Lensing_E-Paper-Ausgabe_RN-DN-Dorsten_Montag-17-Juni-2019-289x300.jpg 289w, https:\/\/marienviertel.de\/kulturkreis\/wordpress\/wp-content\/uploads\/2019\/06\/2019-06-17-CantElla-VLW-Medienhaus-Lensing_E-Paper-Ausgabe_RN-DN-Dorsten_Montag-17-Juni-2019-768x798.jpg 768w\" sizes=\"auto, (max-width: 474px) 100vw, 474px\" \/><\/a><\/p>\n<p>Das folgende Foto wurde dem Kulturkreis St. Marien freundlicherweise von Sabine Bornemann zur Verf\u00fcgung gestellt.<\/p>\n<figure id=\"attachment_1358\" aria-describedby=\"caption-attachment-1358\" style=\"width: 4000px\" class=\"wp-caption alignnone\"><a href=\"https:\/\/marienviertel.de\/kulturkreis\/wordpress\/wp-content\/uploads\/2019\/06\/cantella5.jpg\"><img loading=\"lazy\" decoding=\"async\" class=\"size-full wp-image-1358\" src=\"https:\/\/marienviertel.de\/kulturkreis\/wordpress\/wp-content\/uploads\/2019\/06\/cantella5.jpg\" alt=\"\" width=\"4000\" height=\"2252\" srcset=\"https:\/\/marienviertel.de\/kulturkreis\/wordpress\/wp-content\/uploads\/2019\/06\/cantella5.jpg 4000w, https:\/\/marienviertel.de\/kulturkreis\/wordpress\/wp-content\/uploads\/2019\/06\/cantella5-300x169.jpg 300w, https:\/\/marienviertel.de\/kulturkreis\/wordpress\/wp-content\/uploads\/2019\/06\/cantella5-768x432.jpg 768w, https:\/\/marienviertel.de\/kulturkreis\/wordpress\/wp-content\/uploads\/2019\/06\/cantella5-1024x577.jpg 1024w\" sizes=\"auto, (max-width: 4000px) 100vw, 4000px\" \/><\/a><figcaption id=\"caption-attachment-1358\" class=\"wp-caption-text\">Der Frauenchor CANT&#8217;ELLA unter Leitung von Bine Becker-Beck gab zu seinem 25-j\u00e4hrigen Bestehen ein faszinierendes Konzert mit &#8222;Lieblingsst\u00fccken&#8220; in der Marienkirche. \u00a9 Sabine Bornemann<\/figcaption><\/figure>\n","protected":false},"excerpt":{"rendered":"<p>Ihren Beitrag zum Dorstener Chorfestival leisteten die Damen des Kulturkreises St. Marien mit der Einladung an den Frauenchor Cant&#8217;Ella, Bestplatzierte in vielen Chorwettbewerben. \u00a0\u00a0 \u00a0\u00a0 Und dem guten Ruf, der dieser sangesfreudigen Truppe vorauseilte, wurden die Frauen gerecht: Es war ein Erlebnis, Cant&#8217;Ella zuzuh\u00f6ren, ganz gleich, ob bei &#8218;Volksliedern&#8216; wie &#8218;Dat du min Leevsten b\u00fcst&#8216; &hellip; <a href=\"https:\/\/marienviertel.de\/kulturkreis\/cantella-in-der-marienkirche-es-war-ein-genuss\/\" class=\"more-link\"><span class=\"screen-reader-text\">Cant&#8217;Ella in der Marienkirche: <br \/>es war ein Genuss!<\/span> weiterlesen <span class=\"meta-nav\">&rarr;<\/span><\/a><\/p>\n","protected":false},"author":2,"featured_media":1333,"comment_status":"open","ping_status":"open","sticky":false,"template":"","format":"standard","meta":{"jetpack_post_was_ever_published":false,"_jetpack_newsletter_access":"","_jetpack_dont_email_post_to_subs":false,"_jetpack_newsletter_tier_id":0,"_jetpack_memberships_contains_paywalled_content":false,"_jetpack_memberships_contains_paid_content":false,"footnotes":"","jetpack_publicize_message":"","jetpack_publicize_feature_enabled":true,"jetpack_social_post_already_shared":true,"jetpack_social_options":{"image_generator_settings":{"template":"highway","default_image_id":0,"font":"","enabled":false},"version":2}},"categories":[4],"tags":[126],"class_list":["post-1332","post","type-post","status-publish","format-standard","has-post-thumbnail","hentry","category-rueckblicke","tag-cantella"],"yoast_head":"<!-- This site is optimized with the Yoast SEO plugin v26.7 - https:\/\/yoast.com\/wordpress\/plugins\/seo\/ -->\n<title>Cant&#039;Ella in der Marienkirche: es war ein Genuss! - HOME | Kulturkreis St. Marien<\/title>\n<meta name=\"robots\" content=\"index, follow, max-snippet:-1, max-image-preview:large, max-video-preview:-1\" \/>\n<link rel=\"canonical\" href=\"https:\/\/marienviertel.de\/kulturkreis\/cantella-in-der-marienkirche-es-war-ein-genuss\/\" \/>\n<meta property=\"og:locale\" content=\"de_DE\" \/>\n<meta property=\"og:type\" content=\"article\" \/>\n<meta property=\"og:title\" content=\"Cant&#039;Ella in der Marienkirche: es war ein Genuss! - HOME | Kulturkreis St. Marien\" \/>\n<meta property=\"og:description\" content=\"Ihren Beitrag zum Dorstener Chorfestival leisteten die Damen des Kulturkreises St. Marien mit der Einladung an den Frauenchor Cant&#8217;Ella, Bestplatzierte in vielen Chorwettbewerben. \u00a0\u00a0 \u00a0\u00a0 Und dem guten Ruf, der dieser sangesfreudigen Truppe vorauseilte, wurden die Frauen gerecht: Es war ein Erlebnis, Cant&#8217;Ella zuzuh\u00f6ren, ganz gleich, ob bei &#8218;Volksliedern&#8216; wie &#8218;Dat du min Leevsten b\u00fcst&#8216; &hellip; Cant&#8217;Ella in der Marienkirche: es war ein Genuss! weiterlesen &rarr;\" \/>\n<meta property=\"og:url\" content=\"https:\/\/marienviertel.de\/kulturkreis\/cantella-in-der-marienkirche-es-war-ein-genuss\/\" \/>\n<meta property=\"og:site_name\" content=\"HOME | Kulturkreis St. Marien\" \/>\n<meta property=\"article:publisher\" content=\"https:\/\/www.facebook.com\/Marienviertel\/\" \/>\n<meta property=\"article:published_time\" content=\"2019-06-16T12:40:42+00:00\" \/>\n<meta property=\"article:modified_time\" content=\"2019-09-19T11:02:25+00:00\" \/>\n<meta property=\"og:image\" content=\"https:\/\/marienviertel.de\/kulturkreis\/wordpress\/wp-content\/uploads\/2019\/06\/2019-06-15-19h25-m41-1024x683.jpg\" \/>\n\t<meta property=\"og:image:width\" content=\"1024\" \/>\n\t<meta property=\"og:image:height\" content=\"683\" \/>\n\t<meta property=\"og:image:type\" content=\"image\/jpeg\" \/>\n<meta name=\"author\" content=\"jotw\" \/>\n<meta name=\"twitter:card\" content=\"summary_large_image\" \/>\n<meta name=\"twitter:label1\" content=\"Verfasst von\" \/>\n\t<meta name=\"twitter:data1\" content=\"jotw\" \/>\n\t<meta name=\"twitter:label2\" content=\"Gesch\u00e4tzte Lesezeit\" \/>\n\t<meta name=\"twitter:data2\" content=\"1\u00a0Minute\" \/>\n<script type=\"application\/ld+json\" class=\"yoast-schema-graph\">{\"@context\":\"https:\/\/schema.org\",\"@graph\":[{\"@type\":\"Article\",\"@id\":\"https:\/\/marienviertel.de\/kulturkreis\/cantella-in-der-marienkirche-es-war-ein-genuss\/#article\",\"isPartOf\":{\"@id\":\"https:\/\/marienviertel.de\/kulturkreis\/cantella-in-der-marienkirche-es-war-ein-genuss\/\"},\"author\":{\"name\":\"jotw\",\"@id\":\"https:\/\/marienviertel.de\/kulturkreis\/#\/schema\/person\/5991f3ef2f6094b6ce15389027b8d7be\"},\"headline\":\"Cant&#8217;Ella in der Marienkirche: es war ein Genuss!\",\"datePublished\":\"2019-06-16T12:40:42+00:00\",\"dateModified\":\"2019-09-19T11:02:25+00:00\",\"mainEntityOfPage\":{\"@id\":\"https:\/\/marienviertel.de\/kulturkreis\/cantella-in-der-marienkirche-es-war-ein-genuss\/\"},\"wordCount\":267,\"commentCount\":0,\"publisher\":{\"@id\":\"https:\/\/marienviertel.de\/kulturkreis\/#organization\"},\"image\":{\"@id\":\"https:\/\/marienviertel.de\/kulturkreis\/cantella-in-der-marienkirche-es-war-ein-genuss\/#primaryimage\"},\"thumbnailUrl\":\"https:\/\/marienviertel.de\/kulturkreis\/wordpress\/wp-content\/uploads\/2019\/06\/2019-06-15-19h25-m41.jpg\",\"keywords\":[\"Cant'Ella\"],\"articleSection\":[\"R\u00fcckblicke\"],\"inLanguage\":\"de\",\"potentialAction\":[{\"@type\":\"CommentAction\",\"name\":\"Comment\",\"target\":[\"https:\/\/marienviertel.de\/kulturkreis\/cantella-in-der-marienkirche-es-war-ein-genuss\/#respond\"]}]},{\"@type\":\"WebPage\",\"@id\":\"https:\/\/marienviertel.de\/kulturkreis\/cantella-in-der-marienkirche-es-war-ein-genuss\/\",\"url\":\"https:\/\/marienviertel.de\/kulturkreis\/cantella-in-der-marienkirche-es-war-ein-genuss\/\",\"name\":\"Cant'Ella in der Marienkirche: es war ein Genuss! - HOME | Kulturkreis St. Marien\",\"isPartOf\":{\"@id\":\"https:\/\/marienviertel.de\/kulturkreis\/#website\"},\"primaryImageOfPage\":{\"@id\":\"https:\/\/marienviertel.de\/kulturkreis\/cantella-in-der-marienkirche-es-war-ein-genuss\/#primaryimage\"},\"image\":{\"@id\":\"https:\/\/marienviertel.de\/kulturkreis\/cantella-in-der-marienkirche-es-war-ein-genuss\/#primaryimage\"},\"thumbnailUrl\":\"https:\/\/marienviertel.de\/kulturkreis\/wordpress\/wp-content\/uploads\/2019\/06\/2019-06-15-19h25-m41.jpg\",\"datePublished\":\"2019-06-16T12:40:42+00:00\",\"dateModified\":\"2019-09-19T11:02:25+00:00\",\"breadcrumb\":{\"@id\":\"https:\/\/marienviertel.de\/kulturkreis\/cantella-in-der-marienkirche-es-war-ein-genuss\/#breadcrumb\"},\"inLanguage\":\"de\",\"potentialAction\":[{\"@type\":\"ReadAction\",\"target\":[\"https:\/\/marienviertel.de\/kulturkreis\/cantella-in-der-marienkirche-es-war-ein-genuss\/\"]}]},{\"@type\":\"ImageObject\",\"inLanguage\":\"de\",\"@id\":\"https:\/\/marienviertel.de\/kulturkreis\/cantella-in-der-marienkirche-es-war-ein-genuss\/#primaryimage\",\"url\":\"https:\/\/marienviertel.de\/kulturkreis\/wordpress\/wp-content\/uploads\/2019\/06\/2019-06-15-19h25-m41.jpg\",\"contentUrl\":\"https:\/\/marienviertel.de\/kulturkreis\/wordpress\/wp-content\/uploads\/2019\/06\/2019-06-15-19h25-m41.jpg\",\"width\":6000,\"height\":4000},{\"@type\":\"BreadcrumbList\",\"@id\":\"https:\/\/marienviertel.de\/kulturkreis\/cantella-in-der-marienkirche-es-war-ein-genuss\/#breadcrumb\",\"itemListElement\":[{\"@type\":\"ListItem\",\"position\":1,\"name\":\"Startseite\",\"item\":\"https:\/\/marienviertel.de\/kulturkreis\/\"},{\"@type\":\"ListItem\",\"position\":2,\"name\":\"Cant&#8217;Ella in der Marienkirche: es war ein Genuss!\"}]},{\"@type\":\"WebSite\",\"@id\":\"https:\/\/marienviertel.de\/kulturkreis\/#website\",\"url\":\"https:\/\/marienviertel.de\/kulturkreis\/\",\"name\":\"HOME | Kulturkreis St. Marien\",\"description\":\"Herzlich willkommen!\",\"publisher\":{\"@id\":\"https:\/\/marienviertel.de\/kulturkreis\/#organization\"},\"potentialAction\":[{\"@type\":\"SearchAction\",\"target\":{\"@type\":\"EntryPoint\",\"urlTemplate\":\"https:\/\/marienviertel.de\/kulturkreis\/?s={search_term_string}\"},\"query-input\":{\"@type\":\"PropertyValueSpecification\",\"valueRequired\":true,\"valueName\":\"search_term_string\"}}],\"inLanguage\":\"de\"},{\"@type\":\"Organization\",\"@id\":\"https:\/\/marienviertel.de\/kulturkreis\/#organization\",\"name\":\"Kulturkreis St. Marien\",\"url\":\"https:\/\/marienviertel.de\/kulturkreis\/\",\"logo\":{\"@type\":\"ImageObject\",\"inLanguage\":\"de\",\"@id\":\"https:\/\/marienviertel.de\/kulturkreis\/#\/schema\/logo\/image\/\",\"url\":\"https:\/\/marienviertel.de\/kulturkreis\/wordpress\/wp-content\/uploads\/2015\/06\/Facebook-Logo-KK-2014.jpg\",\"contentUrl\":\"https:\/\/marienviertel.de\/kulturkreis\/wordpress\/wp-content\/uploads\/2015\/06\/Facebook-Logo-KK-2014.jpg\",\"width\":1045,\"height\":540,\"caption\":\"Kulturkreis St. Marien\"},\"image\":{\"@id\":\"https:\/\/marienviertel.de\/kulturkreis\/#\/schema\/logo\/image\/\"},\"sameAs\":[\"https:\/\/www.facebook.com\/Marienviertel\/\"]},{\"@type\":\"Person\",\"@id\":\"https:\/\/marienviertel.de\/kulturkreis\/#\/schema\/person\/5991f3ef2f6094b6ce15389027b8d7be\",\"name\":\"jotw\",\"image\":{\"@type\":\"ImageObject\",\"inLanguage\":\"de\",\"@id\":\"https:\/\/marienviertel.de\/kulturkreis\/#\/schema\/person\/image\/\",\"url\":\"https:\/\/secure.gravatar.com\/avatar\/f996f1ca35d6d13af46e8af8dc21f10fcdf6f690745c899b68b257dfffe92cd9?s=96&d=mm&r=g\",\"contentUrl\":\"https:\/\/secure.gravatar.com\/avatar\/f996f1ca35d6d13af46e8af8dc21f10fcdf6f690745c899b68b257dfffe92cd9?s=96&d=mm&r=g\",\"caption\":\"jotw\"},\"url\":\"https:\/\/marienviertel.de\/kulturkreis\/author\/admin\/\"}]}<\/script>\n<!-- \/ Yoast SEO plugin. -->","yoast_head_json":{"title":"Cant'Ella in der Marienkirche: es war ein Genuss! - HOME | Kulturkreis St. Marien","robots":{"index":"index","follow":"follow","max-snippet":"max-snippet:-1","max-image-preview":"max-image-preview:large","max-video-preview":"max-video-preview:-1"},"canonical":"https:\/\/marienviertel.de\/kulturkreis\/cantella-in-der-marienkirche-es-war-ein-genuss\/","og_locale":"de_DE","og_type":"article","og_title":"Cant'Ella in der Marienkirche: es war ein Genuss! - HOME | Kulturkreis St. Marien","og_description":"Ihren Beitrag zum Dorstener Chorfestival leisteten die Damen des Kulturkreises St. Marien mit der Einladung an den Frauenchor Cant&#8217;Ella, Bestplatzierte in vielen Chorwettbewerben. \u00a0\u00a0 \u00a0\u00a0 Und dem guten Ruf, der dieser sangesfreudigen Truppe vorauseilte, wurden die Frauen gerecht: Es war ein Erlebnis, Cant&#8217;Ella zuzuh\u00f6ren, ganz gleich, ob bei &#8218;Volksliedern&#8216; wie &#8218;Dat du min Leevsten b\u00fcst&#8216; &hellip; Cant&#8217;Ella in der Marienkirche: es war ein Genuss! weiterlesen &rarr;","og_url":"https:\/\/marienviertel.de\/kulturkreis\/cantella-in-der-marienkirche-es-war-ein-genuss\/","og_site_name":"HOME | Kulturkreis St. Marien","article_publisher":"https:\/\/www.facebook.com\/Marienviertel\/","article_published_time":"2019-06-16T12:40:42+00:00","article_modified_time":"2019-09-19T11:02:25+00:00","og_image":[{"width":1024,"height":683,"url":"https:\/\/marienviertel.de\/kulturkreis\/wordpress\/wp-content\/uploads\/2019\/06\/2019-06-15-19h25-m41-1024x683.jpg","type":"image\/jpeg"}],"author":"jotw","twitter_card":"summary_large_image","twitter_misc":{"Verfasst von":"jotw","Gesch\u00e4tzte Lesezeit":"1\u00a0Minute"},"schema":{"@context":"https:\/\/schema.org","@graph":[{"@type":"Article","@id":"https:\/\/marienviertel.de\/kulturkreis\/cantella-in-der-marienkirche-es-war-ein-genuss\/#article","isPartOf":{"@id":"https:\/\/marienviertel.de\/kulturkreis\/cantella-in-der-marienkirche-es-war-ein-genuss\/"},"author":{"name":"jotw","@id":"https:\/\/marienviertel.de\/kulturkreis\/#\/schema\/person\/5991f3ef2f6094b6ce15389027b8d7be"},"headline":"Cant&#8217;Ella in der Marienkirche: es war ein Genuss!","datePublished":"2019-06-16T12:40:42+00:00","dateModified":"2019-09-19T11:02:25+00:00","mainEntityOfPage":{"@id":"https:\/\/marienviertel.de\/kulturkreis\/cantella-in-der-marienkirche-es-war-ein-genuss\/"},"wordCount":267,"commentCount":0,"publisher":{"@id":"https:\/\/marienviertel.de\/kulturkreis\/#organization"},"image":{"@id":"https:\/\/marienviertel.de\/kulturkreis\/cantella-in-der-marienkirche-es-war-ein-genuss\/#primaryimage"},"thumbnailUrl":"https:\/\/marienviertel.de\/kulturkreis\/wordpress\/wp-content\/uploads\/2019\/06\/2019-06-15-19h25-m41.jpg","keywords":["Cant'Ella"],"articleSection":["R\u00fcckblicke"],"inLanguage":"de","potentialAction":[{"@type":"CommentAction","name":"Comment","target":["https:\/\/marienviertel.de\/kulturkreis\/cantella-in-der-marienkirche-es-war-ein-genuss\/#respond"]}]},{"@type":"WebPage","@id":"https:\/\/marienviertel.de\/kulturkreis\/cantella-in-der-marienkirche-es-war-ein-genuss\/","url":"https:\/\/marienviertel.de\/kulturkreis\/cantella-in-der-marienkirche-es-war-ein-genuss\/","name":"Cant'Ella in der Marienkirche: es war ein Genuss! - HOME | Kulturkreis St. Marien","isPartOf":{"@id":"https:\/\/marienviertel.de\/kulturkreis\/#website"},"primaryImageOfPage":{"@id":"https:\/\/marienviertel.de\/kulturkreis\/cantella-in-der-marienkirche-es-war-ein-genuss\/#primaryimage"},"image":{"@id":"https:\/\/marienviertel.de\/kulturkreis\/cantella-in-der-marienkirche-es-war-ein-genuss\/#primaryimage"},"thumbnailUrl":"https:\/\/marienviertel.de\/kulturkreis\/wordpress\/wp-content\/uploads\/2019\/06\/2019-06-15-19h25-m41.jpg","datePublished":"2019-06-16T12:40:42+00:00","dateModified":"2019-09-19T11:02:25+00:00","breadcrumb":{"@id":"https:\/\/marienviertel.de\/kulturkreis\/cantella-in-der-marienkirche-es-war-ein-genuss\/#breadcrumb"},"inLanguage":"de","potentialAction":[{"@type":"ReadAction","target":["https:\/\/marienviertel.de\/kulturkreis\/cantella-in-der-marienkirche-es-war-ein-genuss\/"]}]},{"@type":"ImageObject","inLanguage":"de","@id":"https:\/\/marienviertel.de\/kulturkreis\/cantella-in-der-marienkirche-es-war-ein-genuss\/#primaryimage","url":"https:\/\/marienviertel.de\/kulturkreis\/wordpress\/wp-content\/uploads\/2019\/06\/2019-06-15-19h25-m41.jpg","contentUrl":"https:\/\/marienviertel.de\/kulturkreis\/wordpress\/wp-content\/uploads\/2019\/06\/2019-06-15-19h25-m41.jpg","width":6000,"height":4000},{"@type":"BreadcrumbList","@id":"https:\/\/marienviertel.de\/kulturkreis\/cantella-in-der-marienkirche-es-war-ein-genuss\/#breadcrumb","itemListElement":[{"@type":"ListItem","position":1,"name":"Startseite","item":"https:\/\/marienviertel.de\/kulturkreis\/"},{"@type":"ListItem","position":2,"name":"Cant&#8217;Ella in der Marienkirche: es war ein Genuss!"}]},{"@type":"WebSite","@id":"https:\/\/marienviertel.de\/kulturkreis\/#website","url":"https:\/\/marienviertel.de\/kulturkreis\/","name":"HOME | Kulturkreis St. Marien","description":"Herzlich willkommen!","publisher":{"@id":"https:\/\/marienviertel.de\/kulturkreis\/#organization"},"potentialAction":[{"@type":"SearchAction","target":{"@type":"EntryPoint","urlTemplate":"https:\/\/marienviertel.de\/kulturkreis\/?s={search_term_string}"},"query-input":{"@type":"PropertyValueSpecification","valueRequired":true,"valueName":"search_term_string"}}],"inLanguage":"de"},{"@type":"Organization","@id":"https:\/\/marienviertel.de\/kulturkreis\/#organization","name":"Kulturkreis St. Marien","url":"https:\/\/marienviertel.de\/kulturkreis\/","logo":{"@type":"ImageObject","inLanguage":"de","@id":"https:\/\/marienviertel.de\/kulturkreis\/#\/schema\/logo\/image\/","url":"https:\/\/marienviertel.de\/kulturkreis\/wordpress\/wp-content\/uploads\/2015\/06\/Facebook-Logo-KK-2014.jpg","contentUrl":"https:\/\/marienviertel.de\/kulturkreis\/wordpress\/wp-content\/uploads\/2015\/06\/Facebook-Logo-KK-2014.jpg","width":1045,"height":540,"caption":"Kulturkreis St. Marien"},"image":{"@id":"https:\/\/marienviertel.de\/kulturkreis\/#\/schema\/logo\/image\/"},"sameAs":["https:\/\/www.facebook.com\/Marienviertel\/"]},{"@type":"Person","@id":"https:\/\/marienviertel.de\/kulturkreis\/#\/schema\/person\/5991f3ef2f6094b6ce15389027b8d7be","name":"jotw","image":{"@type":"ImageObject","inLanguage":"de","@id":"https:\/\/marienviertel.de\/kulturkreis\/#\/schema\/person\/image\/","url":"https:\/\/secure.gravatar.com\/avatar\/f996f1ca35d6d13af46e8af8dc21f10fcdf6f690745c899b68b257dfffe92cd9?s=96&d=mm&r=g","contentUrl":"https:\/\/secure.gravatar.com\/avatar\/f996f1ca35d6d13af46e8af8dc21f10fcdf6f690745c899b68b257dfffe92cd9?s=96&d=mm&r=g","caption":"jotw"},"url":"https:\/\/marienviertel.de\/kulturkreis\/author\/admin\/"}]}},"jetpack_publicize_connections":[],"cc_featured_image_caption":{"caption_text":"Foto: \u00a9 Klaus Kringel \/ Kulturkreis St. Marien 06\/2019","source_text":"","source_url":""},"jetpack_featured_media_url":"https:\/\/marienviertel.de\/kulturkreis\/wordpress\/wp-content\/uploads\/2019\/06\/2019-06-15-19h25-m41.jpg","jetpack_sharing_enabled":true,"jetpack_shortlink":"https:\/\/wp.me\/p7zbXy-lu","_links":{"self":[{"href":"https:\/\/marienviertel.de\/kulturkreis\/wp-json\/wp\/v2\/posts\/1332","targetHints":{"allow":["GET"]}}],"collection":[{"href":"https:\/\/marienviertel.de\/kulturkreis\/wp-json\/wp\/v2\/posts"}],"about":[{"href":"https:\/\/marienviertel.de\/kulturkreis\/wp-json\/wp\/v2\/types\/post"}],"author":[{"embeddable":true,"href":"https:\/\/marienviertel.de\/kulturkreis\/wp-json\/wp\/v2\/users\/2"}],"replies":[{"embeddable":true,"href":"https:\/\/marienviertel.de\/kulturkreis\/wp-json\/wp\/v2\/comments?post=1332"}],"version-history":[{"count":10,"href":"https:\/\/marienviertel.de\/kulturkreis\/wp-json\/wp\/v2\/posts\/1332\/revisions"}],"predecessor-version":[{"id":1534,"href":"https:\/\/marienviertel.de\/kulturkreis\/wp-json\/wp\/v2\/posts\/1332\/revisions\/1534"}],"wp:featuredmedia":[{"embeddable":true,"href":"https:\/\/marienviertel.de\/kulturkreis\/wp-json\/wp\/v2\/media\/1333"}],"wp:attachment":[{"href":"https:\/\/marienviertel.de\/kulturkreis\/wp-json\/wp\/v2\/media?parent=1332"}],"wp:term":[{"taxonomy":"category","embeddable":true,"href":"https:\/\/marienviertel.de\/kulturkreis\/wp-json\/wp\/v2\/categories?post=1332"},{"taxonomy":"post_tag","embeddable":true,"href":"https:\/\/marienviertel.de\/kulturkreis\/wp-json\/wp\/v2\/tags?post=1332"}],"curies":[{"name":"wp","href":"https:\/\/api.w.org\/{rel}","templated":true}]}}