{"id":1309,"date":"2019-06-04T12:41:15","date_gmt":"2019-06-04T10:41:15","guid":{"rendered":"https:\/\/marienviertel.de\/kulturkreis\/?p=1309"},"modified":"2019-09-25T14:06:26","modified_gmt":"2019-09-25T12:06:26","slug":"konzert-mit-dem-world-music-ensemble-der-universitaet-oldenburg","status":"publish","type":"post","link":"https:\/\/marienviertel.de\/kulturkreis\/konzert-mit-dem-world-music-ensemble-der-universitaet-oldenburg\/","title":{"rendered":"World Music Ensemble der Universit\u00e4t Oldenburg"},"content":{"rendered":"<p><strong>Musik aus aller Welt<\/strong><\/p>\n<p><strong>U<\/strong>nter der Leitung des Dorstener Gitarristen und Hochschuldozenten Nangialai Nashir konzertiert das <a href=\"https:\/\/uol.de\/worldmusicensemble\/\"><strong>&#8218;World Music Ensemble&#8216; der Universit\u00e4t Oldenburg<\/strong><\/a> am Samstag, 13. Juli in der Dorstener Marienkirche.<br \/>\nEine attraktive Mischung unterschiedlicher Musikstile erklingt ab 19:00 Uhr in der wundersch\u00f6nen Akustik dieser Kirche (An der Marienkirche, 46284 Dorsten)<\/p>\n<p>Musik aus drei Kontinenten steht auf dem Programm:<\/p>\n<ul>\n<li>arabische Lieder, Klezmerkl\u00e4nge, Kompositionen aus Armenien und T\u00fcrkei<\/li>\n<li>Musik aus Lateinamerika, mit Kompositionen von Astor Piazzolla (Argentinien), Manuel Ponce (Mexiko) und Joao Bosco (Brasilien)<\/li>\n<li>Irish Tunes mit Uilleann Pipes, Fiddle, Akkordeon und Gitarren<\/li>\n<\/ul>\n<p>Das von Nangialai Nashir gegr\u00fcndete Ensemble besteht aus Studierenden des Instituts f\u00fcr Musik der Uni Oldenburg, ist aber auch offen f\u00fcr ambitionierte G\u00e4ste mit au\u00dfereurop\u00e4ischem Musikbezug, Migranten und Fl\u00fcchtlinge, die ihr musikalisches Know-How miteinbringen. Hierdurch findet ein Austausch und Miteinander auf sehr vielen Ebenen statt.<\/p>\n<p><strong><a href=\"https:\/\/marienviertel.de\/kulturkreis\/wordpress\/wp-content\/uploads\/2019\/06\/mvdlogo_300.png\"><img loading=\"lazy\" decoding=\"async\" class=\"alignnone wp-image-1328\" src=\"https:\/\/marienviertel.de\/kulturkreis\/wordpress\/wp-content\/uploads\/2019\/06\/mvdlogo_300.png\" alt=\"\" width=\"214\" height=\"100\" \/><\/a> <a href=\"https:\/\/marienviertel.de\/kulturkreis\/wordpress\/wp-content\/uploads\/2015\/06\/Facebook-Logo-KK-2014.jpg\"><img loading=\"lazy\" decoding=\"async\" class=\"alignnone wp-image-60\" src=\"https:\/\/marienviertel.de\/kulturkreis\/wordpress\/wp-content\/uploads\/2015\/06\/Facebook-Logo-KK-2014.jpg\" alt=\"\" width=\"194\" height=\"100\" srcset=\"https:\/\/marienviertel.de\/kulturkreis\/wordpress\/wp-content\/uploads\/2015\/06\/Facebook-Logo-KK-2014.jpg 1045w, https:\/\/marienviertel.de\/kulturkreis\/wordpress\/wp-content\/uploads\/2015\/06\/Facebook-Logo-KK-2014-300x155.jpg 300w, https:\/\/marienviertel.de\/kulturkreis\/wordpress\/wp-content\/uploads\/2015\/06\/Facebook-Logo-KK-2014-1024x529.jpg 1024w, https:\/\/marienviertel.de\/kulturkreis\/wordpress\/wp-content\/uploads\/2015\/06\/Facebook-Logo-KK-2014-1038x540.jpg 1038w\" sizes=\"auto, (max-width: 194px) 100vw, 194px\" \/><\/a><\/strong><\/p>\n<p><strong>Eine Veranstaltung des Kulturkreises St. Marien in Kooperation mit dem Musikverein Dorsten<\/strong><\/p>\n<p>Eintritt \u20ac 15,- \/ erm\u00e4\u00dfigt \u20ac 10,-<br \/>\nSch\u00fclerinnen\/Sch\u00fcler und Studierende mit Ausweis an der Abendkasse\u00a0zahlen den erm\u00e4\u00dfigten Preis; Inhaber des DORSTEN-Passes erhalten freien Eintritt.<\/p>\n<p>Zur Info: Den DORSTEN-Pass erhalten alle Dorstener, die <strong><a href=\"http:\/\/eservice2.gkd-re.de\/bsointer120\/DokumentServlet?dokumentenname=120l4438.pdf\">Empf\u00e4nger von staatl. Unterst\u00fctzungsleistungen<\/a><\/strong> sind, also auch z.B. Fl\u00fcchtlinge, bei ihrem Sachbearbeiter und im B\u00fcrgerb\u00fcro der Stadt.<\/p>\n<p>Kulturkirche St. Marien, An der Marienkirche, 46284 Dorsten<br \/>\nSamstag, 13. Juli 2019, 19 Uhr<br \/>\nEinlass zum Konzert ab 18:30 Uhr<\/p>\n<p><a href=\"https:\/\/marienviertel.de\/kulturkreis\/wordpress\/wp-content\/uploads\/2019\/06\/2019-09-Nangialai-Nashir2.jpg\"><img loading=\"lazy\" decoding=\"async\" class=\"wp-image-1323 size-full aligncenter\" src=\"https:\/\/marienviertel.de\/kulturkreis\/wordpress\/wp-content\/uploads\/2019\/06\/2019-09-Nangialai-Nashir2.jpg\" alt=\"\" width=\"640\" height=\"425\" srcset=\"https:\/\/marienviertel.de\/kulturkreis\/wordpress\/wp-content\/uploads\/2019\/06\/2019-09-Nangialai-Nashir2.jpg 640w, https:\/\/marienviertel.de\/kulturkreis\/wordpress\/wp-content\/uploads\/2019\/06\/2019-09-Nangialai-Nashir2-300x199.jpg 300w\" sizes=\"auto, (max-width: 640px) 100vw, 640px\" \/><\/a><\/p>\n<p><em>Fotos: \u00a9 Shervin Hajinia, Juni 2018<\/em><\/p>\n","protected":false},"excerpt":{"rendered":"<p>Musik aus aller Welt Unter der Leitung des Dorstener Gitarristen und Hochschuldozenten Nangialai Nashir konzertiert das &#8218;World Music Ensemble&#8216; der Universit\u00e4t Oldenburg am Samstag, 13. Juli in der Dorstener Marienkirche. Eine attraktive Mischung unterschiedlicher Musikstile erklingt ab 19:00 Uhr in der wundersch\u00f6nen Akustik dieser Kirche (An der Marienkirche, 46284 Dorsten) Musik aus drei Kontinenten steht &hellip; <a href=\"https:\/\/marienviertel.de\/kulturkreis\/konzert-mit-dem-world-music-ensemble-der-universitaet-oldenburg\/\" class=\"more-link\"><span class=\"screen-reader-text\">World Music Ensemble der Universit\u00e4t Oldenburg<\/span> weiterlesen <span class=\"meta-nav\">&rarr;<\/span><\/a><\/p>\n","protected":false},"author":2,"featured_media":1311,"comment_status":"open","ping_status":"open","sticky":false,"template":"","format":"standard","meta":{"jetpack_post_was_ever_published":false,"_jetpack_newsletter_access":"","_jetpack_dont_email_post_to_subs":false,"_jetpack_newsletter_tier_id":0,"_jetpack_memberships_contains_paywalled_content":false,"_jetpack_memberships_contains_paid_content":false,"footnotes":"","jetpack_publicize_message":"","jetpack_publicize_feature_enabled":true,"jetpack_social_post_already_shared":true,"jetpack_social_options":{"image_generator_settings":{"template":"highway","default_image_id":0,"font":"","enabled":false},"version":2}},"categories":[4],"tags":[129],"class_list":["post-1309","post","type-post","status-publish","format-standard","has-post-thumbnail","hentry","category-rueckblicke","tag-world-music-ensemble"],"yoast_head":"<!-- This site is optimized with the Yoast SEO plugin v26.7 - https:\/\/yoast.com\/wordpress\/plugins\/seo\/ -->\n<title>World Music Ensemble der Universit\u00e4t Oldenburg - HOME | Kulturkreis St. Marien<\/title>\n<meta name=\"robots\" content=\"index, follow, max-snippet:-1, max-image-preview:large, max-video-preview:-1\" \/>\n<link rel=\"canonical\" href=\"https:\/\/marienviertel.de\/kulturkreis\/konzert-mit-dem-world-music-ensemble-der-universitaet-oldenburg\/\" \/>\n<meta property=\"og:locale\" content=\"de_DE\" \/>\n<meta property=\"og:type\" content=\"article\" \/>\n<meta property=\"og:title\" content=\"World Music Ensemble der Universit\u00e4t Oldenburg - HOME | Kulturkreis St. Marien\" \/>\n<meta property=\"og:description\" content=\"Musik aus aller Welt Unter der Leitung des Dorstener Gitarristen und Hochschuldozenten Nangialai Nashir konzertiert das &#8218;World Music Ensemble&#8216; der Universit\u00e4t Oldenburg am Samstag, 13. Juli in der Dorstener Marienkirche. Eine attraktive Mischung unterschiedlicher Musikstile erklingt ab 19:00 Uhr in der wundersch\u00f6nen Akustik dieser Kirche (An der Marienkirche, 46284 Dorsten) Musik aus drei Kontinenten steht &hellip; World Music Ensemble der Universit\u00e4t Oldenburg weiterlesen &rarr;\" \/>\n<meta property=\"og:url\" content=\"https:\/\/marienviertel.de\/kulturkreis\/konzert-mit-dem-world-music-ensemble-der-universitaet-oldenburg\/\" \/>\n<meta property=\"og:site_name\" content=\"HOME | Kulturkreis St. Marien\" \/>\n<meta property=\"article:publisher\" content=\"https:\/\/www.facebook.com\/Marienviertel\/\" \/>\n<meta property=\"article:published_time\" content=\"2019-06-04T10:41:15+00:00\" \/>\n<meta property=\"article:modified_time\" content=\"2019-09-25T12:06:26+00:00\" \/>\n<meta property=\"og:image\" content=\"https:\/\/marienviertel.de\/kulturkreis\/wordpress\/wp-content\/uploads\/2019\/06\/WorldMusicEnsemble-_SoSe18_Konzert_Aula_ce4c40bccb.png\" \/>\n\t<meta property=\"og:image:width\" content=\"741\" \/>\n\t<meta property=\"og:image:height\" content=\"360\" \/>\n\t<meta property=\"og:image:type\" content=\"image\/png\" \/>\n<meta name=\"author\" content=\"jotw\" \/>\n<meta name=\"twitter:card\" content=\"summary_large_image\" \/>\n<meta name=\"twitter:label1\" content=\"Verfasst von\" \/>\n\t<meta name=\"twitter:data1\" content=\"jotw\" \/>\n\t<meta name=\"twitter:label2\" content=\"Gesch\u00e4tzte Lesezeit\" \/>\n\t<meta name=\"twitter:data2\" content=\"1\u00a0Minute\" \/>\n<script type=\"application\/ld+json\" class=\"yoast-schema-graph\">{\"@context\":\"https:\/\/schema.org\",\"@graph\":[{\"@type\":\"Article\",\"@id\":\"https:\/\/marienviertel.de\/kulturkreis\/konzert-mit-dem-world-music-ensemble-der-universitaet-oldenburg\/#article\",\"isPartOf\":{\"@id\":\"https:\/\/marienviertel.de\/kulturkreis\/konzert-mit-dem-world-music-ensemble-der-universitaet-oldenburg\/\"},\"author\":{\"name\":\"jotw\",\"@id\":\"https:\/\/marienviertel.de\/kulturkreis\/#\/schema\/person\/5991f3ef2f6094b6ce15389027b8d7be\"},\"headline\":\"World Music Ensemble der Universit\u00e4t Oldenburg\",\"datePublished\":\"2019-06-04T10:41:15+00:00\",\"dateModified\":\"2019-09-25T12:06:26+00:00\",\"mainEntityOfPage\":{\"@id\":\"https:\/\/marienviertel.de\/kulturkreis\/konzert-mit-dem-world-music-ensemble-der-universitaet-oldenburg\/\"},\"wordCount\":240,\"commentCount\":0,\"publisher\":{\"@id\":\"https:\/\/marienviertel.de\/kulturkreis\/#organization\"},\"image\":{\"@id\":\"https:\/\/marienviertel.de\/kulturkreis\/konzert-mit-dem-world-music-ensemble-der-universitaet-oldenburg\/#primaryimage\"},\"thumbnailUrl\":\"https:\/\/marienviertel.de\/kulturkreis\/wordpress\/wp-content\/uploads\/2019\/06\/WorldMusicEnsemble-_SoSe18_Konzert_Aula_ce4c40bccb.png\",\"keywords\":[\"World Music Ensemble\"],\"articleSection\":[\"R\u00fcckblicke\"],\"inLanguage\":\"de\",\"potentialAction\":[{\"@type\":\"CommentAction\",\"name\":\"Comment\",\"target\":[\"https:\/\/marienviertel.de\/kulturkreis\/konzert-mit-dem-world-music-ensemble-der-universitaet-oldenburg\/#respond\"]}]},{\"@type\":\"WebPage\",\"@id\":\"https:\/\/marienviertel.de\/kulturkreis\/konzert-mit-dem-world-music-ensemble-der-universitaet-oldenburg\/\",\"url\":\"https:\/\/marienviertel.de\/kulturkreis\/konzert-mit-dem-world-music-ensemble-der-universitaet-oldenburg\/\",\"name\":\"World Music Ensemble der Universit\u00e4t Oldenburg - HOME | Kulturkreis St. Marien\",\"isPartOf\":{\"@id\":\"https:\/\/marienviertel.de\/kulturkreis\/#website\"},\"primaryImageOfPage\":{\"@id\":\"https:\/\/marienviertel.de\/kulturkreis\/konzert-mit-dem-world-music-ensemble-der-universitaet-oldenburg\/#primaryimage\"},\"image\":{\"@id\":\"https:\/\/marienviertel.de\/kulturkreis\/konzert-mit-dem-world-music-ensemble-der-universitaet-oldenburg\/#primaryimage\"},\"thumbnailUrl\":\"https:\/\/marienviertel.de\/kulturkreis\/wordpress\/wp-content\/uploads\/2019\/06\/WorldMusicEnsemble-_SoSe18_Konzert_Aula_ce4c40bccb.png\",\"datePublished\":\"2019-06-04T10:41:15+00:00\",\"dateModified\":\"2019-09-25T12:06:26+00:00\",\"breadcrumb\":{\"@id\":\"https:\/\/marienviertel.de\/kulturkreis\/konzert-mit-dem-world-music-ensemble-der-universitaet-oldenburg\/#breadcrumb\"},\"inLanguage\":\"de\",\"potentialAction\":[{\"@type\":\"ReadAction\",\"target\":[\"https:\/\/marienviertel.de\/kulturkreis\/konzert-mit-dem-world-music-ensemble-der-universitaet-oldenburg\/\"]}]},{\"@type\":\"ImageObject\",\"inLanguage\":\"de\",\"@id\":\"https:\/\/marienviertel.de\/kulturkreis\/konzert-mit-dem-world-music-ensemble-der-universitaet-oldenburg\/#primaryimage\",\"url\":\"https:\/\/marienviertel.de\/kulturkreis\/wordpress\/wp-content\/uploads\/2019\/06\/WorldMusicEnsemble-_SoSe18_Konzert_Aula_ce4c40bccb.png\",\"contentUrl\":\"https:\/\/marienviertel.de\/kulturkreis\/wordpress\/wp-content\/uploads\/2019\/06\/WorldMusicEnsemble-_SoSe18_Konzert_Aula_ce4c40bccb.png\",\"width\":741,\"height\":360},{\"@type\":\"BreadcrumbList\",\"@id\":\"https:\/\/marienviertel.de\/kulturkreis\/konzert-mit-dem-world-music-ensemble-der-universitaet-oldenburg\/#breadcrumb\",\"itemListElement\":[{\"@type\":\"ListItem\",\"position\":1,\"name\":\"Startseite\",\"item\":\"https:\/\/marienviertel.de\/kulturkreis\/\"},{\"@type\":\"ListItem\",\"position\":2,\"name\":\"World Music Ensemble der Universit\u00e4t Oldenburg\"}]},{\"@type\":\"WebSite\",\"@id\":\"https:\/\/marienviertel.de\/kulturkreis\/#website\",\"url\":\"https:\/\/marienviertel.de\/kulturkreis\/\",\"name\":\"HOME | Kulturkreis St. Marien\",\"description\":\"Herzlich willkommen!\",\"publisher\":{\"@id\":\"https:\/\/marienviertel.de\/kulturkreis\/#organization\"},\"potentialAction\":[{\"@type\":\"SearchAction\",\"target\":{\"@type\":\"EntryPoint\",\"urlTemplate\":\"https:\/\/marienviertel.de\/kulturkreis\/?s={search_term_string}\"},\"query-input\":{\"@type\":\"PropertyValueSpecification\",\"valueRequired\":true,\"valueName\":\"search_term_string\"}}],\"inLanguage\":\"de\"},{\"@type\":\"Organization\",\"@id\":\"https:\/\/marienviertel.de\/kulturkreis\/#organization\",\"name\":\"Kulturkreis St. Marien\",\"url\":\"https:\/\/marienviertel.de\/kulturkreis\/\",\"logo\":{\"@type\":\"ImageObject\",\"inLanguage\":\"de\",\"@id\":\"https:\/\/marienviertel.de\/kulturkreis\/#\/schema\/logo\/image\/\",\"url\":\"https:\/\/marienviertel.de\/kulturkreis\/wordpress\/wp-content\/uploads\/2015\/06\/Facebook-Logo-KK-2014.jpg\",\"contentUrl\":\"https:\/\/marienviertel.de\/kulturkreis\/wordpress\/wp-content\/uploads\/2015\/06\/Facebook-Logo-KK-2014.jpg\",\"width\":1045,\"height\":540,\"caption\":\"Kulturkreis St. Marien\"},\"image\":{\"@id\":\"https:\/\/marienviertel.de\/kulturkreis\/#\/schema\/logo\/image\/\"},\"sameAs\":[\"https:\/\/www.facebook.com\/Marienviertel\/\"]},{\"@type\":\"Person\",\"@id\":\"https:\/\/marienviertel.de\/kulturkreis\/#\/schema\/person\/5991f3ef2f6094b6ce15389027b8d7be\",\"name\":\"jotw\",\"image\":{\"@type\":\"ImageObject\",\"inLanguage\":\"de\",\"@id\":\"https:\/\/marienviertel.de\/kulturkreis\/#\/schema\/person\/image\/\",\"url\":\"https:\/\/secure.gravatar.com\/avatar\/f996f1ca35d6d13af46e8af8dc21f10fcdf6f690745c899b68b257dfffe92cd9?s=96&d=mm&r=g\",\"contentUrl\":\"https:\/\/secure.gravatar.com\/avatar\/f996f1ca35d6d13af46e8af8dc21f10fcdf6f690745c899b68b257dfffe92cd9?s=96&d=mm&r=g\",\"caption\":\"jotw\"},\"url\":\"https:\/\/marienviertel.de\/kulturkreis\/author\/admin\/\"}]}<\/script>\n<!-- \/ Yoast SEO plugin. -->","yoast_head_json":{"title":"World Music Ensemble der Universit\u00e4t Oldenburg - HOME | Kulturkreis St. Marien","robots":{"index":"index","follow":"follow","max-snippet":"max-snippet:-1","max-image-preview":"max-image-preview:large","max-video-preview":"max-video-preview:-1"},"canonical":"https:\/\/marienviertel.de\/kulturkreis\/konzert-mit-dem-world-music-ensemble-der-universitaet-oldenburg\/","og_locale":"de_DE","og_type":"article","og_title":"World Music Ensemble der Universit\u00e4t Oldenburg - HOME | Kulturkreis St. Marien","og_description":"Musik aus aller Welt Unter der Leitung des Dorstener Gitarristen und Hochschuldozenten Nangialai Nashir konzertiert das &#8218;World Music Ensemble&#8216; der Universit\u00e4t Oldenburg am Samstag, 13. Juli in der Dorstener Marienkirche. Eine attraktive Mischung unterschiedlicher Musikstile erklingt ab 19:00 Uhr in der wundersch\u00f6nen Akustik dieser Kirche (An der Marienkirche, 46284 Dorsten) Musik aus drei Kontinenten steht &hellip; World Music Ensemble der Universit\u00e4t Oldenburg weiterlesen &rarr;","og_url":"https:\/\/marienviertel.de\/kulturkreis\/konzert-mit-dem-world-music-ensemble-der-universitaet-oldenburg\/","og_site_name":"HOME | Kulturkreis St. Marien","article_publisher":"https:\/\/www.facebook.com\/Marienviertel\/","article_published_time":"2019-06-04T10:41:15+00:00","article_modified_time":"2019-09-25T12:06:26+00:00","og_image":[{"width":741,"height":360,"url":"https:\/\/marienviertel.de\/kulturkreis\/wordpress\/wp-content\/uploads\/2019\/06\/WorldMusicEnsemble-_SoSe18_Konzert_Aula_ce4c40bccb.png","type":"image\/png"}],"author":"jotw","twitter_card":"summary_large_image","twitter_misc":{"Verfasst von":"jotw","Gesch\u00e4tzte Lesezeit":"1\u00a0Minute"},"schema":{"@context":"https:\/\/schema.org","@graph":[{"@type":"Article","@id":"https:\/\/marienviertel.de\/kulturkreis\/konzert-mit-dem-world-music-ensemble-der-universitaet-oldenburg\/#article","isPartOf":{"@id":"https:\/\/marienviertel.de\/kulturkreis\/konzert-mit-dem-world-music-ensemble-der-universitaet-oldenburg\/"},"author":{"name":"jotw","@id":"https:\/\/marienviertel.de\/kulturkreis\/#\/schema\/person\/5991f3ef2f6094b6ce15389027b8d7be"},"headline":"World Music Ensemble der Universit\u00e4t Oldenburg","datePublished":"2019-06-04T10:41:15+00:00","dateModified":"2019-09-25T12:06:26+00:00","mainEntityOfPage":{"@id":"https:\/\/marienviertel.de\/kulturkreis\/konzert-mit-dem-world-music-ensemble-der-universitaet-oldenburg\/"},"wordCount":240,"commentCount":0,"publisher":{"@id":"https:\/\/marienviertel.de\/kulturkreis\/#organization"},"image":{"@id":"https:\/\/marienviertel.de\/kulturkreis\/konzert-mit-dem-world-music-ensemble-der-universitaet-oldenburg\/#primaryimage"},"thumbnailUrl":"https:\/\/marienviertel.de\/kulturkreis\/wordpress\/wp-content\/uploads\/2019\/06\/WorldMusicEnsemble-_SoSe18_Konzert_Aula_ce4c40bccb.png","keywords":["World Music Ensemble"],"articleSection":["R\u00fcckblicke"],"inLanguage":"de","potentialAction":[{"@type":"CommentAction","name":"Comment","target":["https:\/\/marienviertel.de\/kulturkreis\/konzert-mit-dem-world-music-ensemble-der-universitaet-oldenburg\/#respond"]}]},{"@type":"WebPage","@id":"https:\/\/marienviertel.de\/kulturkreis\/konzert-mit-dem-world-music-ensemble-der-universitaet-oldenburg\/","url":"https:\/\/marienviertel.de\/kulturkreis\/konzert-mit-dem-world-music-ensemble-der-universitaet-oldenburg\/","name":"World Music Ensemble der Universit\u00e4t Oldenburg - HOME | Kulturkreis St. Marien","isPartOf":{"@id":"https:\/\/marienviertel.de\/kulturkreis\/#website"},"primaryImageOfPage":{"@id":"https:\/\/marienviertel.de\/kulturkreis\/konzert-mit-dem-world-music-ensemble-der-universitaet-oldenburg\/#primaryimage"},"image":{"@id":"https:\/\/marienviertel.de\/kulturkreis\/konzert-mit-dem-world-music-ensemble-der-universitaet-oldenburg\/#primaryimage"},"thumbnailUrl":"https:\/\/marienviertel.de\/kulturkreis\/wordpress\/wp-content\/uploads\/2019\/06\/WorldMusicEnsemble-_SoSe18_Konzert_Aula_ce4c40bccb.png","datePublished":"2019-06-04T10:41:15+00:00","dateModified":"2019-09-25T12:06:26+00:00","breadcrumb":{"@id":"https:\/\/marienviertel.de\/kulturkreis\/konzert-mit-dem-world-music-ensemble-der-universitaet-oldenburg\/#breadcrumb"},"inLanguage":"de","potentialAction":[{"@type":"ReadAction","target":["https:\/\/marienviertel.de\/kulturkreis\/konzert-mit-dem-world-music-ensemble-der-universitaet-oldenburg\/"]}]},{"@type":"ImageObject","inLanguage":"de","@id":"https:\/\/marienviertel.de\/kulturkreis\/konzert-mit-dem-world-music-ensemble-der-universitaet-oldenburg\/#primaryimage","url":"https:\/\/marienviertel.de\/kulturkreis\/wordpress\/wp-content\/uploads\/2019\/06\/WorldMusicEnsemble-_SoSe18_Konzert_Aula_ce4c40bccb.png","contentUrl":"https:\/\/marienviertel.de\/kulturkreis\/wordpress\/wp-content\/uploads\/2019\/06\/WorldMusicEnsemble-_SoSe18_Konzert_Aula_ce4c40bccb.png","width":741,"height":360},{"@type":"BreadcrumbList","@id":"https:\/\/marienviertel.de\/kulturkreis\/konzert-mit-dem-world-music-ensemble-der-universitaet-oldenburg\/#breadcrumb","itemListElement":[{"@type":"ListItem","position":1,"name":"Startseite","item":"https:\/\/marienviertel.de\/kulturkreis\/"},{"@type":"ListItem","position":2,"name":"World Music Ensemble der Universit\u00e4t Oldenburg"}]},{"@type":"WebSite","@id":"https:\/\/marienviertel.de\/kulturkreis\/#website","url":"https:\/\/marienviertel.de\/kulturkreis\/","name":"HOME | Kulturkreis St. Marien","description":"Herzlich willkommen!","publisher":{"@id":"https:\/\/marienviertel.de\/kulturkreis\/#organization"},"potentialAction":[{"@type":"SearchAction","target":{"@type":"EntryPoint","urlTemplate":"https:\/\/marienviertel.de\/kulturkreis\/?s={search_term_string}"},"query-input":{"@type":"PropertyValueSpecification","valueRequired":true,"valueName":"search_term_string"}}],"inLanguage":"de"},{"@type":"Organization","@id":"https:\/\/marienviertel.de\/kulturkreis\/#organization","name":"Kulturkreis St. Marien","url":"https:\/\/marienviertel.de\/kulturkreis\/","logo":{"@type":"ImageObject","inLanguage":"de","@id":"https:\/\/marienviertel.de\/kulturkreis\/#\/schema\/logo\/image\/","url":"https:\/\/marienviertel.de\/kulturkreis\/wordpress\/wp-content\/uploads\/2015\/06\/Facebook-Logo-KK-2014.jpg","contentUrl":"https:\/\/marienviertel.de\/kulturkreis\/wordpress\/wp-content\/uploads\/2015\/06\/Facebook-Logo-KK-2014.jpg","width":1045,"height":540,"caption":"Kulturkreis St. Marien"},"image":{"@id":"https:\/\/marienviertel.de\/kulturkreis\/#\/schema\/logo\/image\/"},"sameAs":["https:\/\/www.facebook.com\/Marienviertel\/"]},{"@type":"Person","@id":"https:\/\/marienviertel.de\/kulturkreis\/#\/schema\/person\/5991f3ef2f6094b6ce15389027b8d7be","name":"jotw","image":{"@type":"ImageObject","inLanguage":"de","@id":"https:\/\/marienviertel.de\/kulturkreis\/#\/schema\/person\/image\/","url":"https:\/\/secure.gravatar.com\/avatar\/f996f1ca35d6d13af46e8af8dc21f10fcdf6f690745c899b68b257dfffe92cd9?s=96&d=mm&r=g","contentUrl":"https:\/\/secure.gravatar.com\/avatar\/f996f1ca35d6d13af46e8af8dc21f10fcdf6f690745c899b68b257dfffe92cd9?s=96&d=mm&r=g","caption":"jotw"},"url":"https:\/\/marienviertel.de\/kulturkreis\/author\/admin\/"}]}},"jetpack_publicize_connections":[],"cc_featured_image_caption":{"caption_text":"Foto: \u00a9 Shervin Hajinia, Juni 2018","source_text":"","source_url":""},"jetpack_featured_media_url":"https:\/\/marienviertel.de\/kulturkreis\/wordpress\/wp-content\/uploads\/2019\/06\/WorldMusicEnsemble-_SoSe18_Konzert_Aula_ce4c40bccb.png","jetpack_sharing_enabled":true,"jetpack_shortlink":"https:\/\/wp.me\/p7zbXy-l7","_links":{"self":[{"href":"https:\/\/marienviertel.de\/kulturkreis\/wp-json\/wp\/v2\/posts\/1309","targetHints":{"allow":["GET"]}}],"collection":[{"href":"https:\/\/marienviertel.de\/kulturkreis\/wp-json\/wp\/v2\/posts"}],"about":[{"href":"https:\/\/marienviertel.de\/kulturkreis\/wp-json\/wp\/v2\/types\/post"}],"author":[{"embeddable":true,"href":"https:\/\/marienviertel.de\/kulturkreis\/wp-json\/wp\/v2\/users\/2"}],"replies":[{"embeddable":true,"href":"https:\/\/marienviertel.de\/kulturkreis\/wp-json\/wp\/v2\/comments?post=1309"}],"version-history":[{"count":9,"href":"https:\/\/marienviertel.de\/kulturkreis\/wp-json\/wp\/v2\/posts\/1309\/revisions"}],"predecessor-version":[{"id":1329,"href":"https:\/\/marienviertel.de\/kulturkreis\/wp-json\/wp\/v2\/posts\/1309\/revisions\/1329"}],"wp:featuredmedia":[{"embeddable":true,"href":"https:\/\/marienviertel.de\/kulturkreis\/wp-json\/wp\/v2\/media\/1311"}],"wp:attachment":[{"href":"https:\/\/marienviertel.de\/kulturkreis\/wp-json\/wp\/v2\/media?parent=1309"}],"wp:term":[{"taxonomy":"category","embeddable":true,"href":"https:\/\/marienviertel.de\/kulturkreis\/wp-json\/wp\/v2\/categories?post=1309"},{"taxonomy":"post_tag","embeddable":true,"href":"https:\/\/marienviertel.de\/kulturkreis\/wp-json\/wp\/v2\/tags?post=1309"}],"curies":[{"name":"wp","href":"https:\/\/api.w.org\/{rel}","templated":true}]}}