{"id":1304,"date":"2019-09-18T12:30:16","date_gmt":"2019-09-18T10:30:16","guid":{"rendered":"https:\/\/marienviertel.de\/kulturkreis\/?p=1304"},"modified":"2019-09-30T13:54:06","modified_gmt":"2019-09-30T11:54:06","slug":"was-soll-der-unsinn","status":"publish","type":"post","link":"https:\/\/marienviertel.de\/kulturkreis\/was-soll-der-unsinn\/","title":{"rendered":"Was soll der Unsinn?"},"content":{"rendered":"<p><strong>Szenische Lesung zum 200. Geburtstag von Theodor Fontane<\/strong><\/p>\n<p>In seinen Reimen schenkte er uns Birnen aus dem Havelland, literarisch nahm er uns mit auf Wanderungen durch die Mark Brandenburg. Doch Theodor Fontane, dessen Geburtstag sich 2019 zum 200. Mal j\u00e4hrt, war viel mehr als Poet und Buchautor: Zum Beispiel Freiheitsk\u00e4mpfer, Theaterkritiker und Kriegsberichterstatter.<\/p>\n<p><a href=\"https:\/\/marienviertel.de\/kulturkreis\/wordpress\/wp-content\/uploads\/2019\/06\/Fontane-schreibtisch-1zqnFELcv1a7.jpg\"><img loading=\"lazy\" decoding=\"async\" class=\"alignnone size-full wp-image-1315\" src=\"https:\/\/marienviertel.de\/kulturkreis\/wordpress\/wp-content\/uploads\/2019\/06\/Fontane-schreibtisch-1zqnFELcv1a7.jpg\" alt=\"\" width=\"1024\" height=\"576\" srcset=\"https:\/\/marienviertel.de\/kulturkreis\/wordpress\/wp-content\/uploads\/2019\/06\/Fontane-schreibtisch-1zqnFELcv1a7.jpg 1024w, https:\/\/marienviertel.de\/kulturkreis\/wordpress\/wp-content\/uploads\/2019\/06\/Fontane-schreibtisch-1zqnFELcv1a7-300x169.jpg 300w, https:\/\/marienviertel.de\/kulturkreis\/wordpress\/wp-content\/uploads\/2019\/06\/Fontane-schreibtisch-1zqnFELcv1a7-768x432.jpg 768w\" sizes=\"auto, (max-width: 1024px) 100vw, 1024px\" \/><\/a><\/p>\n<p>Nach der Begegnung mit Martin Luther und Karl Marx lud im M\u00e4rz 2019 Bertold Hanck\u00a0 das Publikum ein, auf der B\u00fchne des <a href=\"https:\/\/www.cornelia-funke-baumhaus.de\/\"><strong>Cornelia-Funke-Baumhauses<\/strong><\/a> eine bedeutende, aber auch widerspr\u00fcchliche Pers\u00f6nlichkeit der deutschen Kulturgeschichte besser kennenzulernen.<\/p>\n<p>Der Zuspruch zu diesen Lesungen war so \u00fcberw\u00e4ltigend, dass der Kulturkreis St. Marien alles unternahm, diesen &#8218;Unsinn&#8216; noch mehr Interessierten zug\u00e4nglich zu machen.<\/p>\n<p>Eine Veranstaltung in Kooperation von Cornelia-Funke-Baumhaus und Kulturkreis St. Marien<\/p>\n<p>Sonntag: 29.09.2019 um 17.00 Uhr<\/p>\n<p>Eintritt 10,-\u20ac (Erl\u00f6s f\u00fcr die Arbeit des Baumhauses)<\/p>\n<p>Die Damen des Kulturkreises bieten ab 15.30 Uhr ein Caf\u00e9 an ; vielleicht ist auch etwas mit Birnen dabei &#8230; (Erl\u00f6s f\u00fcr die Arbeit des Kulturkreises)<\/p>\n<p>Veranstaltungsort: Pfarrheim St Marien,\u00a0Marienstr. 75, 46284 Dorsten<\/p>\n<p>\u00dcbrigens: Hans-Georg von Ribbeck, Fontanes Birnenfreund, starb 1759, also vor genau 260 Jahren (zur Familiengeschichte der von Ribbecks: <strong><a href=\"https:\/\/www.vonribbeck.de\/ueber-uns\/\">https:\/\/www.vonribbeck.de\/ueber-uns\/<\/a><\/strong>)<\/p>\n<p>&nbsp;<\/p>\n","protected":false},"excerpt":{"rendered":"<p>Szenische Lesung zum 200. Geburtstag von Theodor Fontane In seinen Reimen schenkte er uns Birnen aus dem Havelland, literarisch nahm er uns mit auf Wanderungen durch die Mark Brandenburg. Doch Theodor Fontane, dessen Geburtstag sich 2019 zum 200. Mal j\u00e4hrt, war viel mehr als Poet und Buchautor: Zum Beispiel Freiheitsk\u00e4mpfer, Theaterkritiker und Kriegsberichterstatter. Nach der &hellip; <a href=\"https:\/\/marienviertel.de\/kulturkreis\/was-soll-der-unsinn\/\" class=\"more-link\"><span class=\"screen-reader-text\">Was soll der Unsinn?<\/span> weiterlesen <span class=\"meta-nav\">&rarr;<\/span><\/a><\/p>\n","protected":false},"author":2,"featured_media":1531,"comment_status":"open","ping_status":"open","sticky":false,"template":"","format":"standard","meta":{"jetpack_post_was_ever_published":false,"_jetpack_newsletter_access":"","_jetpack_dont_email_post_to_subs":false,"_jetpack_newsletter_tier_id":0,"_jetpack_memberships_contains_paywalled_content":false,"_jetpack_memberships_contains_paid_content":false,"footnotes":"","jetpack_publicize_message":"","jetpack_publicize_feature_enabled":true,"jetpack_social_post_already_shared":true,"jetpack_social_options":{"image_generator_settings":{"template":"highway","default_image_id":0,"font":"","enabled":false},"version":2}},"categories":[2],"tags":[122,128],"class_list":["post-1304","post","type-post","status-publish","format-standard","has-post-thumbnail","hentry","category-programm","tag-cornelia-funke-baumhaus","tag-fontane"],"yoast_head":"<!-- This site is optimized with the Yoast SEO plugin v26.7 - https:\/\/yoast.com\/wordpress\/plugins\/seo\/ -->\n<title>Was soll der Unsinn? - HOME | Kulturkreis St. Marien<\/title>\n<meta name=\"robots\" content=\"index, follow, max-snippet:-1, max-image-preview:large, max-video-preview:-1\" \/>\n<link rel=\"canonical\" href=\"https:\/\/marienviertel.de\/kulturkreis\/was-soll-der-unsinn\/\" \/>\n<meta property=\"og:locale\" content=\"de_DE\" \/>\n<meta property=\"og:type\" content=\"article\" \/>\n<meta property=\"og:title\" content=\"Was soll der Unsinn? - HOME | Kulturkreis St. Marien\" \/>\n<meta property=\"og:description\" content=\"Szenische Lesung zum 200. Geburtstag von Theodor Fontane In seinen Reimen schenkte er uns Birnen aus dem Havelland, literarisch nahm er uns mit auf Wanderungen durch die Mark Brandenburg. Doch Theodor Fontane, dessen Geburtstag sich 2019 zum 200. Mal j\u00e4hrt, war viel mehr als Poet und Buchautor: Zum Beispiel Freiheitsk\u00e4mpfer, Theaterkritiker und Kriegsberichterstatter. Nach der &hellip; Was soll der Unsinn? weiterlesen &rarr;\" \/>\n<meta property=\"og:url\" content=\"https:\/\/marienviertel.de\/kulturkreis\/was-soll-der-unsinn\/\" \/>\n<meta property=\"og:site_name\" content=\"HOME | Kulturkreis St. Marien\" \/>\n<meta property=\"article:publisher\" content=\"https:\/\/www.facebook.com\/Marienviertel\/\" \/>\n<meta property=\"article:published_time\" content=\"2019-09-18T10:30:16+00:00\" \/>\n<meta property=\"article:modified_time\" content=\"2019-09-30T11:54:06+00:00\" \/>\n<meta property=\"og:image\" content=\"https:\/\/marienviertel.de\/kulturkreis\/wordpress\/wp-content\/uploads\/2019\/06\/2019-09-29-Fontane-Hexen.jpg\" \/>\n\t<meta property=\"og:image:width\" content=\"827\" \/>\n\t<meta property=\"og:image:height\" content=\"418\" \/>\n\t<meta property=\"og:image:type\" content=\"image\/jpeg\" \/>\n<meta name=\"author\" content=\"jotw\" \/>\n<meta name=\"twitter:card\" content=\"summary_large_image\" \/>\n<meta name=\"twitter:label1\" content=\"Verfasst von\" \/>\n\t<meta name=\"twitter:data1\" content=\"jotw\" \/>\n\t<meta name=\"twitter:label2\" content=\"Gesch\u00e4tzte Lesezeit\" \/>\n\t<meta name=\"twitter:data2\" content=\"1\u00a0Minute\" \/>\n<script type=\"application\/ld+json\" class=\"yoast-schema-graph\">{\"@context\":\"https:\/\/schema.org\",\"@graph\":[{\"@type\":\"Article\",\"@id\":\"https:\/\/marienviertel.de\/kulturkreis\/was-soll-der-unsinn\/#article\",\"isPartOf\":{\"@id\":\"https:\/\/marienviertel.de\/kulturkreis\/was-soll-der-unsinn\/\"},\"author\":{\"name\":\"jotw\",\"@id\":\"https:\/\/marienviertel.de\/kulturkreis\/#\/schema\/person\/5991f3ef2f6094b6ce15389027b8d7be\"},\"headline\":\"Was soll der Unsinn?\",\"datePublished\":\"2019-09-18T10:30:16+00:00\",\"dateModified\":\"2019-09-30T11:54:06+00:00\",\"mainEntityOfPage\":{\"@id\":\"https:\/\/marienviertel.de\/kulturkreis\/was-soll-der-unsinn\/\"},\"wordCount\":194,\"commentCount\":0,\"publisher\":{\"@id\":\"https:\/\/marienviertel.de\/kulturkreis\/#organization\"},\"image\":{\"@id\":\"https:\/\/marienviertel.de\/kulturkreis\/was-soll-der-unsinn\/#primaryimage\"},\"thumbnailUrl\":\"https:\/\/marienviertel.de\/kulturkreis\/wordpress\/wp-content\/uploads\/2019\/06\/2019-09-29-Fontane-Hexen.jpg\",\"keywords\":[\"Cornelia-Funke-Baumhaus\",\"Fontane\"],\"articleSection\":[\"Programm\"],\"inLanguage\":\"de\",\"potentialAction\":[{\"@type\":\"CommentAction\",\"name\":\"Comment\",\"target\":[\"https:\/\/marienviertel.de\/kulturkreis\/was-soll-der-unsinn\/#respond\"]}]},{\"@type\":\"WebPage\",\"@id\":\"https:\/\/marienviertel.de\/kulturkreis\/was-soll-der-unsinn\/\",\"url\":\"https:\/\/marienviertel.de\/kulturkreis\/was-soll-der-unsinn\/\",\"name\":\"Was soll der Unsinn? - HOME | Kulturkreis St. Marien\",\"isPartOf\":{\"@id\":\"https:\/\/marienviertel.de\/kulturkreis\/#website\"},\"primaryImageOfPage\":{\"@id\":\"https:\/\/marienviertel.de\/kulturkreis\/was-soll-der-unsinn\/#primaryimage\"},\"image\":{\"@id\":\"https:\/\/marienviertel.de\/kulturkreis\/was-soll-der-unsinn\/#primaryimage\"},\"thumbnailUrl\":\"https:\/\/marienviertel.de\/kulturkreis\/wordpress\/wp-content\/uploads\/2019\/06\/2019-09-29-Fontane-Hexen.jpg\",\"datePublished\":\"2019-09-18T10:30:16+00:00\",\"dateModified\":\"2019-09-30T11:54:06+00:00\",\"breadcrumb\":{\"@id\":\"https:\/\/marienviertel.de\/kulturkreis\/was-soll-der-unsinn\/#breadcrumb\"},\"inLanguage\":\"de\",\"potentialAction\":[{\"@type\":\"ReadAction\",\"target\":[\"https:\/\/marienviertel.de\/kulturkreis\/was-soll-der-unsinn\/\"]}]},{\"@type\":\"ImageObject\",\"inLanguage\":\"de\",\"@id\":\"https:\/\/marienviertel.de\/kulturkreis\/was-soll-der-unsinn\/#primaryimage\",\"url\":\"https:\/\/marienviertel.de\/kulturkreis\/wordpress\/wp-content\/uploads\/2019\/06\/2019-09-29-Fontane-Hexen.jpg\",\"contentUrl\":\"https:\/\/marienviertel.de\/kulturkreis\/wordpress\/wp-content\/uploads\/2019\/06\/2019-09-29-Fontane-Hexen.jpg\",\"width\":827,\"height\":418,\"caption\":\"Wann treffen wir drei wieder zusamm'? \u2013 Um die siebente Stung', am Br\u00fcckendamm\"},{\"@type\":\"BreadcrumbList\",\"@id\":\"https:\/\/marienviertel.de\/kulturkreis\/was-soll-der-unsinn\/#breadcrumb\",\"itemListElement\":[{\"@type\":\"ListItem\",\"position\":1,\"name\":\"Startseite\",\"item\":\"https:\/\/marienviertel.de\/kulturkreis\/\"},{\"@type\":\"ListItem\",\"position\":2,\"name\":\"Was soll der Unsinn?\"}]},{\"@type\":\"WebSite\",\"@id\":\"https:\/\/marienviertel.de\/kulturkreis\/#website\",\"url\":\"https:\/\/marienviertel.de\/kulturkreis\/\",\"name\":\"HOME | Kulturkreis St. Marien\",\"description\":\"Herzlich willkommen!\",\"publisher\":{\"@id\":\"https:\/\/marienviertel.de\/kulturkreis\/#organization\"},\"potentialAction\":[{\"@type\":\"SearchAction\",\"target\":{\"@type\":\"EntryPoint\",\"urlTemplate\":\"https:\/\/marienviertel.de\/kulturkreis\/?s={search_term_string}\"},\"query-input\":{\"@type\":\"PropertyValueSpecification\",\"valueRequired\":true,\"valueName\":\"search_term_string\"}}],\"inLanguage\":\"de\"},{\"@type\":\"Organization\",\"@id\":\"https:\/\/marienviertel.de\/kulturkreis\/#organization\",\"name\":\"Kulturkreis St. Marien\",\"url\":\"https:\/\/marienviertel.de\/kulturkreis\/\",\"logo\":{\"@type\":\"ImageObject\",\"inLanguage\":\"de\",\"@id\":\"https:\/\/marienviertel.de\/kulturkreis\/#\/schema\/logo\/image\/\",\"url\":\"https:\/\/marienviertel.de\/kulturkreis\/wordpress\/wp-content\/uploads\/2015\/06\/Facebook-Logo-KK-2014.jpg\",\"contentUrl\":\"https:\/\/marienviertel.de\/kulturkreis\/wordpress\/wp-content\/uploads\/2015\/06\/Facebook-Logo-KK-2014.jpg\",\"width\":1045,\"height\":540,\"caption\":\"Kulturkreis St. Marien\"},\"image\":{\"@id\":\"https:\/\/marienviertel.de\/kulturkreis\/#\/schema\/logo\/image\/\"},\"sameAs\":[\"https:\/\/www.facebook.com\/Marienviertel\/\"]},{\"@type\":\"Person\",\"@id\":\"https:\/\/marienviertel.de\/kulturkreis\/#\/schema\/person\/5991f3ef2f6094b6ce15389027b8d7be\",\"name\":\"jotw\",\"image\":{\"@type\":\"ImageObject\",\"inLanguage\":\"de\",\"@id\":\"https:\/\/marienviertel.de\/kulturkreis\/#\/schema\/person\/image\/\",\"url\":\"https:\/\/secure.gravatar.com\/avatar\/f996f1ca35d6d13af46e8af8dc21f10fcdf6f690745c899b68b257dfffe92cd9?s=96&d=mm&r=g\",\"contentUrl\":\"https:\/\/secure.gravatar.com\/avatar\/f996f1ca35d6d13af46e8af8dc21f10fcdf6f690745c899b68b257dfffe92cd9?s=96&d=mm&r=g\",\"caption\":\"jotw\"},\"url\":\"https:\/\/marienviertel.de\/kulturkreis\/author\/admin\/\"}]}<\/script>\n<!-- \/ Yoast SEO plugin. -->","yoast_head_json":{"title":"Was soll der Unsinn? - HOME | Kulturkreis St. Marien","robots":{"index":"index","follow":"follow","max-snippet":"max-snippet:-1","max-image-preview":"max-image-preview:large","max-video-preview":"max-video-preview:-1"},"canonical":"https:\/\/marienviertel.de\/kulturkreis\/was-soll-der-unsinn\/","og_locale":"de_DE","og_type":"article","og_title":"Was soll der Unsinn? - HOME | Kulturkreis St. Marien","og_description":"Szenische Lesung zum 200. Geburtstag von Theodor Fontane In seinen Reimen schenkte er uns Birnen aus dem Havelland, literarisch nahm er uns mit auf Wanderungen durch die Mark Brandenburg. Doch Theodor Fontane, dessen Geburtstag sich 2019 zum 200. Mal j\u00e4hrt, war viel mehr als Poet und Buchautor: Zum Beispiel Freiheitsk\u00e4mpfer, Theaterkritiker und Kriegsberichterstatter. Nach der &hellip; Was soll der Unsinn? weiterlesen &rarr;","og_url":"https:\/\/marienviertel.de\/kulturkreis\/was-soll-der-unsinn\/","og_site_name":"HOME | Kulturkreis St. Marien","article_publisher":"https:\/\/www.facebook.com\/Marienviertel\/","article_published_time":"2019-09-18T10:30:16+00:00","article_modified_time":"2019-09-30T11:54:06+00:00","og_image":[{"width":827,"height":418,"url":"https:\/\/marienviertel.de\/kulturkreis\/wordpress\/wp-content\/uploads\/2019\/06\/2019-09-29-Fontane-Hexen.jpg","type":"image\/jpeg"}],"author":"jotw","twitter_card":"summary_large_image","twitter_misc":{"Verfasst von":"jotw","Gesch\u00e4tzte Lesezeit":"1\u00a0Minute"},"schema":{"@context":"https:\/\/schema.org","@graph":[{"@type":"Article","@id":"https:\/\/marienviertel.de\/kulturkreis\/was-soll-der-unsinn\/#article","isPartOf":{"@id":"https:\/\/marienviertel.de\/kulturkreis\/was-soll-der-unsinn\/"},"author":{"name":"jotw","@id":"https:\/\/marienviertel.de\/kulturkreis\/#\/schema\/person\/5991f3ef2f6094b6ce15389027b8d7be"},"headline":"Was soll der Unsinn?","datePublished":"2019-09-18T10:30:16+00:00","dateModified":"2019-09-30T11:54:06+00:00","mainEntityOfPage":{"@id":"https:\/\/marienviertel.de\/kulturkreis\/was-soll-der-unsinn\/"},"wordCount":194,"commentCount":0,"publisher":{"@id":"https:\/\/marienviertel.de\/kulturkreis\/#organization"},"image":{"@id":"https:\/\/marienviertel.de\/kulturkreis\/was-soll-der-unsinn\/#primaryimage"},"thumbnailUrl":"https:\/\/marienviertel.de\/kulturkreis\/wordpress\/wp-content\/uploads\/2019\/06\/2019-09-29-Fontane-Hexen.jpg","keywords":["Cornelia-Funke-Baumhaus","Fontane"],"articleSection":["Programm"],"inLanguage":"de","potentialAction":[{"@type":"CommentAction","name":"Comment","target":["https:\/\/marienviertel.de\/kulturkreis\/was-soll-der-unsinn\/#respond"]}]},{"@type":"WebPage","@id":"https:\/\/marienviertel.de\/kulturkreis\/was-soll-der-unsinn\/","url":"https:\/\/marienviertel.de\/kulturkreis\/was-soll-der-unsinn\/","name":"Was soll der Unsinn? - HOME | Kulturkreis St. Marien","isPartOf":{"@id":"https:\/\/marienviertel.de\/kulturkreis\/#website"},"primaryImageOfPage":{"@id":"https:\/\/marienviertel.de\/kulturkreis\/was-soll-der-unsinn\/#primaryimage"},"image":{"@id":"https:\/\/marienviertel.de\/kulturkreis\/was-soll-der-unsinn\/#primaryimage"},"thumbnailUrl":"https:\/\/marienviertel.de\/kulturkreis\/wordpress\/wp-content\/uploads\/2019\/06\/2019-09-29-Fontane-Hexen.jpg","datePublished":"2019-09-18T10:30:16+00:00","dateModified":"2019-09-30T11:54:06+00:00","breadcrumb":{"@id":"https:\/\/marienviertel.de\/kulturkreis\/was-soll-der-unsinn\/#breadcrumb"},"inLanguage":"de","potentialAction":[{"@type":"ReadAction","target":["https:\/\/marienviertel.de\/kulturkreis\/was-soll-der-unsinn\/"]}]},{"@type":"ImageObject","inLanguage":"de","@id":"https:\/\/marienviertel.de\/kulturkreis\/was-soll-der-unsinn\/#primaryimage","url":"https:\/\/marienviertel.de\/kulturkreis\/wordpress\/wp-content\/uploads\/2019\/06\/2019-09-29-Fontane-Hexen.jpg","contentUrl":"https:\/\/marienviertel.de\/kulturkreis\/wordpress\/wp-content\/uploads\/2019\/06\/2019-09-29-Fontane-Hexen.jpg","width":827,"height":418,"caption":"Wann treffen wir drei wieder zusamm'? \u2013 Um die siebente Stung', am Br\u00fcckendamm"},{"@type":"BreadcrumbList","@id":"https:\/\/marienviertel.de\/kulturkreis\/was-soll-der-unsinn\/#breadcrumb","itemListElement":[{"@type":"ListItem","position":1,"name":"Startseite","item":"https:\/\/marienviertel.de\/kulturkreis\/"},{"@type":"ListItem","position":2,"name":"Was soll der Unsinn?"}]},{"@type":"WebSite","@id":"https:\/\/marienviertel.de\/kulturkreis\/#website","url":"https:\/\/marienviertel.de\/kulturkreis\/","name":"HOME | Kulturkreis St. Marien","description":"Herzlich willkommen!","publisher":{"@id":"https:\/\/marienviertel.de\/kulturkreis\/#organization"},"potentialAction":[{"@type":"SearchAction","target":{"@type":"EntryPoint","urlTemplate":"https:\/\/marienviertel.de\/kulturkreis\/?s={search_term_string}"},"query-input":{"@type":"PropertyValueSpecification","valueRequired":true,"valueName":"search_term_string"}}],"inLanguage":"de"},{"@type":"Organization","@id":"https:\/\/marienviertel.de\/kulturkreis\/#organization","name":"Kulturkreis St. Marien","url":"https:\/\/marienviertel.de\/kulturkreis\/","logo":{"@type":"ImageObject","inLanguage":"de","@id":"https:\/\/marienviertel.de\/kulturkreis\/#\/schema\/logo\/image\/","url":"https:\/\/marienviertel.de\/kulturkreis\/wordpress\/wp-content\/uploads\/2015\/06\/Facebook-Logo-KK-2014.jpg","contentUrl":"https:\/\/marienviertel.de\/kulturkreis\/wordpress\/wp-content\/uploads\/2015\/06\/Facebook-Logo-KK-2014.jpg","width":1045,"height":540,"caption":"Kulturkreis St. Marien"},"image":{"@id":"https:\/\/marienviertel.de\/kulturkreis\/#\/schema\/logo\/image\/"},"sameAs":["https:\/\/www.facebook.com\/Marienviertel\/"]},{"@type":"Person","@id":"https:\/\/marienviertel.de\/kulturkreis\/#\/schema\/person\/5991f3ef2f6094b6ce15389027b8d7be","name":"jotw","image":{"@type":"ImageObject","inLanguage":"de","@id":"https:\/\/marienviertel.de\/kulturkreis\/#\/schema\/person\/image\/","url":"https:\/\/secure.gravatar.com\/avatar\/f996f1ca35d6d13af46e8af8dc21f10fcdf6f690745c899b68b257dfffe92cd9?s=96&d=mm&r=g","contentUrl":"https:\/\/secure.gravatar.com\/avatar\/f996f1ca35d6d13af46e8af8dc21f10fcdf6f690745c899b68b257dfffe92cd9?s=96&d=mm&r=g","caption":"jotw"},"url":"https:\/\/marienviertel.de\/kulturkreis\/author\/admin\/"}]}},"jetpack_publicize_connections":[],"cc_featured_image_caption":{"caption_text":"Wann treffen wir drei wieder zusamm'? \u2013 Um die siebente Stund', am Br\u00fcckendamm! Foto: Cornelia-Funke-Baumhaus","source_text":"","source_url":""},"jetpack_featured_media_url":"https:\/\/marienviertel.de\/kulturkreis\/wordpress\/wp-content\/uploads\/2019\/06\/2019-09-29-Fontane-Hexen.jpg","jetpack_sharing_enabled":true,"jetpack_shortlink":"https:\/\/wp.me\/p7zbXy-l2","_links":{"self":[{"href":"https:\/\/marienviertel.de\/kulturkreis\/wp-json\/wp\/v2\/posts\/1304","targetHints":{"allow":["GET"]}}],"collection":[{"href":"https:\/\/marienviertel.de\/kulturkreis\/wp-json\/wp\/v2\/posts"}],"about":[{"href":"https:\/\/marienviertel.de\/kulturkreis\/wp-json\/wp\/v2\/types\/post"}],"author":[{"embeddable":true,"href":"https:\/\/marienviertel.de\/kulturkreis\/wp-json\/wp\/v2\/users\/2"}],"replies":[{"embeddable":true,"href":"https:\/\/marienviertel.de\/kulturkreis\/wp-json\/wp\/v2\/comments?post=1304"}],"version-history":[{"count":6,"href":"https:\/\/marienviertel.de\/kulturkreis\/wp-json\/wp\/v2\/posts\/1304\/revisions"}],"predecessor-version":[{"id":1330,"href":"https:\/\/marienviertel.de\/kulturkreis\/wp-json\/wp\/v2\/posts\/1304\/revisions\/1330"}],"wp:featuredmedia":[{"embeddable":true,"href":"https:\/\/marienviertel.de\/kulturkreis\/wp-json\/wp\/v2\/media\/1531"}],"wp:attachment":[{"href":"https:\/\/marienviertel.de\/kulturkreis\/wp-json\/wp\/v2\/media?parent=1304"}],"wp:term":[{"taxonomy":"category","embeddable":true,"href":"https:\/\/marienviertel.de\/kulturkreis\/wp-json\/wp\/v2\/categories?post=1304"},{"taxonomy":"post_tag","embeddable":true,"href":"https:\/\/marienviertel.de\/kulturkreis\/wp-json\/wp\/v2\/tags?post=1304"}],"curies":[{"name":"wp","href":"https:\/\/api.w.org\/{rel}","templated":true}]}}