{"id":1300,"date":"2019-06-03T21:02:20","date_gmt":"2019-06-03T19:02:20","guid":{"rendered":"https:\/\/marienviertel.de\/kulturkreis\/?p=1300"},"modified":"2019-09-25T14:06:49","modified_gmt":"2019-09-25T12:06:49","slug":"parken-beim-cantella-konzert","status":"publish","type":"post","link":"https:\/\/marienviertel.de\/kulturkreis\/parken-beim-cantella-konzert\/","title":{"rendered":"Parken beim Cant&#8217;Ella-Konzert"},"content":{"rendered":"<p>Liebe G\u00e4ste unserer Veranstaltungen,<\/p>\n<p>angesichts der vielen von ausw\u00e4rts mit dem Pkw anfahrenden G\u00e4ste und Chormitglieder m\u00f6chten wir hier noch einmal auf die Parkm\u00f6glichkeiten hinweisen.<\/p>\n<p><strong>Der Parkplatz der Fa. Sch\u00fcrholz steht uns exklusiv f\u00fcr dieses Konzert zur Verf\u00fcgung (s.u.). Herzlichen Dank an die Familie Sch\u00fcrholz!<\/strong><\/p>\n<p><strong>Hinweis \u00fcber Anfahrt und Parkm\u00f6glichkeiten:<\/strong><\/p>\n<p>Die Benutzung erfolgt stets auf eigene Gefahr!<br \/>\nBitte beachten Sie die Belange der Anwohner!<br \/>\nLassen Sie bitte auch gen\u00fcgend Platz f\u00fcr Einsatzfahrzeuge der Feuerwehr!<\/p>\n<p>An der Marienkirche selbst stehen in beschr\u00e4nktem Ma\u00df Parkpl\u00e4tze zur Verf\u00fcgung.<br \/>\n<strong>\u2192\u00a0Navigation: Dorsten, An der Marienkirche 11<\/strong><\/p>\n<p>Ferner steht der Parkplatz des Caritas-Bildungszentrums (ehem.\u00a0 Realschule) an der Bismarckstra\u00dfe (vor und neben dem Sportplatz) zur Verf\u00fcgung. Fu\u00dfweg: unter 5 Minuten<br \/>\n<strong>\u2192\u00a0Navigation: Dorsten, Bismarckstr. 106<\/strong><\/p>\n<p>Exklusiv f\u00fcr dieses Konzert stellt uns die Familie Sch\u00fcrholz ihren Firmenparkplatz zur Verf\u00fcgung. Die Zufahrt ist ausgeschildert.<br \/>\n<strong>\u2192 Navigation: Dorsten, Marienstra\u00dfe 51<\/strong> (von der Bismarckstra\u00dfe kommend die erste Toreinfahrt rechts. Fu\u00dfweg: unter 5 Minuten<\/p>\n<p>Der Parkplatz Zollern entf\u00e4llt!<\/p>\n<p><a href=\"https:\/\/marienviertel.de\/kulturkreis\/wordpress\/wp-content\/uploads\/2019\/06\/Parken-neu-mit-sch\u00fcrholz.jpg\"><img loading=\"lazy\" decoding=\"async\" class=\"alignnone wp-image-1301 size-full\" src=\"https:\/\/marienviertel.de\/kulturkreis\/wordpress\/wp-content\/uploads\/2019\/06\/Parken-neu-mit-sch\u00fcrholz.jpg\" alt=\"\" width=\"280\" height=\"584\" srcset=\"https:\/\/marienviertel.de\/kulturkreis\/wordpress\/wp-content\/uploads\/2019\/06\/Parken-neu-mit-sch\u00fcrholz.jpg 280w, https:\/\/marienviertel.de\/kulturkreis\/wordpress\/wp-content\/uploads\/2019\/06\/Parken-neu-mit-sch\u00fcrholz-144x300.jpg 144w\" sizes=\"auto, (max-width: 280px) 100vw, 280px\" \/><\/a><\/p>\n<p>&nbsp;<\/p>\n","protected":false},"excerpt":{"rendered":"<p>Liebe G\u00e4ste unserer Veranstaltungen, angesichts der vielen von ausw\u00e4rts mit dem Pkw anfahrenden G\u00e4ste und Chormitglieder m\u00f6chten wir hier noch einmal auf die Parkm\u00f6glichkeiten hinweisen. Der Parkplatz der Fa. Sch\u00fcrholz steht uns exklusiv f\u00fcr dieses Konzert zur Verf\u00fcgung (s.u.). Herzlichen Dank an die Familie Sch\u00fcrholz! Hinweis \u00fcber Anfahrt und Parkm\u00f6glichkeiten: Die Benutzung erfolgt stets auf &hellip; <a href=\"https:\/\/marienviertel.de\/kulturkreis\/parken-beim-cantella-konzert\/\" class=\"more-link\"><span class=\"screen-reader-text\">Parken beim Cant&#8217;Ella-Konzert<\/span> weiterlesen <span class=\"meta-nav\">&rarr;<\/span><\/a><\/p>\n","protected":false},"author":2,"featured_media":1302,"comment_status":"open","ping_status":"open","sticky":false,"template":"","format":"standard","meta":{"jetpack_post_was_ever_published":false,"_jetpack_newsletter_access":"","_jetpack_dont_email_post_to_subs":false,"_jetpack_newsletter_tier_id":0,"_jetpack_memberships_contains_paywalled_content":false,"_jetpack_memberships_contains_paid_content":false,"footnotes":"","jetpack_publicize_message":"","jetpack_publicize_feature_enabled":true,"jetpack_social_post_already_shared":true,"jetpack_social_options":{"image_generator_settings":{"template":"highway","default_image_id":0,"font":"","enabled":false},"version":2}},"categories":[1,4],"tags":[],"class_list":["post-1300","post","type-post","status-publish","format-standard","has-post-thumbnail","hentry","category-allgemein","category-rueckblicke"],"yoast_head":"<!-- This site is optimized with the Yoast SEO plugin v26.7 - https:\/\/yoast.com\/wordpress\/plugins\/seo\/ -->\n<title>Parken beim Cant&#039;Ella-Konzert - HOME | Kulturkreis St. Marien<\/title>\n<meta name=\"robots\" content=\"index, follow, max-snippet:-1, max-image-preview:large, max-video-preview:-1\" \/>\n<link rel=\"canonical\" href=\"https:\/\/marienviertel.de\/kulturkreis\/parken-beim-cantella-konzert\/\" \/>\n<meta property=\"og:locale\" content=\"de_DE\" \/>\n<meta property=\"og:type\" content=\"article\" \/>\n<meta property=\"og:title\" content=\"Parken beim Cant&#039;Ella-Konzert - HOME | Kulturkreis St. Marien\" \/>\n<meta property=\"og:description\" content=\"Liebe G\u00e4ste unserer Veranstaltungen, angesichts der vielen von ausw\u00e4rts mit dem Pkw anfahrenden G\u00e4ste und Chormitglieder m\u00f6chten wir hier noch einmal auf die Parkm\u00f6glichkeiten hinweisen. Der Parkplatz der Fa. Sch\u00fcrholz steht uns exklusiv f\u00fcr dieses Konzert zur Verf\u00fcgung (s.u.). Herzlichen Dank an die Familie Sch\u00fcrholz! Hinweis \u00fcber Anfahrt und Parkm\u00f6glichkeiten: Die Benutzung erfolgt stets auf &hellip; Parken beim Cant&#8217;Ella-Konzert weiterlesen &rarr;\" \/>\n<meta property=\"og:url\" content=\"https:\/\/marienviertel.de\/kulturkreis\/parken-beim-cantella-konzert\/\" \/>\n<meta property=\"og:site_name\" content=\"HOME | Kulturkreis St. Marien\" \/>\n<meta property=\"article:publisher\" content=\"https:\/\/www.facebook.com\/Marienviertel\/\" \/>\n<meta property=\"article:published_time\" content=\"2019-06-03T19:02:20+00:00\" \/>\n<meta property=\"article:modified_time\" content=\"2019-09-25T12:06:49+00:00\" \/>\n<meta property=\"og:image\" content=\"https:\/\/marienviertel.de\/kulturkreis\/wordpress\/wp-content\/uploads\/2019\/06\/Parken11-e1559588501433.jpg\" \/>\n\t<meta property=\"og:image:width\" content=\"800\" \/>\n\t<meta property=\"og:image:height\" content=\"600\" \/>\n\t<meta property=\"og:image:type\" content=\"image\/jpeg\" \/>\n<meta name=\"author\" content=\"jotw\" \/>\n<meta name=\"twitter:card\" content=\"summary_large_image\" \/>\n<meta name=\"twitter:label1\" content=\"Verfasst von\" \/>\n\t<meta name=\"twitter:data1\" content=\"jotw\" \/>\n\t<meta name=\"twitter:label2\" content=\"Gesch\u00e4tzte Lesezeit\" \/>\n\t<meta name=\"twitter:data2\" content=\"1\u00a0Minute\" \/>\n<script type=\"application\/ld+json\" class=\"yoast-schema-graph\">{\"@context\":\"https:\/\/schema.org\",\"@graph\":[{\"@type\":\"Article\",\"@id\":\"https:\/\/marienviertel.de\/kulturkreis\/parken-beim-cantella-konzert\/#article\",\"isPartOf\":{\"@id\":\"https:\/\/marienviertel.de\/kulturkreis\/parken-beim-cantella-konzert\/\"},\"author\":{\"name\":\"jotw\",\"@id\":\"https:\/\/marienviertel.de\/kulturkreis\/#\/schema\/person\/5991f3ef2f6094b6ce15389027b8d7be\"},\"headline\":\"Parken beim Cant&#8217;Ella-Konzert\",\"datePublished\":\"2019-06-03T19:02:20+00:00\",\"dateModified\":\"2019-09-25T12:06:49+00:00\",\"mainEntityOfPage\":{\"@id\":\"https:\/\/marienviertel.de\/kulturkreis\/parken-beim-cantella-konzert\/\"},\"wordCount\":180,\"commentCount\":0,\"publisher\":{\"@id\":\"https:\/\/marienviertel.de\/kulturkreis\/#organization\"},\"image\":{\"@id\":\"https:\/\/marienviertel.de\/kulturkreis\/parken-beim-cantella-konzert\/#primaryimage\"},\"thumbnailUrl\":\"https:\/\/marienviertel.de\/kulturkreis\/wordpress\/wp-content\/uploads\/2019\/06\/Parken11-e1559588501433.jpg\",\"articleSection\":[\"Aktuelles\",\"R\u00fcckblicke\"],\"inLanguage\":\"de\",\"potentialAction\":[{\"@type\":\"CommentAction\",\"name\":\"Comment\",\"target\":[\"https:\/\/marienviertel.de\/kulturkreis\/parken-beim-cantella-konzert\/#respond\"]}]},{\"@type\":\"WebPage\",\"@id\":\"https:\/\/marienviertel.de\/kulturkreis\/parken-beim-cantella-konzert\/\",\"url\":\"https:\/\/marienviertel.de\/kulturkreis\/parken-beim-cantella-konzert\/\",\"name\":\"Parken beim Cant'Ella-Konzert - HOME | Kulturkreis St. Marien\",\"isPartOf\":{\"@id\":\"https:\/\/marienviertel.de\/kulturkreis\/#website\"},\"primaryImageOfPage\":{\"@id\":\"https:\/\/marienviertel.de\/kulturkreis\/parken-beim-cantella-konzert\/#primaryimage\"},\"image\":{\"@id\":\"https:\/\/marienviertel.de\/kulturkreis\/parken-beim-cantella-konzert\/#primaryimage\"},\"thumbnailUrl\":\"https:\/\/marienviertel.de\/kulturkreis\/wordpress\/wp-content\/uploads\/2019\/06\/Parken11-e1559588501433.jpg\",\"datePublished\":\"2019-06-03T19:02:20+00:00\",\"dateModified\":\"2019-09-25T12:06:49+00:00\",\"breadcrumb\":{\"@id\":\"https:\/\/marienviertel.de\/kulturkreis\/parken-beim-cantella-konzert\/#breadcrumb\"},\"inLanguage\":\"de\",\"potentialAction\":[{\"@type\":\"ReadAction\",\"target\":[\"https:\/\/marienviertel.de\/kulturkreis\/parken-beim-cantella-konzert\/\"]}]},{\"@type\":\"ImageObject\",\"inLanguage\":\"de\",\"@id\":\"https:\/\/marienviertel.de\/kulturkreis\/parken-beim-cantella-konzert\/#primaryimage\",\"url\":\"https:\/\/marienviertel.de\/kulturkreis\/wordpress\/wp-content\/uploads\/2019\/06\/Parken11-e1559588501433.jpg\",\"contentUrl\":\"https:\/\/marienviertel.de\/kulturkreis\/wordpress\/wp-content\/uploads\/2019\/06\/Parken11-e1559588501433.jpg\",\"width\":800,\"height\":600},{\"@type\":\"BreadcrumbList\",\"@id\":\"https:\/\/marienviertel.de\/kulturkreis\/parken-beim-cantella-konzert\/#breadcrumb\",\"itemListElement\":[{\"@type\":\"ListItem\",\"position\":1,\"name\":\"Startseite\",\"item\":\"https:\/\/marienviertel.de\/kulturkreis\/\"},{\"@type\":\"ListItem\",\"position\":2,\"name\":\"Parken beim Cant&#8217;Ella-Konzert\"}]},{\"@type\":\"WebSite\",\"@id\":\"https:\/\/marienviertel.de\/kulturkreis\/#website\",\"url\":\"https:\/\/marienviertel.de\/kulturkreis\/\",\"name\":\"HOME | Kulturkreis St. Marien\",\"description\":\"Herzlich willkommen!\",\"publisher\":{\"@id\":\"https:\/\/marienviertel.de\/kulturkreis\/#organization\"},\"potentialAction\":[{\"@type\":\"SearchAction\",\"target\":{\"@type\":\"EntryPoint\",\"urlTemplate\":\"https:\/\/marienviertel.de\/kulturkreis\/?s={search_term_string}\"},\"query-input\":{\"@type\":\"PropertyValueSpecification\",\"valueRequired\":true,\"valueName\":\"search_term_string\"}}],\"inLanguage\":\"de\"},{\"@type\":\"Organization\",\"@id\":\"https:\/\/marienviertel.de\/kulturkreis\/#organization\",\"name\":\"Kulturkreis St. Marien\",\"url\":\"https:\/\/marienviertel.de\/kulturkreis\/\",\"logo\":{\"@type\":\"ImageObject\",\"inLanguage\":\"de\",\"@id\":\"https:\/\/marienviertel.de\/kulturkreis\/#\/schema\/logo\/image\/\",\"url\":\"https:\/\/marienviertel.de\/kulturkreis\/wordpress\/wp-content\/uploads\/2015\/06\/Facebook-Logo-KK-2014.jpg\",\"contentUrl\":\"https:\/\/marienviertel.de\/kulturkreis\/wordpress\/wp-content\/uploads\/2015\/06\/Facebook-Logo-KK-2014.jpg\",\"width\":1045,\"height\":540,\"caption\":\"Kulturkreis St. Marien\"},\"image\":{\"@id\":\"https:\/\/marienviertel.de\/kulturkreis\/#\/schema\/logo\/image\/\"},\"sameAs\":[\"https:\/\/www.facebook.com\/Marienviertel\/\"]},{\"@type\":\"Person\",\"@id\":\"https:\/\/marienviertel.de\/kulturkreis\/#\/schema\/person\/5991f3ef2f6094b6ce15389027b8d7be\",\"name\":\"jotw\",\"image\":{\"@type\":\"ImageObject\",\"inLanguage\":\"de\",\"@id\":\"https:\/\/marienviertel.de\/kulturkreis\/#\/schema\/person\/image\/\",\"url\":\"https:\/\/secure.gravatar.com\/avatar\/f996f1ca35d6d13af46e8af8dc21f10fcdf6f690745c899b68b257dfffe92cd9?s=96&d=mm&r=g\",\"contentUrl\":\"https:\/\/secure.gravatar.com\/avatar\/f996f1ca35d6d13af46e8af8dc21f10fcdf6f690745c899b68b257dfffe92cd9?s=96&d=mm&r=g\",\"caption\":\"jotw\"},\"url\":\"https:\/\/marienviertel.de\/kulturkreis\/author\/admin\/\"}]}<\/script>\n<!-- \/ Yoast SEO plugin. -->","yoast_head_json":{"title":"Parken beim Cant'Ella-Konzert - HOME | Kulturkreis St. Marien","robots":{"index":"index","follow":"follow","max-snippet":"max-snippet:-1","max-image-preview":"max-image-preview:large","max-video-preview":"max-video-preview:-1"},"canonical":"https:\/\/marienviertel.de\/kulturkreis\/parken-beim-cantella-konzert\/","og_locale":"de_DE","og_type":"article","og_title":"Parken beim Cant'Ella-Konzert - HOME | Kulturkreis St. Marien","og_description":"Liebe G\u00e4ste unserer Veranstaltungen, angesichts der vielen von ausw\u00e4rts mit dem Pkw anfahrenden G\u00e4ste und Chormitglieder m\u00f6chten wir hier noch einmal auf die Parkm\u00f6glichkeiten hinweisen. Der Parkplatz der Fa. Sch\u00fcrholz steht uns exklusiv f\u00fcr dieses Konzert zur Verf\u00fcgung (s.u.). Herzlichen Dank an die Familie Sch\u00fcrholz! Hinweis \u00fcber Anfahrt und Parkm\u00f6glichkeiten: Die Benutzung erfolgt stets auf &hellip; Parken beim Cant&#8217;Ella-Konzert weiterlesen &rarr;","og_url":"https:\/\/marienviertel.de\/kulturkreis\/parken-beim-cantella-konzert\/","og_site_name":"HOME | Kulturkreis St. Marien","article_publisher":"https:\/\/www.facebook.com\/Marienviertel\/","article_published_time":"2019-06-03T19:02:20+00:00","article_modified_time":"2019-09-25T12:06:49+00:00","og_image":[{"width":800,"height":600,"url":"https:\/\/marienviertel.de\/kulturkreis\/wordpress\/wp-content\/uploads\/2019\/06\/Parken11-e1559588501433.jpg","type":"image\/jpeg"}],"author":"jotw","twitter_card":"summary_large_image","twitter_misc":{"Verfasst von":"jotw","Gesch\u00e4tzte Lesezeit":"1\u00a0Minute"},"schema":{"@context":"https:\/\/schema.org","@graph":[{"@type":"Article","@id":"https:\/\/marienviertel.de\/kulturkreis\/parken-beim-cantella-konzert\/#article","isPartOf":{"@id":"https:\/\/marienviertel.de\/kulturkreis\/parken-beim-cantella-konzert\/"},"author":{"name":"jotw","@id":"https:\/\/marienviertel.de\/kulturkreis\/#\/schema\/person\/5991f3ef2f6094b6ce15389027b8d7be"},"headline":"Parken beim Cant&#8217;Ella-Konzert","datePublished":"2019-06-03T19:02:20+00:00","dateModified":"2019-09-25T12:06:49+00:00","mainEntityOfPage":{"@id":"https:\/\/marienviertel.de\/kulturkreis\/parken-beim-cantella-konzert\/"},"wordCount":180,"commentCount":0,"publisher":{"@id":"https:\/\/marienviertel.de\/kulturkreis\/#organization"},"image":{"@id":"https:\/\/marienviertel.de\/kulturkreis\/parken-beim-cantella-konzert\/#primaryimage"},"thumbnailUrl":"https:\/\/marienviertel.de\/kulturkreis\/wordpress\/wp-content\/uploads\/2019\/06\/Parken11-e1559588501433.jpg","articleSection":["Aktuelles","R\u00fcckblicke"],"inLanguage":"de","potentialAction":[{"@type":"CommentAction","name":"Comment","target":["https:\/\/marienviertel.de\/kulturkreis\/parken-beim-cantella-konzert\/#respond"]}]},{"@type":"WebPage","@id":"https:\/\/marienviertel.de\/kulturkreis\/parken-beim-cantella-konzert\/","url":"https:\/\/marienviertel.de\/kulturkreis\/parken-beim-cantella-konzert\/","name":"Parken beim Cant'Ella-Konzert - HOME | Kulturkreis St. Marien","isPartOf":{"@id":"https:\/\/marienviertel.de\/kulturkreis\/#website"},"primaryImageOfPage":{"@id":"https:\/\/marienviertel.de\/kulturkreis\/parken-beim-cantella-konzert\/#primaryimage"},"image":{"@id":"https:\/\/marienviertel.de\/kulturkreis\/parken-beim-cantella-konzert\/#primaryimage"},"thumbnailUrl":"https:\/\/marienviertel.de\/kulturkreis\/wordpress\/wp-content\/uploads\/2019\/06\/Parken11-e1559588501433.jpg","datePublished":"2019-06-03T19:02:20+00:00","dateModified":"2019-09-25T12:06:49+00:00","breadcrumb":{"@id":"https:\/\/marienviertel.de\/kulturkreis\/parken-beim-cantella-konzert\/#breadcrumb"},"inLanguage":"de","potentialAction":[{"@type":"ReadAction","target":["https:\/\/marienviertel.de\/kulturkreis\/parken-beim-cantella-konzert\/"]}]},{"@type":"ImageObject","inLanguage":"de","@id":"https:\/\/marienviertel.de\/kulturkreis\/parken-beim-cantella-konzert\/#primaryimage","url":"https:\/\/marienviertel.de\/kulturkreis\/wordpress\/wp-content\/uploads\/2019\/06\/Parken11-e1559588501433.jpg","contentUrl":"https:\/\/marienviertel.de\/kulturkreis\/wordpress\/wp-content\/uploads\/2019\/06\/Parken11-e1559588501433.jpg","width":800,"height":600},{"@type":"BreadcrumbList","@id":"https:\/\/marienviertel.de\/kulturkreis\/parken-beim-cantella-konzert\/#breadcrumb","itemListElement":[{"@type":"ListItem","position":1,"name":"Startseite","item":"https:\/\/marienviertel.de\/kulturkreis\/"},{"@type":"ListItem","position":2,"name":"Parken beim Cant&#8217;Ella-Konzert"}]},{"@type":"WebSite","@id":"https:\/\/marienviertel.de\/kulturkreis\/#website","url":"https:\/\/marienviertel.de\/kulturkreis\/","name":"HOME | Kulturkreis St. Marien","description":"Herzlich willkommen!","publisher":{"@id":"https:\/\/marienviertel.de\/kulturkreis\/#organization"},"potentialAction":[{"@type":"SearchAction","target":{"@type":"EntryPoint","urlTemplate":"https:\/\/marienviertel.de\/kulturkreis\/?s={search_term_string}"},"query-input":{"@type":"PropertyValueSpecification","valueRequired":true,"valueName":"search_term_string"}}],"inLanguage":"de"},{"@type":"Organization","@id":"https:\/\/marienviertel.de\/kulturkreis\/#organization","name":"Kulturkreis St. Marien","url":"https:\/\/marienviertel.de\/kulturkreis\/","logo":{"@type":"ImageObject","inLanguage":"de","@id":"https:\/\/marienviertel.de\/kulturkreis\/#\/schema\/logo\/image\/","url":"https:\/\/marienviertel.de\/kulturkreis\/wordpress\/wp-content\/uploads\/2015\/06\/Facebook-Logo-KK-2014.jpg","contentUrl":"https:\/\/marienviertel.de\/kulturkreis\/wordpress\/wp-content\/uploads\/2015\/06\/Facebook-Logo-KK-2014.jpg","width":1045,"height":540,"caption":"Kulturkreis St. Marien"},"image":{"@id":"https:\/\/marienviertel.de\/kulturkreis\/#\/schema\/logo\/image\/"},"sameAs":["https:\/\/www.facebook.com\/Marienviertel\/"]},{"@type":"Person","@id":"https:\/\/marienviertel.de\/kulturkreis\/#\/schema\/person\/5991f3ef2f6094b6ce15389027b8d7be","name":"jotw","image":{"@type":"ImageObject","inLanguage":"de","@id":"https:\/\/marienviertel.de\/kulturkreis\/#\/schema\/person\/image\/","url":"https:\/\/secure.gravatar.com\/avatar\/f996f1ca35d6d13af46e8af8dc21f10fcdf6f690745c899b68b257dfffe92cd9?s=96&d=mm&r=g","contentUrl":"https:\/\/secure.gravatar.com\/avatar\/f996f1ca35d6d13af46e8af8dc21f10fcdf6f690745c899b68b257dfffe92cd9?s=96&d=mm&r=g","caption":"jotw"},"url":"https:\/\/marienviertel.de\/kulturkreis\/author\/admin\/"}]}},"jetpack_publicize_connections":[],"cc_featured_image_caption":{"caption_text":false,"source_text":false,"source_url":false},"jetpack_featured_media_url":"https:\/\/marienviertel.de\/kulturkreis\/wordpress\/wp-content\/uploads\/2019\/06\/Parken11-e1559588501433.jpg","jetpack_sharing_enabled":true,"jetpack_shortlink":"https:\/\/wp.me\/p7zbXy-kY","_links":{"self":[{"href":"https:\/\/marienviertel.de\/kulturkreis\/wp-json\/wp\/v2\/posts\/1300","targetHints":{"allow":["GET"]}}],"collection":[{"href":"https:\/\/marienviertel.de\/kulturkreis\/wp-json\/wp\/v2\/posts"}],"about":[{"href":"https:\/\/marienviertel.de\/kulturkreis\/wp-json\/wp\/v2\/types\/post"}],"author":[{"embeddable":true,"href":"https:\/\/marienviertel.de\/kulturkreis\/wp-json\/wp\/v2\/users\/2"}],"replies":[{"embeddable":true,"href":"https:\/\/marienviertel.de\/kulturkreis\/wp-json\/wp\/v2\/comments?post=1300"}],"version-history":[{"count":4,"href":"https:\/\/marienviertel.de\/kulturkreis\/wp-json\/wp\/v2\/posts\/1300\/revisions"}],"predecessor-version":[{"id":1321,"href":"https:\/\/marienviertel.de\/kulturkreis\/wp-json\/wp\/v2\/posts\/1300\/revisions\/1321"}],"wp:featuredmedia":[{"embeddable":true,"href":"https:\/\/marienviertel.de\/kulturkreis\/wp-json\/wp\/v2\/media\/1302"}],"wp:attachment":[{"href":"https:\/\/marienviertel.de\/kulturkreis\/wp-json\/wp\/v2\/media?parent=1300"}],"wp:term":[{"taxonomy":"category","embeddable":true,"href":"https:\/\/marienviertel.de\/kulturkreis\/wp-json\/wp\/v2\/categories?post=1300"},{"taxonomy":"post_tag","embeddable":true,"href":"https:\/\/marienviertel.de\/kulturkreis\/wp-json\/wp\/v2\/tags?post=1300"}],"curies":[{"name":"wp","href":"https:\/\/api.w.org\/{rel}","templated":true}]}}