{"id":1275,"date":"2019-03-11T12:31:20","date_gmt":"2019-03-11T11:31:20","guid":{"rendered":"https:\/\/marienviertel.de\/kulturkreis\/?p=1275"},"modified":"2019-09-11T21:36:40","modified_gmt":"2019-09-11T19:36:40","slug":"confido-begeistert-in-dorsten-und-westerholt","status":"publish","type":"post","link":"https:\/\/marienviertel.de\/kulturkreis\/confido-begeistert-in-dorsten-und-westerholt\/","title":{"rendered":"Confido begeistert \u2013 in Dorsten und Westerholt"},"content":{"rendered":"<p><a href=\"https:\/\/marienviertel.de\/kulturkreis\/wordpress\/wp-content\/uploads\/2019\/03\/2019-03-11-2-VLW-Medienhaus-Lensing_E-Paper-Ausgabe_RN-DN-Dorsten_Montag-11-Maerz-2019.jpg\"><img loading=\"lazy\" decoding=\"async\" class=\"alignnone wp-image-1276\" src=\"https:\/\/marienviertel.de\/kulturkreis\/wordpress\/wp-content\/uploads\/2019\/03\/2019-03-11-2-VLW-Medienhaus-Lensing_E-Paper-Ausgabe_RN-DN-Dorsten_Montag-11-Maerz-2019.jpg\" alt=\"\" width=\"1024\" height=\"1091\" srcset=\"https:\/\/marienviertel.de\/kulturkreis\/wordpress\/wp-content\/uploads\/2019\/03\/2019-03-11-2-VLW-Medienhaus-Lensing_E-Paper-Ausgabe_RN-DN-Dorsten_Montag-11-Maerz-2019.jpg 4285w, https:\/\/marienviertel.de\/kulturkreis\/wordpress\/wp-content\/uploads\/2019\/03\/2019-03-11-2-VLW-Medienhaus-Lensing_E-Paper-Ausgabe_RN-DN-Dorsten_Montag-11-Maerz-2019-282x300.jpg 282w, https:\/\/marienviertel.de\/kulturkreis\/wordpress\/wp-content\/uploads\/2019\/03\/2019-03-11-2-VLW-Medienhaus-Lensing_E-Paper-Ausgabe_RN-DN-Dorsten_Montag-11-Maerz-2019-768x818.jpg 768w, https:\/\/marienviertel.de\/kulturkreis\/wordpress\/wp-content\/uploads\/2019\/03\/2019-03-11-2-VLW-Medienhaus-Lensing_E-Paper-Ausgabe_RN-DN-Dorsten_Montag-11-Maerz-2019-961x1024.jpg 961w\" sizes=\"auto, (max-width: 1024px) 100vw, 1024px\" \/><\/a><\/p>\n<p>Nach dem gro\u00dfen Erfolg in Dorsten ein ebenso \u00fcberw\u00e4ltigender Abend mit &#8222;standing ovations&#8220; und nicht enden wollendem Applaus in der voll besetzten Kirche Sankt Martinus Westerholt.<br \/>\nDieses Requiem-Projekt hat allen Beteiligten gro\u00dfen Spa\u00df bereitet. Heute auch unter den Augen vom Dorstener B\u00fcrgermeister Tobias Stockhoff, der am Samstag nicht nach Sankt Marien kommen konnte.<br \/>\nConfido vocale &amp; camerata wird vielen Klassik-Liebhabern auch in Herten und Westerholt in guter Erinnerung bleiben.<\/p>\n<p><a href=\"https:\/\/marienviertel.de\/kulturkreis\/wordpress\/wp-content\/uploads\/2019\/03\/2019-03-11-confido-westerholt-53287844_2494109630662458_8243393399080615936_o.jpg\"><img loading=\"lazy\" decoding=\"async\" class=\"alignnone size-full wp-image-1279\" src=\"https:\/\/marienviertel.de\/kulturkreis\/wordpress\/wp-content\/uploads\/2019\/03\/2019-03-11-confido-westerholt-53287844_2494109630662458_8243393399080615936_o.jpg\" alt=\"\" width=\"1317\" height=\"640\" srcset=\"https:\/\/marienviertel.de\/kulturkreis\/wordpress\/wp-content\/uploads\/2019\/03\/2019-03-11-confido-westerholt-53287844_2494109630662458_8243393399080615936_o.jpg 1317w, https:\/\/marienviertel.de\/kulturkreis\/wordpress\/wp-content\/uploads\/2019\/03\/2019-03-11-confido-westerholt-53287844_2494109630662458_8243393399080615936_o-300x146.jpg 300w, https:\/\/marienviertel.de\/kulturkreis\/wordpress\/wp-content\/uploads\/2019\/03\/2019-03-11-confido-westerholt-53287844_2494109630662458_8243393399080615936_o-768x373.jpg 768w, https:\/\/marienviertel.de\/kulturkreis\/wordpress\/wp-content\/uploads\/2019\/03\/2019-03-11-confido-westerholt-53287844_2494109630662458_8243393399080615936_o-1024x498.jpg 1024w\" sizes=\"auto, (max-width: 1317px) 100vw, 1317px\" \/><\/a><\/p>\n","protected":false},"excerpt":{"rendered":"<p>Nach dem gro\u00dfen Erfolg in Dorsten ein ebenso \u00fcberw\u00e4ltigender Abend mit &#8222;standing ovations&#8220; und nicht enden wollendem Applaus in der voll besetzten Kirche Sankt Martinus Westerholt. Dieses Requiem-Projekt hat allen Beteiligten gro\u00dfen Spa\u00df bereitet. Heute auch unter den Augen vom Dorstener B\u00fcrgermeister Tobias Stockhoff, der am Samstag nicht nach Sankt Marien kommen konnte. Confido vocale &hellip; <a href=\"https:\/\/marienviertel.de\/kulturkreis\/confido-begeistert-in-dorsten-und-westerholt\/\" class=\"more-link\"><span class=\"screen-reader-text\">Confido begeistert \u2013 in Dorsten und Westerholt<\/span> weiterlesen <span class=\"meta-nav\">&rarr;<\/span><\/a><\/p>\n","protected":false},"author":2,"featured_media":1199,"comment_status":"open","ping_status":"open","sticky":false,"template":"","format":"standard","meta":{"jetpack_post_was_ever_published":false,"_jetpack_newsletter_access":"","_jetpack_dont_email_post_to_subs":false,"_jetpack_newsletter_tier_id":0,"_jetpack_memberships_contains_paywalled_content":false,"_jetpack_memberships_contains_paid_content":false,"footnotes":"","jetpack_publicize_message":"","jetpack_publicize_feature_enabled":true,"jetpack_social_post_already_shared":true,"jetpack_social_options":{"image_generator_settings":{"template":"highway","default_image_id":0,"font":"","enabled":false},"version":2}},"categories":[4],"tags":[105],"class_list":["post-1275","post","type-post","status-publish","format-standard","has-post-thumbnail","hentry","category-rueckblicke","tag-confido"],"yoast_head":"<!-- This site is optimized with the Yoast SEO plugin v26.7 - https:\/\/yoast.com\/wordpress\/plugins\/seo\/ -->\n<title>Confido begeistert \u2013 in Dorsten und Westerholt - HOME | Kulturkreis St. Marien<\/title>\n<meta name=\"robots\" content=\"index, follow, max-snippet:-1, max-image-preview:large, max-video-preview:-1\" \/>\n<link rel=\"canonical\" href=\"https:\/\/marienviertel.de\/kulturkreis\/confido-begeistert-in-dorsten-und-westerholt\/\" \/>\n<meta property=\"og:locale\" content=\"de_DE\" \/>\n<meta property=\"og:type\" content=\"article\" \/>\n<meta property=\"og:title\" content=\"Confido begeistert \u2013 in Dorsten und Westerholt - HOME | Kulturkreis St. Marien\" \/>\n<meta property=\"og:description\" content=\"Nach dem gro\u00dfen Erfolg in Dorsten ein ebenso \u00fcberw\u00e4ltigender Abend mit &#8222;standing ovations&#8220; und nicht enden wollendem Applaus in der voll besetzten Kirche Sankt Martinus Westerholt. Dieses Requiem-Projekt hat allen Beteiligten gro\u00dfen Spa\u00df bereitet. Heute auch unter den Augen vom Dorstener B\u00fcrgermeister Tobias Stockhoff, der am Samstag nicht nach Sankt Marien kommen konnte. Confido vocale &hellip; Confido begeistert \u2013 in Dorsten und Westerholt weiterlesen &rarr;\" \/>\n<meta property=\"og:url\" content=\"https:\/\/marienviertel.de\/kulturkreis\/confido-begeistert-in-dorsten-und-westerholt\/\" \/>\n<meta property=\"og:site_name\" content=\"HOME | Kulturkreis St. Marien\" \/>\n<meta property=\"article:publisher\" content=\"https:\/\/www.facebook.com\/Marienviertel\/\" \/>\n<meta property=\"article:published_time\" content=\"2019-03-11T11:31:20+00:00\" \/>\n<meta property=\"article:modified_time\" content=\"2019-09-11T19:36:40+00:00\" \/>\n<meta property=\"og:image\" content=\"https:\/\/marienviertel.de\/kulturkreis\/wordpress\/wp-content\/uploads\/2019\/01\/2019-03-09-confido-50508809_2390285927711496_5536944930309537792_o.jpg\" \/>\n\t<meta property=\"og:image:width\" content=\"1440\" \/>\n\t<meta property=\"og:image:height\" content=\"1007\" \/>\n\t<meta property=\"og:image:type\" content=\"image\/jpeg\" \/>\n<meta name=\"author\" content=\"jotw\" \/>\n<meta name=\"twitter:card\" content=\"summary_large_image\" \/>\n<meta name=\"twitter:label1\" content=\"Verfasst von\" \/>\n\t<meta name=\"twitter:data1\" content=\"jotw\" \/>\n<script type=\"application\/ld+json\" class=\"yoast-schema-graph\">{\"@context\":\"https:\/\/schema.org\",\"@graph\":[{\"@type\":\"Article\",\"@id\":\"https:\/\/marienviertel.de\/kulturkreis\/confido-begeistert-in-dorsten-und-westerholt\/#article\",\"isPartOf\":{\"@id\":\"https:\/\/marienviertel.de\/kulturkreis\/confido-begeistert-in-dorsten-und-westerholt\/\"},\"author\":{\"name\":\"jotw\",\"@id\":\"https:\/\/marienviertel.de\/kulturkreis\/#\/schema\/person\/5991f3ef2f6094b6ce15389027b8d7be\"},\"headline\":\"Confido begeistert \u2013 in Dorsten und Westerholt\",\"datePublished\":\"2019-03-11T11:31:20+00:00\",\"dateModified\":\"2019-09-11T19:36:40+00:00\",\"mainEntityOfPage\":{\"@id\":\"https:\/\/marienviertel.de\/kulturkreis\/confido-begeistert-in-dorsten-und-westerholt\/\"},\"wordCount\":79,\"commentCount\":0,\"publisher\":{\"@id\":\"https:\/\/marienviertel.de\/kulturkreis\/#organization\"},\"image\":{\"@id\":\"https:\/\/marienviertel.de\/kulturkreis\/confido-begeistert-in-dorsten-und-westerholt\/#primaryimage\"},\"thumbnailUrl\":\"https:\/\/marienviertel.de\/kulturkreis\/wordpress\/wp-content\/uploads\/2019\/01\/2019-03-09-confido-50508809_2390285927711496_5536944930309537792_o.jpg\",\"keywords\":[\"confido\"],\"articleSection\":[\"R\u00fcckblicke\"],\"inLanguage\":\"de\",\"potentialAction\":[{\"@type\":\"CommentAction\",\"name\":\"Comment\",\"target\":[\"https:\/\/marienviertel.de\/kulturkreis\/confido-begeistert-in-dorsten-und-westerholt\/#respond\"]}]},{\"@type\":\"WebPage\",\"@id\":\"https:\/\/marienviertel.de\/kulturkreis\/confido-begeistert-in-dorsten-und-westerholt\/\",\"url\":\"https:\/\/marienviertel.de\/kulturkreis\/confido-begeistert-in-dorsten-und-westerholt\/\",\"name\":\"Confido begeistert \u2013 in Dorsten und Westerholt - HOME | Kulturkreis St. Marien\",\"isPartOf\":{\"@id\":\"https:\/\/marienviertel.de\/kulturkreis\/#website\"},\"primaryImageOfPage\":{\"@id\":\"https:\/\/marienviertel.de\/kulturkreis\/confido-begeistert-in-dorsten-und-westerholt\/#primaryimage\"},\"image\":{\"@id\":\"https:\/\/marienviertel.de\/kulturkreis\/confido-begeistert-in-dorsten-und-westerholt\/#primaryimage\"},\"thumbnailUrl\":\"https:\/\/marienviertel.de\/kulturkreis\/wordpress\/wp-content\/uploads\/2019\/01\/2019-03-09-confido-50508809_2390285927711496_5536944930309537792_o.jpg\",\"datePublished\":\"2019-03-11T11:31:20+00:00\",\"dateModified\":\"2019-09-11T19:36:40+00:00\",\"breadcrumb\":{\"@id\":\"https:\/\/marienviertel.de\/kulturkreis\/confido-begeistert-in-dorsten-und-westerholt\/#breadcrumb\"},\"inLanguage\":\"de\",\"potentialAction\":[{\"@type\":\"ReadAction\",\"target\":[\"https:\/\/marienviertel.de\/kulturkreis\/confido-begeistert-in-dorsten-und-westerholt\/\"]}]},{\"@type\":\"ImageObject\",\"inLanguage\":\"de\",\"@id\":\"https:\/\/marienviertel.de\/kulturkreis\/confido-begeistert-in-dorsten-und-westerholt\/#primaryimage\",\"url\":\"https:\/\/marienviertel.de\/kulturkreis\/wordpress\/wp-content\/uploads\/2019\/01\/2019-03-09-confido-50508809_2390285927711496_5536944930309537792_o.jpg\",\"contentUrl\":\"https:\/\/marienviertel.de\/kulturkreis\/wordpress\/wp-content\/uploads\/2019\/01\/2019-03-09-confido-50508809_2390285927711496_5536944930309537792_o.jpg\",\"width\":1440,\"height\":1007},{\"@type\":\"BreadcrumbList\",\"@id\":\"https:\/\/marienviertel.de\/kulturkreis\/confido-begeistert-in-dorsten-und-westerholt\/#breadcrumb\",\"itemListElement\":[{\"@type\":\"ListItem\",\"position\":1,\"name\":\"Startseite\",\"item\":\"https:\/\/marienviertel.de\/kulturkreis\/\"},{\"@type\":\"ListItem\",\"position\":2,\"name\":\"Confido begeistert \u2013 in Dorsten und Westerholt\"}]},{\"@type\":\"WebSite\",\"@id\":\"https:\/\/marienviertel.de\/kulturkreis\/#website\",\"url\":\"https:\/\/marienviertel.de\/kulturkreis\/\",\"name\":\"HOME | Kulturkreis St. Marien\",\"description\":\"Herzlich willkommen!\",\"publisher\":{\"@id\":\"https:\/\/marienviertel.de\/kulturkreis\/#organization\"},\"potentialAction\":[{\"@type\":\"SearchAction\",\"target\":{\"@type\":\"EntryPoint\",\"urlTemplate\":\"https:\/\/marienviertel.de\/kulturkreis\/?s={search_term_string}\"},\"query-input\":{\"@type\":\"PropertyValueSpecification\",\"valueRequired\":true,\"valueName\":\"search_term_string\"}}],\"inLanguage\":\"de\"},{\"@type\":\"Organization\",\"@id\":\"https:\/\/marienviertel.de\/kulturkreis\/#organization\",\"name\":\"Kulturkreis St. Marien\",\"url\":\"https:\/\/marienviertel.de\/kulturkreis\/\",\"logo\":{\"@type\":\"ImageObject\",\"inLanguage\":\"de\",\"@id\":\"https:\/\/marienviertel.de\/kulturkreis\/#\/schema\/logo\/image\/\",\"url\":\"https:\/\/marienviertel.de\/kulturkreis\/wordpress\/wp-content\/uploads\/2015\/06\/Facebook-Logo-KK-2014.jpg\",\"contentUrl\":\"https:\/\/marienviertel.de\/kulturkreis\/wordpress\/wp-content\/uploads\/2015\/06\/Facebook-Logo-KK-2014.jpg\",\"width\":1045,\"height\":540,\"caption\":\"Kulturkreis St. Marien\"},\"image\":{\"@id\":\"https:\/\/marienviertel.de\/kulturkreis\/#\/schema\/logo\/image\/\"},\"sameAs\":[\"https:\/\/www.facebook.com\/Marienviertel\/\"]},{\"@type\":\"Person\",\"@id\":\"https:\/\/marienviertel.de\/kulturkreis\/#\/schema\/person\/5991f3ef2f6094b6ce15389027b8d7be\",\"name\":\"jotw\",\"image\":{\"@type\":\"ImageObject\",\"inLanguage\":\"de\",\"@id\":\"https:\/\/marienviertel.de\/kulturkreis\/#\/schema\/person\/image\/\",\"url\":\"https:\/\/secure.gravatar.com\/avatar\/f996f1ca35d6d13af46e8af8dc21f10fcdf6f690745c899b68b257dfffe92cd9?s=96&d=mm&r=g\",\"contentUrl\":\"https:\/\/secure.gravatar.com\/avatar\/f996f1ca35d6d13af46e8af8dc21f10fcdf6f690745c899b68b257dfffe92cd9?s=96&d=mm&r=g\",\"caption\":\"jotw\"},\"url\":\"https:\/\/marienviertel.de\/kulturkreis\/author\/admin\/\"}]}<\/script>\n<!-- \/ Yoast SEO plugin. -->","yoast_head_json":{"title":"Confido begeistert \u2013 in Dorsten und Westerholt - HOME | Kulturkreis St. Marien","robots":{"index":"index","follow":"follow","max-snippet":"max-snippet:-1","max-image-preview":"max-image-preview:large","max-video-preview":"max-video-preview:-1"},"canonical":"https:\/\/marienviertel.de\/kulturkreis\/confido-begeistert-in-dorsten-und-westerholt\/","og_locale":"de_DE","og_type":"article","og_title":"Confido begeistert \u2013 in Dorsten und Westerholt - HOME | Kulturkreis St. Marien","og_description":"Nach dem gro\u00dfen Erfolg in Dorsten ein ebenso \u00fcberw\u00e4ltigender Abend mit &#8222;standing ovations&#8220; und nicht enden wollendem Applaus in der voll besetzten Kirche Sankt Martinus Westerholt. Dieses Requiem-Projekt hat allen Beteiligten gro\u00dfen Spa\u00df bereitet. Heute auch unter den Augen vom Dorstener B\u00fcrgermeister Tobias Stockhoff, der am Samstag nicht nach Sankt Marien kommen konnte. Confido vocale &hellip; Confido begeistert \u2013 in Dorsten und Westerholt weiterlesen &rarr;","og_url":"https:\/\/marienviertel.de\/kulturkreis\/confido-begeistert-in-dorsten-und-westerholt\/","og_site_name":"HOME | Kulturkreis St. Marien","article_publisher":"https:\/\/www.facebook.com\/Marienviertel\/","article_published_time":"2019-03-11T11:31:20+00:00","article_modified_time":"2019-09-11T19:36:40+00:00","og_image":[{"width":1440,"height":1007,"url":"https:\/\/marienviertel.de\/kulturkreis\/wordpress\/wp-content\/uploads\/2019\/01\/2019-03-09-confido-50508809_2390285927711496_5536944930309537792_o.jpg","type":"image\/jpeg"}],"author":"jotw","twitter_card":"summary_large_image","twitter_misc":{"Verfasst von":"jotw"},"schema":{"@context":"https:\/\/schema.org","@graph":[{"@type":"Article","@id":"https:\/\/marienviertel.de\/kulturkreis\/confido-begeistert-in-dorsten-und-westerholt\/#article","isPartOf":{"@id":"https:\/\/marienviertel.de\/kulturkreis\/confido-begeistert-in-dorsten-und-westerholt\/"},"author":{"name":"jotw","@id":"https:\/\/marienviertel.de\/kulturkreis\/#\/schema\/person\/5991f3ef2f6094b6ce15389027b8d7be"},"headline":"Confido begeistert \u2013 in Dorsten und Westerholt","datePublished":"2019-03-11T11:31:20+00:00","dateModified":"2019-09-11T19:36:40+00:00","mainEntityOfPage":{"@id":"https:\/\/marienviertel.de\/kulturkreis\/confido-begeistert-in-dorsten-und-westerholt\/"},"wordCount":79,"commentCount":0,"publisher":{"@id":"https:\/\/marienviertel.de\/kulturkreis\/#organization"},"image":{"@id":"https:\/\/marienviertel.de\/kulturkreis\/confido-begeistert-in-dorsten-und-westerholt\/#primaryimage"},"thumbnailUrl":"https:\/\/marienviertel.de\/kulturkreis\/wordpress\/wp-content\/uploads\/2019\/01\/2019-03-09-confido-50508809_2390285927711496_5536944930309537792_o.jpg","keywords":["confido"],"articleSection":["R\u00fcckblicke"],"inLanguage":"de","potentialAction":[{"@type":"CommentAction","name":"Comment","target":["https:\/\/marienviertel.de\/kulturkreis\/confido-begeistert-in-dorsten-und-westerholt\/#respond"]}]},{"@type":"WebPage","@id":"https:\/\/marienviertel.de\/kulturkreis\/confido-begeistert-in-dorsten-und-westerholt\/","url":"https:\/\/marienviertel.de\/kulturkreis\/confido-begeistert-in-dorsten-und-westerholt\/","name":"Confido begeistert \u2013 in Dorsten und Westerholt - HOME | Kulturkreis St. Marien","isPartOf":{"@id":"https:\/\/marienviertel.de\/kulturkreis\/#website"},"primaryImageOfPage":{"@id":"https:\/\/marienviertel.de\/kulturkreis\/confido-begeistert-in-dorsten-und-westerholt\/#primaryimage"},"image":{"@id":"https:\/\/marienviertel.de\/kulturkreis\/confido-begeistert-in-dorsten-und-westerholt\/#primaryimage"},"thumbnailUrl":"https:\/\/marienviertel.de\/kulturkreis\/wordpress\/wp-content\/uploads\/2019\/01\/2019-03-09-confido-50508809_2390285927711496_5536944930309537792_o.jpg","datePublished":"2019-03-11T11:31:20+00:00","dateModified":"2019-09-11T19:36:40+00:00","breadcrumb":{"@id":"https:\/\/marienviertel.de\/kulturkreis\/confido-begeistert-in-dorsten-und-westerholt\/#breadcrumb"},"inLanguage":"de","potentialAction":[{"@type":"ReadAction","target":["https:\/\/marienviertel.de\/kulturkreis\/confido-begeistert-in-dorsten-und-westerholt\/"]}]},{"@type":"ImageObject","inLanguage":"de","@id":"https:\/\/marienviertel.de\/kulturkreis\/confido-begeistert-in-dorsten-und-westerholt\/#primaryimage","url":"https:\/\/marienviertel.de\/kulturkreis\/wordpress\/wp-content\/uploads\/2019\/01\/2019-03-09-confido-50508809_2390285927711496_5536944930309537792_o.jpg","contentUrl":"https:\/\/marienviertel.de\/kulturkreis\/wordpress\/wp-content\/uploads\/2019\/01\/2019-03-09-confido-50508809_2390285927711496_5536944930309537792_o.jpg","width":1440,"height":1007},{"@type":"BreadcrumbList","@id":"https:\/\/marienviertel.de\/kulturkreis\/confido-begeistert-in-dorsten-und-westerholt\/#breadcrumb","itemListElement":[{"@type":"ListItem","position":1,"name":"Startseite","item":"https:\/\/marienviertel.de\/kulturkreis\/"},{"@type":"ListItem","position":2,"name":"Confido begeistert \u2013 in Dorsten und Westerholt"}]},{"@type":"WebSite","@id":"https:\/\/marienviertel.de\/kulturkreis\/#website","url":"https:\/\/marienviertel.de\/kulturkreis\/","name":"HOME | Kulturkreis St. Marien","description":"Herzlich willkommen!","publisher":{"@id":"https:\/\/marienviertel.de\/kulturkreis\/#organization"},"potentialAction":[{"@type":"SearchAction","target":{"@type":"EntryPoint","urlTemplate":"https:\/\/marienviertel.de\/kulturkreis\/?s={search_term_string}"},"query-input":{"@type":"PropertyValueSpecification","valueRequired":true,"valueName":"search_term_string"}}],"inLanguage":"de"},{"@type":"Organization","@id":"https:\/\/marienviertel.de\/kulturkreis\/#organization","name":"Kulturkreis St. Marien","url":"https:\/\/marienviertel.de\/kulturkreis\/","logo":{"@type":"ImageObject","inLanguage":"de","@id":"https:\/\/marienviertel.de\/kulturkreis\/#\/schema\/logo\/image\/","url":"https:\/\/marienviertel.de\/kulturkreis\/wordpress\/wp-content\/uploads\/2015\/06\/Facebook-Logo-KK-2014.jpg","contentUrl":"https:\/\/marienviertel.de\/kulturkreis\/wordpress\/wp-content\/uploads\/2015\/06\/Facebook-Logo-KK-2014.jpg","width":1045,"height":540,"caption":"Kulturkreis St. Marien"},"image":{"@id":"https:\/\/marienviertel.de\/kulturkreis\/#\/schema\/logo\/image\/"},"sameAs":["https:\/\/www.facebook.com\/Marienviertel\/"]},{"@type":"Person","@id":"https:\/\/marienviertel.de\/kulturkreis\/#\/schema\/person\/5991f3ef2f6094b6ce15389027b8d7be","name":"jotw","image":{"@type":"ImageObject","inLanguage":"de","@id":"https:\/\/marienviertel.de\/kulturkreis\/#\/schema\/person\/image\/","url":"https:\/\/secure.gravatar.com\/avatar\/f996f1ca35d6d13af46e8af8dc21f10fcdf6f690745c899b68b257dfffe92cd9?s=96&d=mm&r=g","contentUrl":"https:\/\/secure.gravatar.com\/avatar\/f996f1ca35d6d13af46e8af8dc21f10fcdf6f690745c899b68b257dfffe92cd9?s=96&d=mm&r=g","caption":"jotw"},"url":"https:\/\/marienviertel.de\/kulturkreis\/author\/admin\/"}]}},"jetpack_publicize_connections":[],"cc_featured_image_caption":{"caption_text":false,"source_text":false,"source_url":false},"jetpack_featured_media_url":"https:\/\/marienviertel.de\/kulturkreis\/wordpress\/wp-content\/uploads\/2019\/01\/2019-03-09-confido-50508809_2390285927711496_5536944930309537792_o.jpg","jetpack_sharing_enabled":true,"jetpack_shortlink":"https:\/\/wp.me\/p7zbXy-kz","_links":{"self":[{"href":"https:\/\/marienviertel.de\/kulturkreis\/wp-json\/wp\/v2\/posts\/1275","targetHints":{"allow":["GET"]}}],"collection":[{"href":"https:\/\/marienviertel.de\/kulturkreis\/wp-json\/wp\/v2\/posts"}],"about":[{"href":"https:\/\/marienviertel.de\/kulturkreis\/wp-json\/wp\/v2\/types\/post"}],"author":[{"embeddable":true,"href":"https:\/\/marienviertel.de\/kulturkreis\/wp-json\/wp\/v2\/users\/2"}],"replies":[{"embeddable":true,"href":"https:\/\/marienviertel.de\/kulturkreis\/wp-json\/wp\/v2\/comments?post=1275"}],"version-history":[{"count":3,"href":"https:\/\/marienviertel.de\/kulturkreis\/wp-json\/wp\/v2\/posts\/1275\/revisions"}],"predecessor-version":[{"id":1280,"href":"https:\/\/marienviertel.de\/kulturkreis\/wp-json\/wp\/v2\/posts\/1275\/revisions\/1280"}],"wp:featuredmedia":[{"embeddable":true,"href":"https:\/\/marienviertel.de\/kulturkreis\/wp-json\/wp\/v2\/media\/1199"}],"wp:attachment":[{"href":"https:\/\/marienviertel.de\/kulturkreis\/wp-json\/wp\/v2\/media?parent=1275"}],"wp:term":[{"taxonomy":"category","embeddable":true,"href":"https:\/\/marienviertel.de\/kulturkreis\/wp-json\/wp\/v2\/categories?post=1275"},{"taxonomy":"post_tag","embeddable":true,"href":"https:\/\/marienviertel.de\/kulturkreis\/wp-json\/wp\/v2\/tags?post=1275"}],"curies":[{"name":"wp","href":"https:\/\/api.w.org\/{rel}","templated":true}]}}