{"id":1020,"date":"2018-07-14T03:09:22","date_gmt":"2018-07-14T01:09:22","guid":{"rendered":"https:\/\/marienviertel.de\/kulturkreis\/?p=1020"},"modified":"2019-09-25T11:10:59","modified_gmt":"2019-09-25T09:10:59","slug":"die-liebe-und-der-wahnsinn-im-gepaeck","status":"publish","type":"post","link":"https:\/\/marienviertel.de\/kulturkreis\/die-liebe-und-der-wahnsinn-im-gepaeck\/","title":{"rendered":"Die Liebe und der Wahnsinn im Gep\u00e4ck"},"content":{"rendered":"<p><em>(von links: Anwar Abdi (Saz), Nangialai Nashir (Gitarre), Frank Westerath (Tabla &amp; Sarod), Ursula Berger-Nashir (Violine), Annette Krieger (Violoncello), Marco Spohr (Schauspieler und Rezitator)<\/em><\/p>\n<p><strong>Ach ja, die Liebe: sie nimmt uns mit \u2026<\/strong><\/p>\n<p>Im stimmungsvollen Ambiente der Hofes Hoffrogge in der Lune nahm <strong>Marco Spohr, Schauspieler und Pr\u00e4sentationcoach<\/strong> aus Hagen, am Freitagabend gut 150 G\u00e4ste auf Einladung des Kulturkreises St. Marien mit auf eine Reise durch die literarische Welt der Liebe &#8211; und des Liebesleids. Moderne Songtexte, klassische Lyrik, Liebesbriefe und Szenen u.a. von Goethe und Kurt Tucholsky, Nikolaus Lenau und Friedrich R\u00fcckert, Erich Fried und Heinz Rudolf Kunze konnten zum Schmunzeln, Tr\u00e4umen und Nachdenken anregen, aber zum Gl\u00fcck nicht wirklich Antwort geben auf die spannendsten Fragen des Lebens: Wie schaffe ich es, dass die Postbotin mich anl\u00e4chelt (Heckmanns\u2018 \u201aFinnisch\u2018)? Was kann ich alles tun \u201aF\u00fcr einen Kuss von dir\u2018 (Hermann van Veen; im Duett mit Petra Schickedanz)? Wann ist Liebe pure Romantik, wann hingebungsvolle Emotion, wann ma\u00dflose Egozentrik, wann m\u00fcndet sie in eine herrliche Neurose? So viele Facetten \u2026<\/p>\n<p>Auch Marco Spohr genoss sichtlich diesen Abend in einer auch f\u00fcr einen erfahrenen Vorleser besonderen Umgebung: \u201eEs ist einfach ein Traum, in einem solchen offenen, nat\u00fcrlichen, nicht k\u00fcnstlichen Raum zu spielen und zu rezitieren.\u201c Er habe die vorbeifahrende NordWestBahn gar nicht geh\u00f6rt, wohl aber das Fiepen der Schwalben aufgenommen, die in der D\u00e4mmerung auf M\u00fcckenjagd gingen: \u201eDie geh\u00f6ren einfach zu diesem Ort.\u201c<\/p>\n<p>Liebe- und stimmungsvoll dargeboten waren auch die St\u00fccke aus vielen L\u00e4ndern und Kulturen, von Argentinien \u00fcber die T\u00fcrkei und Kurdistan nach Lettland und ins Berlin der Dreigroschenoper, die das <strong>Dorstener \u201aWeltmusik-Ensemble\u2018<\/strong> unter der Leitung von Nangialai Nashir ebenb\u00fcrtig zwischen den Rezitationen spielte. Diese Gruppe, seit 2016 beheimatet im Marienviertel und noch ohne \u201arichtigen\u2018 Namen, machte allein schon mit ihren Instrumenten neugierig: Tabla? Saz? Sarod?<\/p>\n<p>Und da Liebe ja bekanntlich (auch) durch den Magen geht, trugen die <strong>Damen des Kulturkreises<\/strong> mit liebevoll zubereiteten Happen und H\u00e4ppchen geschmackvoll und schmackhaft zur Wohlf\u00fchlatmosph\u00e4re unter den Eichen des \u00fcber 200 Jahre alten Bauernhofes bei.<\/p>\n<p>Bei angenehmen Temperaturen und mit dieser lebendigen Mischung aus Lesung (dem gesprochenen Wort), Szene (dem gespielten Wort), Musik aus aller Welt und leckeren K\u00f6stlichkeiten wurde der Abend zu einem besonderen Event: eine gro\u00dfe Hommage an die Liebe!<\/p>\n<p>Dem Kulturkreis St. Marien, einer ehrenamtlich engagierten Frauengruppe aus dem Marienviertel, ist in Verbindung mit den <strong>Haus- und Hofherren Maria und Wolfgang Hoffrogge<\/strong> wieder ein gro\u00dfer Wurf gelungen.<\/p>\n<p>Die Damen (und ihre hilfreichen M\u00e4nner in den &#8218;tragenden&#8216; Rollen) hoffen nun auf ebenso gutes Wetter und viele G\u00e4ste beim Konzert mit dem Soloklarinettisten der Wiener Philharmonie Daniel Ottensamer, der Sopranistin Lavinia Dames und dem \u201eJunge Tonk\u00fcnstler Orchester\u201c am kommenden Samstag im Park der Villa Sch\u00fcrholz. (Alle Informationen: <strong><a href=\"http:\/\/www.marienviertel.de\/kulturkreis\">www.marienviertel.de\/kulturkreis<\/a>).<\/strong><\/p>\n<figure id=\"attachment_1024\" aria-describedby=\"caption-attachment-1024\" style=\"width: 3872px\" class=\"wp-caption alignnone\"><a href=\"https:\/\/marienviertel.de\/kulturkreis\/wordpress\/wp-content\/uploads\/2018\/07\/a-20180713-190700-Spohr-Liebe-Wahnsinn-DSC03231.jpg\"><img loading=\"lazy\" decoding=\"async\" class=\"wp-image-1024 size-full\" src=\"https:\/\/marienviertel.de\/kulturkreis\/wordpress\/wp-content\/uploads\/2018\/07\/a-20180713-190700-Spohr-Liebe-Wahnsinn-DSC03231.jpg\" alt=\"\" width=\"3872\" height=\"2592\" srcset=\"https:\/\/marienviertel.de\/kulturkreis\/wordpress\/wp-content\/uploads\/2018\/07\/a-20180713-190700-Spohr-Liebe-Wahnsinn-DSC03231.jpg 3872w, https:\/\/marienviertel.de\/kulturkreis\/wordpress\/wp-content\/uploads\/2018\/07\/a-20180713-190700-Spohr-Liebe-Wahnsinn-DSC03231-300x201.jpg 300w, https:\/\/marienviertel.de\/kulturkreis\/wordpress\/wp-content\/uploads\/2018\/07\/a-20180713-190700-Spohr-Liebe-Wahnsinn-DSC03231-768x514.jpg 768w, https:\/\/marienviertel.de\/kulturkreis\/wordpress\/wp-content\/uploads\/2018\/07\/a-20180713-190700-Spohr-Liebe-Wahnsinn-DSC03231-1024x685.jpg 1024w\" sizes=\"auto, (max-width: 3872px) 100vw, 3872px\" \/><\/a><figcaption id=\"caption-attachment-1024\" class=\"wp-caption-text\">Ensemble der Dorstener Weltmusik<\/figcaption><\/figure>\n<figure id=\"attachment_1025\" aria-describedby=\"caption-attachment-1025\" style=\"width: 3872px\" class=\"wp-caption alignnone\"><a href=\"https:\/\/marienviertel.de\/kulturkreis\/wordpress\/wp-content\/uploads\/2018\/07\/a-20180713-191058-Spohr-Liebe-Wahnsinn-DSC03232.jpg\"><img loading=\"lazy\" decoding=\"async\" class=\"wp-image-1025 size-full\" src=\"https:\/\/marienviertel.de\/kulturkreis\/wordpress\/wp-content\/uploads\/2018\/07\/a-20180713-191058-Spohr-Liebe-Wahnsinn-DSC03232.jpg\" alt=\"\" width=\"3872\" height=\"2592\" srcset=\"https:\/\/marienviertel.de\/kulturkreis\/wordpress\/wp-content\/uploads\/2018\/07\/a-20180713-191058-Spohr-Liebe-Wahnsinn-DSC03232.jpg 3872w, https:\/\/marienviertel.de\/kulturkreis\/wordpress\/wp-content\/uploads\/2018\/07\/a-20180713-191058-Spohr-Liebe-Wahnsinn-DSC03232-300x201.jpg 300w, https:\/\/marienviertel.de\/kulturkreis\/wordpress\/wp-content\/uploads\/2018\/07\/a-20180713-191058-Spohr-Liebe-Wahnsinn-DSC03232-768x514.jpg 768w, https:\/\/marienviertel.de\/kulturkreis\/wordpress\/wp-content\/uploads\/2018\/07\/a-20180713-191058-Spohr-Liebe-Wahnsinn-DSC03232-1024x685.jpg 1024w\" sizes=\"auto, (max-width: 3872px) 100vw, 3872px\" \/><\/a><figcaption id=\"caption-attachment-1025\" class=\"wp-caption-text\">Marco Spohr in Szene<\/figcaption><\/figure>\n<figure id=\"attachment_1027\" aria-describedby=\"caption-attachment-1027\" style=\"width: 5184px\" class=\"wp-caption alignnone\"><a href=\"https:\/\/marienviertel.de\/kulturkreis\/wordpress\/wp-content\/uploads\/2018\/07\/a-20180713-192952-Spohr-Liebe-Wahnsinn-DSC01492.jpg\"><img loading=\"lazy\" decoding=\"async\" class=\"wp-image-1027 size-full\" src=\"https:\/\/marienviertel.de\/kulturkreis\/wordpress\/wp-content\/uploads\/2018\/07\/a-20180713-192952-Spohr-Liebe-Wahnsinn-DSC01492.jpg\" alt=\"\" width=\"5184\" height=\"3888\" srcset=\"https:\/\/marienviertel.de\/kulturkreis\/wordpress\/wp-content\/uploads\/2018\/07\/a-20180713-192952-Spohr-Liebe-Wahnsinn-DSC01492.jpg 5184w, https:\/\/marienviertel.de\/kulturkreis\/wordpress\/wp-content\/uploads\/2018\/07\/a-20180713-192952-Spohr-Liebe-Wahnsinn-DSC01492-300x225.jpg 300w, https:\/\/marienviertel.de\/kulturkreis\/wordpress\/wp-content\/uploads\/2018\/07\/a-20180713-192952-Spohr-Liebe-Wahnsinn-DSC01492-768x576.jpg 768w, https:\/\/marienviertel.de\/kulturkreis\/wordpress\/wp-content\/uploads\/2018\/07\/a-20180713-192952-Spohr-Liebe-Wahnsinn-DSC01492-1024x768.jpg 1024w\" sizes=\"auto, (max-width: 5184px) 100vw, 5184px\" \/><\/a><figcaption id=\"caption-attachment-1027\" class=\"wp-caption-text\">Klappt es wohl, dass die Postbotin mir zul\u00e4chelt, wenn sie mir das P\u00e4ckchen bringt, das ich mir selbst geschickt habe?<\/figcaption><\/figure>\n<figure id=\"attachment_1028\" aria-describedby=\"caption-attachment-1028\" style=\"width: 5184px\" class=\"wp-caption alignnone\"><a href=\"https:\/\/marienviertel.de\/kulturkreis\/wordpress\/wp-content\/uploads\/2018\/07\/a-20180713-195318-Spohr-Liebe-Wahnsinn-DSC01500.jpg\"><img loading=\"lazy\" decoding=\"async\" class=\"wp-image-1028 size-full\" src=\"https:\/\/marienviertel.de\/kulturkreis\/wordpress\/wp-content\/uploads\/2018\/07\/a-20180713-195318-Spohr-Liebe-Wahnsinn-DSC01500.jpg\" alt=\"\" width=\"5184\" height=\"3888\" srcset=\"https:\/\/marienviertel.de\/kulturkreis\/wordpress\/wp-content\/uploads\/2018\/07\/a-20180713-195318-Spohr-Liebe-Wahnsinn-DSC01500.jpg 5184w, https:\/\/marienviertel.de\/kulturkreis\/wordpress\/wp-content\/uploads\/2018\/07\/a-20180713-195318-Spohr-Liebe-Wahnsinn-DSC01500-300x225.jpg 300w, https:\/\/marienviertel.de\/kulturkreis\/wordpress\/wp-content\/uploads\/2018\/07\/a-20180713-195318-Spohr-Liebe-Wahnsinn-DSC01500-768x576.jpg 768w, https:\/\/marienviertel.de\/kulturkreis\/wordpress\/wp-content\/uploads\/2018\/07\/a-20180713-195318-Spohr-Liebe-Wahnsinn-DSC01500-1024x768.jpg 1024w\" sizes=\"auto, (max-width: 5184px) 100vw, 5184px\" \/><\/a><figcaption id=\"caption-attachment-1028\" class=\"wp-caption-text\">Marco Spohr im Duett mit Petra Schickedanz<\/figcaption><\/figure>\n<figure id=\"attachment_1029\" aria-describedby=\"caption-attachment-1029\" style=\"width: 5184px\" class=\"wp-caption alignnone\"><a href=\"https:\/\/marienviertel.de\/kulturkreis\/wordpress\/wp-content\/uploads\/2018\/07\/a-20180713-195658-Spohr-Liebe-Wahnsinn-DSC01502.jpg\"><img loading=\"lazy\" decoding=\"async\" class=\"wp-image-1029 size-full\" src=\"https:\/\/marienviertel.de\/kulturkreis\/wordpress\/wp-content\/uploads\/2018\/07\/a-20180713-195658-Spohr-Liebe-Wahnsinn-DSC01502.jpg\" alt=\"\" width=\"5184\" height=\"3888\" srcset=\"https:\/\/marienviertel.de\/kulturkreis\/wordpress\/wp-content\/uploads\/2018\/07\/a-20180713-195658-Spohr-Liebe-Wahnsinn-DSC01502.jpg 5184w, https:\/\/marienviertel.de\/kulturkreis\/wordpress\/wp-content\/uploads\/2018\/07\/a-20180713-195658-Spohr-Liebe-Wahnsinn-DSC01502-300x225.jpg 300w, https:\/\/marienviertel.de\/kulturkreis\/wordpress\/wp-content\/uploads\/2018\/07\/a-20180713-195658-Spohr-Liebe-Wahnsinn-DSC01502-768x576.jpg 768w, https:\/\/marienviertel.de\/kulturkreis\/wordpress\/wp-content\/uploads\/2018\/07\/a-20180713-195658-Spohr-Liebe-Wahnsinn-DSC01502-1024x768.jpg 1024w\" sizes=\"auto, (max-width: 5184px) 100vw, 5184px\" \/><\/a><figcaption id=\"caption-attachment-1029\" class=\"wp-caption-text\">Anwar Abdi, Nangialai Nashir und Frank Westerath<\/figcaption><\/figure>\n<figure id=\"attachment_1030\" aria-describedby=\"caption-attachment-1030\" style=\"width: 5184px\" class=\"wp-caption alignnone\"><a href=\"https:\/\/marienviertel.de\/kulturkreis\/wordpress\/wp-content\/uploads\/2018\/07\/a-20180713-195716-Spohr-Liebe-Wahnsinn-DSC01503-1.jpg\"><img loading=\"lazy\" decoding=\"async\" class=\"wp-image-1030 size-full\" src=\"https:\/\/marienviertel.de\/kulturkreis\/wordpress\/wp-content\/uploads\/2018\/07\/a-20180713-195716-Spohr-Liebe-Wahnsinn-DSC01503-1.jpg\" alt=\"\" width=\"5184\" height=\"2398\" srcset=\"https:\/\/marienviertel.de\/kulturkreis\/wordpress\/wp-content\/uploads\/2018\/07\/a-20180713-195716-Spohr-Liebe-Wahnsinn-DSC01503-1.jpg 5184w, https:\/\/marienviertel.de\/kulturkreis\/wordpress\/wp-content\/uploads\/2018\/07\/a-20180713-195716-Spohr-Liebe-Wahnsinn-DSC01503-1-300x139.jpg 300w, https:\/\/marienviertel.de\/kulturkreis\/wordpress\/wp-content\/uploads\/2018\/07\/a-20180713-195716-Spohr-Liebe-Wahnsinn-DSC01503-1-768x355.jpg 768w, https:\/\/marienviertel.de\/kulturkreis\/wordpress\/wp-content\/uploads\/2018\/07\/a-20180713-195716-Spohr-Liebe-Wahnsinn-DSC01503-1-1024x474.jpg 1024w\" sizes=\"auto, (max-width: 5184px) 100vw, 5184px\" \/><\/a><figcaption id=\"caption-attachment-1030\" class=\"wp-caption-text\">Sie wuppten den tollen Abend: Ensemble Weltmusik und Marco Spohr<\/figcaption><\/figure>\n<figure id=\"attachment_1031\" aria-describedby=\"caption-attachment-1031\" style=\"width: 900px\" class=\"wp-caption alignnone\"><a href=\"https:\/\/marienviertel.de\/kulturkreis\/wordpress\/wp-content\/uploads\/2018\/07\/a-20180713-195934-Spohr-Liebe-Wahnsinn-DSC01506.jpg\" target=\"_blank\" rel=\"noopener noreferrer\"><img loading=\"lazy\" decoding=\"async\" class=\"wp-image-1031\" src=\"https:\/\/marienviertel.de\/kulturkreis\/wordpress\/wp-content\/uploads\/2018\/07\/a-20180713-195934-Spohr-Liebe-Wahnsinn-DSC01506.jpg\" alt=\"\" width=\"900\" height=\"1200\" srcset=\"https:\/\/marienviertel.de\/kulturkreis\/wordpress\/wp-content\/uploads\/2018\/07\/a-20180713-195934-Spohr-Liebe-Wahnsinn-DSC01506.jpg 3888w, https:\/\/marienviertel.de\/kulturkreis\/wordpress\/wp-content\/uploads\/2018\/07\/a-20180713-195934-Spohr-Liebe-Wahnsinn-DSC01506-225x300.jpg 225w, https:\/\/marienviertel.de\/kulturkreis\/wordpress\/wp-content\/uploads\/2018\/07\/a-20180713-195934-Spohr-Liebe-Wahnsinn-DSC01506-768x1024.jpg 768w\" sizes=\"auto, (max-width: 900px) 100vw, 900px\" \/><\/a><figcaption id=\"caption-attachment-1031\" class=\"wp-caption-text\">Nicht &#8217;nur&#8216; toller Rezitator, sondern auch lebendiger Schauspieler: Marco Spohr<\/figcaption><\/figure>\n<figure id=\"attachment_1033\" aria-describedby=\"caption-attachment-1033\" style=\"width: 5184px\" class=\"wp-caption alignnone\"><a href=\"https:\/\/marienviertel.de\/kulturkreis\/wordpress\/wp-content\/uploads\/2018\/07\/a-20180713-210248-Spohr-Liebe-Wahnsinn-DSC01510.jpg\"><img loading=\"lazy\" decoding=\"async\" class=\"wp-image-1033 size-full\" src=\"https:\/\/marienviertel.de\/kulturkreis\/wordpress\/wp-content\/uploads\/2018\/07\/a-20180713-210248-Spohr-Liebe-Wahnsinn-DSC01510.jpg\" alt=\"\" width=\"5184\" height=\"3888\" srcset=\"https:\/\/marienviertel.de\/kulturkreis\/wordpress\/wp-content\/uploads\/2018\/07\/a-20180713-210248-Spohr-Liebe-Wahnsinn-DSC01510.jpg 5184w, https:\/\/marienviertel.de\/kulturkreis\/wordpress\/wp-content\/uploads\/2018\/07\/a-20180713-210248-Spohr-Liebe-Wahnsinn-DSC01510-300x225.jpg 300w, https:\/\/marienviertel.de\/kulturkreis\/wordpress\/wp-content\/uploads\/2018\/07\/a-20180713-210248-Spohr-Liebe-Wahnsinn-DSC01510-768x576.jpg 768w, https:\/\/marienviertel.de\/kulturkreis\/wordpress\/wp-content\/uploads\/2018\/07\/a-20180713-210248-Spohr-Liebe-Wahnsinn-DSC01510-1024x768.jpg 1024w\" sizes=\"auto, (max-width: 5184px) 100vw, 5184px\" \/><\/a><figcaption id=\"caption-attachment-1033\" class=\"wp-caption-text\">Gut 150 G\u00e4ste auf dem Hof; sehr viele waren angesichts des tollen Wetters mit dem Rad gekommen<\/figcaption><\/figure>\n<figure id=\"attachment_1034\" aria-describedby=\"caption-attachment-1034\" style=\"width: 5184px\" class=\"wp-caption alignnone\"><a href=\"https:\/\/marienviertel.de\/kulturkreis\/wordpress\/wp-content\/uploads\/2018\/07\/a-20180713-213522-Spohr-Liebe-Wahnsinn-DSC01515.jpg\"><img loading=\"lazy\" decoding=\"async\" class=\"wp-image-1034 size-full\" src=\"https:\/\/marienviertel.de\/kulturkreis\/wordpress\/wp-content\/uploads\/2018\/07\/a-20180713-213522-Spohr-Liebe-Wahnsinn-DSC01515.jpg\" alt=\"\" width=\"5184\" height=\"3888\" srcset=\"https:\/\/marienviertel.de\/kulturkreis\/wordpress\/wp-content\/uploads\/2018\/07\/a-20180713-213522-Spohr-Liebe-Wahnsinn-DSC01515.jpg 5184w, https:\/\/marienviertel.de\/kulturkreis\/wordpress\/wp-content\/uploads\/2018\/07\/a-20180713-213522-Spohr-Liebe-Wahnsinn-DSC01515-300x225.jpg 300w, https:\/\/marienviertel.de\/kulturkreis\/wordpress\/wp-content\/uploads\/2018\/07\/a-20180713-213522-Spohr-Liebe-Wahnsinn-DSC01515-768x576.jpg 768w, https:\/\/marienviertel.de\/kulturkreis\/wordpress\/wp-content\/uploads\/2018\/07\/a-20180713-213522-Spohr-Liebe-Wahnsinn-DSC01515-1024x768.jpg 1024w\" sizes=\"auto, (max-width: 5184px) 100vw, 5184px\" \/><\/a><figcaption id=\"caption-attachment-1034\" class=\"wp-caption-text\">Gl\u00fcckliche Gastgeber: v.l. Maria und Wolfgang Hoffrogge als Haus- und Hofherren, Ursula Bensch als Sprecherin des Kulturkreises St. Marien<\/figcaption><\/figure>\n<figure id=\"attachment_1036\" aria-describedby=\"caption-attachment-1036\" style=\"width: 3599px\" class=\"wp-caption alignnone\"><a href=\"https:\/\/marienviertel.de\/kulturkreis\/wordpress\/wp-content\/uploads\/2018\/07\/a-20180713-220510-Spohr-Liebe-Wahnsinn-DSC01530.jpg\"><img loading=\"lazy\" decoding=\"async\" class=\"wp-image-1036 size-full\" src=\"https:\/\/marienviertel.de\/kulturkreis\/wordpress\/wp-content\/uploads\/2018\/07\/a-20180713-220510-Spohr-Liebe-Wahnsinn-DSC01530.jpg\" alt=\"\" width=\"3599\" height=\"2476\" srcset=\"https:\/\/marienviertel.de\/kulturkreis\/wordpress\/wp-content\/uploads\/2018\/07\/a-20180713-220510-Spohr-Liebe-Wahnsinn-DSC01530.jpg 3599w, https:\/\/marienviertel.de\/kulturkreis\/wordpress\/wp-content\/uploads\/2018\/07\/a-20180713-220510-Spohr-Liebe-Wahnsinn-DSC01530-300x206.jpg 300w, https:\/\/marienviertel.de\/kulturkreis\/wordpress\/wp-content\/uploads\/2018\/07\/a-20180713-220510-Spohr-Liebe-Wahnsinn-DSC01530-768x528.jpg 768w, https:\/\/marienviertel.de\/kulturkreis\/wordpress\/wp-content\/uploads\/2018\/07\/a-20180713-220510-Spohr-Liebe-Wahnsinn-DSC01530-1024x704.jpg 1024w\" sizes=\"auto, (max-width: 3599px) 100vw, 3599px\" \/><\/a><figcaption id=\"caption-attachment-1036\" class=\"wp-caption-text\">Es war eine sehr gute Idee von Maria Hoffrogge, den Kulturkreis St. Marien auf Marco Spohr aufmerksam zu machen!<\/figcaption><\/figure>\n<p>&nbsp;<\/p>\n","protected":false},"excerpt":{"rendered":"<p>(von links: Anwar Abdi (Saz), Nangialai Nashir (Gitarre), Frank Westerath (Tabla &amp; Sarod), Ursula Berger-Nashir (Violine), Annette Krieger (Violoncello), Marco Spohr (Schauspieler und Rezitator) Ach ja, die Liebe: sie nimmt uns mit \u2026 Im stimmungsvollen Ambiente der Hofes Hoffrogge in der Lune nahm Marco Spohr, Schauspieler und Pr\u00e4sentationcoach aus Hagen, am Freitagabend gut 150 G\u00e4ste &hellip; <a href=\"https:\/\/marienviertel.de\/kulturkreis\/die-liebe-und-der-wahnsinn-im-gepaeck\/\" class=\"more-link\"><span class=\"screen-reader-text\">Die Liebe und der Wahnsinn im Gep\u00e4ck<\/span> weiterlesen <span class=\"meta-nav\">&rarr;<\/span><\/a><\/p>\n","protected":false},"author":2,"featured_media":1022,"comment_status":"open","ping_status":"open","sticky":false,"template":"","format":"standard","meta":{"jetpack_post_was_ever_published":false,"_jetpack_newsletter_access":"","_jetpack_dont_email_post_to_subs":false,"_jetpack_newsletter_tier_id":0,"_jetpack_memberships_contains_paywalled_content":false,"_jetpack_memberships_contains_paid_content":false,"footnotes":"","jetpack_publicize_message":"","jetpack_publicize_feature_enabled":true,"jetpack_social_post_already_shared":true,"jetpack_social_options":{"image_generator_settings":{"template":"highway","default_image_id":0,"font":"","enabled":false},"version":2}},"categories":[4],"tags":[117,114,116,115],"class_list":["post-1020","post","type-post","status-publish","format-standard","has-post-thumbnail","hentry","category-rueckblicke","tag-hoffrogge","tag-marco_spohr","tag-nangialai_nashir","tag-weltmusik_ensemble"],"yoast_head":"<!-- This site is optimized with the Yoast SEO plugin v26.7 - https:\/\/yoast.com\/wordpress\/plugins\/seo\/ -->\n<title>Die Liebe und der Wahnsinn im Gep\u00e4ck - HOME | Kulturkreis St. Marien<\/title>\n<meta name=\"robots\" content=\"index, follow, max-snippet:-1, max-image-preview:large, max-video-preview:-1\" \/>\n<link rel=\"canonical\" href=\"https:\/\/marienviertel.de\/kulturkreis\/die-liebe-und-der-wahnsinn-im-gepaeck\/\" \/>\n<meta property=\"og:locale\" content=\"de_DE\" \/>\n<meta property=\"og:type\" content=\"article\" \/>\n<meta property=\"og:title\" content=\"Die Liebe und der Wahnsinn im Gep\u00e4ck - HOME | Kulturkreis St. Marien\" \/>\n<meta property=\"og:description\" content=\"(von links: Anwar Abdi (Saz), Nangialai Nashir (Gitarre), Frank Westerath (Tabla &amp; Sarod), Ursula Berger-Nashir (Violine), Annette Krieger (Violoncello), Marco Spohr (Schauspieler und Rezitator) Ach ja, die Liebe: sie nimmt uns mit \u2026 Im stimmungsvollen Ambiente der Hofes Hoffrogge in der Lune nahm Marco Spohr, Schauspieler und Pr\u00e4sentationcoach aus Hagen, am Freitagabend gut 150 G\u00e4ste &hellip; Die Liebe und der Wahnsinn im Gep\u00e4ck weiterlesen &rarr;\" \/>\n<meta property=\"og:url\" content=\"https:\/\/marienviertel.de\/kulturkreis\/die-liebe-und-der-wahnsinn-im-gepaeck\/\" \/>\n<meta property=\"og:site_name\" content=\"HOME | Kulturkreis St. Marien\" \/>\n<meta property=\"article:publisher\" content=\"https:\/\/www.facebook.com\/Marienviertel\/\" \/>\n<meta property=\"article:published_time\" content=\"2018-07-14T01:09:22+00:00\" \/>\n<meta property=\"article:modified_time\" content=\"2019-09-25T09:10:59+00:00\" \/>\n<meta property=\"og:image\" content=\"https:\/\/marienviertel.de\/kulturkreis\/wordpress\/wp-content\/uploads\/2018\/07\/a-20180713-195716-Spohr-Liebe-Wahnsinn-DSC01503.jpg\" \/>\n\t<meta property=\"og:image:width\" content=\"5184\" \/>\n\t<meta property=\"og:image:height\" content=\"2398\" \/>\n\t<meta property=\"og:image:type\" content=\"image\/jpeg\" \/>\n<meta name=\"author\" content=\"jotw\" \/>\n<meta name=\"twitter:card\" content=\"summary_large_image\" \/>\n<meta name=\"twitter:label1\" content=\"Verfasst von\" \/>\n\t<meta name=\"twitter:data1\" content=\"jotw\" \/>\n\t<meta name=\"twitter:label2\" content=\"Gesch\u00e4tzte Lesezeit\" \/>\n\t<meta name=\"twitter:data2\" content=\"3\u00a0Minuten\" \/>\n<script type=\"application\/ld+json\" class=\"yoast-schema-graph\">{\"@context\":\"https:\/\/schema.org\",\"@graph\":[{\"@type\":\"Article\",\"@id\":\"https:\/\/marienviertel.de\/kulturkreis\/die-liebe-und-der-wahnsinn-im-gepaeck\/#article\",\"isPartOf\":{\"@id\":\"https:\/\/marienviertel.de\/kulturkreis\/die-liebe-und-der-wahnsinn-im-gepaeck\/\"},\"author\":{\"name\":\"jotw\",\"@id\":\"https:\/\/marienviertel.de\/kulturkreis\/#\/schema\/person\/5991f3ef2f6094b6ce15389027b8d7be\"},\"headline\":\"Die Liebe und der Wahnsinn im Gep\u00e4ck\",\"datePublished\":\"2018-07-14T01:09:22+00:00\",\"dateModified\":\"2019-09-25T09:10:59+00:00\",\"mainEntityOfPage\":{\"@id\":\"https:\/\/marienviertel.de\/kulturkreis\/die-liebe-und-der-wahnsinn-im-gepaeck\/\"},\"wordCount\":675,\"commentCount\":0,\"publisher\":{\"@id\":\"https:\/\/marienviertel.de\/kulturkreis\/#organization\"},\"image\":{\"@id\":\"https:\/\/marienviertel.de\/kulturkreis\/die-liebe-und-der-wahnsinn-im-gepaeck\/#primaryimage\"},\"thumbnailUrl\":\"https:\/\/marienviertel.de\/kulturkreis\/wordpress\/wp-content\/uploads\/2018\/07\/a-20180713-195716-Spohr-Liebe-Wahnsinn-DSC01503.jpg\",\"keywords\":[\"Hoffrogge\",\"Marco Spohr\",\"Nangialai Nashir\",\"Weltmusik Ensemble\"],\"articleSection\":[\"R\u00fcckblicke\"],\"inLanguage\":\"de\",\"potentialAction\":[{\"@type\":\"CommentAction\",\"name\":\"Comment\",\"target\":[\"https:\/\/marienviertel.de\/kulturkreis\/die-liebe-und-der-wahnsinn-im-gepaeck\/#respond\"]}]},{\"@type\":\"WebPage\",\"@id\":\"https:\/\/marienviertel.de\/kulturkreis\/die-liebe-und-der-wahnsinn-im-gepaeck\/\",\"url\":\"https:\/\/marienviertel.de\/kulturkreis\/die-liebe-und-der-wahnsinn-im-gepaeck\/\",\"name\":\"Die Liebe und der Wahnsinn im Gep\u00e4ck - HOME | Kulturkreis St. Marien\",\"isPartOf\":{\"@id\":\"https:\/\/marienviertel.de\/kulturkreis\/#website\"},\"primaryImageOfPage\":{\"@id\":\"https:\/\/marienviertel.de\/kulturkreis\/die-liebe-und-der-wahnsinn-im-gepaeck\/#primaryimage\"},\"image\":{\"@id\":\"https:\/\/marienviertel.de\/kulturkreis\/die-liebe-und-der-wahnsinn-im-gepaeck\/#primaryimage\"},\"thumbnailUrl\":\"https:\/\/marienviertel.de\/kulturkreis\/wordpress\/wp-content\/uploads\/2018\/07\/a-20180713-195716-Spohr-Liebe-Wahnsinn-DSC01503.jpg\",\"datePublished\":\"2018-07-14T01:09:22+00:00\",\"dateModified\":\"2019-09-25T09:10:59+00:00\",\"breadcrumb\":{\"@id\":\"https:\/\/marienviertel.de\/kulturkreis\/die-liebe-und-der-wahnsinn-im-gepaeck\/#breadcrumb\"},\"inLanguage\":\"de\",\"potentialAction\":[{\"@type\":\"ReadAction\",\"target\":[\"https:\/\/marienviertel.de\/kulturkreis\/die-liebe-und-der-wahnsinn-im-gepaeck\/\"]}]},{\"@type\":\"ImageObject\",\"inLanguage\":\"de\",\"@id\":\"https:\/\/marienviertel.de\/kulturkreis\/die-liebe-und-der-wahnsinn-im-gepaeck\/#primaryimage\",\"url\":\"https:\/\/marienviertel.de\/kulturkreis\/wordpress\/wp-content\/uploads\/2018\/07\/a-20180713-195716-Spohr-Liebe-Wahnsinn-DSC01503.jpg\",\"contentUrl\":\"https:\/\/marienviertel.de\/kulturkreis\/wordpress\/wp-content\/uploads\/2018\/07\/a-20180713-195716-Spohr-Liebe-Wahnsinn-DSC01503.jpg\",\"width\":5184,\"height\":2398},{\"@type\":\"BreadcrumbList\",\"@id\":\"https:\/\/marienviertel.de\/kulturkreis\/die-liebe-und-der-wahnsinn-im-gepaeck\/#breadcrumb\",\"itemListElement\":[{\"@type\":\"ListItem\",\"position\":1,\"name\":\"Startseite\",\"item\":\"https:\/\/marienviertel.de\/kulturkreis\/\"},{\"@type\":\"ListItem\",\"position\":2,\"name\":\"Die Liebe und der Wahnsinn im Gep\u00e4ck\"}]},{\"@type\":\"WebSite\",\"@id\":\"https:\/\/marienviertel.de\/kulturkreis\/#website\",\"url\":\"https:\/\/marienviertel.de\/kulturkreis\/\",\"name\":\"HOME | Kulturkreis St. Marien\",\"description\":\"Herzlich willkommen!\",\"publisher\":{\"@id\":\"https:\/\/marienviertel.de\/kulturkreis\/#organization\"},\"potentialAction\":[{\"@type\":\"SearchAction\",\"target\":{\"@type\":\"EntryPoint\",\"urlTemplate\":\"https:\/\/marienviertel.de\/kulturkreis\/?s={search_term_string}\"},\"query-input\":{\"@type\":\"PropertyValueSpecification\",\"valueRequired\":true,\"valueName\":\"search_term_string\"}}],\"inLanguage\":\"de\"},{\"@type\":\"Organization\",\"@id\":\"https:\/\/marienviertel.de\/kulturkreis\/#organization\",\"name\":\"Kulturkreis St. Marien\",\"url\":\"https:\/\/marienviertel.de\/kulturkreis\/\",\"logo\":{\"@type\":\"ImageObject\",\"inLanguage\":\"de\",\"@id\":\"https:\/\/marienviertel.de\/kulturkreis\/#\/schema\/logo\/image\/\",\"url\":\"https:\/\/marienviertel.de\/kulturkreis\/wordpress\/wp-content\/uploads\/2015\/06\/Facebook-Logo-KK-2014.jpg\",\"contentUrl\":\"https:\/\/marienviertel.de\/kulturkreis\/wordpress\/wp-content\/uploads\/2015\/06\/Facebook-Logo-KK-2014.jpg\",\"width\":1045,\"height\":540,\"caption\":\"Kulturkreis St. Marien\"},\"image\":{\"@id\":\"https:\/\/marienviertel.de\/kulturkreis\/#\/schema\/logo\/image\/\"},\"sameAs\":[\"https:\/\/www.facebook.com\/Marienviertel\/\"]},{\"@type\":\"Person\",\"@id\":\"https:\/\/marienviertel.de\/kulturkreis\/#\/schema\/person\/5991f3ef2f6094b6ce15389027b8d7be\",\"name\":\"jotw\",\"image\":{\"@type\":\"ImageObject\",\"inLanguage\":\"de\",\"@id\":\"https:\/\/marienviertel.de\/kulturkreis\/#\/schema\/person\/image\/\",\"url\":\"https:\/\/secure.gravatar.com\/avatar\/f996f1ca35d6d13af46e8af8dc21f10fcdf6f690745c899b68b257dfffe92cd9?s=96&d=mm&r=g\",\"contentUrl\":\"https:\/\/secure.gravatar.com\/avatar\/f996f1ca35d6d13af46e8af8dc21f10fcdf6f690745c899b68b257dfffe92cd9?s=96&d=mm&r=g\",\"caption\":\"jotw\"},\"url\":\"https:\/\/marienviertel.de\/kulturkreis\/author\/admin\/\"}]}<\/script>\n<!-- \/ Yoast SEO plugin. -->","yoast_head_json":{"title":"Die Liebe und der Wahnsinn im Gep\u00e4ck - HOME | Kulturkreis St. Marien","robots":{"index":"index","follow":"follow","max-snippet":"max-snippet:-1","max-image-preview":"max-image-preview:large","max-video-preview":"max-video-preview:-1"},"canonical":"https:\/\/marienviertel.de\/kulturkreis\/die-liebe-und-der-wahnsinn-im-gepaeck\/","og_locale":"de_DE","og_type":"article","og_title":"Die Liebe und der Wahnsinn im Gep\u00e4ck - HOME | Kulturkreis St. Marien","og_description":"(von links: Anwar Abdi (Saz), Nangialai Nashir (Gitarre), Frank Westerath (Tabla &amp; Sarod), Ursula Berger-Nashir (Violine), Annette Krieger (Violoncello), Marco Spohr (Schauspieler und Rezitator) Ach ja, die Liebe: sie nimmt uns mit \u2026 Im stimmungsvollen Ambiente der Hofes Hoffrogge in der Lune nahm Marco Spohr, Schauspieler und Pr\u00e4sentationcoach aus Hagen, am Freitagabend gut 150 G\u00e4ste &hellip; Die Liebe und der Wahnsinn im Gep\u00e4ck weiterlesen &rarr;","og_url":"https:\/\/marienviertel.de\/kulturkreis\/die-liebe-und-der-wahnsinn-im-gepaeck\/","og_site_name":"HOME | Kulturkreis St. Marien","article_publisher":"https:\/\/www.facebook.com\/Marienviertel\/","article_published_time":"2018-07-14T01:09:22+00:00","article_modified_time":"2019-09-25T09:10:59+00:00","og_image":[{"width":5184,"height":2398,"url":"https:\/\/marienviertel.de\/kulturkreis\/wordpress\/wp-content\/uploads\/2018\/07\/a-20180713-195716-Spohr-Liebe-Wahnsinn-DSC01503.jpg","type":"image\/jpeg"}],"author":"jotw","twitter_card":"summary_large_image","twitter_misc":{"Verfasst von":"jotw","Gesch\u00e4tzte Lesezeit":"3\u00a0Minuten"},"schema":{"@context":"https:\/\/schema.org","@graph":[{"@type":"Article","@id":"https:\/\/marienviertel.de\/kulturkreis\/die-liebe-und-der-wahnsinn-im-gepaeck\/#article","isPartOf":{"@id":"https:\/\/marienviertel.de\/kulturkreis\/die-liebe-und-der-wahnsinn-im-gepaeck\/"},"author":{"name":"jotw","@id":"https:\/\/marienviertel.de\/kulturkreis\/#\/schema\/person\/5991f3ef2f6094b6ce15389027b8d7be"},"headline":"Die Liebe und der Wahnsinn im Gep\u00e4ck","datePublished":"2018-07-14T01:09:22+00:00","dateModified":"2019-09-25T09:10:59+00:00","mainEntityOfPage":{"@id":"https:\/\/marienviertel.de\/kulturkreis\/die-liebe-und-der-wahnsinn-im-gepaeck\/"},"wordCount":675,"commentCount":0,"publisher":{"@id":"https:\/\/marienviertel.de\/kulturkreis\/#organization"},"image":{"@id":"https:\/\/marienviertel.de\/kulturkreis\/die-liebe-und-der-wahnsinn-im-gepaeck\/#primaryimage"},"thumbnailUrl":"https:\/\/marienviertel.de\/kulturkreis\/wordpress\/wp-content\/uploads\/2018\/07\/a-20180713-195716-Spohr-Liebe-Wahnsinn-DSC01503.jpg","keywords":["Hoffrogge","Marco Spohr","Nangialai Nashir","Weltmusik Ensemble"],"articleSection":["R\u00fcckblicke"],"inLanguage":"de","potentialAction":[{"@type":"CommentAction","name":"Comment","target":["https:\/\/marienviertel.de\/kulturkreis\/die-liebe-und-der-wahnsinn-im-gepaeck\/#respond"]}]},{"@type":"WebPage","@id":"https:\/\/marienviertel.de\/kulturkreis\/die-liebe-und-der-wahnsinn-im-gepaeck\/","url":"https:\/\/marienviertel.de\/kulturkreis\/die-liebe-und-der-wahnsinn-im-gepaeck\/","name":"Die Liebe und der Wahnsinn im Gep\u00e4ck - HOME | Kulturkreis St. Marien","isPartOf":{"@id":"https:\/\/marienviertel.de\/kulturkreis\/#website"},"primaryImageOfPage":{"@id":"https:\/\/marienviertel.de\/kulturkreis\/die-liebe-und-der-wahnsinn-im-gepaeck\/#primaryimage"},"image":{"@id":"https:\/\/marienviertel.de\/kulturkreis\/die-liebe-und-der-wahnsinn-im-gepaeck\/#primaryimage"},"thumbnailUrl":"https:\/\/marienviertel.de\/kulturkreis\/wordpress\/wp-content\/uploads\/2018\/07\/a-20180713-195716-Spohr-Liebe-Wahnsinn-DSC01503.jpg","datePublished":"2018-07-14T01:09:22+00:00","dateModified":"2019-09-25T09:10:59+00:00","breadcrumb":{"@id":"https:\/\/marienviertel.de\/kulturkreis\/die-liebe-und-der-wahnsinn-im-gepaeck\/#breadcrumb"},"inLanguage":"de","potentialAction":[{"@type":"ReadAction","target":["https:\/\/marienviertel.de\/kulturkreis\/die-liebe-und-der-wahnsinn-im-gepaeck\/"]}]},{"@type":"ImageObject","inLanguage":"de","@id":"https:\/\/marienviertel.de\/kulturkreis\/die-liebe-und-der-wahnsinn-im-gepaeck\/#primaryimage","url":"https:\/\/marienviertel.de\/kulturkreis\/wordpress\/wp-content\/uploads\/2018\/07\/a-20180713-195716-Spohr-Liebe-Wahnsinn-DSC01503.jpg","contentUrl":"https:\/\/marienviertel.de\/kulturkreis\/wordpress\/wp-content\/uploads\/2018\/07\/a-20180713-195716-Spohr-Liebe-Wahnsinn-DSC01503.jpg","width":5184,"height":2398},{"@type":"BreadcrumbList","@id":"https:\/\/marienviertel.de\/kulturkreis\/die-liebe-und-der-wahnsinn-im-gepaeck\/#breadcrumb","itemListElement":[{"@type":"ListItem","position":1,"name":"Startseite","item":"https:\/\/marienviertel.de\/kulturkreis\/"},{"@type":"ListItem","position":2,"name":"Die Liebe und der Wahnsinn im Gep\u00e4ck"}]},{"@type":"WebSite","@id":"https:\/\/marienviertel.de\/kulturkreis\/#website","url":"https:\/\/marienviertel.de\/kulturkreis\/","name":"HOME | Kulturkreis St. Marien","description":"Herzlich willkommen!","publisher":{"@id":"https:\/\/marienviertel.de\/kulturkreis\/#organization"},"potentialAction":[{"@type":"SearchAction","target":{"@type":"EntryPoint","urlTemplate":"https:\/\/marienviertel.de\/kulturkreis\/?s={search_term_string}"},"query-input":{"@type":"PropertyValueSpecification","valueRequired":true,"valueName":"search_term_string"}}],"inLanguage":"de"},{"@type":"Organization","@id":"https:\/\/marienviertel.de\/kulturkreis\/#organization","name":"Kulturkreis St. Marien","url":"https:\/\/marienviertel.de\/kulturkreis\/","logo":{"@type":"ImageObject","inLanguage":"de","@id":"https:\/\/marienviertel.de\/kulturkreis\/#\/schema\/logo\/image\/","url":"https:\/\/marienviertel.de\/kulturkreis\/wordpress\/wp-content\/uploads\/2015\/06\/Facebook-Logo-KK-2014.jpg","contentUrl":"https:\/\/marienviertel.de\/kulturkreis\/wordpress\/wp-content\/uploads\/2015\/06\/Facebook-Logo-KK-2014.jpg","width":1045,"height":540,"caption":"Kulturkreis St. Marien"},"image":{"@id":"https:\/\/marienviertel.de\/kulturkreis\/#\/schema\/logo\/image\/"},"sameAs":["https:\/\/www.facebook.com\/Marienviertel\/"]},{"@type":"Person","@id":"https:\/\/marienviertel.de\/kulturkreis\/#\/schema\/person\/5991f3ef2f6094b6ce15389027b8d7be","name":"jotw","image":{"@type":"ImageObject","inLanguage":"de","@id":"https:\/\/marienviertel.de\/kulturkreis\/#\/schema\/person\/image\/","url":"https:\/\/secure.gravatar.com\/avatar\/f996f1ca35d6d13af46e8af8dc21f10fcdf6f690745c899b68b257dfffe92cd9?s=96&d=mm&r=g","contentUrl":"https:\/\/secure.gravatar.com\/avatar\/f996f1ca35d6d13af46e8af8dc21f10fcdf6f690745c899b68b257dfffe92cd9?s=96&d=mm&r=g","caption":"jotw"},"url":"https:\/\/marienviertel.de\/kulturkreis\/author\/admin\/"}]}},"jetpack_publicize_connections":[],"cc_featured_image_caption":{"caption_text":"","source_text":"","source_url":""},"jetpack_featured_media_url":"https:\/\/marienviertel.de\/kulturkreis\/wordpress\/wp-content\/uploads\/2018\/07\/a-20180713-195716-Spohr-Liebe-Wahnsinn-DSC01503.jpg","jetpack_sharing_enabled":true,"jetpack_shortlink":"https:\/\/wp.me\/p7zbXy-gs","_links":{"self":[{"href":"https:\/\/marienviertel.de\/kulturkreis\/wp-json\/wp\/v2\/posts\/1020","targetHints":{"allow":["GET"]}}],"collection":[{"href":"https:\/\/marienviertel.de\/kulturkreis\/wp-json\/wp\/v2\/posts"}],"about":[{"href":"https:\/\/marienviertel.de\/kulturkreis\/wp-json\/wp\/v2\/types\/post"}],"author":[{"embeddable":true,"href":"https:\/\/marienviertel.de\/kulturkreis\/wp-json\/wp\/v2\/users\/2"}],"replies":[{"embeddable":true,"href":"https:\/\/marienviertel.de\/kulturkreis\/wp-json\/wp\/v2\/comments?post=1020"}],"version-history":[{"count":5,"href":"https:\/\/marienviertel.de\/kulturkreis\/wp-json\/wp\/v2\/posts\/1020\/revisions"}],"predecessor-version":[{"id":1537,"href":"https:\/\/marienviertel.de\/kulturkreis\/wp-json\/wp\/v2\/posts\/1020\/revisions\/1537"}],"wp:featuredmedia":[{"embeddable":true,"href":"https:\/\/marienviertel.de\/kulturkreis\/wp-json\/wp\/v2\/media\/1022"}],"wp:attachment":[{"href":"https:\/\/marienviertel.de\/kulturkreis\/wp-json\/wp\/v2\/media?parent=1020"}],"wp:term":[{"taxonomy":"category","embeddable":true,"href":"https:\/\/marienviertel.de\/kulturkreis\/wp-json\/wp\/v2\/categories?post=1020"},{"taxonomy":"post_tag","embeddable":true,"href":"https:\/\/marienviertel.de\/kulturkreis\/wp-json\/wp\/v2\/tags?post=1020"}],"curies":[{"name":"wp","href":"https:\/\/api.w.org\/{rel}","templated":true}]}}